{"id":1001,"date":"2021-12-20T10:12:00","date_gmt":"2021-12-20T09:12:00","guid":{"rendered":"https:\/\/lightweb.dev\/l\/svm-temp\/covidpass-pa-serveringsstallen-inomhus\/"},"modified":"2021-12-20T10:12:00","modified_gmt":"2021-12-20T09:12:00","slug":"covidpass-pa-serveringsstallen-inomhus","status":"publish","type":"post","link":"https:\/\/lightweb.dev\/l\/svm-temp\/nyheter\/covidpass-pa-serveringsstallen-inomhus\/","title":{"rendered":"Covidpass p\u00e5 serveringsst\u00e4llen inomhus"},"content":{"rendered":"<p> Fr\u00e5n idag (20\/12) g\u00e4ller Covidpass som krav f\u00f6r att bes\u00f6ka restauranger, barer, serveringsst\u00e4llen, nattklubbar och lokaler med fritidsaktiviteter. Andalusien. Beslutet g\u00e4ller fram till den 15 januari. Sedan tidigare g\u00e4ller det vid bes\u00f6k p\u00e5 sjukhusanl\u00e4ggningar och v\u00e5rdhem f\u00f6r \u00e4ldre.<br \/>\n P\u00e5 s\u00f6ndagen publicerades beslutet i den officiella bulletinen BOJA (Bolet\u00edn Oficial de la Junta de Andaluc\u00eda). <\/p>\n<p>Fr\u00e5n m\u00e5ndag \u00e4r det obligatoriskt med covidpass f\u00f6r att bes\u00f6ka serveringsst\u00e4llen.<\/p>\n<p>Det som g\u00e4ller \u00e4r n\u00e5got av f\u00f6ljande:<br \/>\n&#8211; intyg p\u00e5 genomg\u00e5ngen vaccination<br \/>\n&#8211; intyg med negativt provsvar fr\u00e5n testning f\u00f6r p\u00e5g\u00e5ende covid-19-infektion utf\u00f6rt under de senaste 72 timmarna (PCR) eller 48 timmar (antigentest)<br \/>\n&#8211; intyg att personen tillfrisknat efter att varit smittad det senaste halv\u00e5ret och f\u00f6r minst elva dagar sedan (h\u00e4r g\u00e4ller endast PCR-test)<\/p>\n<p>Bes\u00f6kare m\u00e5ste \u00e4ven kunna dokumentera sin identitet.<\/p>\n<p>Nu \u00e4r fr\u00e5gan hur v\u00e4l detta kommer att till\u00e4mpas. Det blir lokalpolisens uppgift att utf\u00f6ra kontroller och uppr\u00e4tta anm\u00e4lan om lokal\u00e4garen eller bes\u00f6karen inte f\u00f6ljer p\u00e5budet.  <\/p>\n<p>Covidpass f\u00f6r att bes\u00f6ka serveringsst\u00e4llen g\u00e4ller inte f\u00f6r minder\u00e5riga under tolv \u00e5r.<\/p>\n<p>Andalusiens h\u00e4lsor\u00e5d, Jes\u00fas Aguirre, s\u00e4ger i ett pressmeddelande att \u201dCovid-certifikatet \u00e4r en grundl\u00e4ggande \u00e5tg\u00e4rd i kampen mot pandemin\u201d.<\/p>\n<p>Enligt den officiella bulletinen fr\u00e5n regionregeringen Junta de Andaluc\u00eda som publicerades strax f\u00f6re midnatt natten mot s\u00f6ndagen finns det inga uppgifter om att covidpasset \u00e4r obligatoriskt p\u00e5 uteserveringar.<\/p>\n<p>Det andalusiska h\u00e4lsor\u00e5det Jes\u00fas Aguirre uppmanar serveringsst\u00e4llen att be bes\u00f6kare vid utomhusserveringar om att visa covidpass \u00e4ven om inte det \u00e4r ett krav.<\/p>\n<p>Med beslutet tillm\u00f6tesg\u00e5r regionmyndigheterna kr\u00f6garnas \u00f6nskem\u00e5l att inf\u00f6ra covidpass i st\u00e4llet f\u00f6r restriktioner som minskad bel\u00e4ggning och kortare \u00f6ppettider.<\/p>\n<p>Myndigheterna hoppas att beslutet ska f\u00e5 fler att l\u00e5ta sig vaccineras. <\/p>\n<p>I Andalusien har 5,8 miljoner inv\u00e5nare covidpass.<\/p>\n<p>Unders\u00f6kning<br \/>\nSvenska Magasinet har via sitt Twitterkonto st\u00e4llt fr\u00e5gan till sina f\u00f6ljare:<br \/>\nFr\u00e5n midnatt g\u00e4ller covidpass p\u00e5 serveringsst\u00e4llen som barer, restauranger och inom nattlivet i Andalusien fram till 15 januari. \u00c4r det r\u00e4tt beslut?<\/p>\n<p>81,4 procent hade fram till klockan 10.30 p\u00e5 m\u00e5ndagen svarat &#8221;ja&#8221;. <\/p>\n<p>Fotnot. Sverige: Sedan den 1 december kr\u00e4vs covidpass vid evenemang med \u00f6ver 100 deltagare och inom en snar framtid kan det \u00e4ven bli aktuellt f\u00f6r restauranger och gym.<\/p>\n","protected":false},"excerpt":{"rendered":"<p>Fr\u00e5n idag (20\/12) g\u00e4ller Covidpass som krav f\u00f6r att bes\u00f6ka restauranger, barer, serveringsst\u00e4llen, nattklubbar och lokaler med fritidsaktiviteter. Andalusien. Beslutet g\u00e4ller fram till den 15 januari. Sedan tidigare g\u00e4ller det vid bes\u00f6k p\u00e5 sjukhusanl\u00e4ggningar och v\u00e5rdhem f\u00f6r \u00e4ldre. P\u00e5 s\u00f6ndagen publicerades beslutet i den officiella bulletinen BOJA (Bolet\u00edn Oficial de la Junta de Andaluc\u00eda). Fr\u00e5n [&hellip;]<\/p>\n","protected":false},"author":7,"featured_media":1002,"comment_status":"open","ping_status":"open","sticky":false,"template":"","format":"standard","meta":{"_et_pb_use_builder":"","_et_pb_old_content":"","_et_gb_content_width":"","footnotes":""},"categories":[395,3],"tags":[],"class_list":["post-1001","post","type-post","status-publish","format-standard","has-post-thumbnail","hentry","category-arkiv-nyheter","category-nyheter"],"yoast_head":"<!-- This site is optimized with the Yoast SEO Premium plugin v26.2 (Yoast SEO v27.5) - https:\/\/yoast.com\/product\/yoast-seo-premium-wordpress\/ -->\n<title>Covidpass p\u00e5 serveringsst\u00e4llen inomhus - Svenska Magasinet<\/title>\n<meta name=\"robots\" content=\"noindex, follow, max-snippet:-1, max-image-preview:large, max-video-preview:-1\" \/>\n<meta property=\"og:locale\" content=\"sv_SE\" \/>\n<meta property=\"og:type\" content=\"article\" \/>\n<meta property=\"og:title\" content=\"Covidpass p\u00e5 serveringsst\u00e4llen inomhus\" \/>\n<meta property=\"og:description\" content=\"Fr\u00e5n idag (20\/12) g\u00e4ller Covidpass som krav f\u00f6r att bes\u00f6ka restauranger, barer, serveringsst\u00e4llen, nattklubbar och lokaler med fritidsaktiviteter. Andalusien. Beslutet g\u00e4ller fram till den 15 januari. Sedan tidigare g\u00e4ller det vid bes\u00f6k p\u00e5 sjukhusanl\u00e4ggningar och v\u00e5rdhem f\u00f6r \u00e4ldre. P\u00e5 s\u00f6ndagen publicerades beslutet i den officiella bulletinen BOJA (Bolet\u00edn Oficial de la Junta de Andaluc\u00eda). Fr\u00e5n [&hellip;]\" \/>\n<meta property=\"og:url\" content=\"https:\/\/lightweb.dev\/l\/svm-temp\/nyheter\/covidpass-pa-serveringsstallen-inomhus\/\" \/>\n<meta property=\"og:site_name\" content=\"Svenska Magasinet\" \/>\n<meta property=\"article:publisher\" content=\"https:\/\/www.facebook.com\/svenskamagasinet\" \/>\n<meta property=\"article:published_time\" content=\"2021-12-20T09:12:00+00:00\" \/>\n<meta property=\"og:image\" content=\"https:\/\/lightweb.dev\/l\/svm-temp\/wp-content\/uploads\/2022\/04\/covidpass-p-serveringsstllen-inomhus.png\" \/>\n\t<meta property=\"og:image:width\" content=\"501\" \/>\n\t<meta property=\"og:image:height\" content=\"300\" \/>\n\t<meta property=\"og:image:type\" content=\"image\/png\" \/>\n<meta name=\"author\" content=\"Ola Josefsson\" \/>\n<meta name=\"twitter:card\" content=\"summary_large_image\" \/>\n<meta name=\"twitter:creator\" content=\"@SvenskaMagasine\" \/>\n<meta name=\"twitter:site\" content=\"@SvenskaMagasine\" \/>\n<script type=\"application\/ld+json\" class=\"yoast-schema-graph\">{\"@context\":\"https:\\\/\\\/schema.org\",\"@graph\":[{\"@type\":\"Article\",\"@id\":\"https:\\\/\\\/lightweb.dev\\\/l\\\/svm-temp\\\/nyheter\\\/covidpass-pa-serveringsstallen-inomhus\\\/#article\",\"isPartOf\":{\"@id\":\"https:\\\/\\\/lightweb.dev\\\/l\\\/svm-temp\\\/nyheter\\\/covidpass-pa-serveringsstallen-inomhus\\\/\"},\"author\":{\"name\":\"Ola Josefsson\",\"@id\":\"https:\\\/\\\/lightweb.dev\\\/l\\\/svm-temp\\\/#\\\/schema\\\/person\\\/7a82b8a73d171d32360a564b6d03508e\"},\"headline\":\"Covidpass p\u00e5 serveringsst\u00e4llen inomhus\",\"datePublished\":\"2021-12-20T09:12:00+00:00\",\"mainEntityOfPage\":{\"@id\":\"https:\\\/\\\/lightweb.dev\\\/l\\\/svm-temp\\\/nyheter\\\/covidpass-pa-serveringsstallen-inomhus\\\/\"},\"wordCount\":426,\"commentCount\":0,\"publisher\":{\"@id\":\"https:\\\/\\\/lightweb.dev\\\/l\\\/svm-temp\\\/#organization\"},\"image\":{\"@id\":\"https:\\\/\\\/lightweb.dev\\\/l\\\/svm-temp\\\/nyheter\\\/covidpass-pa-serveringsstallen-inomhus\\\/#primaryimage\"},\"thumbnailUrl\":\"https:\\\/\\\/lightweb.dev\\\/l\\\/svm-temp\\\/wp-content\\\/uploads\\\/2022\\\/04\\\/covidpass-p-serveringsstllen-inomhus.png\",\"articleSection\":[\"Arkiv\",\"Nyheter\"],\"inLanguage\":\"sv-SE\"},{\"@type\":\"WebPage\",\"@id\":\"https:\\\/\\\/lightweb.dev\\\/l\\\/svm-temp\\\/nyheter\\\/covidpass-pa-serveringsstallen-inomhus\\\/\",\"url\":\"https:\\\/\\\/lightweb.dev\\\/l\\\/svm-temp\\\/nyheter\\\/covidpass-pa-serveringsstallen-inomhus\\\/\",\"name\":\"Covidpass p\u00e5 serveringsst\u00e4llen inomhus - Svenska Magasinet\",\"isPartOf\":{\"@id\":\"https:\\\/\\\/lightweb.dev\\\/l\\\/svm-temp\\\/#website\"},\"primaryImageOfPage\":{\"@id\":\"https:\\\/\\\/lightweb.dev\\\/l\\\/svm-temp\\\/nyheter\\\/covidpass-pa-serveringsstallen-inomhus\\\/#primaryimage\"},\"image\":{\"@id\":\"https:\\\/\\\/lightweb.dev\\\/l\\\/svm-temp\\\/nyheter\\\/covidpass-pa-serveringsstallen-inomhus\\\/#primaryimage\"},\"thumbnailUrl\":\"https:\\\/\\\/lightweb.dev\\\/l\\\/svm-temp\\\/wp-content\\\/uploads\\\/2022\\\/04\\\/covidpass-p-serveringsstllen-inomhus.png\",\"datePublished\":\"2021-12-20T09:12:00+00:00\",\"breadcrumb\":{\"@id\":\"https:\\\/\\\/lightweb.dev\\\/l\\\/svm-temp\\\/nyheter\\\/covidpass-pa-serveringsstallen-inomhus\\\/#breadcrumb\"},\"inLanguage\":\"sv-SE\",\"potentialAction\":[{\"@type\":\"ReadAction\",\"target\":[\"https:\\\/\\\/lightweb.dev\\\/l\\\/svm-temp\\\/nyheter\\\/covidpass-pa-serveringsstallen-inomhus\\\/\"]}]},{\"@type\":\"ImageObject\",\"inLanguage\":\"sv-SE\",\"@id\":\"https:\\\/\\\/lightweb.dev\\\/l\\\/svm-temp\\\/nyheter\\\/covidpass-pa-serveringsstallen-inomhus\\\/#primaryimage\",\"url\":\"https:\\\/\\\/lightweb.dev\\\/l\\\/svm-temp\\\/wp-content\\\/uploads\\\/2022\\\/04\\\/covidpass-p-serveringsstllen-inomhus.png\",\"contentUrl\":\"https:\\\/\\\/lightweb.dev\\\/l\\\/svm-temp\\\/wp-content\\\/uploads\\\/2022\\\/04\\\/covidpass-p-serveringsstllen-inomhus.png\",\"width\":501,\"height\":300},{\"@type\":\"BreadcrumbList\",\"@id\":\"https:\\\/\\\/lightweb.dev\\\/l\\\/svm-temp\\\/nyheter\\\/covidpass-pa-serveringsstallen-inomhus\\\/#breadcrumb\",\"itemListElement\":[{\"@type\":\"ListItem\",\"position\":1,\"name\":\"Hem\",\"item\":\"https:\\\/\\\/lightweb.dev\\\/l\\\/svm-temp\\\/\"},{\"@type\":\"ListItem\",\"position\":2,\"name\":\"Covidpass p\u00e5 serveringsst\u00e4llen inomhus\"}]},{\"@type\":\"WebSite\",\"@id\":\"https:\\\/\\\/lightweb.dev\\\/l\\\/svm-temp\\\/#website\",\"url\":\"https:\\\/\\\/lightweb.dev\\\/l\\\/svm-temp\\\/\",\"name\":\"Svenska Magasinet\",\"description\":\"Dina Spanska nyheter p&aring; Svenska\",\"publisher\":{\"@id\":\"https:\\\/\\\/lightweb.dev\\\/l\\\/svm-temp\\\/#organization\"},\"potentialAction\":[{\"@type\":\"SearchAction\",\"target\":{\"@type\":\"EntryPoint\",\"urlTemplate\":\"https:\\\/\\\/lightweb.dev\\\/l\\\/svm-temp\\\/?s={search_term_string}\"},\"query-input\":{\"@type\":\"PropertyValueSpecification\",\"valueRequired\":true,\"valueName\":\"search_term_string\"}}],\"inLanguage\":\"sv-SE\"},{\"@type\":\"Organization\",\"@id\":\"https:\\\/\\\/lightweb.dev\\\/l\\\/svm-temp\\\/#organization\",\"name\":\"Melkerson y Nott SL\",\"alternateName\":\"Svenska Magasinet\",\"url\":\"https:\\\/\\\/lightweb.dev\\\/l\\\/svm-temp\\\/\",\"logo\":{\"@type\":\"ImageObject\",\"inLanguage\":\"sv-SE\",\"@id\":\"https:\\\/\\\/lightweb.dev\\\/l\\\/svm-temp\\\/#\\\/schema\\\/logo\\\/image\\\/\",\"url\":\"https:\\\/\\\/lightweb.dev\\\/l\\\/svm-temp\\\/wp-content\\\/uploads\\\/2025\\\/02\\\/SvM-logo-Xtra-Centrerad-SVART.png\",\"contentUrl\":\"https:\\\/\\\/lightweb.dev\\\/l\\\/svm-temp\\\/wp-content\\\/uploads\\\/2025\\\/02\\\/SvM-logo-Xtra-Centrerad-SVART.png\",\"width\":300,\"height\":99,\"caption\":\"Melkerson y Nott SL\"},\"image\":{\"@id\":\"https:\\\/\\\/lightweb.dev\\\/l\\\/svm-temp\\\/#\\\/schema\\\/logo\\\/image\\\/\"},\"sameAs\":[\"https:\\\/\\\/www.facebook.com\\\/svenskamagasinet\",\"https:\\\/\\\/x.com\\\/SvenskaMagasine\"]},{\"@type\":\"Person\",\"@id\":\"https:\\\/\\\/lightweb.dev\\\/l\\\/svm-temp\\\/#\\\/schema\\\/person\\\/7a82b8a73d171d32360a564b6d03508e\",\"name\":\"Ola Josefsson\",\"description\":\"Bevakar Solkusten och Spanien sedan 1994.\",\"sameAs\":[\"https:\\\/\\\/lightweb.dev\\\/l\\\/svm-temp\"],\"url\":\"https:\\\/\\\/lightweb.dev\\\/l\\\/svm-temp\\\/reporter\\\/ola-josefsson\\\/\"}]}<\/script>\n<!-- \/ Yoast SEO Premium plugin. -->","yoast_head_json":{"title":"Covidpass p\u00e5 serveringsst\u00e4llen inomhus - Svenska Magasinet","robots":{"index":"noindex","follow":"follow","max-snippet":"max-snippet:-1","max-image-preview":"max-image-preview:large","max-video-preview":"max-video-preview:-1"},"og_locale":"sv_SE","og_type":"article","og_title":"Covidpass p\u00e5 serveringsst\u00e4llen inomhus","og_description":"Fr\u00e5n idag (20\/12) g\u00e4ller Covidpass som krav f\u00f6r att bes\u00f6ka restauranger, barer, serveringsst\u00e4llen, nattklubbar och lokaler med fritidsaktiviteter. Andalusien. Beslutet g\u00e4ller fram till den 15 januari. Sedan tidigare g\u00e4ller det vid bes\u00f6k p\u00e5 sjukhusanl\u00e4ggningar och v\u00e5rdhem f\u00f6r \u00e4ldre. P\u00e5 s\u00f6ndagen publicerades beslutet i den officiella bulletinen BOJA (Bolet\u00edn Oficial de la Junta de Andaluc\u00eda). Fr\u00e5n [&hellip;]","og_url":"https:\/\/lightweb.dev\/l\/svm-temp\/nyheter\/covidpass-pa-serveringsstallen-inomhus\/","og_site_name":"Svenska Magasinet","article_publisher":"https:\/\/www.facebook.com\/svenskamagasinet","article_published_time":"2021-12-20T09:12:00+00:00","og_image":[{"width":501,"height":300,"url":"https:\/\/lightweb.dev\/l\/svm-temp\/wp-content\/uploads\/2022\/04\/covidpass-p-serveringsstllen-inomhus.png","type":"image\/png"}],"author":"Ola Josefsson","twitter_card":"summary_large_image","twitter_creator":"@SvenskaMagasine","twitter_site":"@SvenskaMagasine","schema":{"@context":"https:\/\/schema.org","@graph":[{"@type":"Article","@id":"https:\/\/lightweb.dev\/l\/svm-temp\/nyheter\/covidpass-pa-serveringsstallen-inomhus\/#article","isPartOf":{"@id":"https:\/\/lightweb.dev\/l\/svm-temp\/nyheter\/covidpass-pa-serveringsstallen-inomhus\/"},"author":{"name":"Ola Josefsson","@id":"https:\/\/lightweb.dev\/l\/svm-temp\/#\/schema\/person\/7a82b8a73d171d32360a564b6d03508e"},"headline":"Covidpass p\u00e5 serveringsst\u00e4llen inomhus","datePublished":"2021-12-20T09:12:00+00:00","mainEntityOfPage":{"@id":"https:\/\/lightweb.dev\/l\/svm-temp\/nyheter\/covidpass-pa-serveringsstallen-inomhus\/"},"wordCount":426,"commentCount":0,"publisher":{"@id":"https:\/\/lightweb.dev\/l\/svm-temp\/#organization"},"image":{"@id":"https:\/\/lightweb.dev\/l\/svm-temp\/nyheter\/covidpass-pa-serveringsstallen-inomhus\/#primaryimage"},"thumbnailUrl":"https:\/\/lightweb.dev\/l\/svm-temp\/wp-content\/uploads\/2022\/04\/covidpass-p-serveringsstllen-inomhus.png","articleSection":["Arkiv","Nyheter"],"inLanguage":"sv-SE"},{"@type":"WebPage","@id":"https:\/\/lightweb.dev\/l\/svm-temp\/nyheter\/covidpass-pa-serveringsstallen-inomhus\/","url":"https:\/\/lightweb.dev\/l\/svm-temp\/nyheter\/covidpass-pa-serveringsstallen-inomhus\/","name":"Covidpass p\u00e5 serveringsst\u00e4llen inomhus - Svenska Magasinet","isPartOf":{"@id":"https:\/\/lightweb.dev\/l\/svm-temp\/#website"},"primaryImageOfPage":{"@id":"https:\/\/lightweb.dev\/l\/svm-temp\/nyheter\/covidpass-pa-serveringsstallen-inomhus\/#primaryimage"},"image":{"@id":"https:\/\/lightweb.dev\/l\/svm-temp\/nyheter\/covidpass-pa-serveringsstallen-inomhus\/#primaryimage"},"thumbnailUrl":"https:\/\/lightweb.dev\/l\/svm-temp\/wp-content\/uploads\/2022\/04\/covidpass-p-serveringsstllen-inomhus.png","datePublished":"2021-12-20T09:12:00+00:00","breadcrumb":{"@id":"https:\/\/lightweb.dev\/l\/svm-temp\/nyheter\/covidpass-pa-serveringsstallen-inomhus\/#breadcrumb"},"inLanguage":"sv-SE","potentialAction":[{"@type":"ReadAction","target":["https:\/\/lightweb.dev\/l\/svm-temp\/nyheter\/covidpass-pa-serveringsstallen-inomhus\/"]}]},{"@type":"ImageObject","inLanguage":"sv-SE","@id":"https:\/\/lightweb.dev\/l\/svm-temp\/nyheter\/covidpass-pa-serveringsstallen-inomhus\/#primaryimage","url":"https:\/\/lightweb.dev\/l\/svm-temp\/wp-content\/uploads\/2022\/04\/covidpass-p-serveringsstllen-inomhus.png","contentUrl":"https:\/\/lightweb.dev\/l\/svm-temp\/wp-content\/uploads\/2022\/04\/covidpass-p-serveringsstllen-inomhus.png","width":501,"height":300},{"@type":"BreadcrumbList","@id":"https:\/\/lightweb.dev\/l\/svm-temp\/nyheter\/covidpass-pa-serveringsstallen-inomhus\/#breadcrumb","itemListElement":[{"@type":"ListItem","position":1,"name":"Hem","item":"https:\/\/lightweb.dev\/l\/svm-temp\/"},{"@type":"ListItem","position":2,"name":"Covidpass p\u00e5 serveringsst\u00e4llen inomhus"}]},{"@type":"WebSite","@id":"https:\/\/lightweb.dev\/l\/svm-temp\/#website","url":"https:\/\/lightweb.dev\/l\/svm-temp\/","name":"Svenska Magasinet","description":"Dina Spanska nyheter p&aring; Svenska","publisher":{"@id":"https:\/\/lightweb.dev\/l\/svm-temp\/#organization"},"potentialAction":[{"@type":"SearchAction","target":{"@type":"EntryPoint","urlTemplate":"https:\/\/lightweb.dev\/l\/svm-temp\/?s={search_term_string}"},"query-input":{"@type":"PropertyValueSpecification","valueRequired":true,"valueName":"search_term_string"}}],"inLanguage":"sv-SE"},{"@type":"Organization","@id":"https:\/\/lightweb.dev\/l\/svm-temp\/#organization","name":"Melkerson y Nott SL","alternateName":"Svenska Magasinet","url":"https:\/\/lightweb.dev\/l\/svm-temp\/","logo":{"@type":"ImageObject","inLanguage":"sv-SE","@id":"https:\/\/lightweb.dev\/l\/svm-temp\/#\/schema\/logo\/image\/","url":"https:\/\/lightweb.dev\/l\/svm-temp\/wp-content\/uploads\/2025\/02\/SvM-logo-Xtra-Centrerad-SVART.png","contentUrl":"https:\/\/lightweb.dev\/l\/svm-temp\/wp-content\/uploads\/2025\/02\/SvM-logo-Xtra-Centrerad-SVART.png","width":300,"height":99,"caption":"Melkerson y Nott SL"},"image":{"@id":"https:\/\/lightweb.dev\/l\/svm-temp\/#\/schema\/logo\/image\/"},"sameAs":["https:\/\/www.facebook.com\/svenskamagasinet","https:\/\/x.com\/SvenskaMagasine"]},{"@type":"Person","@id":"https:\/\/lightweb.dev\/l\/svm-temp\/#\/schema\/person\/7a82b8a73d171d32360a564b6d03508e","name":"Ola Josefsson","description":"Bevakar Solkusten och Spanien sedan 1994.","sameAs":["https:\/\/lightweb.dev\/l\/svm-temp"],"url":"https:\/\/lightweb.dev\/l\/svm-temp\/reporter\/ola-josefsson\/"}]}},"_links":{"self":[{"href":"https:\/\/lightweb.dev\/l\/svm-temp\/wp-json\/wp\/v2\/posts\/1001","targetHints":{"allow":["GET"]}}],"collection":[{"href":"https:\/\/lightweb.dev\/l\/svm-temp\/wp-json\/wp\/v2\/posts"}],"about":[{"href":"https:\/\/lightweb.dev\/l\/svm-temp\/wp-json\/wp\/v2\/types\/post"}],"author":[{"embeddable":true,"href":"https:\/\/lightweb.dev\/l\/svm-temp\/wp-json\/wp\/v2\/users\/7"}],"replies":[{"embeddable":true,"href":"https:\/\/lightweb.dev\/l\/svm-temp\/wp-json\/wp\/v2\/comments?post=1001"}],"version-history":[{"count":0,"href":"https:\/\/lightweb.dev\/l\/svm-temp\/wp-json\/wp\/v2\/posts\/1001\/revisions"}],"wp:featuredmedia":[{"embeddable":true,"href":"https:\/\/lightweb.dev\/l\/svm-temp\/wp-json\/wp\/v2\/media\/1002"}],"wp:attachment":[{"href":"https:\/\/lightweb.dev\/l\/svm-temp\/wp-json\/wp\/v2\/media?parent=1001"}],"wp:term":[{"taxonomy":"category","embeddable":true,"href":"https:\/\/lightweb.dev\/l\/svm-temp\/wp-json\/wp\/v2\/categories?post=1001"},{"taxonomy":"post_tag","embeddable":true,"href":"https:\/\/lightweb.dev\/l\/svm-temp\/wp-json\/wp\/v2\/tags?post=1001"}],"curies":[{"name":"wp","href":"https:\/\/api.w.org\/{rel}","templated":true}]}}