{"id":1013,"date":"2021-12-17T10:47:00","date_gmt":"2021-12-17T09:47:00","guid":{"rendered":"https:\/\/lightweb.dev\/l\/svm-temp\/nya-krav-pa-covidbevis-for-inresa-i-sverige\/"},"modified":"2021-12-17T10:47:00","modified_gmt":"2021-12-17T09:47:00","slug":"nya-krav-pa-covidbevis-for-inresa-i-sverige","status":"publish","type":"post","link":"https:\/\/lightweb.dev\/l\/svm-temp\/nyheter\/nya-krav-pa-covidbevis-for-inresa-i-sverige\/","title":{"rendered":"Nya krav p\u00e5 covidbevis f\u00f6r inresa i Sverige"},"content":{"rendered":"<p> Fr\u00e5n den 21 december kr\u00e4vs covidbevis f\u00f6r inresa i Sverige. Men kravet omfattar inte svenska medborgare och permanent boende i Sverige. Det g\u00e4ller f\u00f6r \u00f6vriga f\u00f6r inresa i Sverige och \u00e4ven fr\u00e5n EES-l\u00e4nderna.<br \/>\n Smittspridningen \u00f6kar i stora delar av Europa. \u00c4ven Norge och Danmark \u00e4r h\u00e5rt drabbat av den nya omikron-varianten. <\/p>\n<p>Det g\u00f6r att nya krav inf\u00f6rs p\u00e5 covidbevis f\u00f6r inresa till Sverige. <\/p>\n<p>P\u00e5 sociala medier g\u00e5r debatterna varma om kravet \u00e4ven g\u00e4ller Spaniensvenskar som planerar att resa till Sverige under jul och ny\u00e5r. Men kravet omfattar bara utl\u00e4ndska medborgare vid inresa fr\u00e5n alla l\u00e4nder, \u00e4ven de nordiska. Det g\u00e4ller inte svenska medborgare och permanent boende i Sverige. Det skriver Folkh\u00e4lsov\u00e5rden p\u00e5 sin webbplats.<\/p>\n<p>D\u00e4remot sk\u00e4rper Folkh\u00e4lsomyndigheten rekommendationen f\u00f6r alla inresande att testa sig f\u00f6r covid-19 s\u00e5 snart som m\u00f6jligt efter ankomst till Sverige.<\/p>\n<p>Detta g\u00e4ller b\u00e5de f\u00f6r vaccinerade och ovaccinerade personer, och \u00e4ven om man haft covid-19 det senaste halv\u00e5ret. Rekommendationen g\u00e4ller \u00e4ven de som har uppvisat ett negativt test i samband med inresa. Barn under f\u00f6rskoleklass\u00e5lder \u00e4r undantagna.<\/p>\n<p>Utl\u00e4ndska medborgare som omfattas av n\u00e5got av undantagen fr\u00e5n inresef\u00f6rbudet till Sverige och vill resa in i Sverige fr\u00e5n EES-l\u00e4nder utanf\u00f6r Norden (fr\u00e5n och med den 21 december 2021 omfattas \u00e4ven de nordiska l\u00e4nderna) eller resa in ifr\u00e5n Andorra, Monaco, San Marino, Schweiz eller Vatikanstaten m\u00e5ste visa upp n\u00e5got av f\u00f6ljande:<\/p>\n<p>\u2022 vaccinationsintyg mot covid-19,<\/p>\n<p>\u2022 intyg negativt provsvar fr\u00e5n testning f\u00f6r p\u00e5g\u00e5ende covid-19-infektion (testintyg)<\/p>\n<p>\u2022 intyg om tillfrisknande fr\u00e5n covid-19.<\/p>\n<p>Intygen ska antingen vara EU:s gemensamma covidintyg, i Sverige kallade covidbevis, eller vara intyg som motsvarar dessa. Mer information finns att hitta H\u00c4R.<\/p>\n<p>Fotnot. EES-l\u00e4nderna \u00e4r alla 27 EU-l\u00e4nderna samt Norge, Island och Liechtenstein.<\/p>\n<p>Krav f\u00f6r inresa till Kanarie\u00f6arna<\/p>\n<p>T\u00e4nker du bes\u00f6ka Kanarie\u00f6arna fram\u00f6ver g\u00e4ller nya krav \u00e4ven om du reser fr\u00e5n en region i Spanien. N\u00e5got av dessa tre dokument g\u00e4ller som krav: <\/p>\n<p>\u2022 vaccinationsintyg mot covid-19,<\/p>\n<p>\u2022 intyg negativt provsvar fr\u00e5n testning f\u00f6r p\u00e5g\u00e5ende covid-19-infektion (testintyg)<\/p>\n<p>\u2022 intyg om tillfrisknande fr\u00e5n covid-19.<\/p>\n<p>Det meddelar den regionala h\u00e4lsov\u00e5rden p\u00e5 Twitter.<\/p>\n","protected":false},"excerpt":{"rendered":"<p>Fr\u00e5n den 21 december kr\u00e4vs covidbevis f\u00f6r inresa i Sverige. Men kravet omfattar inte svenska medborgare och permanent boende i Sverige. Det g\u00e4ller f\u00f6r \u00f6vriga f\u00f6r inresa i Sverige och \u00e4ven fr\u00e5n EES-l\u00e4nderna. Smittspridningen \u00f6kar i stora delar av Europa. \u00c4ven Norge och Danmark \u00e4r h\u00e5rt drabbat av den nya omikron-varianten. Det g\u00f6r att nya [&hellip;]<\/p>\n","protected":false},"author":7,"featured_media":1014,"comment_status":"open","ping_status":"open","sticky":false,"template":"","format":"standard","meta":{"_et_pb_use_builder":"","_et_pb_old_content":"","_et_gb_content_width":"","footnotes":""},"categories":[395,3],"tags":[],"class_list":["post-1013","post","type-post","status-publish","format-standard","has-post-thumbnail","hentry","category-arkiv-nyheter","category-nyheter"],"yoast_head":"<!-- This site is optimized with the Yoast SEO Premium plugin v26.2 (Yoast SEO v27.5) - https:\/\/yoast.com\/product\/yoast-seo-premium-wordpress\/ -->\n<title>Nya krav p\u00e5 covidbevis f\u00f6r inresa i Sverige - Svenska Magasinet<\/title>\n<meta name=\"robots\" content=\"noindex, follow, max-snippet:-1, max-image-preview:large, max-video-preview:-1\" \/>\n<meta property=\"og:locale\" content=\"sv_SE\" \/>\n<meta property=\"og:type\" content=\"article\" \/>\n<meta property=\"og:title\" content=\"Nya krav p\u00e5 covidbevis f\u00f6r inresa i Sverige\" \/>\n<meta property=\"og:description\" content=\"Fr\u00e5n den 21 december kr\u00e4vs covidbevis f\u00f6r inresa i Sverige. Men kravet omfattar inte svenska medborgare och permanent boende i Sverige. Det g\u00e4ller f\u00f6r \u00f6vriga f\u00f6r inresa i Sverige och \u00e4ven fr\u00e5n EES-l\u00e4nderna. Smittspridningen \u00f6kar i stora delar av Europa. \u00c4ven Norge och Danmark \u00e4r h\u00e5rt drabbat av den nya omikron-varianten. Det g\u00f6r att nya [&hellip;]\" \/>\n<meta property=\"og:url\" content=\"https:\/\/lightweb.dev\/l\/svm-temp\/nyheter\/nya-krav-pa-covidbevis-for-inresa-i-sverige\/\" \/>\n<meta property=\"og:site_name\" content=\"Svenska Magasinet\" \/>\n<meta property=\"article:publisher\" content=\"https:\/\/www.facebook.com\/svenskamagasinet\" \/>\n<meta property=\"article:published_time\" content=\"2021-12-17T09:47:00+00:00\" \/>\n<meta property=\"og:image\" content=\"https:\/\/lightweb.dev\/l\/svm-temp\/wp-content\/uploads\/2022\/04\/nya-krav-p-covidbevis-fr-inresa-i-sverige.png\" \/>\n\t<meta property=\"og:image:width\" content=\"500\" \/>\n\t<meta property=\"og:image:height\" content=\"300\" \/>\n\t<meta property=\"og:image:type\" content=\"image\/png\" \/>\n<meta name=\"author\" content=\"Ola Josefsson\" \/>\n<meta name=\"twitter:card\" content=\"summary_large_image\" \/>\n<meta name=\"twitter:creator\" content=\"@SvenskaMagasine\" \/>\n<meta name=\"twitter:site\" content=\"@SvenskaMagasine\" \/>\n<script type=\"application\/ld+json\" class=\"yoast-schema-graph\">{\"@context\":\"https:\\\/\\\/schema.org\",\"@graph\":[{\"@type\":\"Article\",\"@id\":\"https:\\\/\\\/lightweb.dev\\\/l\\\/svm-temp\\\/nyheter\\\/nya-krav-pa-covidbevis-for-inresa-i-sverige\\\/#article\",\"isPartOf\":{\"@id\":\"https:\\\/\\\/lightweb.dev\\\/l\\\/svm-temp\\\/nyheter\\\/nya-krav-pa-covidbevis-for-inresa-i-sverige\\\/\"},\"author\":{\"name\":\"Ola Josefsson\",\"@id\":\"https:\\\/\\\/lightweb.dev\\\/l\\\/svm-temp\\\/#\\\/schema\\\/person\\\/7a82b8a73d171d32360a564b6d03508e\"},\"headline\":\"Nya krav p\u00e5 covidbevis f\u00f6r inresa i Sverige\",\"datePublished\":\"2021-12-17T09:47:00+00:00\",\"mainEntityOfPage\":{\"@id\":\"https:\\\/\\\/lightweb.dev\\\/l\\\/svm-temp\\\/nyheter\\\/nya-krav-pa-covidbevis-for-inresa-i-sverige\\\/\"},\"wordCount\":406,\"commentCount\":0,\"publisher\":{\"@id\":\"https:\\\/\\\/lightweb.dev\\\/l\\\/svm-temp\\\/#organization\"},\"image\":{\"@id\":\"https:\\\/\\\/lightweb.dev\\\/l\\\/svm-temp\\\/nyheter\\\/nya-krav-pa-covidbevis-for-inresa-i-sverige\\\/#primaryimage\"},\"thumbnailUrl\":\"https:\\\/\\\/lightweb.dev\\\/l\\\/svm-temp\\\/wp-content\\\/uploads\\\/2022\\\/04\\\/nya-krav-p-covidbevis-fr-inresa-i-sverige.png\",\"articleSection\":[\"Arkiv\",\"Nyheter\"],\"inLanguage\":\"sv-SE\"},{\"@type\":\"WebPage\",\"@id\":\"https:\\\/\\\/lightweb.dev\\\/l\\\/svm-temp\\\/nyheter\\\/nya-krav-pa-covidbevis-for-inresa-i-sverige\\\/\",\"url\":\"https:\\\/\\\/lightweb.dev\\\/l\\\/svm-temp\\\/nyheter\\\/nya-krav-pa-covidbevis-for-inresa-i-sverige\\\/\",\"name\":\"Nya krav p\u00e5 covidbevis f\u00f6r inresa i Sverige - Svenska Magasinet\",\"isPartOf\":{\"@id\":\"https:\\\/\\\/lightweb.dev\\\/l\\\/svm-temp\\\/#website\"},\"primaryImageOfPage\":{\"@id\":\"https:\\\/\\\/lightweb.dev\\\/l\\\/svm-temp\\\/nyheter\\\/nya-krav-pa-covidbevis-for-inresa-i-sverige\\\/#primaryimage\"},\"image\":{\"@id\":\"https:\\\/\\\/lightweb.dev\\\/l\\\/svm-temp\\\/nyheter\\\/nya-krav-pa-covidbevis-for-inresa-i-sverige\\\/#primaryimage\"},\"thumbnailUrl\":\"https:\\\/\\\/lightweb.dev\\\/l\\\/svm-temp\\\/wp-content\\\/uploads\\\/2022\\\/04\\\/nya-krav-p-covidbevis-fr-inresa-i-sverige.png\",\"datePublished\":\"2021-12-17T09:47:00+00:00\",\"breadcrumb\":{\"@id\":\"https:\\\/\\\/lightweb.dev\\\/l\\\/svm-temp\\\/nyheter\\\/nya-krav-pa-covidbevis-for-inresa-i-sverige\\\/#breadcrumb\"},\"inLanguage\":\"sv-SE\",\"potentialAction\":[{\"@type\":\"ReadAction\",\"target\":[\"https:\\\/\\\/lightweb.dev\\\/l\\\/svm-temp\\\/nyheter\\\/nya-krav-pa-covidbevis-for-inresa-i-sverige\\\/\"]}]},{\"@type\":\"ImageObject\",\"inLanguage\":\"sv-SE\",\"@id\":\"https:\\\/\\\/lightweb.dev\\\/l\\\/svm-temp\\\/nyheter\\\/nya-krav-pa-covidbevis-for-inresa-i-sverige\\\/#primaryimage\",\"url\":\"https:\\\/\\\/lightweb.dev\\\/l\\\/svm-temp\\\/wp-content\\\/uploads\\\/2022\\\/04\\\/nya-krav-p-covidbevis-fr-inresa-i-sverige.png\",\"contentUrl\":\"https:\\\/\\\/lightweb.dev\\\/l\\\/svm-temp\\\/wp-content\\\/uploads\\\/2022\\\/04\\\/nya-krav-p-covidbevis-fr-inresa-i-sverige.png\",\"width\":500,\"height\":300},{\"@type\":\"BreadcrumbList\",\"@id\":\"https:\\\/\\\/lightweb.dev\\\/l\\\/svm-temp\\\/nyheter\\\/nya-krav-pa-covidbevis-for-inresa-i-sverige\\\/#breadcrumb\",\"itemListElement\":[{\"@type\":\"ListItem\",\"position\":1,\"name\":\"Hem\",\"item\":\"https:\\\/\\\/lightweb.dev\\\/l\\\/svm-temp\\\/\"},{\"@type\":\"ListItem\",\"position\":2,\"name\":\"Nya krav p\u00e5 covidbevis f\u00f6r inresa i Sverige\"}]},{\"@type\":\"WebSite\",\"@id\":\"https:\\\/\\\/lightweb.dev\\\/l\\\/svm-temp\\\/#website\",\"url\":\"https:\\\/\\\/lightweb.dev\\\/l\\\/svm-temp\\\/\",\"name\":\"Svenska Magasinet\",\"description\":\"Dina Spanska nyheter p&aring; Svenska\",\"publisher\":{\"@id\":\"https:\\\/\\\/lightweb.dev\\\/l\\\/svm-temp\\\/#organization\"},\"potentialAction\":[{\"@type\":\"SearchAction\",\"target\":{\"@type\":\"EntryPoint\",\"urlTemplate\":\"https:\\\/\\\/lightweb.dev\\\/l\\\/svm-temp\\\/?s={search_term_string}\"},\"query-input\":{\"@type\":\"PropertyValueSpecification\",\"valueRequired\":true,\"valueName\":\"search_term_string\"}}],\"inLanguage\":\"sv-SE\"},{\"@type\":\"Organization\",\"@id\":\"https:\\\/\\\/lightweb.dev\\\/l\\\/svm-temp\\\/#organization\",\"name\":\"Melkerson y Nott SL\",\"alternateName\":\"Svenska Magasinet\",\"url\":\"https:\\\/\\\/lightweb.dev\\\/l\\\/svm-temp\\\/\",\"logo\":{\"@type\":\"ImageObject\",\"inLanguage\":\"sv-SE\",\"@id\":\"https:\\\/\\\/lightweb.dev\\\/l\\\/svm-temp\\\/#\\\/schema\\\/logo\\\/image\\\/\",\"url\":\"https:\\\/\\\/lightweb.dev\\\/l\\\/svm-temp\\\/wp-content\\\/uploads\\\/2025\\\/02\\\/SvM-logo-Xtra-Centrerad-SVART.png\",\"contentUrl\":\"https:\\\/\\\/lightweb.dev\\\/l\\\/svm-temp\\\/wp-content\\\/uploads\\\/2025\\\/02\\\/SvM-logo-Xtra-Centrerad-SVART.png\",\"width\":300,\"height\":99,\"caption\":\"Melkerson y Nott SL\"},\"image\":{\"@id\":\"https:\\\/\\\/lightweb.dev\\\/l\\\/svm-temp\\\/#\\\/schema\\\/logo\\\/image\\\/\"},\"sameAs\":[\"https:\\\/\\\/www.facebook.com\\\/svenskamagasinet\",\"https:\\\/\\\/x.com\\\/SvenskaMagasine\"]},{\"@type\":\"Person\",\"@id\":\"https:\\\/\\\/lightweb.dev\\\/l\\\/svm-temp\\\/#\\\/schema\\\/person\\\/7a82b8a73d171d32360a564b6d03508e\",\"name\":\"Ola Josefsson\",\"description\":\"Bevakar Solkusten och Spanien sedan 1994.\",\"sameAs\":[\"https:\\\/\\\/lightweb.dev\\\/l\\\/svm-temp\"],\"url\":\"https:\\\/\\\/lightweb.dev\\\/l\\\/svm-temp\\\/reporter\\\/ola-josefsson\\\/\"}]}<\/script>\n<!-- \/ Yoast SEO Premium plugin. -->","yoast_head_json":{"title":"Nya krav p\u00e5 covidbevis f\u00f6r inresa i Sverige - Svenska Magasinet","robots":{"index":"noindex","follow":"follow","max-snippet":"max-snippet:-1","max-image-preview":"max-image-preview:large","max-video-preview":"max-video-preview:-1"},"og_locale":"sv_SE","og_type":"article","og_title":"Nya krav p\u00e5 covidbevis f\u00f6r inresa i Sverige","og_description":"Fr\u00e5n den 21 december kr\u00e4vs covidbevis f\u00f6r inresa i Sverige. Men kravet omfattar inte svenska medborgare och permanent boende i Sverige. Det g\u00e4ller f\u00f6r \u00f6vriga f\u00f6r inresa i Sverige och \u00e4ven fr\u00e5n EES-l\u00e4nderna. Smittspridningen \u00f6kar i stora delar av Europa. \u00c4ven Norge och Danmark \u00e4r h\u00e5rt drabbat av den nya omikron-varianten. Det g\u00f6r att nya [&hellip;]","og_url":"https:\/\/lightweb.dev\/l\/svm-temp\/nyheter\/nya-krav-pa-covidbevis-for-inresa-i-sverige\/","og_site_name":"Svenska Magasinet","article_publisher":"https:\/\/www.facebook.com\/svenskamagasinet","article_published_time":"2021-12-17T09:47:00+00:00","og_image":[{"width":500,"height":300,"url":"https:\/\/lightweb.dev\/l\/svm-temp\/wp-content\/uploads\/2022\/04\/nya-krav-p-covidbevis-fr-inresa-i-sverige.png","type":"image\/png"}],"author":"Ola Josefsson","twitter_card":"summary_large_image","twitter_creator":"@SvenskaMagasine","twitter_site":"@SvenskaMagasine","schema":{"@context":"https:\/\/schema.org","@graph":[{"@type":"Article","@id":"https:\/\/lightweb.dev\/l\/svm-temp\/nyheter\/nya-krav-pa-covidbevis-for-inresa-i-sverige\/#article","isPartOf":{"@id":"https:\/\/lightweb.dev\/l\/svm-temp\/nyheter\/nya-krav-pa-covidbevis-for-inresa-i-sverige\/"},"author":{"name":"Ola Josefsson","@id":"https:\/\/lightweb.dev\/l\/svm-temp\/#\/schema\/person\/7a82b8a73d171d32360a564b6d03508e"},"headline":"Nya krav p\u00e5 covidbevis f\u00f6r inresa i Sverige","datePublished":"2021-12-17T09:47:00+00:00","mainEntityOfPage":{"@id":"https:\/\/lightweb.dev\/l\/svm-temp\/nyheter\/nya-krav-pa-covidbevis-for-inresa-i-sverige\/"},"wordCount":406,"commentCount":0,"publisher":{"@id":"https:\/\/lightweb.dev\/l\/svm-temp\/#organization"},"image":{"@id":"https:\/\/lightweb.dev\/l\/svm-temp\/nyheter\/nya-krav-pa-covidbevis-for-inresa-i-sverige\/#primaryimage"},"thumbnailUrl":"https:\/\/lightweb.dev\/l\/svm-temp\/wp-content\/uploads\/2022\/04\/nya-krav-p-covidbevis-fr-inresa-i-sverige.png","articleSection":["Arkiv","Nyheter"],"inLanguage":"sv-SE"},{"@type":"WebPage","@id":"https:\/\/lightweb.dev\/l\/svm-temp\/nyheter\/nya-krav-pa-covidbevis-for-inresa-i-sverige\/","url":"https:\/\/lightweb.dev\/l\/svm-temp\/nyheter\/nya-krav-pa-covidbevis-for-inresa-i-sverige\/","name":"Nya krav p\u00e5 covidbevis f\u00f6r inresa i Sverige - Svenska Magasinet","isPartOf":{"@id":"https:\/\/lightweb.dev\/l\/svm-temp\/#website"},"primaryImageOfPage":{"@id":"https:\/\/lightweb.dev\/l\/svm-temp\/nyheter\/nya-krav-pa-covidbevis-for-inresa-i-sverige\/#primaryimage"},"image":{"@id":"https:\/\/lightweb.dev\/l\/svm-temp\/nyheter\/nya-krav-pa-covidbevis-for-inresa-i-sverige\/#primaryimage"},"thumbnailUrl":"https:\/\/lightweb.dev\/l\/svm-temp\/wp-content\/uploads\/2022\/04\/nya-krav-p-covidbevis-fr-inresa-i-sverige.png","datePublished":"2021-12-17T09:47:00+00:00","breadcrumb":{"@id":"https:\/\/lightweb.dev\/l\/svm-temp\/nyheter\/nya-krav-pa-covidbevis-for-inresa-i-sverige\/#breadcrumb"},"inLanguage":"sv-SE","potentialAction":[{"@type":"ReadAction","target":["https:\/\/lightweb.dev\/l\/svm-temp\/nyheter\/nya-krav-pa-covidbevis-for-inresa-i-sverige\/"]}]},{"@type":"ImageObject","inLanguage":"sv-SE","@id":"https:\/\/lightweb.dev\/l\/svm-temp\/nyheter\/nya-krav-pa-covidbevis-for-inresa-i-sverige\/#primaryimage","url":"https:\/\/lightweb.dev\/l\/svm-temp\/wp-content\/uploads\/2022\/04\/nya-krav-p-covidbevis-fr-inresa-i-sverige.png","contentUrl":"https:\/\/lightweb.dev\/l\/svm-temp\/wp-content\/uploads\/2022\/04\/nya-krav-p-covidbevis-fr-inresa-i-sverige.png","width":500,"height":300},{"@type":"BreadcrumbList","@id":"https:\/\/lightweb.dev\/l\/svm-temp\/nyheter\/nya-krav-pa-covidbevis-for-inresa-i-sverige\/#breadcrumb","itemListElement":[{"@type":"ListItem","position":1,"name":"Hem","item":"https:\/\/lightweb.dev\/l\/svm-temp\/"},{"@type":"ListItem","position":2,"name":"Nya krav p\u00e5 covidbevis f\u00f6r inresa i Sverige"}]},{"@type":"WebSite","@id":"https:\/\/lightweb.dev\/l\/svm-temp\/#website","url":"https:\/\/lightweb.dev\/l\/svm-temp\/","name":"Svenska Magasinet","description":"Dina Spanska nyheter p&aring; Svenska","publisher":{"@id":"https:\/\/lightweb.dev\/l\/svm-temp\/#organization"},"potentialAction":[{"@type":"SearchAction","target":{"@type":"EntryPoint","urlTemplate":"https:\/\/lightweb.dev\/l\/svm-temp\/?s={search_term_string}"},"query-input":{"@type":"PropertyValueSpecification","valueRequired":true,"valueName":"search_term_string"}}],"inLanguage":"sv-SE"},{"@type":"Organization","@id":"https:\/\/lightweb.dev\/l\/svm-temp\/#organization","name":"Melkerson y Nott SL","alternateName":"Svenska Magasinet","url":"https:\/\/lightweb.dev\/l\/svm-temp\/","logo":{"@type":"ImageObject","inLanguage":"sv-SE","@id":"https:\/\/lightweb.dev\/l\/svm-temp\/#\/schema\/logo\/image\/","url":"https:\/\/lightweb.dev\/l\/svm-temp\/wp-content\/uploads\/2025\/02\/SvM-logo-Xtra-Centrerad-SVART.png","contentUrl":"https:\/\/lightweb.dev\/l\/svm-temp\/wp-content\/uploads\/2025\/02\/SvM-logo-Xtra-Centrerad-SVART.png","width":300,"height":99,"caption":"Melkerson y Nott SL"},"image":{"@id":"https:\/\/lightweb.dev\/l\/svm-temp\/#\/schema\/logo\/image\/"},"sameAs":["https:\/\/www.facebook.com\/svenskamagasinet","https:\/\/x.com\/SvenskaMagasine"]},{"@type":"Person","@id":"https:\/\/lightweb.dev\/l\/svm-temp\/#\/schema\/person\/7a82b8a73d171d32360a564b6d03508e","name":"Ola Josefsson","description":"Bevakar Solkusten och Spanien sedan 1994.","sameAs":["https:\/\/lightweb.dev\/l\/svm-temp"],"url":"https:\/\/lightweb.dev\/l\/svm-temp\/reporter\/ola-josefsson\/"}]}},"_links":{"self":[{"href":"https:\/\/lightweb.dev\/l\/svm-temp\/wp-json\/wp\/v2\/posts\/1013","targetHints":{"allow":["GET"]}}],"collection":[{"href":"https:\/\/lightweb.dev\/l\/svm-temp\/wp-json\/wp\/v2\/posts"}],"about":[{"href":"https:\/\/lightweb.dev\/l\/svm-temp\/wp-json\/wp\/v2\/types\/post"}],"author":[{"embeddable":true,"href":"https:\/\/lightweb.dev\/l\/svm-temp\/wp-json\/wp\/v2\/users\/7"}],"replies":[{"embeddable":true,"href":"https:\/\/lightweb.dev\/l\/svm-temp\/wp-json\/wp\/v2\/comments?post=1013"}],"version-history":[{"count":0,"href":"https:\/\/lightweb.dev\/l\/svm-temp\/wp-json\/wp\/v2\/posts\/1013\/revisions"}],"wp:featuredmedia":[{"embeddable":true,"href":"https:\/\/lightweb.dev\/l\/svm-temp\/wp-json\/wp\/v2\/media\/1014"}],"wp:attachment":[{"href":"https:\/\/lightweb.dev\/l\/svm-temp\/wp-json\/wp\/v2\/media?parent=1013"}],"wp:term":[{"taxonomy":"category","embeddable":true,"href":"https:\/\/lightweb.dev\/l\/svm-temp\/wp-json\/wp\/v2\/categories?post=1013"},{"taxonomy":"post_tag","embeddable":true,"href":"https:\/\/lightweb.dev\/l\/svm-temp\/wp-json\/wp\/v2\/tags?post=1013"}],"curies":[{"name":"wp","href":"https:\/\/api.w.org\/{rel}","templated":true}]}}