{"id":1017,"date":"2021-12-17T14:10:00","date_gmt":"2021-12-17T13:10:00","guid":{"rendered":"https:\/\/lightweb.dev\/l\/svm-temp\/nytt-besked-andalusien-infor-krav-pa-covidpass-till-serveringsstallen\/"},"modified":"2021-12-17T14:10:00","modified_gmt":"2021-12-17T13:10:00","slug":"nytt-besked-andalusien-infor-krav-pa-covidpass-till-serveringsstallen","status":"publish","type":"post","link":"https:\/\/lightweb.dev\/l\/svm-temp\/nyheter\/nytt-besked-andalusien-infor-krav-pa-covidpass-till-serveringsstallen\/","title":{"rendered":"Nytt besked: Andalusien inf\u00f6r krav p\u00e5 covidpass till serveringsst\u00e4llen"},"content":{"rendered":"<p> P\u00e5 fredagen kom ett nytt beslut fr\u00e5n Andalusiens h\u00f6gsta regionaldomstol TSJA (Tribunal Superior de Justicia de Andaluc\u00eda) som den h\u00e4r g\u00e5ngen ger gr\u00f6nt ljus till regionregeringens krav p\u00e5 att inf\u00f6ra Covidpass som krav f\u00f6r att bes\u00f6ka restauranger, barer, serveringsst\u00e4llen eller nattklubbar. Beslutet g\u00e4ller fram till den 15 januari fr\u00e5n midnatt, natten mot m\u00e5ndag.<br \/>\n Beslutet om Covidpass f\u00f6r att bes\u00f6ka serveringsst\u00e4llen kommer att g\u00e4lla fr\u00e5n att det har blivit publicerat i den officiella bulletinen BOJA (Bolet\u00edn Oficial de la Junta de Andaluc\u00eda). D\u00e5 publiceras mer exakt information kring beslutet.<\/p>\n<p>&#8211; Inom tv\u00e5 dygn f\u00f6rv\u00e4ntar vi att kravet p\u00e5 covidpass g\u00e4ller, sa regionpresidenten Juanma Moreno vid middagstid p\u00e5 fredagen enligt dagstidningen ABC.<\/p>\n<p>Vilket betyder att det g\u00e4ller fr\u00e5n midnatt, natten mot m\u00e5ndag.<\/p>\n<p>F\u00f6rutom vaccinpass som visar att bes\u00f6karen \u00e4r fullvaccinerad, g\u00e4ller ett intyg med negativt provsvar fr\u00e5n testning f\u00f6r p\u00e5g\u00e5ende covid-19-infektion.<\/p>\n<p>Under den senaste veckan har det varit olika beslut efter att regionregeringen gick ut med beskedet om krav p\u00e5 covidpass vid serveringsst\u00e4llen.<\/p>\n<p>S\u00e5 sent som i onsdags gav regiondomstolen r\u00f6tt ljus eftersom det \u00e4ven skulle g\u00e4lla personal. N\u00e5got som Svenska Magasinet ber\u00e4ttade om.<\/p>\n<p>Nu har det \u00e4ndrats med att personal inte r\u00e4knas in i kravet.<\/p>\n<p>Sedan tidigare \u00e4r det krav p\u00e5 covidpass f\u00f6r att bes\u00f6ka sjukv\u00e5rdsanl\u00e4ggningar och \u00e4ldreboende i Andalusien.<\/p>\n<p>Olika beslut i regioner<br \/>\nBland Spaniens regioner till\u00e4mpas covidpass f\u00f6r att bes\u00f6ka serveringsst\u00e4llen p\u00e5 olika s\u00e4tt. P\u00e5 Balearerna g\u00e4ller kravet endast p\u00e5 serveringsst\u00e4llen med mer \u00e4n 50 bes\u00f6kare.<\/p>\n<p>P\u00e5 Kanarie\u00f6arna \u00e4r det frivilligt. En bar- eller restaurang\u00e4gare kan sj\u00e4lv avg\u00f6ra om kravet ska g\u00e4lla.<\/p>\n<p>I Katalonien g\u00e4ller det vid hotell, gym eller p\u00e5 nattklubbar som diskotek.<\/p>\n<p>I Valenciaregioner g\u00e4ller det p\u00e5 serveringsst\u00e4llen med fler \u00e4n 50 bes\u00f6kare.<\/p>\n<p>L\u00e4s mer: Kr\u00f6gare vill se vaccinbevis i st\u00e4llet f\u00f6r restriktioner<\/p>\n","protected":false},"excerpt":{"rendered":"<p>P\u00e5 fredagen kom ett nytt beslut fr\u00e5n Andalusiens h\u00f6gsta regionaldomstol TSJA (Tribunal Superior de Justicia de Andaluc\u00eda) som den h\u00e4r g\u00e5ngen ger gr\u00f6nt ljus till regionregeringens krav p\u00e5 att inf\u00f6ra Covidpass som krav f\u00f6r att bes\u00f6ka restauranger, barer, serveringsst\u00e4llen eller nattklubbar. Beslutet g\u00e4ller fram till den 15 januari fr\u00e5n midnatt, natten mot m\u00e5ndag. Beslutet om [&hellip;]<\/p>\n","protected":false},"author":7,"featured_media":1018,"comment_status":"open","ping_status":"open","sticky":false,"template":"","format":"standard","meta":{"_et_pb_use_builder":"","_et_pb_old_content":"","_et_gb_content_width":"","footnotes":""},"categories":[395,3],"tags":[],"class_list":["post-1017","post","type-post","status-publish","format-standard","has-post-thumbnail","hentry","category-arkiv-nyheter","category-nyheter"],"yoast_head":"<!-- This site is optimized with the Yoast SEO Premium plugin v26.2 (Yoast SEO v27.5) - https:\/\/yoast.com\/product\/yoast-seo-premium-wordpress\/ -->\n<title>Nytt besked: Andalusien inf\u00f6r krav p\u00e5 covidpass till serveringsst\u00e4llen - Svenska Magasinet<\/title>\n<meta name=\"robots\" content=\"noindex, follow, max-snippet:-1, max-image-preview:large, max-video-preview:-1\" \/>\n<meta property=\"og:locale\" content=\"sv_SE\" \/>\n<meta property=\"og:type\" content=\"article\" \/>\n<meta property=\"og:title\" content=\"Nytt besked: Andalusien inf\u00f6r krav p\u00e5 covidpass till serveringsst\u00e4llen\" \/>\n<meta property=\"og:description\" content=\"P\u00e5 fredagen kom ett nytt beslut fr\u00e5n Andalusiens h\u00f6gsta regionaldomstol TSJA (Tribunal Superior de Justicia de Andaluc\u00eda) som den h\u00e4r g\u00e5ngen ger gr\u00f6nt ljus till regionregeringens krav p\u00e5 att inf\u00f6ra Covidpass som krav f\u00f6r att bes\u00f6ka restauranger, barer, serveringsst\u00e4llen eller nattklubbar. Beslutet g\u00e4ller fram till den 15 januari fr\u00e5n midnatt, natten mot m\u00e5ndag. Beslutet om [&hellip;]\" \/>\n<meta property=\"og:url\" content=\"https:\/\/lightweb.dev\/l\/svm-temp\/nyheter\/nytt-besked-andalusien-infor-krav-pa-covidpass-till-serveringsstallen\/\" \/>\n<meta property=\"og:site_name\" content=\"Svenska Magasinet\" \/>\n<meta property=\"article:publisher\" content=\"https:\/\/www.facebook.com\/svenskamagasinet\" \/>\n<meta property=\"article:published_time\" content=\"2021-12-17T13:10:00+00:00\" \/>\n<meta property=\"og:image\" content=\"https:\/\/lightweb.dev\/l\/svm-temp\/wp-content\/uploads\/2022\/04\/nytt-besked-andalusien-infr-krav-p-covidpass-till-serveringsstllen.png\" \/>\n\t<meta property=\"og:image:width\" content=\"500\" \/>\n\t<meta property=\"og:image:height\" content=\"300\" \/>\n\t<meta property=\"og:image:type\" content=\"image\/png\" \/>\n<meta name=\"author\" content=\"Ola Josefsson\" \/>\n<meta name=\"twitter:card\" content=\"summary_large_image\" \/>\n<meta name=\"twitter:creator\" content=\"@SvenskaMagasine\" \/>\n<meta name=\"twitter:site\" content=\"@SvenskaMagasine\" \/>\n<script type=\"application\/ld+json\" class=\"yoast-schema-graph\">{\"@context\":\"https:\\\/\\\/schema.org\",\"@graph\":[{\"@type\":\"Article\",\"@id\":\"https:\\\/\\\/lightweb.dev\\\/l\\\/svm-temp\\\/nyheter\\\/nytt-besked-andalusien-infor-krav-pa-covidpass-till-serveringsstallen\\\/#article\",\"isPartOf\":{\"@id\":\"https:\\\/\\\/lightweb.dev\\\/l\\\/svm-temp\\\/nyheter\\\/nytt-besked-andalusien-infor-krav-pa-covidpass-till-serveringsstallen\\\/\"},\"author\":{\"name\":\"Ola Josefsson\",\"@id\":\"https:\\\/\\\/lightweb.dev\\\/l\\\/svm-temp\\\/#\\\/schema\\\/person\\\/7a82b8a73d171d32360a564b6d03508e\"},\"headline\":\"Nytt besked: Andalusien inf\u00f6r krav p\u00e5 covidpass till serveringsst\u00e4llen\",\"datePublished\":\"2021-12-17T13:10:00+00:00\",\"mainEntityOfPage\":{\"@id\":\"https:\\\/\\\/lightweb.dev\\\/l\\\/svm-temp\\\/nyheter\\\/nytt-besked-andalusien-infor-krav-pa-covidpass-till-serveringsstallen\\\/\"},\"wordCount\":359,\"commentCount\":0,\"publisher\":{\"@id\":\"https:\\\/\\\/lightweb.dev\\\/l\\\/svm-temp\\\/#organization\"},\"image\":{\"@id\":\"https:\\\/\\\/lightweb.dev\\\/l\\\/svm-temp\\\/nyheter\\\/nytt-besked-andalusien-infor-krav-pa-covidpass-till-serveringsstallen\\\/#primaryimage\"},\"thumbnailUrl\":\"https:\\\/\\\/lightweb.dev\\\/l\\\/svm-temp\\\/wp-content\\\/uploads\\\/2022\\\/04\\\/nytt-besked-andalusien-infr-krav-p-covidpass-till-serveringsstllen.png\",\"articleSection\":[\"Arkiv\",\"Nyheter\"],\"inLanguage\":\"sv-SE\"},{\"@type\":\"WebPage\",\"@id\":\"https:\\\/\\\/lightweb.dev\\\/l\\\/svm-temp\\\/nyheter\\\/nytt-besked-andalusien-infor-krav-pa-covidpass-till-serveringsstallen\\\/\",\"url\":\"https:\\\/\\\/lightweb.dev\\\/l\\\/svm-temp\\\/nyheter\\\/nytt-besked-andalusien-infor-krav-pa-covidpass-till-serveringsstallen\\\/\",\"name\":\"Nytt besked: Andalusien inf\u00f6r krav p\u00e5 covidpass till serveringsst\u00e4llen - Svenska Magasinet\",\"isPartOf\":{\"@id\":\"https:\\\/\\\/lightweb.dev\\\/l\\\/svm-temp\\\/#website\"},\"primaryImageOfPage\":{\"@id\":\"https:\\\/\\\/lightweb.dev\\\/l\\\/svm-temp\\\/nyheter\\\/nytt-besked-andalusien-infor-krav-pa-covidpass-till-serveringsstallen\\\/#primaryimage\"},\"image\":{\"@id\":\"https:\\\/\\\/lightweb.dev\\\/l\\\/svm-temp\\\/nyheter\\\/nytt-besked-andalusien-infor-krav-pa-covidpass-till-serveringsstallen\\\/#primaryimage\"},\"thumbnailUrl\":\"https:\\\/\\\/lightweb.dev\\\/l\\\/svm-temp\\\/wp-content\\\/uploads\\\/2022\\\/04\\\/nytt-besked-andalusien-infr-krav-p-covidpass-till-serveringsstllen.png\",\"datePublished\":\"2021-12-17T13:10:00+00:00\",\"breadcrumb\":{\"@id\":\"https:\\\/\\\/lightweb.dev\\\/l\\\/svm-temp\\\/nyheter\\\/nytt-besked-andalusien-infor-krav-pa-covidpass-till-serveringsstallen\\\/#breadcrumb\"},\"inLanguage\":\"sv-SE\",\"potentialAction\":[{\"@type\":\"ReadAction\",\"target\":[\"https:\\\/\\\/lightweb.dev\\\/l\\\/svm-temp\\\/nyheter\\\/nytt-besked-andalusien-infor-krav-pa-covidpass-till-serveringsstallen\\\/\"]}]},{\"@type\":\"ImageObject\",\"inLanguage\":\"sv-SE\",\"@id\":\"https:\\\/\\\/lightweb.dev\\\/l\\\/svm-temp\\\/nyheter\\\/nytt-besked-andalusien-infor-krav-pa-covidpass-till-serveringsstallen\\\/#primaryimage\",\"url\":\"https:\\\/\\\/lightweb.dev\\\/l\\\/svm-temp\\\/wp-content\\\/uploads\\\/2022\\\/04\\\/nytt-besked-andalusien-infr-krav-p-covidpass-till-serveringsstllen.png\",\"contentUrl\":\"https:\\\/\\\/lightweb.dev\\\/l\\\/svm-temp\\\/wp-content\\\/uploads\\\/2022\\\/04\\\/nytt-besked-andalusien-infr-krav-p-covidpass-till-serveringsstllen.png\",\"width\":500,\"height\":300},{\"@type\":\"BreadcrumbList\",\"@id\":\"https:\\\/\\\/lightweb.dev\\\/l\\\/svm-temp\\\/nyheter\\\/nytt-besked-andalusien-infor-krav-pa-covidpass-till-serveringsstallen\\\/#breadcrumb\",\"itemListElement\":[{\"@type\":\"ListItem\",\"position\":1,\"name\":\"Hem\",\"item\":\"https:\\\/\\\/lightweb.dev\\\/l\\\/svm-temp\\\/\"},{\"@type\":\"ListItem\",\"position\":2,\"name\":\"Nytt besked: Andalusien inf\u00f6r krav p\u00e5 covidpass till serveringsst\u00e4llen\"}]},{\"@type\":\"WebSite\",\"@id\":\"https:\\\/\\\/lightweb.dev\\\/l\\\/svm-temp\\\/#website\",\"url\":\"https:\\\/\\\/lightweb.dev\\\/l\\\/svm-temp\\\/\",\"name\":\"Svenska Magasinet\",\"description\":\"Dina Spanska nyheter p&aring; Svenska\",\"publisher\":{\"@id\":\"https:\\\/\\\/lightweb.dev\\\/l\\\/svm-temp\\\/#organization\"},\"potentialAction\":[{\"@type\":\"SearchAction\",\"target\":{\"@type\":\"EntryPoint\",\"urlTemplate\":\"https:\\\/\\\/lightweb.dev\\\/l\\\/svm-temp\\\/?s={search_term_string}\"},\"query-input\":{\"@type\":\"PropertyValueSpecification\",\"valueRequired\":true,\"valueName\":\"search_term_string\"}}],\"inLanguage\":\"sv-SE\"},{\"@type\":\"Organization\",\"@id\":\"https:\\\/\\\/lightweb.dev\\\/l\\\/svm-temp\\\/#organization\",\"name\":\"Melkerson y Nott SL\",\"alternateName\":\"Svenska Magasinet\",\"url\":\"https:\\\/\\\/lightweb.dev\\\/l\\\/svm-temp\\\/\",\"logo\":{\"@type\":\"ImageObject\",\"inLanguage\":\"sv-SE\",\"@id\":\"https:\\\/\\\/lightweb.dev\\\/l\\\/svm-temp\\\/#\\\/schema\\\/logo\\\/image\\\/\",\"url\":\"https:\\\/\\\/lightweb.dev\\\/l\\\/svm-temp\\\/wp-content\\\/uploads\\\/2025\\\/02\\\/SvM-logo-Xtra-Centrerad-SVART.png\",\"contentUrl\":\"https:\\\/\\\/lightweb.dev\\\/l\\\/svm-temp\\\/wp-content\\\/uploads\\\/2025\\\/02\\\/SvM-logo-Xtra-Centrerad-SVART.png\",\"width\":300,\"height\":99,\"caption\":\"Melkerson y Nott SL\"},\"image\":{\"@id\":\"https:\\\/\\\/lightweb.dev\\\/l\\\/svm-temp\\\/#\\\/schema\\\/logo\\\/image\\\/\"},\"sameAs\":[\"https:\\\/\\\/www.facebook.com\\\/svenskamagasinet\",\"https:\\\/\\\/x.com\\\/SvenskaMagasine\"]},{\"@type\":\"Person\",\"@id\":\"https:\\\/\\\/lightweb.dev\\\/l\\\/svm-temp\\\/#\\\/schema\\\/person\\\/7a82b8a73d171d32360a564b6d03508e\",\"name\":\"Ola Josefsson\",\"description\":\"Bevakar Solkusten och Spanien sedan 1994.\",\"sameAs\":[\"https:\\\/\\\/lightweb.dev\\\/l\\\/svm-temp\"],\"url\":\"https:\\\/\\\/lightweb.dev\\\/l\\\/svm-temp\\\/reporter\\\/ola-josefsson\\\/\"}]}<\/script>\n<!-- \/ Yoast SEO Premium plugin. -->","yoast_head_json":{"title":"Nytt besked: Andalusien inf\u00f6r krav p\u00e5 covidpass till serveringsst\u00e4llen - Svenska Magasinet","robots":{"index":"noindex","follow":"follow","max-snippet":"max-snippet:-1","max-image-preview":"max-image-preview:large","max-video-preview":"max-video-preview:-1"},"og_locale":"sv_SE","og_type":"article","og_title":"Nytt besked: Andalusien inf\u00f6r krav p\u00e5 covidpass till serveringsst\u00e4llen","og_description":"P\u00e5 fredagen kom ett nytt beslut fr\u00e5n Andalusiens h\u00f6gsta regionaldomstol TSJA (Tribunal Superior de Justicia de Andaluc\u00eda) som den h\u00e4r g\u00e5ngen ger gr\u00f6nt ljus till regionregeringens krav p\u00e5 att inf\u00f6ra Covidpass som krav f\u00f6r att bes\u00f6ka restauranger, barer, serveringsst\u00e4llen eller nattklubbar. Beslutet g\u00e4ller fram till den 15 januari fr\u00e5n midnatt, natten mot m\u00e5ndag. Beslutet om [&hellip;]","og_url":"https:\/\/lightweb.dev\/l\/svm-temp\/nyheter\/nytt-besked-andalusien-infor-krav-pa-covidpass-till-serveringsstallen\/","og_site_name":"Svenska Magasinet","article_publisher":"https:\/\/www.facebook.com\/svenskamagasinet","article_published_time":"2021-12-17T13:10:00+00:00","og_image":[{"width":500,"height":300,"url":"https:\/\/lightweb.dev\/l\/svm-temp\/wp-content\/uploads\/2022\/04\/nytt-besked-andalusien-infr-krav-p-covidpass-till-serveringsstllen.png","type":"image\/png"}],"author":"Ola Josefsson","twitter_card":"summary_large_image","twitter_creator":"@SvenskaMagasine","twitter_site":"@SvenskaMagasine","schema":{"@context":"https:\/\/schema.org","@graph":[{"@type":"Article","@id":"https:\/\/lightweb.dev\/l\/svm-temp\/nyheter\/nytt-besked-andalusien-infor-krav-pa-covidpass-till-serveringsstallen\/#article","isPartOf":{"@id":"https:\/\/lightweb.dev\/l\/svm-temp\/nyheter\/nytt-besked-andalusien-infor-krav-pa-covidpass-till-serveringsstallen\/"},"author":{"name":"Ola Josefsson","@id":"https:\/\/lightweb.dev\/l\/svm-temp\/#\/schema\/person\/7a82b8a73d171d32360a564b6d03508e"},"headline":"Nytt besked: Andalusien inf\u00f6r krav p\u00e5 covidpass till serveringsst\u00e4llen","datePublished":"2021-12-17T13:10:00+00:00","mainEntityOfPage":{"@id":"https:\/\/lightweb.dev\/l\/svm-temp\/nyheter\/nytt-besked-andalusien-infor-krav-pa-covidpass-till-serveringsstallen\/"},"wordCount":359,"commentCount":0,"publisher":{"@id":"https:\/\/lightweb.dev\/l\/svm-temp\/#organization"},"image":{"@id":"https:\/\/lightweb.dev\/l\/svm-temp\/nyheter\/nytt-besked-andalusien-infor-krav-pa-covidpass-till-serveringsstallen\/#primaryimage"},"thumbnailUrl":"https:\/\/lightweb.dev\/l\/svm-temp\/wp-content\/uploads\/2022\/04\/nytt-besked-andalusien-infr-krav-p-covidpass-till-serveringsstllen.png","articleSection":["Arkiv","Nyheter"],"inLanguage":"sv-SE"},{"@type":"WebPage","@id":"https:\/\/lightweb.dev\/l\/svm-temp\/nyheter\/nytt-besked-andalusien-infor-krav-pa-covidpass-till-serveringsstallen\/","url":"https:\/\/lightweb.dev\/l\/svm-temp\/nyheter\/nytt-besked-andalusien-infor-krav-pa-covidpass-till-serveringsstallen\/","name":"Nytt besked: Andalusien inf\u00f6r krav p\u00e5 covidpass till serveringsst\u00e4llen - Svenska Magasinet","isPartOf":{"@id":"https:\/\/lightweb.dev\/l\/svm-temp\/#website"},"primaryImageOfPage":{"@id":"https:\/\/lightweb.dev\/l\/svm-temp\/nyheter\/nytt-besked-andalusien-infor-krav-pa-covidpass-till-serveringsstallen\/#primaryimage"},"image":{"@id":"https:\/\/lightweb.dev\/l\/svm-temp\/nyheter\/nytt-besked-andalusien-infor-krav-pa-covidpass-till-serveringsstallen\/#primaryimage"},"thumbnailUrl":"https:\/\/lightweb.dev\/l\/svm-temp\/wp-content\/uploads\/2022\/04\/nytt-besked-andalusien-infr-krav-p-covidpass-till-serveringsstllen.png","datePublished":"2021-12-17T13:10:00+00:00","breadcrumb":{"@id":"https:\/\/lightweb.dev\/l\/svm-temp\/nyheter\/nytt-besked-andalusien-infor-krav-pa-covidpass-till-serveringsstallen\/#breadcrumb"},"inLanguage":"sv-SE","potentialAction":[{"@type":"ReadAction","target":["https:\/\/lightweb.dev\/l\/svm-temp\/nyheter\/nytt-besked-andalusien-infor-krav-pa-covidpass-till-serveringsstallen\/"]}]},{"@type":"ImageObject","inLanguage":"sv-SE","@id":"https:\/\/lightweb.dev\/l\/svm-temp\/nyheter\/nytt-besked-andalusien-infor-krav-pa-covidpass-till-serveringsstallen\/#primaryimage","url":"https:\/\/lightweb.dev\/l\/svm-temp\/wp-content\/uploads\/2022\/04\/nytt-besked-andalusien-infr-krav-p-covidpass-till-serveringsstllen.png","contentUrl":"https:\/\/lightweb.dev\/l\/svm-temp\/wp-content\/uploads\/2022\/04\/nytt-besked-andalusien-infr-krav-p-covidpass-till-serveringsstllen.png","width":500,"height":300},{"@type":"BreadcrumbList","@id":"https:\/\/lightweb.dev\/l\/svm-temp\/nyheter\/nytt-besked-andalusien-infor-krav-pa-covidpass-till-serveringsstallen\/#breadcrumb","itemListElement":[{"@type":"ListItem","position":1,"name":"Hem","item":"https:\/\/lightweb.dev\/l\/svm-temp\/"},{"@type":"ListItem","position":2,"name":"Nytt besked: Andalusien inf\u00f6r krav p\u00e5 covidpass till serveringsst\u00e4llen"}]},{"@type":"WebSite","@id":"https:\/\/lightweb.dev\/l\/svm-temp\/#website","url":"https:\/\/lightweb.dev\/l\/svm-temp\/","name":"Svenska Magasinet","description":"Dina Spanska nyheter p&aring; Svenska","publisher":{"@id":"https:\/\/lightweb.dev\/l\/svm-temp\/#organization"},"potentialAction":[{"@type":"SearchAction","target":{"@type":"EntryPoint","urlTemplate":"https:\/\/lightweb.dev\/l\/svm-temp\/?s={search_term_string}"},"query-input":{"@type":"PropertyValueSpecification","valueRequired":true,"valueName":"search_term_string"}}],"inLanguage":"sv-SE"},{"@type":"Organization","@id":"https:\/\/lightweb.dev\/l\/svm-temp\/#organization","name":"Melkerson y Nott SL","alternateName":"Svenska Magasinet","url":"https:\/\/lightweb.dev\/l\/svm-temp\/","logo":{"@type":"ImageObject","inLanguage":"sv-SE","@id":"https:\/\/lightweb.dev\/l\/svm-temp\/#\/schema\/logo\/image\/","url":"https:\/\/lightweb.dev\/l\/svm-temp\/wp-content\/uploads\/2025\/02\/SvM-logo-Xtra-Centrerad-SVART.png","contentUrl":"https:\/\/lightweb.dev\/l\/svm-temp\/wp-content\/uploads\/2025\/02\/SvM-logo-Xtra-Centrerad-SVART.png","width":300,"height":99,"caption":"Melkerson y Nott SL"},"image":{"@id":"https:\/\/lightweb.dev\/l\/svm-temp\/#\/schema\/logo\/image\/"},"sameAs":["https:\/\/www.facebook.com\/svenskamagasinet","https:\/\/x.com\/SvenskaMagasine"]},{"@type":"Person","@id":"https:\/\/lightweb.dev\/l\/svm-temp\/#\/schema\/person\/7a82b8a73d171d32360a564b6d03508e","name":"Ola Josefsson","description":"Bevakar Solkusten och Spanien sedan 1994.","sameAs":["https:\/\/lightweb.dev\/l\/svm-temp"],"url":"https:\/\/lightweb.dev\/l\/svm-temp\/reporter\/ola-josefsson\/"}]}},"_links":{"self":[{"href":"https:\/\/lightweb.dev\/l\/svm-temp\/wp-json\/wp\/v2\/posts\/1017","targetHints":{"allow":["GET"]}}],"collection":[{"href":"https:\/\/lightweb.dev\/l\/svm-temp\/wp-json\/wp\/v2\/posts"}],"about":[{"href":"https:\/\/lightweb.dev\/l\/svm-temp\/wp-json\/wp\/v2\/types\/post"}],"author":[{"embeddable":true,"href":"https:\/\/lightweb.dev\/l\/svm-temp\/wp-json\/wp\/v2\/users\/7"}],"replies":[{"embeddable":true,"href":"https:\/\/lightweb.dev\/l\/svm-temp\/wp-json\/wp\/v2\/comments?post=1017"}],"version-history":[{"count":0,"href":"https:\/\/lightweb.dev\/l\/svm-temp\/wp-json\/wp\/v2\/posts\/1017\/revisions"}],"wp:featuredmedia":[{"embeddable":true,"href":"https:\/\/lightweb.dev\/l\/svm-temp\/wp-json\/wp\/v2\/media\/1018"}],"wp:attachment":[{"href":"https:\/\/lightweb.dev\/l\/svm-temp\/wp-json\/wp\/v2\/media?parent=1017"}],"wp:term":[{"taxonomy":"category","embeddable":true,"href":"https:\/\/lightweb.dev\/l\/svm-temp\/wp-json\/wp\/v2\/categories?post=1017"},{"taxonomy":"post_tag","embeddable":true,"href":"https:\/\/lightweb.dev\/l\/svm-temp\/wp-json\/wp\/v2\/tags?post=1017"}],"curies":[{"name":"wp","href":"https:\/\/api.w.org\/{rel}","templated":true}]}}