{"id":1025,"date":"2021-12-15T16:07:00","date_gmt":"2021-12-15T15:07:00","guid":{"rendered":"https:\/\/lightweb.dev\/l\/svm-temp\/domstolsbeslut-nej-till-krav-pa-covidpass-till-serveringsstallen-i-andalusien\/"},"modified":"2021-12-15T16:07:00","modified_gmt":"2021-12-15T15:07:00","slug":"domstolsbeslut-nej-till-krav-pa-covidpass-till-serveringsstallen-i-andalusien","status":"publish","type":"post","link":"https:\/\/lightweb.dev\/l\/svm-temp\/nyheter\/domstolsbeslut-nej-till-krav-pa-covidpass-till-serveringsstallen-i-andalusien\/","title":{"rendered":"Domstolsbeslut: Nej till krav p\u00e5 covidpass till serveringsst\u00e4llen i Andalusien"},"content":{"rendered":"<p> Andalusiens h\u00f6gsta regiondomstol TSJA (Tribunal Superior de Justicia de Andaluc\u00eda) i Granada ger r\u00f6tt kort till regionregeringens beg\u00e4ran om att inf\u00f6ra covidpass som krav f\u00f6r att bes\u00f6ka serveringsst\u00e4llen. M\u00e5let var att det skulle g\u00e4lla \u00f6ver jul, ny\u00e5rs \u2013 och trettonhelgen fram till 15 januari. Regiondomstolen menar \u00e5 ena sidan att \u00e5tg\u00e4rden med covidpass uppfyller kraven p\u00e5 n\u00f6dv\u00e4ndighet och l\u00e4mplighet.<\/p>\n<p>Men \u00e5 andra sidan ogillar domstolen f\u00f6rslaget fr\u00e5n Junta de Andaluc\u00eda eftersom kravet p\u00e5 covidpass \u00e4ven skulle g\u00e4lla anst\u00e4llda. Det skulle indirekt betyda obligatorisk vaccinering f\u00f6r personalen. Men Spanien har inte n\u00e5got krav p\u00e5 obligatorisk vaccinering mot covid-19, skriver dagstidningen ABC som h\u00e4nvisar till dagens besked.<\/p>\n<p>Domstolen \u00f6ppnar \u00e5 andra sidan en d\u00f6rr f\u00f6r regionregeringen att ratificera kravet p\u00e5 covidpass att det bara skulle g\u00e4lla f\u00f6r bes\u00f6kare till serveringsst\u00e4llen. <\/p>\n<p>Som Svenska Magasinet tidigare har ber\u00e4ttat vill kr\u00f6gare, serveringsst\u00e4llen och nattklubbar hellre se vaccinpass eller covidpass som krav i st\u00e4llet f\u00f6r ut\u00f6kade restriktioner med minskad kapacitet eller \u00f6ppettider.<\/p>\n<p>Regionregeringen hoppades att regiondomstolen skulle ge gr\u00f6nt ljus till beslutet om obligatoriskt vaccinpass, ett h\u00f6gst 72 timmar gammalt PCR-test eller ett h\u00f6gst 48 timmar gammalt antigentest, f\u00f6r att f\u00e5 bes\u00f6ka serveringsst\u00e4llen.<\/p>\n<p>Nu tycks det inte bli n\u00e5got av detta. Det skulle kunna betyda att regionregeringen i st\u00e4llet beslutar att inf\u00f6ra restriktioner med minskad kapacitet eller \u00f6ppettider.<\/p>\n<p>\u00c5klagarmyndigheten i Andalusien st\u00f6der \u00e5 sin sida kravet p\u00e5 covidpass som f\u00f6reslagits av Junta de Andaluc\u00eda. Det st\u00e5r i \u201dproportion till den utsatta situation vi fortsatt befinner oss i p\u00e5 grund av covid-19-pandemin\u201d.<\/p>\n<p>I ett brev som kommer att skickas till h\u00f6gsta regiondomstolen i Andalusien (TSJA) och som nyhetsbyr\u00e5n Europa Press har f\u00e5tt tillg\u00e5ng till anser \u00e5klagarmyndigheten att den regionala h\u00e4lsov\u00e5rden i Andalusien b\u00f6r ratificera kravet p\u00e5 covidpass att bara g\u00e4lla f\u00f6r bes\u00f6kare till serveringsst\u00e4llen. <\/p>\n<p>P\u00e5 onsdagskv\u00e4llen s\u00e4ger Andalusiens h\u00e4lsor\u00e5d Jesus Aguirre att regionregeringen \u00e4n en g\u00e5ng kommer att be regiondomstolen om klartecken att inf\u00f6ra covidpass. <\/p>\n<p>Svenska Magasinet forts\u00e4tter att bevaka fr\u00e5gan.<\/p>\n","protected":false},"excerpt":{"rendered":"<p>Andalusiens h\u00f6gsta regiondomstol TSJA (Tribunal Superior de Justicia de Andaluc\u00eda) i Granada ger r\u00f6tt kort till regionregeringens beg\u00e4ran om att inf\u00f6ra covidpass som krav f\u00f6r att bes\u00f6ka serveringsst\u00e4llen. M\u00e5let var att det skulle g\u00e4lla \u00f6ver jul, ny\u00e5rs \u2013 och trettonhelgen fram till 15 januari. Regiondomstolen menar \u00e5 ena sidan att \u00e5tg\u00e4rden med covidpass uppfyller kraven [&hellip;]<\/p>\n","protected":false},"author":7,"featured_media":1026,"comment_status":"open","ping_status":"open","sticky":false,"template":"","format":"standard","meta":{"_et_pb_use_builder":"","_et_pb_old_content":"","_et_gb_content_width":"","footnotes":""},"categories":[395,3],"tags":[],"class_list":["post-1025","post","type-post","status-publish","format-standard","has-post-thumbnail","hentry","category-arkiv-nyheter","category-nyheter"],"yoast_head":"<!-- This site is optimized with the Yoast SEO Premium plugin v26.2 (Yoast SEO v27.5) - https:\/\/yoast.com\/product\/yoast-seo-premium-wordpress\/ -->\n<title>Domstolsbeslut: Nej till krav p\u00e5 covidpass till serveringsst\u00e4llen i Andalusien - Svenska Magasinet<\/title>\n<meta name=\"robots\" content=\"noindex, follow, max-snippet:-1, max-image-preview:large, max-video-preview:-1\" \/>\n<meta property=\"og:locale\" content=\"sv_SE\" \/>\n<meta property=\"og:type\" content=\"article\" \/>\n<meta property=\"og:title\" content=\"Domstolsbeslut: Nej till krav p\u00e5 covidpass till serveringsst\u00e4llen i Andalusien\" \/>\n<meta property=\"og:description\" content=\"Andalusiens h\u00f6gsta regiondomstol TSJA (Tribunal Superior de Justicia de Andaluc\u00eda) i Granada ger r\u00f6tt kort till regionregeringens beg\u00e4ran om att inf\u00f6ra covidpass som krav f\u00f6r att bes\u00f6ka serveringsst\u00e4llen. M\u00e5let var att det skulle g\u00e4lla \u00f6ver jul, ny\u00e5rs \u2013 och trettonhelgen fram till 15 januari. Regiondomstolen menar \u00e5 ena sidan att \u00e5tg\u00e4rden med covidpass uppfyller kraven [&hellip;]\" \/>\n<meta property=\"og:url\" content=\"https:\/\/lightweb.dev\/l\/svm-temp\/nyheter\/domstolsbeslut-nej-till-krav-pa-covidpass-till-serveringsstallen-i-andalusien\/\" \/>\n<meta property=\"og:site_name\" content=\"Svenska Magasinet\" \/>\n<meta property=\"article:publisher\" content=\"https:\/\/www.facebook.com\/svenskamagasinet\" \/>\n<meta property=\"article:published_time\" content=\"2021-12-15T15:07:00+00:00\" \/>\n<meta property=\"og:image\" content=\"https:\/\/lightweb.dev\/l\/svm-temp\/wp-content\/uploads\/2022\/04\/domstolsbeslut-nej-till-krav-p-covidpass-till-serveringsstllen-i-andalusien.png\" \/>\n\t<meta property=\"og:image:width\" content=\"500\" \/>\n\t<meta property=\"og:image:height\" content=\"300\" \/>\n\t<meta property=\"og:image:type\" content=\"image\/png\" \/>\n<meta name=\"author\" content=\"Ola Josefsson\" \/>\n<meta name=\"twitter:card\" content=\"summary_large_image\" \/>\n<meta name=\"twitter:creator\" content=\"@SvenskaMagasine\" \/>\n<meta name=\"twitter:site\" content=\"@SvenskaMagasine\" \/>\n<script type=\"application\/ld+json\" class=\"yoast-schema-graph\">{\"@context\":\"https:\\\/\\\/schema.org\",\"@graph\":[{\"@type\":\"Article\",\"@id\":\"https:\\\/\\\/lightweb.dev\\\/l\\\/svm-temp\\\/nyheter\\\/domstolsbeslut-nej-till-krav-pa-covidpass-till-serveringsstallen-i-andalusien\\\/#article\",\"isPartOf\":{\"@id\":\"https:\\\/\\\/lightweb.dev\\\/l\\\/svm-temp\\\/nyheter\\\/domstolsbeslut-nej-till-krav-pa-covidpass-till-serveringsstallen-i-andalusien\\\/\"},\"author\":{\"name\":\"Ola Josefsson\",\"@id\":\"https:\\\/\\\/lightweb.dev\\\/l\\\/svm-temp\\\/#\\\/schema\\\/person\\\/7a82b8a73d171d32360a564b6d03508e\"},\"headline\":\"Domstolsbeslut: Nej till krav p\u00e5 covidpass till serveringsst\u00e4llen i Andalusien\",\"datePublished\":\"2021-12-15T15:07:00+00:00\",\"mainEntityOfPage\":{\"@id\":\"https:\\\/\\\/lightweb.dev\\\/l\\\/svm-temp\\\/nyheter\\\/domstolsbeslut-nej-till-krav-pa-covidpass-till-serveringsstallen-i-andalusien\\\/\"},\"wordCount\":385,\"commentCount\":0,\"publisher\":{\"@id\":\"https:\\\/\\\/lightweb.dev\\\/l\\\/svm-temp\\\/#organization\"},\"image\":{\"@id\":\"https:\\\/\\\/lightweb.dev\\\/l\\\/svm-temp\\\/nyheter\\\/domstolsbeslut-nej-till-krav-pa-covidpass-till-serveringsstallen-i-andalusien\\\/#primaryimage\"},\"thumbnailUrl\":\"https:\\\/\\\/lightweb.dev\\\/l\\\/svm-temp\\\/wp-content\\\/uploads\\\/2022\\\/04\\\/domstolsbeslut-nej-till-krav-p-covidpass-till-serveringsstllen-i-andalusien.png\",\"articleSection\":[\"Arkiv\",\"Nyheter\"],\"inLanguage\":\"sv-SE\"},{\"@type\":\"WebPage\",\"@id\":\"https:\\\/\\\/lightweb.dev\\\/l\\\/svm-temp\\\/nyheter\\\/domstolsbeslut-nej-till-krav-pa-covidpass-till-serveringsstallen-i-andalusien\\\/\",\"url\":\"https:\\\/\\\/lightweb.dev\\\/l\\\/svm-temp\\\/nyheter\\\/domstolsbeslut-nej-till-krav-pa-covidpass-till-serveringsstallen-i-andalusien\\\/\",\"name\":\"Domstolsbeslut: Nej till krav p\u00e5 covidpass till serveringsst\u00e4llen i Andalusien - Svenska Magasinet\",\"isPartOf\":{\"@id\":\"https:\\\/\\\/lightweb.dev\\\/l\\\/svm-temp\\\/#website\"},\"primaryImageOfPage\":{\"@id\":\"https:\\\/\\\/lightweb.dev\\\/l\\\/svm-temp\\\/nyheter\\\/domstolsbeslut-nej-till-krav-pa-covidpass-till-serveringsstallen-i-andalusien\\\/#primaryimage\"},\"image\":{\"@id\":\"https:\\\/\\\/lightweb.dev\\\/l\\\/svm-temp\\\/nyheter\\\/domstolsbeslut-nej-till-krav-pa-covidpass-till-serveringsstallen-i-andalusien\\\/#primaryimage\"},\"thumbnailUrl\":\"https:\\\/\\\/lightweb.dev\\\/l\\\/svm-temp\\\/wp-content\\\/uploads\\\/2022\\\/04\\\/domstolsbeslut-nej-till-krav-p-covidpass-till-serveringsstllen-i-andalusien.png\",\"datePublished\":\"2021-12-15T15:07:00+00:00\",\"breadcrumb\":{\"@id\":\"https:\\\/\\\/lightweb.dev\\\/l\\\/svm-temp\\\/nyheter\\\/domstolsbeslut-nej-till-krav-pa-covidpass-till-serveringsstallen-i-andalusien\\\/#breadcrumb\"},\"inLanguage\":\"sv-SE\",\"potentialAction\":[{\"@type\":\"ReadAction\",\"target\":[\"https:\\\/\\\/lightweb.dev\\\/l\\\/svm-temp\\\/nyheter\\\/domstolsbeslut-nej-till-krav-pa-covidpass-till-serveringsstallen-i-andalusien\\\/\"]}]},{\"@type\":\"ImageObject\",\"inLanguage\":\"sv-SE\",\"@id\":\"https:\\\/\\\/lightweb.dev\\\/l\\\/svm-temp\\\/nyheter\\\/domstolsbeslut-nej-till-krav-pa-covidpass-till-serveringsstallen-i-andalusien\\\/#primaryimage\",\"url\":\"https:\\\/\\\/lightweb.dev\\\/l\\\/svm-temp\\\/wp-content\\\/uploads\\\/2022\\\/04\\\/domstolsbeslut-nej-till-krav-p-covidpass-till-serveringsstllen-i-andalusien.png\",\"contentUrl\":\"https:\\\/\\\/lightweb.dev\\\/l\\\/svm-temp\\\/wp-content\\\/uploads\\\/2022\\\/04\\\/domstolsbeslut-nej-till-krav-p-covidpass-till-serveringsstllen-i-andalusien.png\",\"width\":500,\"height\":300},{\"@type\":\"BreadcrumbList\",\"@id\":\"https:\\\/\\\/lightweb.dev\\\/l\\\/svm-temp\\\/nyheter\\\/domstolsbeslut-nej-till-krav-pa-covidpass-till-serveringsstallen-i-andalusien\\\/#breadcrumb\",\"itemListElement\":[{\"@type\":\"ListItem\",\"position\":1,\"name\":\"Hem\",\"item\":\"https:\\\/\\\/lightweb.dev\\\/l\\\/svm-temp\\\/\"},{\"@type\":\"ListItem\",\"position\":2,\"name\":\"Domstolsbeslut: Nej till krav p\u00e5 covidpass till serveringsst\u00e4llen i Andalusien\"}]},{\"@type\":\"WebSite\",\"@id\":\"https:\\\/\\\/lightweb.dev\\\/l\\\/svm-temp\\\/#website\",\"url\":\"https:\\\/\\\/lightweb.dev\\\/l\\\/svm-temp\\\/\",\"name\":\"Svenska Magasinet\",\"description\":\"Dina Spanska nyheter p&aring; Svenska\",\"publisher\":{\"@id\":\"https:\\\/\\\/lightweb.dev\\\/l\\\/svm-temp\\\/#organization\"},\"potentialAction\":[{\"@type\":\"SearchAction\",\"target\":{\"@type\":\"EntryPoint\",\"urlTemplate\":\"https:\\\/\\\/lightweb.dev\\\/l\\\/svm-temp\\\/?s={search_term_string}\"},\"query-input\":{\"@type\":\"PropertyValueSpecification\",\"valueRequired\":true,\"valueName\":\"search_term_string\"}}],\"inLanguage\":\"sv-SE\"},{\"@type\":\"Organization\",\"@id\":\"https:\\\/\\\/lightweb.dev\\\/l\\\/svm-temp\\\/#organization\",\"name\":\"Melkerson y Nott SL\",\"alternateName\":\"Svenska Magasinet\",\"url\":\"https:\\\/\\\/lightweb.dev\\\/l\\\/svm-temp\\\/\",\"logo\":{\"@type\":\"ImageObject\",\"inLanguage\":\"sv-SE\",\"@id\":\"https:\\\/\\\/lightweb.dev\\\/l\\\/svm-temp\\\/#\\\/schema\\\/logo\\\/image\\\/\",\"url\":\"https:\\\/\\\/lightweb.dev\\\/l\\\/svm-temp\\\/wp-content\\\/uploads\\\/2025\\\/02\\\/SvM-logo-Xtra-Centrerad-SVART.png\",\"contentUrl\":\"https:\\\/\\\/lightweb.dev\\\/l\\\/svm-temp\\\/wp-content\\\/uploads\\\/2025\\\/02\\\/SvM-logo-Xtra-Centrerad-SVART.png\",\"width\":300,\"height\":99,\"caption\":\"Melkerson y Nott SL\"},\"image\":{\"@id\":\"https:\\\/\\\/lightweb.dev\\\/l\\\/svm-temp\\\/#\\\/schema\\\/logo\\\/image\\\/\"},\"sameAs\":[\"https:\\\/\\\/www.facebook.com\\\/svenskamagasinet\",\"https:\\\/\\\/x.com\\\/SvenskaMagasine\"]},{\"@type\":\"Person\",\"@id\":\"https:\\\/\\\/lightweb.dev\\\/l\\\/svm-temp\\\/#\\\/schema\\\/person\\\/7a82b8a73d171d32360a564b6d03508e\",\"name\":\"Ola Josefsson\",\"description\":\"Bevakar Solkusten och Spanien sedan 1994.\",\"sameAs\":[\"https:\\\/\\\/lightweb.dev\\\/l\\\/svm-temp\"],\"url\":\"https:\\\/\\\/lightweb.dev\\\/l\\\/svm-temp\\\/reporter\\\/ola-josefsson\\\/\"}]}<\/script>\n<!-- \/ Yoast SEO Premium plugin. -->","yoast_head_json":{"title":"Domstolsbeslut: Nej till krav p\u00e5 covidpass till serveringsst\u00e4llen i Andalusien - Svenska Magasinet","robots":{"index":"noindex","follow":"follow","max-snippet":"max-snippet:-1","max-image-preview":"max-image-preview:large","max-video-preview":"max-video-preview:-1"},"og_locale":"sv_SE","og_type":"article","og_title":"Domstolsbeslut: Nej till krav p\u00e5 covidpass till serveringsst\u00e4llen i Andalusien","og_description":"Andalusiens h\u00f6gsta regiondomstol TSJA (Tribunal Superior de Justicia de Andaluc\u00eda) i Granada ger r\u00f6tt kort till regionregeringens beg\u00e4ran om att inf\u00f6ra covidpass som krav f\u00f6r att bes\u00f6ka serveringsst\u00e4llen. M\u00e5let var att det skulle g\u00e4lla \u00f6ver jul, ny\u00e5rs \u2013 och trettonhelgen fram till 15 januari. Regiondomstolen menar \u00e5 ena sidan att \u00e5tg\u00e4rden med covidpass uppfyller kraven [&hellip;]","og_url":"https:\/\/lightweb.dev\/l\/svm-temp\/nyheter\/domstolsbeslut-nej-till-krav-pa-covidpass-till-serveringsstallen-i-andalusien\/","og_site_name":"Svenska Magasinet","article_publisher":"https:\/\/www.facebook.com\/svenskamagasinet","article_published_time":"2021-12-15T15:07:00+00:00","og_image":[{"width":500,"height":300,"url":"https:\/\/lightweb.dev\/l\/svm-temp\/wp-content\/uploads\/2022\/04\/domstolsbeslut-nej-till-krav-p-covidpass-till-serveringsstllen-i-andalusien.png","type":"image\/png"}],"author":"Ola Josefsson","twitter_card":"summary_large_image","twitter_creator":"@SvenskaMagasine","twitter_site":"@SvenskaMagasine","schema":{"@context":"https:\/\/schema.org","@graph":[{"@type":"Article","@id":"https:\/\/lightweb.dev\/l\/svm-temp\/nyheter\/domstolsbeslut-nej-till-krav-pa-covidpass-till-serveringsstallen-i-andalusien\/#article","isPartOf":{"@id":"https:\/\/lightweb.dev\/l\/svm-temp\/nyheter\/domstolsbeslut-nej-till-krav-pa-covidpass-till-serveringsstallen-i-andalusien\/"},"author":{"name":"Ola Josefsson","@id":"https:\/\/lightweb.dev\/l\/svm-temp\/#\/schema\/person\/7a82b8a73d171d32360a564b6d03508e"},"headline":"Domstolsbeslut: Nej till krav p\u00e5 covidpass till serveringsst\u00e4llen i Andalusien","datePublished":"2021-12-15T15:07:00+00:00","mainEntityOfPage":{"@id":"https:\/\/lightweb.dev\/l\/svm-temp\/nyheter\/domstolsbeslut-nej-till-krav-pa-covidpass-till-serveringsstallen-i-andalusien\/"},"wordCount":385,"commentCount":0,"publisher":{"@id":"https:\/\/lightweb.dev\/l\/svm-temp\/#organization"},"image":{"@id":"https:\/\/lightweb.dev\/l\/svm-temp\/nyheter\/domstolsbeslut-nej-till-krav-pa-covidpass-till-serveringsstallen-i-andalusien\/#primaryimage"},"thumbnailUrl":"https:\/\/lightweb.dev\/l\/svm-temp\/wp-content\/uploads\/2022\/04\/domstolsbeslut-nej-till-krav-p-covidpass-till-serveringsstllen-i-andalusien.png","articleSection":["Arkiv","Nyheter"],"inLanguage":"sv-SE"},{"@type":"WebPage","@id":"https:\/\/lightweb.dev\/l\/svm-temp\/nyheter\/domstolsbeslut-nej-till-krav-pa-covidpass-till-serveringsstallen-i-andalusien\/","url":"https:\/\/lightweb.dev\/l\/svm-temp\/nyheter\/domstolsbeslut-nej-till-krav-pa-covidpass-till-serveringsstallen-i-andalusien\/","name":"Domstolsbeslut: Nej till krav p\u00e5 covidpass till serveringsst\u00e4llen i Andalusien - Svenska Magasinet","isPartOf":{"@id":"https:\/\/lightweb.dev\/l\/svm-temp\/#website"},"primaryImageOfPage":{"@id":"https:\/\/lightweb.dev\/l\/svm-temp\/nyheter\/domstolsbeslut-nej-till-krav-pa-covidpass-till-serveringsstallen-i-andalusien\/#primaryimage"},"image":{"@id":"https:\/\/lightweb.dev\/l\/svm-temp\/nyheter\/domstolsbeslut-nej-till-krav-pa-covidpass-till-serveringsstallen-i-andalusien\/#primaryimage"},"thumbnailUrl":"https:\/\/lightweb.dev\/l\/svm-temp\/wp-content\/uploads\/2022\/04\/domstolsbeslut-nej-till-krav-p-covidpass-till-serveringsstllen-i-andalusien.png","datePublished":"2021-12-15T15:07:00+00:00","breadcrumb":{"@id":"https:\/\/lightweb.dev\/l\/svm-temp\/nyheter\/domstolsbeslut-nej-till-krav-pa-covidpass-till-serveringsstallen-i-andalusien\/#breadcrumb"},"inLanguage":"sv-SE","potentialAction":[{"@type":"ReadAction","target":["https:\/\/lightweb.dev\/l\/svm-temp\/nyheter\/domstolsbeslut-nej-till-krav-pa-covidpass-till-serveringsstallen-i-andalusien\/"]}]},{"@type":"ImageObject","inLanguage":"sv-SE","@id":"https:\/\/lightweb.dev\/l\/svm-temp\/nyheter\/domstolsbeslut-nej-till-krav-pa-covidpass-till-serveringsstallen-i-andalusien\/#primaryimage","url":"https:\/\/lightweb.dev\/l\/svm-temp\/wp-content\/uploads\/2022\/04\/domstolsbeslut-nej-till-krav-p-covidpass-till-serveringsstllen-i-andalusien.png","contentUrl":"https:\/\/lightweb.dev\/l\/svm-temp\/wp-content\/uploads\/2022\/04\/domstolsbeslut-nej-till-krav-p-covidpass-till-serveringsstllen-i-andalusien.png","width":500,"height":300},{"@type":"BreadcrumbList","@id":"https:\/\/lightweb.dev\/l\/svm-temp\/nyheter\/domstolsbeslut-nej-till-krav-pa-covidpass-till-serveringsstallen-i-andalusien\/#breadcrumb","itemListElement":[{"@type":"ListItem","position":1,"name":"Hem","item":"https:\/\/lightweb.dev\/l\/svm-temp\/"},{"@type":"ListItem","position":2,"name":"Domstolsbeslut: Nej till krav p\u00e5 covidpass till serveringsst\u00e4llen i Andalusien"}]},{"@type":"WebSite","@id":"https:\/\/lightweb.dev\/l\/svm-temp\/#website","url":"https:\/\/lightweb.dev\/l\/svm-temp\/","name":"Svenska Magasinet","description":"Dina Spanska nyheter p&aring; Svenska","publisher":{"@id":"https:\/\/lightweb.dev\/l\/svm-temp\/#organization"},"potentialAction":[{"@type":"SearchAction","target":{"@type":"EntryPoint","urlTemplate":"https:\/\/lightweb.dev\/l\/svm-temp\/?s={search_term_string}"},"query-input":{"@type":"PropertyValueSpecification","valueRequired":true,"valueName":"search_term_string"}}],"inLanguage":"sv-SE"},{"@type":"Organization","@id":"https:\/\/lightweb.dev\/l\/svm-temp\/#organization","name":"Melkerson y Nott SL","alternateName":"Svenska Magasinet","url":"https:\/\/lightweb.dev\/l\/svm-temp\/","logo":{"@type":"ImageObject","inLanguage":"sv-SE","@id":"https:\/\/lightweb.dev\/l\/svm-temp\/#\/schema\/logo\/image\/","url":"https:\/\/lightweb.dev\/l\/svm-temp\/wp-content\/uploads\/2025\/02\/SvM-logo-Xtra-Centrerad-SVART.png","contentUrl":"https:\/\/lightweb.dev\/l\/svm-temp\/wp-content\/uploads\/2025\/02\/SvM-logo-Xtra-Centrerad-SVART.png","width":300,"height":99,"caption":"Melkerson y Nott SL"},"image":{"@id":"https:\/\/lightweb.dev\/l\/svm-temp\/#\/schema\/logo\/image\/"},"sameAs":["https:\/\/www.facebook.com\/svenskamagasinet","https:\/\/x.com\/SvenskaMagasine"]},{"@type":"Person","@id":"https:\/\/lightweb.dev\/l\/svm-temp\/#\/schema\/person\/7a82b8a73d171d32360a564b6d03508e","name":"Ola Josefsson","description":"Bevakar Solkusten och Spanien sedan 1994.","sameAs":["https:\/\/lightweb.dev\/l\/svm-temp"],"url":"https:\/\/lightweb.dev\/l\/svm-temp\/reporter\/ola-josefsson\/"}]}},"_links":{"self":[{"href":"https:\/\/lightweb.dev\/l\/svm-temp\/wp-json\/wp\/v2\/posts\/1025","targetHints":{"allow":["GET"]}}],"collection":[{"href":"https:\/\/lightweb.dev\/l\/svm-temp\/wp-json\/wp\/v2\/posts"}],"about":[{"href":"https:\/\/lightweb.dev\/l\/svm-temp\/wp-json\/wp\/v2\/types\/post"}],"author":[{"embeddable":true,"href":"https:\/\/lightweb.dev\/l\/svm-temp\/wp-json\/wp\/v2\/users\/7"}],"replies":[{"embeddable":true,"href":"https:\/\/lightweb.dev\/l\/svm-temp\/wp-json\/wp\/v2\/comments?post=1025"}],"version-history":[{"count":0,"href":"https:\/\/lightweb.dev\/l\/svm-temp\/wp-json\/wp\/v2\/posts\/1025\/revisions"}],"wp:featuredmedia":[{"embeddable":true,"href":"https:\/\/lightweb.dev\/l\/svm-temp\/wp-json\/wp\/v2\/media\/1026"}],"wp:attachment":[{"href":"https:\/\/lightweb.dev\/l\/svm-temp\/wp-json\/wp\/v2\/media?parent=1025"}],"wp:term":[{"taxonomy":"category","embeddable":true,"href":"https:\/\/lightweb.dev\/l\/svm-temp\/wp-json\/wp\/v2\/categories?post=1025"},{"taxonomy":"post_tag","embeddable":true,"href":"https:\/\/lightweb.dev\/l\/svm-temp\/wp-json\/wp\/v2\/tags?post=1025"}],"curies":[{"name":"wp","href":"https:\/\/api.w.org\/{rel}","templated":true}]}}