{"id":1031,"date":"2021-12-14T11:09:00","date_gmt":"2021-12-14T10:09:00","guid":{"rendered":"https:\/\/lightweb.dev\/l\/svm-temp\/sa-far-du-rabatt-pa-trafikboten\/"},"modified":"2021-12-14T11:09:00","modified_gmt":"2021-12-14T10:09:00","slug":"sa-far-du-rabatt-pa-trafikboten","status":"publish","type":"post","link":"https:\/\/lightweb.dev\/l\/svm-temp\/nyheter\/sa-far-du-rabatt-pa-trafikboten\/","title":{"rendered":"S\u00e5 f\u00e5r du rabatt p\u00e5 trafikboten"},"content":{"rendered":"<p> Betalar du trafikboten inom 20 dagar f\u00e5r du rabatt, m\u00e5nga g\u00e5nger upp till 50 procents rabatt. Men efter 45 dagar tar staten ut en extra avgift.<br \/>\n Trafikb\u00f6terna som administreras av DGT (Direcci\u00f3n General de Tr\u00e1fico) kan ligga p\u00e5 mellan 100 till 500 euro f\u00f6r mindre f\u00f6rseelser. Det finns \u00e4ven b\u00f6ter p\u00e5 600, 1.000, 6.000 och upp till 20.000 euro f\u00f6r allvarligare f\u00f6rseelser.<\/p>\n<p>N\u00e5gra av de vanligaste: Att k\u00f6ra bil och samtidigt h\u00e5lla i mobiltelefonen ger 500 euro i b\u00f6ter och sex po\u00e4ngs avdrag p\u00e5 \u201dpuntos\u201d-systemet. Eller att g\u00f6ra en omk\u00f6rning vid f\u00f6rbud ger 600 euro i b\u00f6ter, och sex po\u00e4ng rycker av dina \u201dpuntos\u201d (bilden).<\/p>\n<p>Vissa b\u00f6ter kan vara utf\u00e4rdade av kommunen eller regionen. S\u00e5 det g\u00e4ller att vara uppm\u00e4rksam vem som har skrivit ut boten om du t\u00e4nker \u00f6verklaga.<\/p>\n<p>Om det r\u00f6r sig om en trafikbot fr\u00e5n DGT har du m\u00f6jlighet att f\u00e5 upp till 50 procents rabatt om du betalar inom 20 dagar. Men anser du att boten \u00e4r felaktig och \u00f6verklagar men i slut\u00e4ndan f\u00f6rlorar s\u00e5 m\u00e5ste du betala hela summan.<\/p>\n<p>En trafikbot fr\u00e5n DGT m\u00e5ste \u00e4ven betalas i sin helhet. Det g\u00e5r allts\u00e5 inte att g\u00f6ra delbetalningar.<\/p>\n<p>N\u00e4r 20 dagar har passerat inleds perioden med ordinarie pris som varar upp till 45 dagar efter att du mottagit trafikboten.<\/p>\n<p>N\u00e4r de 45 dagarna har l\u00f6pt ut blir det skatteverket, Agencia Estatal de la Administraci\u00f3n Tributaria, uppgift att driva in summan med ett till\u00e4gg p\u00e5 20 procent.<\/p>\n<p>Det finns flera s\u00e4tt att betala med 50 procents rabatt. Elektronisk betalning via n\u00e4tet \u00e4r kostnadsfri. Om du betalar p\u00e5 postkontor tillkommer en extra avgift p\u00e5 2,25 euro plus 1,50 procent av b\u00f6tesbeloppet.<\/p>\n<p>Du kan \u00e4ven betala:<br \/>\nVia telefon 060<br \/>\nAppen miDGT och g\u00e5 till: Mis multas \u2013 Pendientes.<\/p>\n<p>Blir du stoppad p\u00e5 v\u00e4gen av Guardia Civil kan du betala p\u00e5 plats med bankkort.<\/p>\n","protected":false},"excerpt":{"rendered":"<p>Betalar du trafikboten inom 20 dagar f\u00e5r du rabatt, m\u00e5nga g\u00e5nger upp till 50 procents rabatt. Men efter 45 dagar tar staten ut en extra avgift. Trafikb\u00f6terna som administreras av DGT (Direcci\u00f3n General de Tr\u00e1fico) kan ligga p\u00e5 mellan 100 till 500 euro f\u00f6r mindre f\u00f6rseelser. Det finns \u00e4ven b\u00f6ter p\u00e5 600, 1.000, 6.000 och [&hellip;]<\/p>\n","protected":false},"author":7,"featured_media":1032,"comment_status":"open","ping_status":"open","sticky":false,"template":"","format":"standard","meta":{"_et_pb_use_builder":"","_et_pb_old_content":"","_et_gb_content_width":"","footnotes":""},"categories":[395,3],"tags":[],"class_list":["post-1031","post","type-post","status-publish","format-standard","has-post-thumbnail","hentry","category-arkiv-nyheter","category-nyheter"],"yoast_head":"<!-- This site is optimized with the Yoast SEO Premium plugin v26.2 (Yoast SEO v27.5) - https:\/\/yoast.com\/product\/yoast-seo-premium-wordpress\/ -->\n<title>S\u00e5 f\u00e5r du rabatt p\u00e5 trafikboten - Svenska Magasinet<\/title>\n<meta name=\"robots\" content=\"noindex, follow, max-snippet:-1, max-image-preview:large, max-video-preview:-1\" \/>\n<meta property=\"og:locale\" content=\"sv_SE\" \/>\n<meta property=\"og:type\" content=\"article\" \/>\n<meta property=\"og:title\" content=\"S\u00e5 f\u00e5r du rabatt p\u00e5 trafikboten\" \/>\n<meta property=\"og:description\" content=\"Betalar du trafikboten inom 20 dagar f\u00e5r du rabatt, m\u00e5nga g\u00e5nger upp till 50 procents rabatt. Men efter 45 dagar tar staten ut en extra avgift. Trafikb\u00f6terna som administreras av DGT (Direcci\u00f3n General de Tr\u00e1fico) kan ligga p\u00e5 mellan 100 till 500 euro f\u00f6r mindre f\u00f6rseelser. Det finns \u00e4ven b\u00f6ter p\u00e5 600, 1.000, 6.000 och [&hellip;]\" \/>\n<meta property=\"og:url\" content=\"https:\/\/lightweb.dev\/l\/svm-temp\/nyheter\/sa-far-du-rabatt-pa-trafikboten\/\" \/>\n<meta property=\"og:site_name\" content=\"Svenska Magasinet\" \/>\n<meta property=\"article:publisher\" content=\"https:\/\/www.facebook.com\/svenskamagasinet\" \/>\n<meta property=\"article:published_time\" content=\"2021-12-14T10:09:00+00:00\" \/>\n<meta property=\"og:image\" content=\"https:\/\/lightweb.dev\/l\/svm-temp\/wp-content\/uploads\/2022\/04\/s-fr-du-rabatt-p-trafikboten.png\" \/>\n\t<meta property=\"og:image:width\" content=\"500\" \/>\n\t<meta property=\"og:image:height\" content=\"300\" \/>\n\t<meta property=\"og:image:type\" content=\"image\/png\" \/>\n<meta name=\"author\" content=\"Ola Josefsson\" \/>\n<meta name=\"twitter:card\" content=\"summary_large_image\" \/>\n<meta name=\"twitter:creator\" content=\"@SvenskaMagasine\" \/>\n<meta name=\"twitter:site\" content=\"@SvenskaMagasine\" \/>\n<script type=\"application\/ld+json\" class=\"yoast-schema-graph\">{\"@context\":\"https:\\\/\\\/schema.org\",\"@graph\":[{\"@type\":\"Article\",\"@id\":\"https:\\\/\\\/lightweb.dev\\\/l\\\/svm-temp\\\/nyheter\\\/sa-far-du-rabatt-pa-trafikboten\\\/#article\",\"isPartOf\":{\"@id\":\"https:\\\/\\\/lightweb.dev\\\/l\\\/svm-temp\\\/nyheter\\\/sa-far-du-rabatt-pa-trafikboten\\\/\"},\"author\":{\"name\":\"Ola Josefsson\",\"@id\":\"https:\\\/\\\/lightweb.dev\\\/l\\\/svm-temp\\\/#\\\/schema\\\/person\\\/7a82b8a73d171d32360a564b6d03508e\"},\"headline\":\"S\u00e5 f\u00e5r du rabatt p\u00e5 trafikboten\",\"datePublished\":\"2021-12-14T10:09:00+00:00\",\"mainEntityOfPage\":{\"@id\":\"https:\\\/\\\/lightweb.dev\\\/l\\\/svm-temp\\\/nyheter\\\/sa-far-du-rabatt-pa-trafikboten\\\/\"},\"wordCount\":334,\"commentCount\":0,\"publisher\":{\"@id\":\"https:\\\/\\\/lightweb.dev\\\/l\\\/svm-temp\\\/#organization\"},\"image\":{\"@id\":\"https:\\\/\\\/lightweb.dev\\\/l\\\/svm-temp\\\/nyheter\\\/sa-far-du-rabatt-pa-trafikboten\\\/#primaryimage\"},\"thumbnailUrl\":\"https:\\\/\\\/lightweb.dev\\\/l\\\/svm-temp\\\/wp-content\\\/uploads\\\/2022\\\/04\\\/s-fr-du-rabatt-p-trafikboten.png\",\"articleSection\":[\"Arkiv\",\"Nyheter\"],\"inLanguage\":\"sv-SE\"},{\"@type\":\"WebPage\",\"@id\":\"https:\\\/\\\/lightweb.dev\\\/l\\\/svm-temp\\\/nyheter\\\/sa-far-du-rabatt-pa-trafikboten\\\/\",\"url\":\"https:\\\/\\\/lightweb.dev\\\/l\\\/svm-temp\\\/nyheter\\\/sa-far-du-rabatt-pa-trafikboten\\\/\",\"name\":\"S\u00e5 f\u00e5r du rabatt p\u00e5 trafikboten - Svenska Magasinet\",\"isPartOf\":{\"@id\":\"https:\\\/\\\/lightweb.dev\\\/l\\\/svm-temp\\\/#website\"},\"primaryImageOfPage\":{\"@id\":\"https:\\\/\\\/lightweb.dev\\\/l\\\/svm-temp\\\/nyheter\\\/sa-far-du-rabatt-pa-trafikboten\\\/#primaryimage\"},\"image\":{\"@id\":\"https:\\\/\\\/lightweb.dev\\\/l\\\/svm-temp\\\/nyheter\\\/sa-far-du-rabatt-pa-trafikboten\\\/#primaryimage\"},\"thumbnailUrl\":\"https:\\\/\\\/lightweb.dev\\\/l\\\/svm-temp\\\/wp-content\\\/uploads\\\/2022\\\/04\\\/s-fr-du-rabatt-p-trafikboten.png\",\"datePublished\":\"2021-12-14T10:09:00+00:00\",\"breadcrumb\":{\"@id\":\"https:\\\/\\\/lightweb.dev\\\/l\\\/svm-temp\\\/nyheter\\\/sa-far-du-rabatt-pa-trafikboten\\\/#breadcrumb\"},\"inLanguage\":\"sv-SE\",\"potentialAction\":[{\"@type\":\"ReadAction\",\"target\":[\"https:\\\/\\\/lightweb.dev\\\/l\\\/svm-temp\\\/nyheter\\\/sa-far-du-rabatt-pa-trafikboten\\\/\"]}]},{\"@type\":\"ImageObject\",\"inLanguage\":\"sv-SE\",\"@id\":\"https:\\\/\\\/lightweb.dev\\\/l\\\/svm-temp\\\/nyheter\\\/sa-far-du-rabatt-pa-trafikboten\\\/#primaryimage\",\"url\":\"https:\\\/\\\/lightweb.dev\\\/l\\\/svm-temp\\\/wp-content\\\/uploads\\\/2022\\\/04\\\/s-fr-du-rabatt-p-trafikboten.png\",\"contentUrl\":\"https:\\\/\\\/lightweb.dev\\\/l\\\/svm-temp\\\/wp-content\\\/uploads\\\/2022\\\/04\\\/s-fr-du-rabatt-p-trafikboten.png\",\"width\":500,\"height\":300},{\"@type\":\"BreadcrumbList\",\"@id\":\"https:\\\/\\\/lightweb.dev\\\/l\\\/svm-temp\\\/nyheter\\\/sa-far-du-rabatt-pa-trafikboten\\\/#breadcrumb\",\"itemListElement\":[{\"@type\":\"ListItem\",\"position\":1,\"name\":\"Hem\",\"item\":\"https:\\\/\\\/lightweb.dev\\\/l\\\/svm-temp\\\/\"},{\"@type\":\"ListItem\",\"position\":2,\"name\":\"S\u00e5 f\u00e5r du rabatt p\u00e5 trafikboten\"}]},{\"@type\":\"WebSite\",\"@id\":\"https:\\\/\\\/lightweb.dev\\\/l\\\/svm-temp\\\/#website\",\"url\":\"https:\\\/\\\/lightweb.dev\\\/l\\\/svm-temp\\\/\",\"name\":\"Svenska Magasinet\",\"description\":\"Dina Spanska nyheter p&aring; Svenska\",\"publisher\":{\"@id\":\"https:\\\/\\\/lightweb.dev\\\/l\\\/svm-temp\\\/#organization\"},\"potentialAction\":[{\"@type\":\"SearchAction\",\"target\":{\"@type\":\"EntryPoint\",\"urlTemplate\":\"https:\\\/\\\/lightweb.dev\\\/l\\\/svm-temp\\\/?s={search_term_string}\"},\"query-input\":{\"@type\":\"PropertyValueSpecification\",\"valueRequired\":true,\"valueName\":\"search_term_string\"}}],\"inLanguage\":\"sv-SE\"},{\"@type\":\"Organization\",\"@id\":\"https:\\\/\\\/lightweb.dev\\\/l\\\/svm-temp\\\/#organization\",\"name\":\"Melkerson y Nott SL\",\"alternateName\":\"Svenska Magasinet\",\"url\":\"https:\\\/\\\/lightweb.dev\\\/l\\\/svm-temp\\\/\",\"logo\":{\"@type\":\"ImageObject\",\"inLanguage\":\"sv-SE\",\"@id\":\"https:\\\/\\\/lightweb.dev\\\/l\\\/svm-temp\\\/#\\\/schema\\\/logo\\\/image\\\/\",\"url\":\"https:\\\/\\\/lightweb.dev\\\/l\\\/svm-temp\\\/wp-content\\\/uploads\\\/2025\\\/02\\\/SvM-logo-Xtra-Centrerad-SVART.png\",\"contentUrl\":\"https:\\\/\\\/lightweb.dev\\\/l\\\/svm-temp\\\/wp-content\\\/uploads\\\/2025\\\/02\\\/SvM-logo-Xtra-Centrerad-SVART.png\",\"width\":300,\"height\":99,\"caption\":\"Melkerson y Nott SL\"},\"image\":{\"@id\":\"https:\\\/\\\/lightweb.dev\\\/l\\\/svm-temp\\\/#\\\/schema\\\/logo\\\/image\\\/\"},\"sameAs\":[\"https:\\\/\\\/www.facebook.com\\\/svenskamagasinet\",\"https:\\\/\\\/x.com\\\/SvenskaMagasine\"]},{\"@type\":\"Person\",\"@id\":\"https:\\\/\\\/lightweb.dev\\\/l\\\/svm-temp\\\/#\\\/schema\\\/person\\\/7a82b8a73d171d32360a564b6d03508e\",\"name\":\"Ola Josefsson\",\"description\":\"Bevakar Solkusten och Spanien sedan 1994.\",\"sameAs\":[\"https:\\\/\\\/lightweb.dev\\\/l\\\/svm-temp\"],\"url\":\"https:\\\/\\\/lightweb.dev\\\/l\\\/svm-temp\\\/reporter\\\/ola-josefsson\\\/\"}]}<\/script>\n<!-- \/ Yoast SEO Premium plugin. -->","yoast_head_json":{"title":"S\u00e5 f\u00e5r du rabatt p\u00e5 trafikboten - Svenska Magasinet","robots":{"index":"noindex","follow":"follow","max-snippet":"max-snippet:-1","max-image-preview":"max-image-preview:large","max-video-preview":"max-video-preview:-1"},"og_locale":"sv_SE","og_type":"article","og_title":"S\u00e5 f\u00e5r du rabatt p\u00e5 trafikboten","og_description":"Betalar du trafikboten inom 20 dagar f\u00e5r du rabatt, m\u00e5nga g\u00e5nger upp till 50 procents rabatt. Men efter 45 dagar tar staten ut en extra avgift. Trafikb\u00f6terna som administreras av DGT (Direcci\u00f3n General de Tr\u00e1fico) kan ligga p\u00e5 mellan 100 till 500 euro f\u00f6r mindre f\u00f6rseelser. Det finns \u00e4ven b\u00f6ter p\u00e5 600, 1.000, 6.000 och [&hellip;]","og_url":"https:\/\/lightweb.dev\/l\/svm-temp\/nyheter\/sa-far-du-rabatt-pa-trafikboten\/","og_site_name":"Svenska Magasinet","article_publisher":"https:\/\/www.facebook.com\/svenskamagasinet","article_published_time":"2021-12-14T10:09:00+00:00","og_image":[{"width":500,"height":300,"url":"https:\/\/lightweb.dev\/l\/svm-temp\/wp-content\/uploads\/2022\/04\/s-fr-du-rabatt-p-trafikboten.png","type":"image\/png"}],"author":"Ola Josefsson","twitter_card":"summary_large_image","twitter_creator":"@SvenskaMagasine","twitter_site":"@SvenskaMagasine","schema":{"@context":"https:\/\/schema.org","@graph":[{"@type":"Article","@id":"https:\/\/lightweb.dev\/l\/svm-temp\/nyheter\/sa-far-du-rabatt-pa-trafikboten\/#article","isPartOf":{"@id":"https:\/\/lightweb.dev\/l\/svm-temp\/nyheter\/sa-far-du-rabatt-pa-trafikboten\/"},"author":{"name":"Ola Josefsson","@id":"https:\/\/lightweb.dev\/l\/svm-temp\/#\/schema\/person\/7a82b8a73d171d32360a564b6d03508e"},"headline":"S\u00e5 f\u00e5r du rabatt p\u00e5 trafikboten","datePublished":"2021-12-14T10:09:00+00:00","mainEntityOfPage":{"@id":"https:\/\/lightweb.dev\/l\/svm-temp\/nyheter\/sa-far-du-rabatt-pa-trafikboten\/"},"wordCount":334,"commentCount":0,"publisher":{"@id":"https:\/\/lightweb.dev\/l\/svm-temp\/#organization"},"image":{"@id":"https:\/\/lightweb.dev\/l\/svm-temp\/nyheter\/sa-far-du-rabatt-pa-trafikboten\/#primaryimage"},"thumbnailUrl":"https:\/\/lightweb.dev\/l\/svm-temp\/wp-content\/uploads\/2022\/04\/s-fr-du-rabatt-p-trafikboten.png","articleSection":["Arkiv","Nyheter"],"inLanguage":"sv-SE"},{"@type":"WebPage","@id":"https:\/\/lightweb.dev\/l\/svm-temp\/nyheter\/sa-far-du-rabatt-pa-trafikboten\/","url":"https:\/\/lightweb.dev\/l\/svm-temp\/nyheter\/sa-far-du-rabatt-pa-trafikboten\/","name":"S\u00e5 f\u00e5r du rabatt p\u00e5 trafikboten - Svenska Magasinet","isPartOf":{"@id":"https:\/\/lightweb.dev\/l\/svm-temp\/#website"},"primaryImageOfPage":{"@id":"https:\/\/lightweb.dev\/l\/svm-temp\/nyheter\/sa-far-du-rabatt-pa-trafikboten\/#primaryimage"},"image":{"@id":"https:\/\/lightweb.dev\/l\/svm-temp\/nyheter\/sa-far-du-rabatt-pa-trafikboten\/#primaryimage"},"thumbnailUrl":"https:\/\/lightweb.dev\/l\/svm-temp\/wp-content\/uploads\/2022\/04\/s-fr-du-rabatt-p-trafikboten.png","datePublished":"2021-12-14T10:09:00+00:00","breadcrumb":{"@id":"https:\/\/lightweb.dev\/l\/svm-temp\/nyheter\/sa-far-du-rabatt-pa-trafikboten\/#breadcrumb"},"inLanguage":"sv-SE","potentialAction":[{"@type":"ReadAction","target":["https:\/\/lightweb.dev\/l\/svm-temp\/nyheter\/sa-far-du-rabatt-pa-trafikboten\/"]}]},{"@type":"ImageObject","inLanguage":"sv-SE","@id":"https:\/\/lightweb.dev\/l\/svm-temp\/nyheter\/sa-far-du-rabatt-pa-trafikboten\/#primaryimage","url":"https:\/\/lightweb.dev\/l\/svm-temp\/wp-content\/uploads\/2022\/04\/s-fr-du-rabatt-p-trafikboten.png","contentUrl":"https:\/\/lightweb.dev\/l\/svm-temp\/wp-content\/uploads\/2022\/04\/s-fr-du-rabatt-p-trafikboten.png","width":500,"height":300},{"@type":"BreadcrumbList","@id":"https:\/\/lightweb.dev\/l\/svm-temp\/nyheter\/sa-far-du-rabatt-pa-trafikboten\/#breadcrumb","itemListElement":[{"@type":"ListItem","position":1,"name":"Hem","item":"https:\/\/lightweb.dev\/l\/svm-temp\/"},{"@type":"ListItem","position":2,"name":"S\u00e5 f\u00e5r du rabatt p\u00e5 trafikboten"}]},{"@type":"WebSite","@id":"https:\/\/lightweb.dev\/l\/svm-temp\/#website","url":"https:\/\/lightweb.dev\/l\/svm-temp\/","name":"Svenska Magasinet","description":"Dina Spanska nyheter p&aring; Svenska","publisher":{"@id":"https:\/\/lightweb.dev\/l\/svm-temp\/#organization"},"potentialAction":[{"@type":"SearchAction","target":{"@type":"EntryPoint","urlTemplate":"https:\/\/lightweb.dev\/l\/svm-temp\/?s={search_term_string}"},"query-input":{"@type":"PropertyValueSpecification","valueRequired":true,"valueName":"search_term_string"}}],"inLanguage":"sv-SE"},{"@type":"Organization","@id":"https:\/\/lightweb.dev\/l\/svm-temp\/#organization","name":"Melkerson y Nott SL","alternateName":"Svenska Magasinet","url":"https:\/\/lightweb.dev\/l\/svm-temp\/","logo":{"@type":"ImageObject","inLanguage":"sv-SE","@id":"https:\/\/lightweb.dev\/l\/svm-temp\/#\/schema\/logo\/image\/","url":"https:\/\/lightweb.dev\/l\/svm-temp\/wp-content\/uploads\/2025\/02\/SvM-logo-Xtra-Centrerad-SVART.png","contentUrl":"https:\/\/lightweb.dev\/l\/svm-temp\/wp-content\/uploads\/2025\/02\/SvM-logo-Xtra-Centrerad-SVART.png","width":300,"height":99,"caption":"Melkerson y Nott SL"},"image":{"@id":"https:\/\/lightweb.dev\/l\/svm-temp\/#\/schema\/logo\/image\/"},"sameAs":["https:\/\/www.facebook.com\/svenskamagasinet","https:\/\/x.com\/SvenskaMagasine"]},{"@type":"Person","@id":"https:\/\/lightweb.dev\/l\/svm-temp\/#\/schema\/person\/7a82b8a73d171d32360a564b6d03508e","name":"Ola Josefsson","description":"Bevakar Solkusten och Spanien sedan 1994.","sameAs":["https:\/\/lightweb.dev\/l\/svm-temp"],"url":"https:\/\/lightweb.dev\/l\/svm-temp\/reporter\/ola-josefsson\/"}]}},"_links":{"self":[{"href":"https:\/\/lightweb.dev\/l\/svm-temp\/wp-json\/wp\/v2\/posts\/1031","targetHints":{"allow":["GET"]}}],"collection":[{"href":"https:\/\/lightweb.dev\/l\/svm-temp\/wp-json\/wp\/v2\/posts"}],"about":[{"href":"https:\/\/lightweb.dev\/l\/svm-temp\/wp-json\/wp\/v2\/types\/post"}],"author":[{"embeddable":true,"href":"https:\/\/lightweb.dev\/l\/svm-temp\/wp-json\/wp\/v2\/users\/7"}],"replies":[{"embeddable":true,"href":"https:\/\/lightweb.dev\/l\/svm-temp\/wp-json\/wp\/v2\/comments?post=1031"}],"version-history":[{"count":0,"href":"https:\/\/lightweb.dev\/l\/svm-temp\/wp-json\/wp\/v2\/posts\/1031\/revisions"}],"wp:featuredmedia":[{"embeddable":true,"href":"https:\/\/lightweb.dev\/l\/svm-temp\/wp-json\/wp\/v2\/media\/1032"}],"wp:attachment":[{"href":"https:\/\/lightweb.dev\/l\/svm-temp\/wp-json\/wp\/v2\/media?parent=1031"}],"wp:term":[{"taxonomy":"category","embeddable":true,"href":"https:\/\/lightweb.dev\/l\/svm-temp\/wp-json\/wp\/v2\/categories?post=1031"},{"taxonomy":"post_tag","embeddable":true,"href":"https:\/\/lightweb.dev\/l\/svm-temp\/wp-json\/wp\/v2\/tags?post=1031"}],"curies":[{"name":"wp","href":"https:\/\/api.w.org\/{rel}","templated":true}]}}