{"id":1039,"date":"2021-12-13T11:44:00","date_gmt":"2021-12-13T10:44:00","guid":{"rendered":"https:\/\/lightweb.dev\/l\/svm-temp\/regeringen-ger-gront-ljus-att-malaga-blir-vardstad-for-expo-2027\/"},"modified":"2021-12-13T11:44:00","modified_gmt":"2021-12-13T10:44:00","slug":"regeringen-ger-gront-ljus-att-malaga-blir-vardstad-for-expo-2027","status":"publish","type":"post","link":"https:\/\/lightweb.dev\/l\/svm-temp\/nyheter\/regeringen-ger-gront-ljus-att-malaga-blir-vardstad-for-expo-2027\/","title":{"rendered":"Regeringen ger gr\u00f6nt ljus att M\u00e1laga blir v\u00e4rdstad f\u00f6r Expo 2027"},"content":{"rendered":"<p> Vid veckans ministerm\u00f6te kommer den spanska regeringen att ge gr\u00f6nt ljus till att M\u00e1laga kan kandidera som v\u00e4rdstad f\u00f6r v\u00e4rldsutst\u00e4llningen Expo 2027. Det avsl\u00f6jade ministern F\u00e9lix Bola\u00f1os n\u00e4r han n\u00e4rvarade under helgen vid PSOE:s provinskongress.<\/p>\n<p>P\u00e5 tisdagar samlar den spanska regeringschefen Pedro S\u00e1nchez sina ministrar f\u00f6r det traditionella ministerm\u00f6tet. Den h\u00e4r veckan v\u00e4ntas beslutet att centralregeringen st\u00f6der M\u00e1lagas kandidatur som v\u00e4rd f\u00f6r Expo 2027.<\/p>\n<p>&#8211; Det s\u00e4tter M\u00e1laga och Andalusien ytterligare p\u00e5 kartan och visar v\u00e4rlden vad Spanien \u00e4r kapabelt att g\u00f6ra. Vi ska marknadsf\u00f6ra Spanien som ett land p\u00e5 frammarsch, s\u00e4ger F\u00e9lix Bola\u00f1os.<\/p>\n<p>Kandidaturen ska samordnas med regionregeringen Junta de Andaluc\u00eda, provinsstyrelsen, kommunen och \u00f6vriga sociala grupper i staden.<\/p>\n<p>Att centralregeringen ger gr\u00f6nt ljus till M\u00e1lagas kandidatur \u00e4r det f\u00f6rsta steget. D\u00e4refter ska M\u00e1laga som v\u00e4rdstad presenteras f\u00f6r Bureau International des Expositions, som \u00e4r en mellanstatlig organisation som \u00f6vervakar internationella utst\u00e4llningar, k\u00e4nda som Expo eller V\u00e4rldsutst\u00e4llningar.<\/p>\n<p>F\u00f6rutom M\u00e1laga kandiderar \u00e4ven Minnesota i USA.<\/p>\n<p>Senast Expo arrangerades i Spanien var 2008 d\u00e5 Zaragoza hade V\u00e4rldsutst\u00e4llningen.<\/p>\n<p>M\u00e1lagas tema 2027 blir innovation och h\u00e5llbar utveckling.<\/p>\n<p>Utst\u00e4llningsomr\u00e5det blir p\u00e5 250.000 kvadratmeter och uppf\u00f6rs i Buenavista i stadsdelen Campanillas (gult omr\u00e5de p\u00e5 kartan). Totalt beh\u00f6vs det 800.000 kvadratmeter f\u00f6r att logistiken ska fungera.<\/p>\n","protected":false},"excerpt":{"rendered":"<p>Vid veckans ministerm\u00f6te kommer den spanska regeringen att ge gr\u00f6nt ljus till att M\u00e1laga kan kandidera som v\u00e4rdstad f\u00f6r v\u00e4rldsutst\u00e4llningen Expo 2027. Det avsl\u00f6jade ministern F\u00e9lix Bola\u00f1os n\u00e4r han n\u00e4rvarade under helgen vid PSOE:s provinskongress. P\u00e5 tisdagar samlar den spanska regeringschefen Pedro S\u00e1nchez sina ministrar f\u00f6r det traditionella ministerm\u00f6tet. Den h\u00e4r veckan v\u00e4ntas beslutet att [&hellip;]<\/p>\n","protected":false},"author":7,"featured_media":1040,"comment_status":"open","ping_status":"open","sticky":false,"template":"","format":"standard","meta":{"_et_pb_use_builder":"","_et_pb_old_content":"","_et_gb_content_width":"","footnotes":""},"categories":[395,3],"tags":[],"class_list":["post-1039","post","type-post","status-publish","format-standard","has-post-thumbnail","hentry","category-arkiv-nyheter","category-nyheter"],"yoast_head":"<!-- This site is optimized with the Yoast SEO Premium plugin v26.2 (Yoast SEO v27.5) - https:\/\/yoast.com\/product\/yoast-seo-premium-wordpress\/ -->\n<title>Regeringen ger gr\u00f6nt ljus att M\u00e1laga blir v\u00e4rdstad f\u00f6r Expo 2027 - Svenska Magasinet<\/title>\n<meta name=\"robots\" content=\"noindex, follow, max-snippet:-1, max-image-preview:large, max-video-preview:-1\" \/>\n<meta property=\"og:locale\" content=\"sv_SE\" \/>\n<meta property=\"og:type\" content=\"article\" \/>\n<meta property=\"og:title\" content=\"Regeringen ger gr\u00f6nt ljus att M\u00e1laga blir v\u00e4rdstad f\u00f6r Expo 2027\" \/>\n<meta property=\"og:description\" content=\"Vid veckans ministerm\u00f6te kommer den spanska regeringen att ge gr\u00f6nt ljus till att M\u00e1laga kan kandidera som v\u00e4rdstad f\u00f6r v\u00e4rldsutst\u00e4llningen Expo 2027. Det avsl\u00f6jade ministern F\u00e9lix Bola\u00f1os n\u00e4r han n\u00e4rvarade under helgen vid PSOE:s provinskongress. P\u00e5 tisdagar samlar den spanska regeringschefen Pedro S\u00e1nchez sina ministrar f\u00f6r det traditionella ministerm\u00f6tet. Den h\u00e4r veckan v\u00e4ntas beslutet att [&hellip;]\" \/>\n<meta property=\"og:url\" content=\"https:\/\/lightweb.dev\/l\/svm-temp\/nyheter\/regeringen-ger-gront-ljus-att-malaga-blir-vardstad-for-expo-2027\/\" \/>\n<meta property=\"og:site_name\" content=\"Svenska Magasinet\" \/>\n<meta property=\"article:publisher\" content=\"https:\/\/www.facebook.com\/svenskamagasinet\" \/>\n<meta property=\"article:published_time\" content=\"2021-12-13T10:44:00+00:00\" \/>\n<meta property=\"og:image\" content=\"https:\/\/lightweb.dev\/l\/svm-temp\/wp-content\/uploads\/2022\/04\/regeringen-ger-grnt-ljus-att-mlaga-blir-vrdstad-fr-expo-2027.png\" \/>\n\t<meta property=\"og:image:width\" content=\"501\" \/>\n\t<meta property=\"og:image:height\" content=\"300\" \/>\n\t<meta property=\"og:image:type\" content=\"image\/png\" \/>\n<meta name=\"author\" content=\"Ola Josefsson\" \/>\n<meta name=\"twitter:card\" content=\"summary_large_image\" \/>\n<meta name=\"twitter:creator\" content=\"@SvenskaMagasine\" \/>\n<meta name=\"twitter:site\" content=\"@SvenskaMagasine\" \/>\n<script type=\"application\/ld+json\" class=\"yoast-schema-graph\">{\"@context\":\"https:\\\/\\\/schema.org\",\"@graph\":[{\"@type\":\"Article\",\"@id\":\"https:\\\/\\\/lightweb.dev\\\/l\\\/svm-temp\\\/nyheter\\\/regeringen-ger-gront-ljus-att-malaga-blir-vardstad-for-expo-2027\\\/#article\",\"isPartOf\":{\"@id\":\"https:\\\/\\\/lightweb.dev\\\/l\\\/svm-temp\\\/nyheter\\\/regeringen-ger-gront-ljus-att-malaga-blir-vardstad-for-expo-2027\\\/\"},\"author\":{\"name\":\"Ola Josefsson\",\"@id\":\"https:\\\/\\\/lightweb.dev\\\/l\\\/svm-temp\\\/#\\\/schema\\\/person\\\/7a82b8a73d171d32360a564b6d03508e\"},\"headline\":\"Regeringen ger gr\u00f6nt ljus att M\u00e1laga blir v\u00e4rdstad f\u00f6r Expo 2027\",\"datePublished\":\"2021-12-13T10:44:00+00:00\",\"mainEntityOfPage\":{\"@id\":\"https:\\\/\\\/lightweb.dev\\\/l\\\/svm-temp\\\/nyheter\\\/regeringen-ger-gront-ljus-att-malaga-blir-vardstad-for-expo-2027\\\/\"},\"wordCount\":261,\"commentCount\":0,\"publisher\":{\"@id\":\"https:\\\/\\\/lightweb.dev\\\/l\\\/svm-temp\\\/#organization\"},\"image\":{\"@id\":\"https:\\\/\\\/lightweb.dev\\\/l\\\/svm-temp\\\/nyheter\\\/regeringen-ger-gront-ljus-att-malaga-blir-vardstad-for-expo-2027\\\/#primaryimage\"},\"thumbnailUrl\":\"https:\\\/\\\/lightweb.dev\\\/l\\\/svm-temp\\\/wp-content\\\/uploads\\\/2022\\\/04\\\/regeringen-ger-grnt-ljus-att-mlaga-blir-vrdstad-fr-expo-2027.png\",\"articleSection\":[\"Arkiv\",\"Nyheter\"],\"inLanguage\":\"sv-SE\"},{\"@type\":\"WebPage\",\"@id\":\"https:\\\/\\\/lightweb.dev\\\/l\\\/svm-temp\\\/nyheter\\\/regeringen-ger-gront-ljus-att-malaga-blir-vardstad-for-expo-2027\\\/\",\"url\":\"https:\\\/\\\/lightweb.dev\\\/l\\\/svm-temp\\\/nyheter\\\/regeringen-ger-gront-ljus-att-malaga-blir-vardstad-for-expo-2027\\\/\",\"name\":\"Regeringen ger gr\u00f6nt ljus att M\u00e1laga blir v\u00e4rdstad f\u00f6r Expo 2027 - Svenska Magasinet\",\"isPartOf\":{\"@id\":\"https:\\\/\\\/lightweb.dev\\\/l\\\/svm-temp\\\/#website\"},\"primaryImageOfPage\":{\"@id\":\"https:\\\/\\\/lightweb.dev\\\/l\\\/svm-temp\\\/nyheter\\\/regeringen-ger-gront-ljus-att-malaga-blir-vardstad-for-expo-2027\\\/#primaryimage\"},\"image\":{\"@id\":\"https:\\\/\\\/lightweb.dev\\\/l\\\/svm-temp\\\/nyheter\\\/regeringen-ger-gront-ljus-att-malaga-blir-vardstad-for-expo-2027\\\/#primaryimage\"},\"thumbnailUrl\":\"https:\\\/\\\/lightweb.dev\\\/l\\\/svm-temp\\\/wp-content\\\/uploads\\\/2022\\\/04\\\/regeringen-ger-grnt-ljus-att-mlaga-blir-vrdstad-fr-expo-2027.png\",\"datePublished\":\"2021-12-13T10:44:00+00:00\",\"breadcrumb\":{\"@id\":\"https:\\\/\\\/lightweb.dev\\\/l\\\/svm-temp\\\/nyheter\\\/regeringen-ger-gront-ljus-att-malaga-blir-vardstad-for-expo-2027\\\/#breadcrumb\"},\"inLanguage\":\"sv-SE\",\"potentialAction\":[{\"@type\":\"ReadAction\",\"target\":[\"https:\\\/\\\/lightweb.dev\\\/l\\\/svm-temp\\\/nyheter\\\/regeringen-ger-gront-ljus-att-malaga-blir-vardstad-for-expo-2027\\\/\"]}]},{\"@type\":\"ImageObject\",\"inLanguage\":\"sv-SE\",\"@id\":\"https:\\\/\\\/lightweb.dev\\\/l\\\/svm-temp\\\/nyheter\\\/regeringen-ger-gront-ljus-att-malaga-blir-vardstad-for-expo-2027\\\/#primaryimage\",\"url\":\"https:\\\/\\\/lightweb.dev\\\/l\\\/svm-temp\\\/wp-content\\\/uploads\\\/2022\\\/04\\\/regeringen-ger-grnt-ljus-att-mlaga-blir-vrdstad-fr-expo-2027.png\",\"contentUrl\":\"https:\\\/\\\/lightweb.dev\\\/l\\\/svm-temp\\\/wp-content\\\/uploads\\\/2022\\\/04\\\/regeringen-ger-grnt-ljus-att-mlaga-blir-vrdstad-fr-expo-2027.png\",\"width\":501,\"height\":300},{\"@type\":\"BreadcrumbList\",\"@id\":\"https:\\\/\\\/lightweb.dev\\\/l\\\/svm-temp\\\/nyheter\\\/regeringen-ger-gront-ljus-att-malaga-blir-vardstad-for-expo-2027\\\/#breadcrumb\",\"itemListElement\":[{\"@type\":\"ListItem\",\"position\":1,\"name\":\"Hem\",\"item\":\"https:\\\/\\\/lightweb.dev\\\/l\\\/svm-temp\\\/\"},{\"@type\":\"ListItem\",\"position\":2,\"name\":\"Regeringen ger gr\u00f6nt ljus att M\u00e1laga blir v\u00e4rdstad f\u00f6r Expo 2027\"}]},{\"@type\":\"WebSite\",\"@id\":\"https:\\\/\\\/lightweb.dev\\\/l\\\/svm-temp\\\/#website\",\"url\":\"https:\\\/\\\/lightweb.dev\\\/l\\\/svm-temp\\\/\",\"name\":\"Svenska Magasinet\",\"description\":\"Dina Spanska nyheter p&aring; Svenska\",\"publisher\":{\"@id\":\"https:\\\/\\\/lightweb.dev\\\/l\\\/svm-temp\\\/#organization\"},\"potentialAction\":[{\"@type\":\"SearchAction\",\"target\":{\"@type\":\"EntryPoint\",\"urlTemplate\":\"https:\\\/\\\/lightweb.dev\\\/l\\\/svm-temp\\\/?s={search_term_string}\"},\"query-input\":{\"@type\":\"PropertyValueSpecification\",\"valueRequired\":true,\"valueName\":\"search_term_string\"}}],\"inLanguage\":\"sv-SE\"},{\"@type\":\"Organization\",\"@id\":\"https:\\\/\\\/lightweb.dev\\\/l\\\/svm-temp\\\/#organization\",\"name\":\"Melkerson y Nott SL\",\"alternateName\":\"Svenska Magasinet\",\"url\":\"https:\\\/\\\/lightweb.dev\\\/l\\\/svm-temp\\\/\",\"logo\":{\"@type\":\"ImageObject\",\"inLanguage\":\"sv-SE\",\"@id\":\"https:\\\/\\\/lightweb.dev\\\/l\\\/svm-temp\\\/#\\\/schema\\\/logo\\\/image\\\/\",\"url\":\"https:\\\/\\\/lightweb.dev\\\/l\\\/svm-temp\\\/wp-content\\\/uploads\\\/2025\\\/02\\\/SvM-logo-Xtra-Centrerad-SVART.png\",\"contentUrl\":\"https:\\\/\\\/lightweb.dev\\\/l\\\/svm-temp\\\/wp-content\\\/uploads\\\/2025\\\/02\\\/SvM-logo-Xtra-Centrerad-SVART.png\",\"width\":300,\"height\":99,\"caption\":\"Melkerson y Nott SL\"},\"image\":{\"@id\":\"https:\\\/\\\/lightweb.dev\\\/l\\\/svm-temp\\\/#\\\/schema\\\/logo\\\/image\\\/\"},\"sameAs\":[\"https:\\\/\\\/www.facebook.com\\\/svenskamagasinet\",\"https:\\\/\\\/x.com\\\/SvenskaMagasine\"]},{\"@type\":\"Person\",\"@id\":\"https:\\\/\\\/lightweb.dev\\\/l\\\/svm-temp\\\/#\\\/schema\\\/person\\\/7a82b8a73d171d32360a564b6d03508e\",\"name\":\"Ola Josefsson\",\"description\":\"Bevakar Solkusten och Spanien sedan 1994.\",\"sameAs\":[\"https:\\\/\\\/lightweb.dev\\\/l\\\/svm-temp\"],\"url\":\"https:\\\/\\\/lightweb.dev\\\/l\\\/svm-temp\\\/reporter\\\/ola-josefsson\\\/\"}]}<\/script>\n<!-- \/ Yoast SEO Premium plugin. -->","yoast_head_json":{"title":"Regeringen ger gr\u00f6nt ljus att M\u00e1laga blir v\u00e4rdstad f\u00f6r Expo 2027 - Svenska Magasinet","robots":{"index":"noindex","follow":"follow","max-snippet":"max-snippet:-1","max-image-preview":"max-image-preview:large","max-video-preview":"max-video-preview:-1"},"og_locale":"sv_SE","og_type":"article","og_title":"Regeringen ger gr\u00f6nt ljus att M\u00e1laga blir v\u00e4rdstad f\u00f6r Expo 2027","og_description":"Vid veckans ministerm\u00f6te kommer den spanska regeringen att ge gr\u00f6nt ljus till att M\u00e1laga kan kandidera som v\u00e4rdstad f\u00f6r v\u00e4rldsutst\u00e4llningen Expo 2027. Det avsl\u00f6jade ministern F\u00e9lix Bola\u00f1os n\u00e4r han n\u00e4rvarade under helgen vid PSOE:s provinskongress. P\u00e5 tisdagar samlar den spanska regeringschefen Pedro S\u00e1nchez sina ministrar f\u00f6r det traditionella ministerm\u00f6tet. Den h\u00e4r veckan v\u00e4ntas beslutet att [&hellip;]","og_url":"https:\/\/lightweb.dev\/l\/svm-temp\/nyheter\/regeringen-ger-gront-ljus-att-malaga-blir-vardstad-for-expo-2027\/","og_site_name":"Svenska Magasinet","article_publisher":"https:\/\/www.facebook.com\/svenskamagasinet","article_published_time":"2021-12-13T10:44:00+00:00","og_image":[{"width":501,"height":300,"url":"https:\/\/lightweb.dev\/l\/svm-temp\/wp-content\/uploads\/2022\/04\/regeringen-ger-grnt-ljus-att-mlaga-blir-vrdstad-fr-expo-2027.png","type":"image\/png"}],"author":"Ola Josefsson","twitter_card":"summary_large_image","twitter_creator":"@SvenskaMagasine","twitter_site":"@SvenskaMagasine","schema":{"@context":"https:\/\/schema.org","@graph":[{"@type":"Article","@id":"https:\/\/lightweb.dev\/l\/svm-temp\/nyheter\/regeringen-ger-gront-ljus-att-malaga-blir-vardstad-for-expo-2027\/#article","isPartOf":{"@id":"https:\/\/lightweb.dev\/l\/svm-temp\/nyheter\/regeringen-ger-gront-ljus-att-malaga-blir-vardstad-for-expo-2027\/"},"author":{"name":"Ola Josefsson","@id":"https:\/\/lightweb.dev\/l\/svm-temp\/#\/schema\/person\/7a82b8a73d171d32360a564b6d03508e"},"headline":"Regeringen ger gr\u00f6nt ljus att M\u00e1laga blir v\u00e4rdstad f\u00f6r Expo 2027","datePublished":"2021-12-13T10:44:00+00:00","mainEntityOfPage":{"@id":"https:\/\/lightweb.dev\/l\/svm-temp\/nyheter\/regeringen-ger-gront-ljus-att-malaga-blir-vardstad-for-expo-2027\/"},"wordCount":261,"commentCount":0,"publisher":{"@id":"https:\/\/lightweb.dev\/l\/svm-temp\/#organization"},"image":{"@id":"https:\/\/lightweb.dev\/l\/svm-temp\/nyheter\/regeringen-ger-gront-ljus-att-malaga-blir-vardstad-for-expo-2027\/#primaryimage"},"thumbnailUrl":"https:\/\/lightweb.dev\/l\/svm-temp\/wp-content\/uploads\/2022\/04\/regeringen-ger-grnt-ljus-att-mlaga-blir-vrdstad-fr-expo-2027.png","articleSection":["Arkiv","Nyheter"],"inLanguage":"sv-SE"},{"@type":"WebPage","@id":"https:\/\/lightweb.dev\/l\/svm-temp\/nyheter\/regeringen-ger-gront-ljus-att-malaga-blir-vardstad-for-expo-2027\/","url":"https:\/\/lightweb.dev\/l\/svm-temp\/nyheter\/regeringen-ger-gront-ljus-att-malaga-blir-vardstad-for-expo-2027\/","name":"Regeringen ger gr\u00f6nt ljus att M\u00e1laga blir v\u00e4rdstad f\u00f6r Expo 2027 - Svenska Magasinet","isPartOf":{"@id":"https:\/\/lightweb.dev\/l\/svm-temp\/#website"},"primaryImageOfPage":{"@id":"https:\/\/lightweb.dev\/l\/svm-temp\/nyheter\/regeringen-ger-gront-ljus-att-malaga-blir-vardstad-for-expo-2027\/#primaryimage"},"image":{"@id":"https:\/\/lightweb.dev\/l\/svm-temp\/nyheter\/regeringen-ger-gront-ljus-att-malaga-blir-vardstad-for-expo-2027\/#primaryimage"},"thumbnailUrl":"https:\/\/lightweb.dev\/l\/svm-temp\/wp-content\/uploads\/2022\/04\/regeringen-ger-grnt-ljus-att-mlaga-blir-vrdstad-fr-expo-2027.png","datePublished":"2021-12-13T10:44:00+00:00","breadcrumb":{"@id":"https:\/\/lightweb.dev\/l\/svm-temp\/nyheter\/regeringen-ger-gront-ljus-att-malaga-blir-vardstad-for-expo-2027\/#breadcrumb"},"inLanguage":"sv-SE","potentialAction":[{"@type":"ReadAction","target":["https:\/\/lightweb.dev\/l\/svm-temp\/nyheter\/regeringen-ger-gront-ljus-att-malaga-blir-vardstad-for-expo-2027\/"]}]},{"@type":"ImageObject","inLanguage":"sv-SE","@id":"https:\/\/lightweb.dev\/l\/svm-temp\/nyheter\/regeringen-ger-gront-ljus-att-malaga-blir-vardstad-for-expo-2027\/#primaryimage","url":"https:\/\/lightweb.dev\/l\/svm-temp\/wp-content\/uploads\/2022\/04\/regeringen-ger-grnt-ljus-att-mlaga-blir-vrdstad-fr-expo-2027.png","contentUrl":"https:\/\/lightweb.dev\/l\/svm-temp\/wp-content\/uploads\/2022\/04\/regeringen-ger-grnt-ljus-att-mlaga-blir-vrdstad-fr-expo-2027.png","width":501,"height":300},{"@type":"BreadcrumbList","@id":"https:\/\/lightweb.dev\/l\/svm-temp\/nyheter\/regeringen-ger-gront-ljus-att-malaga-blir-vardstad-for-expo-2027\/#breadcrumb","itemListElement":[{"@type":"ListItem","position":1,"name":"Hem","item":"https:\/\/lightweb.dev\/l\/svm-temp\/"},{"@type":"ListItem","position":2,"name":"Regeringen ger gr\u00f6nt ljus att M\u00e1laga blir v\u00e4rdstad f\u00f6r Expo 2027"}]},{"@type":"WebSite","@id":"https:\/\/lightweb.dev\/l\/svm-temp\/#website","url":"https:\/\/lightweb.dev\/l\/svm-temp\/","name":"Svenska Magasinet","description":"Dina Spanska nyheter p&aring; Svenska","publisher":{"@id":"https:\/\/lightweb.dev\/l\/svm-temp\/#organization"},"potentialAction":[{"@type":"SearchAction","target":{"@type":"EntryPoint","urlTemplate":"https:\/\/lightweb.dev\/l\/svm-temp\/?s={search_term_string}"},"query-input":{"@type":"PropertyValueSpecification","valueRequired":true,"valueName":"search_term_string"}}],"inLanguage":"sv-SE"},{"@type":"Organization","@id":"https:\/\/lightweb.dev\/l\/svm-temp\/#organization","name":"Melkerson y Nott SL","alternateName":"Svenska Magasinet","url":"https:\/\/lightweb.dev\/l\/svm-temp\/","logo":{"@type":"ImageObject","inLanguage":"sv-SE","@id":"https:\/\/lightweb.dev\/l\/svm-temp\/#\/schema\/logo\/image\/","url":"https:\/\/lightweb.dev\/l\/svm-temp\/wp-content\/uploads\/2025\/02\/SvM-logo-Xtra-Centrerad-SVART.png","contentUrl":"https:\/\/lightweb.dev\/l\/svm-temp\/wp-content\/uploads\/2025\/02\/SvM-logo-Xtra-Centrerad-SVART.png","width":300,"height":99,"caption":"Melkerson y Nott SL"},"image":{"@id":"https:\/\/lightweb.dev\/l\/svm-temp\/#\/schema\/logo\/image\/"},"sameAs":["https:\/\/www.facebook.com\/svenskamagasinet","https:\/\/x.com\/SvenskaMagasine"]},{"@type":"Person","@id":"https:\/\/lightweb.dev\/l\/svm-temp\/#\/schema\/person\/7a82b8a73d171d32360a564b6d03508e","name":"Ola Josefsson","description":"Bevakar Solkusten och Spanien sedan 1994.","sameAs":["https:\/\/lightweb.dev\/l\/svm-temp"],"url":"https:\/\/lightweb.dev\/l\/svm-temp\/reporter\/ola-josefsson\/"}]}},"_links":{"self":[{"href":"https:\/\/lightweb.dev\/l\/svm-temp\/wp-json\/wp\/v2\/posts\/1039","targetHints":{"allow":["GET"]}}],"collection":[{"href":"https:\/\/lightweb.dev\/l\/svm-temp\/wp-json\/wp\/v2\/posts"}],"about":[{"href":"https:\/\/lightweb.dev\/l\/svm-temp\/wp-json\/wp\/v2\/types\/post"}],"author":[{"embeddable":true,"href":"https:\/\/lightweb.dev\/l\/svm-temp\/wp-json\/wp\/v2\/users\/7"}],"replies":[{"embeddable":true,"href":"https:\/\/lightweb.dev\/l\/svm-temp\/wp-json\/wp\/v2\/comments?post=1039"}],"version-history":[{"count":0,"href":"https:\/\/lightweb.dev\/l\/svm-temp\/wp-json\/wp\/v2\/posts\/1039\/revisions"}],"wp:featuredmedia":[{"embeddable":true,"href":"https:\/\/lightweb.dev\/l\/svm-temp\/wp-json\/wp\/v2\/media\/1040"}],"wp:attachment":[{"href":"https:\/\/lightweb.dev\/l\/svm-temp\/wp-json\/wp\/v2\/media?parent=1039"}],"wp:term":[{"taxonomy":"category","embeddable":true,"href":"https:\/\/lightweb.dev\/l\/svm-temp\/wp-json\/wp\/v2\/categories?post=1039"},{"taxonomy":"post_tag","embeddable":true,"href":"https:\/\/lightweb.dev\/l\/svm-temp\/wp-json\/wp\/v2\/tags?post=1039"}],"curies":[{"name":"wp","href":"https:\/\/api.w.org\/{rel}","templated":true}]}}