{"id":1047,"date":"2021-12-10T10:03:00","date_gmt":"2021-12-10T09:03:00","guid":{"rendered":"https:\/\/lightweb.dev\/l\/svm-temp\/andalusien-vill-infora-covidpass-till-serveringsstallen\/"},"modified":"2021-12-10T10:03:00","modified_gmt":"2021-12-10T09:03:00","slug":"andalusien-vill-infora-covidpass-till-serveringsstallen","status":"publish","type":"post","link":"https:\/\/lightweb.dev\/l\/svm-temp\/nyheter\/andalusien-vill-infora-covidpass-till-serveringsstallen\/","title":{"rendered":"Andalusien vill inf\u00f6ra covidpass till serveringsst\u00e4llen"},"content":{"rendered":"<p> Vid ett snabbinkallat m\u00f6te med expertkommitt\u00e9n p\u00e5 torsdagen beslutade Junta de Andaluc\u00eda att beg\u00e4ra att h\u00f6gsta regiondomstolen TSJA (Tribunal Superior de Justicia de Andaluc\u00eda) ger gr\u00f6nt ljus till covidpass som krav f\u00f6r att bes\u00f6ka serveringsst\u00e4llen. Kravet ska i f\u00f6rsta hand g\u00e4lla \u00f6ver jul, ny\u00e5rs \u2013 och trettonhelgen fram till 15 januari.<br \/>\n Som Svenska Magasinet tidigare har ber\u00e4ttat vill kr\u00f6gare, serveringsst\u00e4llen och nattklubbar hellre se vaccinpass eller covidpass som krav i st\u00e4llet f\u00f6r ut\u00f6kade restriktioner med minskad kapacitet eller \u00f6ppettider.<\/p>\n<p>Regionregeringen vill att regiondomstolen ger gr\u00f6nt ljus till att det blir obligatoriskt med vaccinpass, ett h\u00f6gst 72 timmar gammalt PCR-test eller ett h\u00f6gst 48 timmar gammalt antigentest utf\u00f6rt vid ett auktoriserat center.<\/p>\n<p>Regionregeringen hoppas att beslutet ska bidra till att fler vaccineringar sig.<\/p>\n<p>I skrivande stund \u00e5terst\u00e5r regiondomstolens beslut.<\/p>\n<p>Anledningen till \u00e5tg\u00e4rden \u00e4r att b\u00e4ttre kontrollera pandemin och f\u00f6rhindra smittspridning inomhus.<\/p>\n<p>&#8211; Andalusien forts\u00e4tter att ligga p\u00e5 en l\u00e4gre niv\u00e5 \u00f6ver smittade men \u00f6kad smittfrekvens g\u00f6r f\u00f6rebyggande \u00e5tg\u00e4rder n\u00f6dv\u00e4ndiga, s\u00e4ger regionens h\u00e4lsor\u00e5d Jes\u00fas Aguirre.<\/p>\n<p>Regionregeringen utg\u00e5r ifr\u00e5n att Andalusiens h\u00f6gsta domstol i Granada kommer att studerar f\u00f6rslaget med covidpass och ge gr\u00f6nt ljus precis som de gjorde i fallet med att bes\u00f6ka sjukv\u00e5rdsanl\u00e4ggningar och \u00e4ldreboenden fram till 15 januari.<\/p>\n<p>Incidenstalet i M\u00e1lagaprovinsen ligger p\u00e5 186,7 fall per 100.000 inv\u00e5nare. N\u00e4r det g\u00e4ller de enskilda sjukv\u00e5rdsdistrikten l\u00e5g smittfrekvensen vid fredagen p\u00e5: Axarqu\u00eda (166,9) Costa del Sol (203,3), M\u00e1laga (193), Valle del Guadalhorce (154,8), Rondadistriktet (269,1) och Antequera La Vega (89,9).<\/p>\n<p>Den 15 december inleds vaccineringen i Andalusien av barn mellan 5 till 11 \u00e5r. Vaccineringen kommer att ske vid v\u00e5rdcentraler, centros de salud, p\u00e5 eftermiddagar och veckoslut. P\u00e5 landsbygden sker vaccineringen vid skolor, s\u00e4ger Jes\u00fas Aguirre.<\/p>\n<p>Fr\u00e5n den 13 december blir det m\u00f6jligt att best\u00e4lla tid. F\u00f6rst ut \u00e4r barn i \u00e5ldern 9-11 \u00e5r.<\/p>\n<p>Incidenstalet f\u00f6r Spanien ligger p\u00e5 323,07.<\/p>\n<p>\u00c4ven i de nordiska l\u00e4nderna \u00f6kar smittspridningen av covid 19. Sverige har l\u00e4gst smitta i Norden enligt statistiktj\u00e4nsten Our World in Data. Sverige redovisar 206 dagliga nya bekr\u00e4ftade fall per miljon inv\u00e5nare den 7 december. Danmark (880), Norge (703), Island (362) och Finland (248) ligger h\u00f6gre.<\/p>\n<p>Valenciaregionen inf\u00f6r Covidpass<\/p>\n","protected":false},"excerpt":{"rendered":"<p>Vid ett snabbinkallat m\u00f6te med expertkommitt\u00e9n p\u00e5 torsdagen beslutade Junta de Andaluc\u00eda att beg\u00e4ra att h\u00f6gsta regiondomstolen TSJA (Tribunal Superior de Justicia de Andaluc\u00eda) ger gr\u00f6nt ljus till covidpass som krav f\u00f6r att bes\u00f6ka serveringsst\u00e4llen. Kravet ska i f\u00f6rsta hand g\u00e4lla \u00f6ver jul, ny\u00e5rs \u2013 och trettonhelgen fram till 15 januari. Som Svenska Magasinet tidigare [&hellip;]<\/p>\n","protected":false},"author":7,"featured_media":1048,"comment_status":"open","ping_status":"open","sticky":false,"template":"","format":"standard","meta":{"_et_pb_use_builder":"","_et_pb_old_content":"","_et_gb_content_width":"","footnotes":""},"categories":[395,3],"tags":[],"class_list":["post-1047","post","type-post","status-publish","format-standard","has-post-thumbnail","hentry","category-arkiv-nyheter","category-nyheter"],"yoast_head":"<!-- This site is optimized with the Yoast SEO Premium plugin v26.2 (Yoast SEO v27.5) - https:\/\/yoast.com\/product\/yoast-seo-premium-wordpress\/ -->\n<title>Andalusien vill inf\u00f6ra covidpass till serveringsst\u00e4llen - Svenska Magasinet<\/title>\n<meta name=\"robots\" content=\"noindex, follow, max-snippet:-1, max-image-preview:large, max-video-preview:-1\" \/>\n<meta property=\"og:locale\" content=\"sv_SE\" \/>\n<meta property=\"og:type\" content=\"article\" \/>\n<meta property=\"og:title\" content=\"Andalusien vill inf\u00f6ra covidpass till serveringsst\u00e4llen\" \/>\n<meta property=\"og:description\" content=\"Vid ett snabbinkallat m\u00f6te med expertkommitt\u00e9n p\u00e5 torsdagen beslutade Junta de Andaluc\u00eda att beg\u00e4ra att h\u00f6gsta regiondomstolen TSJA (Tribunal Superior de Justicia de Andaluc\u00eda) ger gr\u00f6nt ljus till covidpass som krav f\u00f6r att bes\u00f6ka serveringsst\u00e4llen. Kravet ska i f\u00f6rsta hand g\u00e4lla \u00f6ver jul, ny\u00e5rs \u2013 och trettonhelgen fram till 15 januari. Som Svenska Magasinet tidigare [&hellip;]\" \/>\n<meta property=\"og:url\" content=\"https:\/\/lightweb.dev\/l\/svm-temp\/nyheter\/andalusien-vill-infora-covidpass-till-serveringsstallen\/\" \/>\n<meta property=\"og:site_name\" content=\"Svenska Magasinet\" \/>\n<meta property=\"article:publisher\" content=\"https:\/\/www.facebook.com\/svenskamagasinet\" \/>\n<meta property=\"article:published_time\" content=\"2021-12-10T09:03:00+00:00\" \/>\n<meta property=\"og:image\" content=\"https:\/\/lightweb.dev\/l\/svm-temp\/wp-content\/uploads\/2022\/04\/andalusien-vill-infra-covidpass-till-serveringsstllen.png\" \/>\n\t<meta property=\"og:image:width\" content=\"500\" \/>\n\t<meta property=\"og:image:height\" content=\"300\" \/>\n\t<meta property=\"og:image:type\" content=\"image\/png\" \/>\n<meta name=\"author\" content=\"Ola Josefsson\" \/>\n<meta name=\"twitter:card\" content=\"summary_large_image\" \/>\n<meta name=\"twitter:creator\" content=\"@SvenskaMagasine\" \/>\n<meta name=\"twitter:site\" content=\"@SvenskaMagasine\" \/>\n<script type=\"application\/ld+json\" class=\"yoast-schema-graph\">{\"@context\":\"https:\\\/\\\/schema.org\",\"@graph\":[{\"@type\":\"Article\",\"@id\":\"https:\\\/\\\/lightweb.dev\\\/l\\\/svm-temp\\\/nyheter\\\/andalusien-vill-infora-covidpass-till-serveringsstallen\\\/#article\",\"isPartOf\":{\"@id\":\"https:\\\/\\\/lightweb.dev\\\/l\\\/svm-temp\\\/nyheter\\\/andalusien-vill-infora-covidpass-till-serveringsstallen\\\/\"},\"author\":{\"name\":\"Ola Josefsson\",\"@id\":\"https:\\\/\\\/lightweb.dev\\\/l\\\/svm-temp\\\/#\\\/schema\\\/person\\\/7a82b8a73d171d32360a564b6d03508e\"},\"headline\":\"Andalusien vill inf\u00f6ra covidpass till serveringsst\u00e4llen\",\"datePublished\":\"2021-12-10T09:03:00+00:00\",\"mainEntityOfPage\":{\"@id\":\"https:\\\/\\\/lightweb.dev\\\/l\\\/svm-temp\\\/nyheter\\\/andalusien-vill-infora-covidpass-till-serveringsstallen\\\/\"},\"wordCount\":399,\"commentCount\":0,\"publisher\":{\"@id\":\"https:\\\/\\\/lightweb.dev\\\/l\\\/svm-temp\\\/#organization\"},\"image\":{\"@id\":\"https:\\\/\\\/lightweb.dev\\\/l\\\/svm-temp\\\/nyheter\\\/andalusien-vill-infora-covidpass-till-serveringsstallen\\\/#primaryimage\"},\"thumbnailUrl\":\"https:\\\/\\\/lightweb.dev\\\/l\\\/svm-temp\\\/wp-content\\\/uploads\\\/2022\\\/04\\\/andalusien-vill-infra-covidpass-till-serveringsstllen.png\",\"articleSection\":[\"Arkiv\",\"Nyheter\"],\"inLanguage\":\"sv-SE\"},{\"@type\":\"WebPage\",\"@id\":\"https:\\\/\\\/lightweb.dev\\\/l\\\/svm-temp\\\/nyheter\\\/andalusien-vill-infora-covidpass-till-serveringsstallen\\\/\",\"url\":\"https:\\\/\\\/lightweb.dev\\\/l\\\/svm-temp\\\/nyheter\\\/andalusien-vill-infora-covidpass-till-serveringsstallen\\\/\",\"name\":\"Andalusien vill inf\u00f6ra covidpass till serveringsst\u00e4llen - Svenska Magasinet\",\"isPartOf\":{\"@id\":\"https:\\\/\\\/lightweb.dev\\\/l\\\/svm-temp\\\/#website\"},\"primaryImageOfPage\":{\"@id\":\"https:\\\/\\\/lightweb.dev\\\/l\\\/svm-temp\\\/nyheter\\\/andalusien-vill-infora-covidpass-till-serveringsstallen\\\/#primaryimage\"},\"image\":{\"@id\":\"https:\\\/\\\/lightweb.dev\\\/l\\\/svm-temp\\\/nyheter\\\/andalusien-vill-infora-covidpass-till-serveringsstallen\\\/#primaryimage\"},\"thumbnailUrl\":\"https:\\\/\\\/lightweb.dev\\\/l\\\/svm-temp\\\/wp-content\\\/uploads\\\/2022\\\/04\\\/andalusien-vill-infra-covidpass-till-serveringsstllen.png\",\"datePublished\":\"2021-12-10T09:03:00+00:00\",\"breadcrumb\":{\"@id\":\"https:\\\/\\\/lightweb.dev\\\/l\\\/svm-temp\\\/nyheter\\\/andalusien-vill-infora-covidpass-till-serveringsstallen\\\/#breadcrumb\"},\"inLanguage\":\"sv-SE\",\"potentialAction\":[{\"@type\":\"ReadAction\",\"target\":[\"https:\\\/\\\/lightweb.dev\\\/l\\\/svm-temp\\\/nyheter\\\/andalusien-vill-infora-covidpass-till-serveringsstallen\\\/\"]}]},{\"@type\":\"ImageObject\",\"inLanguage\":\"sv-SE\",\"@id\":\"https:\\\/\\\/lightweb.dev\\\/l\\\/svm-temp\\\/nyheter\\\/andalusien-vill-infora-covidpass-till-serveringsstallen\\\/#primaryimage\",\"url\":\"https:\\\/\\\/lightweb.dev\\\/l\\\/svm-temp\\\/wp-content\\\/uploads\\\/2022\\\/04\\\/andalusien-vill-infra-covidpass-till-serveringsstllen.png\",\"contentUrl\":\"https:\\\/\\\/lightweb.dev\\\/l\\\/svm-temp\\\/wp-content\\\/uploads\\\/2022\\\/04\\\/andalusien-vill-infra-covidpass-till-serveringsstllen.png\",\"width\":500,\"height\":300},{\"@type\":\"BreadcrumbList\",\"@id\":\"https:\\\/\\\/lightweb.dev\\\/l\\\/svm-temp\\\/nyheter\\\/andalusien-vill-infora-covidpass-till-serveringsstallen\\\/#breadcrumb\",\"itemListElement\":[{\"@type\":\"ListItem\",\"position\":1,\"name\":\"Hem\",\"item\":\"https:\\\/\\\/lightweb.dev\\\/l\\\/svm-temp\\\/\"},{\"@type\":\"ListItem\",\"position\":2,\"name\":\"Andalusien vill inf\u00f6ra covidpass till serveringsst\u00e4llen\"}]},{\"@type\":\"WebSite\",\"@id\":\"https:\\\/\\\/lightweb.dev\\\/l\\\/svm-temp\\\/#website\",\"url\":\"https:\\\/\\\/lightweb.dev\\\/l\\\/svm-temp\\\/\",\"name\":\"Svenska Magasinet\",\"description\":\"Dina Spanska nyheter p&aring; Svenska\",\"publisher\":{\"@id\":\"https:\\\/\\\/lightweb.dev\\\/l\\\/svm-temp\\\/#organization\"},\"potentialAction\":[{\"@type\":\"SearchAction\",\"target\":{\"@type\":\"EntryPoint\",\"urlTemplate\":\"https:\\\/\\\/lightweb.dev\\\/l\\\/svm-temp\\\/?s={search_term_string}\"},\"query-input\":{\"@type\":\"PropertyValueSpecification\",\"valueRequired\":true,\"valueName\":\"search_term_string\"}}],\"inLanguage\":\"sv-SE\"},{\"@type\":\"Organization\",\"@id\":\"https:\\\/\\\/lightweb.dev\\\/l\\\/svm-temp\\\/#organization\",\"name\":\"Melkerson y Nott SL\",\"alternateName\":\"Svenska Magasinet\",\"url\":\"https:\\\/\\\/lightweb.dev\\\/l\\\/svm-temp\\\/\",\"logo\":{\"@type\":\"ImageObject\",\"inLanguage\":\"sv-SE\",\"@id\":\"https:\\\/\\\/lightweb.dev\\\/l\\\/svm-temp\\\/#\\\/schema\\\/logo\\\/image\\\/\",\"url\":\"https:\\\/\\\/lightweb.dev\\\/l\\\/svm-temp\\\/wp-content\\\/uploads\\\/2025\\\/02\\\/SvM-logo-Xtra-Centrerad-SVART.png\",\"contentUrl\":\"https:\\\/\\\/lightweb.dev\\\/l\\\/svm-temp\\\/wp-content\\\/uploads\\\/2025\\\/02\\\/SvM-logo-Xtra-Centrerad-SVART.png\",\"width\":300,\"height\":99,\"caption\":\"Melkerson y Nott SL\"},\"image\":{\"@id\":\"https:\\\/\\\/lightweb.dev\\\/l\\\/svm-temp\\\/#\\\/schema\\\/logo\\\/image\\\/\"},\"sameAs\":[\"https:\\\/\\\/www.facebook.com\\\/svenskamagasinet\",\"https:\\\/\\\/x.com\\\/SvenskaMagasine\"]},{\"@type\":\"Person\",\"@id\":\"https:\\\/\\\/lightweb.dev\\\/l\\\/svm-temp\\\/#\\\/schema\\\/person\\\/7a82b8a73d171d32360a564b6d03508e\",\"name\":\"Ola Josefsson\",\"description\":\"Bevakar Solkusten och Spanien sedan 1994.\",\"sameAs\":[\"https:\\\/\\\/lightweb.dev\\\/l\\\/svm-temp\"],\"url\":\"https:\\\/\\\/lightweb.dev\\\/l\\\/svm-temp\\\/reporter\\\/ola-josefsson\\\/\"}]}<\/script>\n<!-- \/ Yoast SEO Premium plugin. -->","yoast_head_json":{"title":"Andalusien vill inf\u00f6ra covidpass till serveringsst\u00e4llen - Svenska Magasinet","robots":{"index":"noindex","follow":"follow","max-snippet":"max-snippet:-1","max-image-preview":"max-image-preview:large","max-video-preview":"max-video-preview:-1"},"og_locale":"sv_SE","og_type":"article","og_title":"Andalusien vill inf\u00f6ra covidpass till serveringsst\u00e4llen","og_description":"Vid ett snabbinkallat m\u00f6te med expertkommitt\u00e9n p\u00e5 torsdagen beslutade Junta de Andaluc\u00eda att beg\u00e4ra att h\u00f6gsta regiondomstolen TSJA (Tribunal Superior de Justicia de Andaluc\u00eda) ger gr\u00f6nt ljus till covidpass som krav f\u00f6r att bes\u00f6ka serveringsst\u00e4llen. Kravet ska i f\u00f6rsta hand g\u00e4lla \u00f6ver jul, ny\u00e5rs \u2013 och trettonhelgen fram till 15 januari. Som Svenska Magasinet tidigare [&hellip;]","og_url":"https:\/\/lightweb.dev\/l\/svm-temp\/nyheter\/andalusien-vill-infora-covidpass-till-serveringsstallen\/","og_site_name":"Svenska Magasinet","article_publisher":"https:\/\/www.facebook.com\/svenskamagasinet","article_published_time":"2021-12-10T09:03:00+00:00","og_image":[{"width":500,"height":300,"url":"https:\/\/lightweb.dev\/l\/svm-temp\/wp-content\/uploads\/2022\/04\/andalusien-vill-infra-covidpass-till-serveringsstllen.png","type":"image\/png"}],"author":"Ola Josefsson","twitter_card":"summary_large_image","twitter_creator":"@SvenskaMagasine","twitter_site":"@SvenskaMagasine","schema":{"@context":"https:\/\/schema.org","@graph":[{"@type":"Article","@id":"https:\/\/lightweb.dev\/l\/svm-temp\/nyheter\/andalusien-vill-infora-covidpass-till-serveringsstallen\/#article","isPartOf":{"@id":"https:\/\/lightweb.dev\/l\/svm-temp\/nyheter\/andalusien-vill-infora-covidpass-till-serveringsstallen\/"},"author":{"name":"Ola Josefsson","@id":"https:\/\/lightweb.dev\/l\/svm-temp\/#\/schema\/person\/7a82b8a73d171d32360a564b6d03508e"},"headline":"Andalusien vill inf\u00f6ra covidpass till serveringsst\u00e4llen","datePublished":"2021-12-10T09:03:00+00:00","mainEntityOfPage":{"@id":"https:\/\/lightweb.dev\/l\/svm-temp\/nyheter\/andalusien-vill-infora-covidpass-till-serveringsstallen\/"},"wordCount":399,"commentCount":0,"publisher":{"@id":"https:\/\/lightweb.dev\/l\/svm-temp\/#organization"},"image":{"@id":"https:\/\/lightweb.dev\/l\/svm-temp\/nyheter\/andalusien-vill-infora-covidpass-till-serveringsstallen\/#primaryimage"},"thumbnailUrl":"https:\/\/lightweb.dev\/l\/svm-temp\/wp-content\/uploads\/2022\/04\/andalusien-vill-infra-covidpass-till-serveringsstllen.png","articleSection":["Arkiv","Nyheter"],"inLanguage":"sv-SE"},{"@type":"WebPage","@id":"https:\/\/lightweb.dev\/l\/svm-temp\/nyheter\/andalusien-vill-infora-covidpass-till-serveringsstallen\/","url":"https:\/\/lightweb.dev\/l\/svm-temp\/nyheter\/andalusien-vill-infora-covidpass-till-serveringsstallen\/","name":"Andalusien vill inf\u00f6ra covidpass till serveringsst\u00e4llen - Svenska Magasinet","isPartOf":{"@id":"https:\/\/lightweb.dev\/l\/svm-temp\/#website"},"primaryImageOfPage":{"@id":"https:\/\/lightweb.dev\/l\/svm-temp\/nyheter\/andalusien-vill-infora-covidpass-till-serveringsstallen\/#primaryimage"},"image":{"@id":"https:\/\/lightweb.dev\/l\/svm-temp\/nyheter\/andalusien-vill-infora-covidpass-till-serveringsstallen\/#primaryimage"},"thumbnailUrl":"https:\/\/lightweb.dev\/l\/svm-temp\/wp-content\/uploads\/2022\/04\/andalusien-vill-infra-covidpass-till-serveringsstllen.png","datePublished":"2021-12-10T09:03:00+00:00","breadcrumb":{"@id":"https:\/\/lightweb.dev\/l\/svm-temp\/nyheter\/andalusien-vill-infora-covidpass-till-serveringsstallen\/#breadcrumb"},"inLanguage":"sv-SE","potentialAction":[{"@type":"ReadAction","target":["https:\/\/lightweb.dev\/l\/svm-temp\/nyheter\/andalusien-vill-infora-covidpass-till-serveringsstallen\/"]}]},{"@type":"ImageObject","inLanguage":"sv-SE","@id":"https:\/\/lightweb.dev\/l\/svm-temp\/nyheter\/andalusien-vill-infora-covidpass-till-serveringsstallen\/#primaryimage","url":"https:\/\/lightweb.dev\/l\/svm-temp\/wp-content\/uploads\/2022\/04\/andalusien-vill-infra-covidpass-till-serveringsstllen.png","contentUrl":"https:\/\/lightweb.dev\/l\/svm-temp\/wp-content\/uploads\/2022\/04\/andalusien-vill-infra-covidpass-till-serveringsstllen.png","width":500,"height":300},{"@type":"BreadcrumbList","@id":"https:\/\/lightweb.dev\/l\/svm-temp\/nyheter\/andalusien-vill-infora-covidpass-till-serveringsstallen\/#breadcrumb","itemListElement":[{"@type":"ListItem","position":1,"name":"Hem","item":"https:\/\/lightweb.dev\/l\/svm-temp\/"},{"@type":"ListItem","position":2,"name":"Andalusien vill inf\u00f6ra covidpass till serveringsst\u00e4llen"}]},{"@type":"WebSite","@id":"https:\/\/lightweb.dev\/l\/svm-temp\/#website","url":"https:\/\/lightweb.dev\/l\/svm-temp\/","name":"Svenska Magasinet","description":"Dina Spanska nyheter p&aring; Svenska","publisher":{"@id":"https:\/\/lightweb.dev\/l\/svm-temp\/#organization"},"potentialAction":[{"@type":"SearchAction","target":{"@type":"EntryPoint","urlTemplate":"https:\/\/lightweb.dev\/l\/svm-temp\/?s={search_term_string}"},"query-input":{"@type":"PropertyValueSpecification","valueRequired":true,"valueName":"search_term_string"}}],"inLanguage":"sv-SE"},{"@type":"Organization","@id":"https:\/\/lightweb.dev\/l\/svm-temp\/#organization","name":"Melkerson y Nott SL","alternateName":"Svenska Magasinet","url":"https:\/\/lightweb.dev\/l\/svm-temp\/","logo":{"@type":"ImageObject","inLanguage":"sv-SE","@id":"https:\/\/lightweb.dev\/l\/svm-temp\/#\/schema\/logo\/image\/","url":"https:\/\/lightweb.dev\/l\/svm-temp\/wp-content\/uploads\/2025\/02\/SvM-logo-Xtra-Centrerad-SVART.png","contentUrl":"https:\/\/lightweb.dev\/l\/svm-temp\/wp-content\/uploads\/2025\/02\/SvM-logo-Xtra-Centrerad-SVART.png","width":300,"height":99,"caption":"Melkerson y Nott SL"},"image":{"@id":"https:\/\/lightweb.dev\/l\/svm-temp\/#\/schema\/logo\/image\/"},"sameAs":["https:\/\/www.facebook.com\/svenskamagasinet","https:\/\/x.com\/SvenskaMagasine"]},{"@type":"Person","@id":"https:\/\/lightweb.dev\/l\/svm-temp\/#\/schema\/person\/7a82b8a73d171d32360a564b6d03508e","name":"Ola Josefsson","description":"Bevakar Solkusten och Spanien sedan 1994.","sameAs":["https:\/\/lightweb.dev\/l\/svm-temp"],"url":"https:\/\/lightweb.dev\/l\/svm-temp\/reporter\/ola-josefsson\/"}]}},"_links":{"self":[{"href":"https:\/\/lightweb.dev\/l\/svm-temp\/wp-json\/wp\/v2\/posts\/1047","targetHints":{"allow":["GET"]}}],"collection":[{"href":"https:\/\/lightweb.dev\/l\/svm-temp\/wp-json\/wp\/v2\/posts"}],"about":[{"href":"https:\/\/lightweb.dev\/l\/svm-temp\/wp-json\/wp\/v2\/types\/post"}],"author":[{"embeddable":true,"href":"https:\/\/lightweb.dev\/l\/svm-temp\/wp-json\/wp\/v2\/users\/7"}],"replies":[{"embeddable":true,"href":"https:\/\/lightweb.dev\/l\/svm-temp\/wp-json\/wp\/v2\/comments?post=1047"}],"version-history":[{"count":0,"href":"https:\/\/lightweb.dev\/l\/svm-temp\/wp-json\/wp\/v2\/posts\/1047\/revisions"}],"wp:featuredmedia":[{"embeddable":true,"href":"https:\/\/lightweb.dev\/l\/svm-temp\/wp-json\/wp\/v2\/media\/1048"}],"wp:attachment":[{"href":"https:\/\/lightweb.dev\/l\/svm-temp\/wp-json\/wp\/v2\/media?parent=1047"}],"wp:term":[{"taxonomy":"category","embeddable":true,"href":"https:\/\/lightweb.dev\/l\/svm-temp\/wp-json\/wp\/v2\/categories?post=1047"},{"taxonomy":"post_tag","embeddable":true,"href":"https:\/\/lightweb.dev\/l\/svm-temp\/wp-json\/wp\/v2\/tags?post=1047"}],"curies":[{"name":"wp","href":"https:\/\/api.w.org\/{rel}","templated":true}]}}