{"id":1049,"date":"2021-12-10T10:42:00","date_gmt":"2021-12-10T09:42:00","guid":{"rendered":"https:\/\/lightweb.dev\/l\/svm-temp\/malaga-nast-basta-staden-i-varlden-att-bo-och-arbeta-i\/"},"modified":"2021-12-10T10:42:00","modified_gmt":"2021-12-10T09:42:00","slug":"malaga-nast-basta-staden-i-varlden-att-bo-och-arbeta-i","status":"publish","type":"post","link":"https:\/\/lightweb.dev\/l\/svm-temp\/nyheter\/malaga-nast-basta-staden-i-varlden-att-bo-och-arbeta-i\/","title":{"rendered":"M\u00e1laga n\u00e4st b\u00e4sta staden i v\u00e4rlden att bo och arbeta i"},"content":{"rendered":"<p> Har du valt att bos\u00e4tta dig i M\u00e1laga f\u00f6r att arbeta? D\u00e5 har du valt r\u00e4tt. I en stor internationell ranking \u00e4r M\u00e1laga n\u00e4mligen den n\u00e4st b\u00e4sta staden i v\u00e4rlden f\u00f6r att bo och arbeta. Bara Kuala Lumpur rankas b\u00e4ttre. Det \u00e4r InterNations som ligger bakom den oberoende unders\u00f6kningen. InterNations \u00e4r en digital gemenskap f\u00f6r utl\u00e4nningar som har fyra miljoner medlemmar.<\/p>\n<p>Kommunalr\u00e5det f\u00f6r turism, Rosa S\u00e1nchez, s\u00e4ger till Diario SUR, som \u00e5terger unders\u00f6kningen, att den endast \u00e4r baserad p\u00e5 svaren fr\u00e5n 12.000 deltagare hos InterNations.<\/p>\n<p>Det handlar inte om n\u00e5gon pr-kampanj som betalats av n\u00e5gon institution.<\/p>\n<p>Unders\u00f6kningen baseras p\u00e5 fr\u00e5gor om livskvalitet (h\u00e4lsosam milj\u00f6, bra digital infrastruktur), l\u00e4tt att rota sig (spr\u00e5kbarri\u00e4rer, mottagande av den lokala befolkningen), personlig ekonomi (tillg\u00e5ng till sjukv\u00e5rd) och syssels\u00e4ttning (anst\u00e4llningstrygghet).<\/p>\n<p>Studien s\u00e4tter fokus p\u00e5 dem som s\u00f6ker en h\u00f6gre livskvalitet.<\/p>\n<p>P\u00e5 tio-i-topp kommer \u00e4ven Madrid p\u00e5 en tionde plats.<\/p>\n","protected":false},"excerpt":{"rendered":"<p>Har du valt att bos\u00e4tta dig i M\u00e1laga f\u00f6r att arbeta? D\u00e5 har du valt r\u00e4tt. I en stor internationell ranking \u00e4r M\u00e1laga n\u00e4mligen den n\u00e4st b\u00e4sta staden i v\u00e4rlden f\u00f6r att bo och arbeta. Bara Kuala Lumpur rankas b\u00e4ttre. Det \u00e4r InterNations som ligger bakom den oberoende unders\u00f6kningen. InterNations \u00e4r en digital gemenskap f\u00f6r [&hellip;]<\/p>\n","protected":false},"author":7,"featured_media":1050,"comment_status":"open","ping_status":"open","sticky":false,"template":"","format":"standard","meta":{"_et_pb_use_builder":"","_et_pb_old_content":"","_et_gb_content_width":"","footnotes":""},"categories":[395,3],"tags":[],"class_list":["post-1049","post","type-post","status-publish","format-standard","has-post-thumbnail","hentry","category-arkiv-nyheter","category-nyheter"],"yoast_head":"<!-- This site is optimized with the Yoast SEO Premium plugin v26.2 (Yoast SEO v27.5) - https:\/\/yoast.com\/product\/yoast-seo-premium-wordpress\/ -->\n<title>M\u00e1laga n\u00e4st b\u00e4sta staden i v\u00e4rlden att bo och arbeta i - Svenska Magasinet<\/title>\n<meta name=\"robots\" content=\"noindex, follow, max-snippet:-1, max-image-preview:large, max-video-preview:-1\" \/>\n<meta property=\"og:locale\" content=\"sv_SE\" \/>\n<meta property=\"og:type\" content=\"article\" \/>\n<meta property=\"og:title\" content=\"M\u00e1laga n\u00e4st b\u00e4sta staden i v\u00e4rlden att bo och arbeta i\" \/>\n<meta property=\"og:description\" content=\"Har du valt att bos\u00e4tta dig i M\u00e1laga f\u00f6r att arbeta? D\u00e5 har du valt r\u00e4tt. I en stor internationell ranking \u00e4r M\u00e1laga n\u00e4mligen den n\u00e4st b\u00e4sta staden i v\u00e4rlden f\u00f6r att bo och arbeta. Bara Kuala Lumpur rankas b\u00e4ttre. Det \u00e4r InterNations som ligger bakom den oberoende unders\u00f6kningen. InterNations \u00e4r en digital gemenskap f\u00f6r [&hellip;]\" \/>\n<meta property=\"og:url\" content=\"https:\/\/lightweb.dev\/l\/svm-temp\/nyheter\/malaga-nast-basta-staden-i-varlden-att-bo-och-arbeta-i\/\" \/>\n<meta property=\"og:site_name\" content=\"Svenska Magasinet\" \/>\n<meta property=\"article:publisher\" content=\"https:\/\/www.facebook.com\/svenskamagasinet\" \/>\n<meta property=\"article:published_time\" content=\"2021-12-10T09:42:00+00:00\" \/>\n<meta property=\"og:image\" content=\"https:\/\/lightweb.dev\/l\/svm-temp\/wp-content\/uploads\/2022\/04\/mlaga-nst-bsta-staden-i-vrlden-att-bo-och-arbeta-i.png\" \/>\n\t<meta property=\"og:image:width\" content=\"500\" \/>\n\t<meta property=\"og:image:height\" content=\"300\" \/>\n\t<meta property=\"og:image:type\" content=\"image\/png\" \/>\n<meta name=\"author\" content=\"Ola Josefsson\" \/>\n<meta name=\"twitter:card\" content=\"summary_large_image\" \/>\n<meta name=\"twitter:creator\" content=\"@SvenskaMagasine\" \/>\n<meta name=\"twitter:site\" content=\"@SvenskaMagasine\" \/>\n<script type=\"application\/ld+json\" class=\"yoast-schema-graph\">{\"@context\":\"https:\\\/\\\/schema.org\",\"@graph\":[{\"@type\":\"Article\",\"@id\":\"https:\\\/\\\/lightweb.dev\\\/l\\\/svm-temp\\\/nyheter\\\/malaga-nast-basta-staden-i-varlden-att-bo-och-arbeta-i\\\/#article\",\"isPartOf\":{\"@id\":\"https:\\\/\\\/lightweb.dev\\\/l\\\/svm-temp\\\/nyheter\\\/malaga-nast-basta-staden-i-varlden-att-bo-och-arbeta-i\\\/\"},\"author\":{\"name\":\"Ola Josefsson\",\"@id\":\"https:\\\/\\\/lightweb.dev\\\/l\\\/svm-temp\\\/#\\\/schema\\\/person\\\/7a82b8a73d171d32360a564b6d03508e\"},\"headline\":\"M\u00e1laga n\u00e4st b\u00e4sta staden i v\u00e4rlden att bo och arbeta i\",\"datePublished\":\"2021-12-10T09:42:00+00:00\",\"mainEntityOfPage\":{\"@id\":\"https:\\\/\\\/lightweb.dev\\\/l\\\/svm-temp\\\/nyheter\\\/malaga-nast-basta-staden-i-varlden-att-bo-och-arbeta-i\\\/\"},\"wordCount\":193,\"commentCount\":0,\"publisher\":{\"@id\":\"https:\\\/\\\/lightweb.dev\\\/l\\\/svm-temp\\\/#organization\"},\"image\":{\"@id\":\"https:\\\/\\\/lightweb.dev\\\/l\\\/svm-temp\\\/nyheter\\\/malaga-nast-basta-staden-i-varlden-att-bo-och-arbeta-i\\\/#primaryimage\"},\"thumbnailUrl\":\"https:\\\/\\\/lightweb.dev\\\/l\\\/svm-temp\\\/wp-content\\\/uploads\\\/2022\\\/04\\\/mlaga-nst-bsta-staden-i-vrlden-att-bo-och-arbeta-i.png\",\"articleSection\":[\"Arkiv\",\"Nyheter\"],\"inLanguage\":\"sv-SE\"},{\"@type\":\"WebPage\",\"@id\":\"https:\\\/\\\/lightweb.dev\\\/l\\\/svm-temp\\\/nyheter\\\/malaga-nast-basta-staden-i-varlden-att-bo-och-arbeta-i\\\/\",\"url\":\"https:\\\/\\\/lightweb.dev\\\/l\\\/svm-temp\\\/nyheter\\\/malaga-nast-basta-staden-i-varlden-att-bo-och-arbeta-i\\\/\",\"name\":\"M\u00e1laga n\u00e4st b\u00e4sta staden i v\u00e4rlden att bo och arbeta i - Svenska Magasinet\",\"isPartOf\":{\"@id\":\"https:\\\/\\\/lightweb.dev\\\/l\\\/svm-temp\\\/#website\"},\"primaryImageOfPage\":{\"@id\":\"https:\\\/\\\/lightweb.dev\\\/l\\\/svm-temp\\\/nyheter\\\/malaga-nast-basta-staden-i-varlden-att-bo-och-arbeta-i\\\/#primaryimage\"},\"image\":{\"@id\":\"https:\\\/\\\/lightweb.dev\\\/l\\\/svm-temp\\\/nyheter\\\/malaga-nast-basta-staden-i-varlden-att-bo-och-arbeta-i\\\/#primaryimage\"},\"thumbnailUrl\":\"https:\\\/\\\/lightweb.dev\\\/l\\\/svm-temp\\\/wp-content\\\/uploads\\\/2022\\\/04\\\/mlaga-nst-bsta-staden-i-vrlden-att-bo-och-arbeta-i.png\",\"datePublished\":\"2021-12-10T09:42:00+00:00\",\"breadcrumb\":{\"@id\":\"https:\\\/\\\/lightweb.dev\\\/l\\\/svm-temp\\\/nyheter\\\/malaga-nast-basta-staden-i-varlden-att-bo-och-arbeta-i\\\/#breadcrumb\"},\"inLanguage\":\"sv-SE\",\"potentialAction\":[{\"@type\":\"ReadAction\",\"target\":[\"https:\\\/\\\/lightweb.dev\\\/l\\\/svm-temp\\\/nyheter\\\/malaga-nast-basta-staden-i-varlden-att-bo-och-arbeta-i\\\/\"]}]},{\"@type\":\"ImageObject\",\"inLanguage\":\"sv-SE\",\"@id\":\"https:\\\/\\\/lightweb.dev\\\/l\\\/svm-temp\\\/nyheter\\\/malaga-nast-basta-staden-i-varlden-att-bo-och-arbeta-i\\\/#primaryimage\",\"url\":\"https:\\\/\\\/lightweb.dev\\\/l\\\/svm-temp\\\/wp-content\\\/uploads\\\/2022\\\/04\\\/mlaga-nst-bsta-staden-i-vrlden-att-bo-och-arbeta-i.png\",\"contentUrl\":\"https:\\\/\\\/lightweb.dev\\\/l\\\/svm-temp\\\/wp-content\\\/uploads\\\/2022\\\/04\\\/mlaga-nst-bsta-staden-i-vrlden-att-bo-och-arbeta-i.png\",\"width\":500,\"height\":300},{\"@type\":\"BreadcrumbList\",\"@id\":\"https:\\\/\\\/lightweb.dev\\\/l\\\/svm-temp\\\/nyheter\\\/malaga-nast-basta-staden-i-varlden-att-bo-och-arbeta-i\\\/#breadcrumb\",\"itemListElement\":[{\"@type\":\"ListItem\",\"position\":1,\"name\":\"Hem\",\"item\":\"https:\\\/\\\/lightweb.dev\\\/l\\\/svm-temp\\\/\"},{\"@type\":\"ListItem\",\"position\":2,\"name\":\"M\u00e1laga n\u00e4st b\u00e4sta staden i v\u00e4rlden att bo och arbeta i\"}]},{\"@type\":\"WebSite\",\"@id\":\"https:\\\/\\\/lightweb.dev\\\/l\\\/svm-temp\\\/#website\",\"url\":\"https:\\\/\\\/lightweb.dev\\\/l\\\/svm-temp\\\/\",\"name\":\"Svenska Magasinet\",\"description\":\"Dina Spanska nyheter p&aring; Svenska\",\"publisher\":{\"@id\":\"https:\\\/\\\/lightweb.dev\\\/l\\\/svm-temp\\\/#organization\"},\"potentialAction\":[{\"@type\":\"SearchAction\",\"target\":{\"@type\":\"EntryPoint\",\"urlTemplate\":\"https:\\\/\\\/lightweb.dev\\\/l\\\/svm-temp\\\/?s={search_term_string}\"},\"query-input\":{\"@type\":\"PropertyValueSpecification\",\"valueRequired\":true,\"valueName\":\"search_term_string\"}}],\"inLanguage\":\"sv-SE\"},{\"@type\":\"Organization\",\"@id\":\"https:\\\/\\\/lightweb.dev\\\/l\\\/svm-temp\\\/#organization\",\"name\":\"Melkerson y Nott SL\",\"alternateName\":\"Svenska Magasinet\",\"url\":\"https:\\\/\\\/lightweb.dev\\\/l\\\/svm-temp\\\/\",\"logo\":{\"@type\":\"ImageObject\",\"inLanguage\":\"sv-SE\",\"@id\":\"https:\\\/\\\/lightweb.dev\\\/l\\\/svm-temp\\\/#\\\/schema\\\/logo\\\/image\\\/\",\"url\":\"https:\\\/\\\/lightweb.dev\\\/l\\\/svm-temp\\\/wp-content\\\/uploads\\\/2025\\\/02\\\/SvM-logo-Xtra-Centrerad-SVART.png\",\"contentUrl\":\"https:\\\/\\\/lightweb.dev\\\/l\\\/svm-temp\\\/wp-content\\\/uploads\\\/2025\\\/02\\\/SvM-logo-Xtra-Centrerad-SVART.png\",\"width\":300,\"height\":99,\"caption\":\"Melkerson y Nott SL\"},\"image\":{\"@id\":\"https:\\\/\\\/lightweb.dev\\\/l\\\/svm-temp\\\/#\\\/schema\\\/logo\\\/image\\\/\"},\"sameAs\":[\"https:\\\/\\\/www.facebook.com\\\/svenskamagasinet\",\"https:\\\/\\\/x.com\\\/SvenskaMagasine\"]},{\"@type\":\"Person\",\"@id\":\"https:\\\/\\\/lightweb.dev\\\/l\\\/svm-temp\\\/#\\\/schema\\\/person\\\/7a82b8a73d171d32360a564b6d03508e\",\"name\":\"Ola Josefsson\",\"description\":\"Bevakar Solkusten och Spanien sedan 1994.\",\"sameAs\":[\"https:\\\/\\\/lightweb.dev\\\/l\\\/svm-temp\"],\"url\":\"https:\\\/\\\/lightweb.dev\\\/l\\\/svm-temp\\\/reporter\\\/ola-josefsson\\\/\"}]}<\/script>\n<!-- \/ Yoast SEO Premium plugin. -->","yoast_head_json":{"title":"M\u00e1laga n\u00e4st b\u00e4sta staden i v\u00e4rlden att bo och arbeta i - Svenska Magasinet","robots":{"index":"noindex","follow":"follow","max-snippet":"max-snippet:-1","max-image-preview":"max-image-preview:large","max-video-preview":"max-video-preview:-1"},"og_locale":"sv_SE","og_type":"article","og_title":"M\u00e1laga n\u00e4st b\u00e4sta staden i v\u00e4rlden att bo och arbeta i","og_description":"Har du valt att bos\u00e4tta dig i M\u00e1laga f\u00f6r att arbeta? D\u00e5 har du valt r\u00e4tt. I en stor internationell ranking \u00e4r M\u00e1laga n\u00e4mligen den n\u00e4st b\u00e4sta staden i v\u00e4rlden f\u00f6r att bo och arbeta. Bara Kuala Lumpur rankas b\u00e4ttre. Det \u00e4r InterNations som ligger bakom den oberoende unders\u00f6kningen. InterNations \u00e4r en digital gemenskap f\u00f6r [&hellip;]","og_url":"https:\/\/lightweb.dev\/l\/svm-temp\/nyheter\/malaga-nast-basta-staden-i-varlden-att-bo-och-arbeta-i\/","og_site_name":"Svenska Magasinet","article_publisher":"https:\/\/www.facebook.com\/svenskamagasinet","article_published_time":"2021-12-10T09:42:00+00:00","og_image":[{"width":500,"height":300,"url":"https:\/\/lightweb.dev\/l\/svm-temp\/wp-content\/uploads\/2022\/04\/mlaga-nst-bsta-staden-i-vrlden-att-bo-och-arbeta-i.png","type":"image\/png"}],"author":"Ola Josefsson","twitter_card":"summary_large_image","twitter_creator":"@SvenskaMagasine","twitter_site":"@SvenskaMagasine","schema":{"@context":"https:\/\/schema.org","@graph":[{"@type":"Article","@id":"https:\/\/lightweb.dev\/l\/svm-temp\/nyheter\/malaga-nast-basta-staden-i-varlden-att-bo-och-arbeta-i\/#article","isPartOf":{"@id":"https:\/\/lightweb.dev\/l\/svm-temp\/nyheter\/malaga-nast-basta-staden-i-varlden-att-bo-och-arbeta-i\/"},"author":{"name":"Ola Josefsson","@id":"https:\/\/lightweb.dev\/l\/svm-temp\/#\/schema\/person\/7a82b8a73d171d32360a564b6d03508e"},"headline":"M\u00e1laga n\u00e4st b\u00e4sta staden i v\u00e4rlden att bo och arbeta i","datePublished":"2021-12-10T09:42:00+00:00","mainEntityOfPage":{"@id":"https:\/\/lightweb.dev\/l\/svm-temp\/nyheter\/malaga-nast-basta-staden-i-varlden-att-bo-och-arbeta-i\/"},"wordCount":193,"commentCount":0,"publisher":{"@id":"https:\/\/lightweb.dev\/l\/svm-temp\/#organization"},"image":{"@id":"https:\/\/lightweb.dev\/l\/svm-temp\/nyheter\/malaga-nast-basta-staden-i-varlden-att-bo-och-arbeta-i\/#primaryimage"},"thumbnailUrl":"https:\/\/lightweb.dev\/l\/svm-temp\/wp-content\/uploads\/2022\/04\/mlaga-nst-bsta-staden-i-vrlden-att-bo-och-arbeta-i.png","articleSection":["Arkiv","Nyheter"],"inLanguage":"sv-SE"},{"@type":"WebPage","@id":"https:\/\/lightweb.dev\/l\/svm-temp\/nyheter\/malaga-nast-basta-staden-i-varlden-att-bo-och-arbeta-i\/","url":"https:\/\/lightweb.dev\/l\/svm-temp\/nyheter\/malaga-nast-basta-staden-i-varlden-att-bo-och-arbeta-i\/","name":"M\u00e1laga n\u00e4st b\u00e4sta staden i v\u00e4rlden att bo och arbeta i - Svenska Magasinet","isPartOf":{"@id":"https:\/\/lightweb.dev\/l\/svm-temp\/#website"},"primaryImageOfPage":{"@id":"https:\/\/lightweb.dev\/l\/svm-temp\/nyheter\/malaga-nast-basta-staden-i-varlden-att-bo-och-arbeta-i\/#primaryimage"},"image":{"@id":"https:\/\/lightweb.dev\/l\/svm-temp\/nyheter\/malaga-nast-basta-staden-i-varlden-att-bo-och-arbeta-i\/#primaryimage"},"thumbnailUrl":"https:\/\/lightweb.dev\/l\/svm-temp\/wp-content\/uploads\/2022\/04\/mlaga-nst-bsta-staden-i-vrlden-att-bo-och-arbeta-i.png","datePublished":"2021-12-10T09:42:00+00:00","breadcrumb":{"@id":"https:\/\/lightweb.dev\/l\/svm-temp\/nyheter\/malaga-nast-basta-staden-i-varlden-att-bo-och-arbeta-i\/#breadcrumb"},"inLanguage":"sv-SE","potentialAction":[{"@type":"ReadAction","target":["https:\/\/lightweb.dev\/l\/svm-temp\/nyheter\/malaga-nast-basta-staden-i-varlden-att-bo-och-arbeta-i\/"]}]},{"@type":"ImageObject","inLanguage":"sv-SE","@id":"https:\/\/lightweb.dev\/l\/svm-temp\/nyheter\/malaga-nast-basta-staden-i-varlden-att-bo-och-arbeta-i\/#primaryimage","url":"https:\/\/lightweb.dev\/l\/svm-temp\/wp-content\/uploads\/2022\/04\/mlaga-nst-bsta-staden-i-vrlden-att-bo-och-arbeta-i.png","contentUrl":"https:\/\/lightweb.dev\/l\/svm-temp\/wp-content\/uploads\/2022\/04\/mlaga-nst-bsta-staden-i-vrlden-att-bo-och-arbeta-i.png","width":500,"height":300},{"@type":"BreadcrumbList","@id":"https:\/\/lightweb.dev\/l\/svm-temp\/nyheter\/malaga-nast-basta-staden-i-varlden-att-bo-och-arbeta-i\/#breadcrumb","itemListElement":[{"@type":"ListItem","position":1,"name":"Hem","item":"https:\/\/lightweb.dev\/l\/svm-temp\/"},{"@type":"ListItem","position":2,"name":"M\u00e1laga n\u00e4st b\u00e4sta staden i v\u00e4rlden att bo och arbeta i"}]},{"@type":"WebSite","@id":"https:\/\/lightweb.dev\/l\/svm-temp\/#website","url":"https:\/\/lightweb.dev\/l\/svm-temp\/","name":"Svenska Magasinet","description":"Dina Spanska nyheter p&aring; Svenska","publisher":{"@id":"https:\/\/lightweb.dev\/l\/svm-temp\/#organization"},"potentialAction":[{"@type":"SearchAction","target":{"@type":"EntryPoint","urlTemplate":"https:\/\/lightweb.dev\/l\/svm-temp\/?s={search_term_string}"},"query-input":{"@type":"PropertyValueSpecification","valueRequired":true,"valueName":"search_term_string"}}],"inLanguage":"sv-SE"},{"@type":"Organization","@id":"https:\/\/lightweb.dev\/l\/svm-temp\/#organization","name":"Melkerson y Nott SL","alternateName":"Svenska Magasinet","url":"https:\/\/lightweb.dev\/l\/svm-temp\/","logo":{"@type":"ImageObject","inLanguage":"sv-SE","@id":"https:\/\/lightweb.dev\/l\/svm-temp\/#\/schema\/logo\/image\/","url":"https:\/\/lightweb.dev\/l\/svm-temp\/wp-content\/uploads\/2025\/02\/SvM-logo-Xtra-Centrerad-SVART.png","contentUrl":"https:\/\/lightweb.dev\/l\/svm-temp\/wp-content\/uploads\/2025\/02\/SvM-logo-Xtra-Centrerad-SVART.png","width":300,"height":99,"caption":"Melkerson y Nott SL"},"image":{"@id":"https:\/\/lightweb.dev\/l\/svm-temp\/#\/schema\/logo\/image\/"},"sameAs":["https:\/\/www.facebook.com\/svenskamagasinet","https:\/\/x.com\/SvenskaMagasine"]},{"@type":"Person","@id":"https:\/\/lightweb.dev\/l\/svm-temp\/#\/schema\/person\/7a82b8a73d171d32360a564b6d03508e","name":"Ola Josefsson","description":"Bevakar Solkusten och Spanien sedan 1994.","sameAs":["https:\/\/lightweb.dev\/l\/svm-temp"],"url":"https:\/\/lightweb.dev\/l\/svm-temp\/reporter\/ola-josefsson\/"}]}},"_links":{"self":[{"href":"https:\/\/lightweb.dev\/l\/svm-temp\/wp-json\/wp\/v2\/posts\/1049","targetHints":{"allow":["GET"]}}],"collection":[{"href":"https:\/\/lightweb.dev\/l\/svm-temp\/wp-json\/wp\/v2\/posts"}],"about":[{"href":"https:\/\/lightweb.dev\/l\/svm-temp\/wp-json\/wp\/v2\/types\/post"}],"author":[{"embeddable":true,"href":"https:\/\/lightweb.dev\/l\/svm-temp\/wp-json\/wp\/v2\/users\/7"}],"replies":[{"embeddable":true,"href":"https:\/\/lightweb.dev\/l\/svm-temp\/wp-json\/wp\/v2\/comments?post=1049"}],"version-history":[{"count":0,"href":"https:\/\/lightweb.dev\/l\/svm-temp\/wp-json\/wp\/v2\/posts\/1049\/revisions"}],"wp:featuredmedia":[{"embeddable":true,"href":"https:\/\/lightweb.dev\/l\/svm-temp\/wp-json\/wp\/v2\/media\/1050"}],"wp:attachment":[{"href":"https:\/\/lightweb.dev\/l\/svm-temp\/wp-json\/wp\/v2\/media?parent=1049"}],"wp:term":[{"taxonomy":"category","embeddable":true,"href":"https:\/\/lightweb.dev\/l\/svm-temp\/wp-json\/wp\/v2\/categories?post=1049"},{"taxonomy":"post_tag","embeddable":true,"href":"https:\/\/lightweb.dev\/l\/svm-temp\/wp-json\/wp\/v2\/tags?post=1049"}],"curies":[{"name":"wp","href":"https:\/\/api.w.org\/{rel}","templated":true}]}}