{"id":1055,"date":"2021-12-09T10:28:00","date_gmt":"2021-12-09T09:28:00","guid":{"rendered":"https:\/\/lightweb.dev\/l\/svm-temp\/stodet-for-sjalvstandighet-minskar-i-katalonien\/"},"modified":"2021-12-09T10:28:00","modified_gmt":"2021-12-09T09:28:00","slug":"stodet-for-sjalvstandighet-minskar-i-katalonien","status":"publish","type":"post","link":"https:\/\/lightweb.dev\/l\/svm-temp\/nyheter\/stodet-for-sjalvstandighet-minskar-i-katalonien\/","title":{"rendered":"St\u00f6det f\u00f6r sj\u00e4lvst\u00e4ndighet minskar i Katalonien"},"content":{"rendered":"<p> Inv\u00e5narna i Katalonien vill hellre se dialog och en ny finansieringsmodell mellan centralregeringen och regionen som ska ge ut\u00f6kat sj\u00e4lvstyre \u00e4n en folkomr\u00f6stning om sj\u00e4lvst\u00e4ndighet. St\u00f6det f\u00f6r sj\u00e4lvst\u00e4ndighet minskar.<\/p>\n<p>Enligt en f\u00e4rsk unders\u00f6kning fr\u00e5n ICPS (Instituto de Ciencias Pol\u00edticas y Sociales) vid ett universitet i Barcelona vill 53 procent av katalanerna fortsatt tillh\u00f6ra Spanien. \u201dBara\u201d 39 procent vill l\u00e4mna Spanien.<\/p>\n<p>Det kan j\u00e4mf\u00f6ras med opinionsunders\u00f6kningen f\u00f6r ett \u00e5r sedan d\u00e5 51 procent av katalanerna ville tillh\u00f6ra Spanien och 41 procent uppgav sig vara f\u00f6r sj\u00e4lvst\u00e4ndighet.<\/p>\n<p>N\u00e4r st\u00f6det f\u00f6r sj\u00e4lvst\u00e4ndighet var som starkast var det i praktiken helt j\u00e4mt mellan ja och nej-sidan. <\/p>\n<p>Pandemi och tr\u00f6tthet efter interna strider mellan katalanska separatistpartier pekas ut som orsaker till det minskade st\u00f6det f\u00f6r sj\u00e4lvst\u00e4ndighet.<\/p>\n","protected":false},"excerpt":{"rendered":"<p>Inv\u00e5narna i Katalonien vill hellre se dialog och en ny finansieringsmodell mellan centralregeringen och regionen som ska ge ut\u00f6kat sj\u00e4lvstyre \u00e4n en folkomr\u00f6stning om sj\u00e4lvst\u00e4ndighet. St\u00f6det f\u00f6r sj\u00e4lvst\u00e4ndighet minskar. Enligt en f\u00e4rsk unders\u00f6kning fr\u00e5n ICPS (Instituto de Ciencias Pol\u00edticas y Sociales) vid ett universitet i Barcelona vill 53 procent av katalanerna fortsatt tillh\u00f6ra Spanien. \u201dBara\u201d [&hellip;]<\/p>\n","protected":false},"author":7,"featured_media":1056,"comment_status":"open","ping_status":"open","sticky":false,"template":"","format":"standard","meta":{"_et_pb_use_builder":"","_et_pb_old_content":"","_et_gb_content_width":"","footnotes":""},"categories":[395,3],"tags":[],"class_list":["post-1055","post","type-post","status-publish","format-standard","has-post-thumbnail","hentry","category-arkiv-nyheter","category-nyheter"],"yoast_head":"<!-- This site is optimized with the Yoast SEO Premium plugin v26.2 (Yoast SEO v27.5) - https:\/\/yoast.com\/product\/yoast-seo-premium-wordpress\/ -->\n<title>St\u00f6det f\u00f6r sj\u00e4lvst\u00e4ndighet minskar i Katalonien - Svenska Magasinet<\/title>\n<meta name=\"robots\" content=\"noindex, follow, max-snippet:-1, max-image-preview:large, max-video-preview:-1\" \/>\n<meta property=\"og:locale\" content=\"sv_SE\" \/>\n<meta property=\"og:type\" content=\"article\" \/>\n<meta property=\"og:title\" content=\"St\u00f6det f\u00f6r sj\u00e4lvst\u00e4ndighet minskar i Katalonien\" \/>\n<meta property=\"og:description\" content=\"Inv\u00e5narna i Katalonien vill hellre se dialog och en ny finansieringsmodell mellan centralregeringen och regionen som ska ge ut\u00f6kat sj\u00e4lvstyre \u00e4n en folkomr\u00f6stning om sj\u00e4lvst\u00e4ndighet. St\u00f6det f\u00f6r sj\u00e4lvst\u00e4ndighet minskar. Enligt en f\u00e4rsk unders\u00f6kning fr\u00e5n ICPS (Instituto de Ciencias Pol\u00edticas y Sociales) vid ett universitet i Barcelona vill 53 procent av katalanerna fortsatt tillh\u00f6ra Spanien. \u201dBara\u201d [&hellip;]\" \/>\n<meta property=\"og:url\" content=\"https:\/\/lightweb.dev\/l\/svm-temp\/nyheter\/stodet-for-sjalvstandighet-minskar-i-katalonien\/\" \/>\n<meta property=\"og:site_name\" content=\"Svenska Magasinet\" \/>\n<meta property=\"article:publisher\" content=\"https:\/\/www.facebook.com\/svenskamagasinet\" \/>\n<meta property=\"article:published_time\" content=\"2021-12-09T09:28:00+00:00\" \/>\n<meta property=\"og:image\" content=\"https:\/\/lightweb.dev\/l\/svm-temp\/wp-content\/uploads\/2022\/04\/stdet-fr-sjlvstndighet-minskar-i-katalonien.png\" \/>\n\t<meta property=\"og:image:width\" content=\"500\" \/>\n\t<meta property=\"og:image:height\" content=\"301\" \/>\n\t<meta property=\"og:image:type\" content=\"image\/png\" \/>\n<meta name=\"author\" content=\"Ola Josefsson\" \/>\n<meta name=\"twitter:card\" content=\"summary_large_image\" \/>\n<meta name=\"twitter:creator\" content=\"@SvenskaMagasine\" \/>\n<meta name=\"twitter:site\" content=\"@SvenskaMagasine\" \/>\n<script type=\"application\/ld+json\" class=\"yoast-schema-graph\">{\"@context\":\"https:\\\/\\\/schema.org\",\"@graph\":[{\"@type\":\"Article\",\"@id\":\"https:\\\/\\\/lightweb.dev\\\/l\\\/svm-temp\\\/nyheter\\\/stodet-for-sjalvstandighet-minskar-i-katalonien\\\/#article\",\"isPartOf\":{\"@id\":\"https:\\\/\\\/lightweb.dev\\\/l\\\/svm-temp\\\/nyheter\\\/stodet-for-sjalvstandighet-minskar-i-katalonien\\\/\"},\"author\":{\"name\":\"Ola Josefsson\",\"@id\":\"https:\\\/\\\/lightweb.dev\\\/l\\\/svm-temp\\\/#\\\/schema\\\/person\\\/7a82b8a73d171d32360a564b6d03508e\"},\"headline\":\"St\u00f6det f\u00f6r sj\u00e4lvst\u00e4ndighet minskar i Katalonien\",\"datePublished\":\"2021-12-09T09:28:00+00:00\",\"mainEntityOfPage\":{\"@id\":\"https:\\\/\\\/lightweb.dev\\\/l\\\/svm-temp\\\/nyheter\\\/stodet-for-sjalvstandighet-minskar-i-katalonien\\\/\"},\"wordCount\":162,\"commentCount\":0,\"publisher\":{\"@id\":\"https:\\\/\\\/lightweb.dev\\\/l\\\/svm-temp\\\/#organization\"},\"image\":{\"@id\":\"https:\\\/\\\/lightweb.dev\\\/l\\\/svm-temp\\\/nyheter\\\/stodet-for-sjalvstandighet-minskar-i-katalonien\\\/#primaryimage\"},\"thumbnailUrl\":\"https:\\\/\\\/lightweb.dev\\\/l\\\/svm-temp\\\/wp-content\\\/uploads\\\/2022\\\/04\\\/stdet-fr-sjlvstndighet-minskar-i-katalonien.png\",\"articleSection\":[\"Arkiv\",\"Nyheter\"],\"inLanguage\":\"sv-SE\"},{\"@type\":\"WebPage\",\"@id\":\"https:\\\/\\\/lightweb.dev\\\/l\\\/svm-temp\\\/nyheter\\\/stodet-for-sjalvstandighet-minskar-i-katalonien\\\/\",\"url\":\"https:\\\/\\\/lightweb.dev\\\/l\\\/svm-temp\\\/nyheter\\\/stodet-for-sjalvstandighet-minskar-i-katalonien\\\/\",\"name\":\"St\u00f6det f\u00f6r sj\u00e4lvst\u00e4ndighet minskar i Katalonien - Svenska Magasinet\",\"isPartOf\":{\"@id\":\"https:\\\/\\\/lightweb.dev\\\/l\\\/svm-temp\\\/#website\"},\"primaryImageOfPage\":{\"@id\":\"https:\\\/\\\/lightweb.dev\\\/l\\\/svm-temp\\\/nyheter\\\/stodet-for-sjalvstandighet-minskar-i-katalonien\\\/#primaryimage\"},\"image\":{\"@id\":\"https:\\\/\\\/lightweb.dev\\\/l\\\/svm-temp\\\/nyheter\\\/stodet-for-sjalvstandighet-minskar-i-katalonien\\\/#primaryimage\"},\"thumbnailUrl\":\"https:\\\/\\\/lightweb.dev\\\/l\\\/svm-temp\\\/wp-content\\\/uploads\\\/2022\\\/04\\\/stdet-fr-sjlvstndighet-minskar-i-katalonien.png\",\"datePublished\":\"2021-12-09T09:28:00+00:00\",\"breadcrumb\":{\"@id\":\"https:\\\/\\\/lightweb.dev\\\/l\\\/svm-temp\\\/nyheter\\\/stodet-for-sjalvstandighet-minskar-i-katalonien\\\/#breadcrumb\"},\"inLanguage\":\"sv-SE\",\"potentialAction\":[{\"@type\":\"ReadAction\",\"target\":[\"https:\\\/\\\/lightweb.dev\\\/l\\\/svm-temp\\\/nyheter\\\/stodet-for-sjalvstandighet-minskar-i-katalonien\\\/\"]}]},{\"@type\":\"ImageObject\",\"inLanguage\":\"sv-SE\",\"@id\":\"https:\\\/\\\/lightweb.dev\\\/l\\\/svm-temp\\\/nyheter\\\/stodet-for-sjalvstandighet-minskar-i-katalonien\\\/#primaryimage\",\"url\":\"https:\\\/\\\/lightweb.dev\\\/l\\\/svm-temp\\\/wp-content\\\/uploads\\\/2022\\\/04\\\/stdet-fr-sjlvstndighet-minskar-i-katalonien.png\",\"contentUrl\":\"https:\\\/\\\/lightweb.dev\\\/l\\\/svm-temp\\\/wp-content\\\/uploads\\\/2022\\\/04\\\/stdet-fr-sjlvstndighet-minskar-i-katalonien.png\",\"width\":500,\"height\":301},{\"@type\":\"BreadcrumbList\",\"@id\":\"https:\\\/\\\/lightweb.dev\\\/l\\\/svm-temp\\\/nyheter\\\/stodet-for-sjalvstandighet-minskar-i-katalonien\\\/#breadcrumb\",\"itemListElement\":[{\"@type\":\"ListItem\",\"position\":1,\"name\":\"Hem\",\"item\":\"https:\\\/\\\/lightweb.dev\\\/l\\\/svm-temp\\\/\"},{\"@type\":\"ListItem\",\"position\":2,\"name\":\"St\u00f6det f\u00f6r sj\u00e4lvst\u00e4ndighet minskar i Katalonien\"}]},{\"@type\":\"WebSite\",\"@id\":\"https:\\\/\\\/lightweb.dev\\\/l\\\/svm-temp\\\/#website\",\"url\":\"https:\\\/\\\/lightweb.dev\\\/l\\\/svm-temp\\\/\",\"name\":\"Svenska Magasinet\",\"description\":\"Dina Spanska nyheter p&aring; Svenska\",\"publisher\":{\"@id\":\"https:\\\/\\\/lightweb.dev\\\/l\\\/svm-temp\\\/#organization\"},\"potentialAction\":[{\"@type\":\"SearchAction\",\"target\":{\"@type\":\"EntryPoint\",\"urlTemplate\":\"https:\\\/\\\/lightweb.dev\\\/l\\\/svm-temp\\\/?s={search_term_string}\"},\"query-input\":{\"@type\":\"PropertyValueSpecification\",\"valueRequired\":true,\"valueName\":\"search_term_string\"}}],\"inLanguage\":\"sv-SE\"},{\"@type\":\"Organization\",\"@id\":\"https:\\\/\\\/lightweb.dev\\\/l\\\/svm-temp\\\/#organization\",\"name\":\"Melkerson y Nott SL\",\"alternateName\":\"Svenska Magasinet\",\"url\":\"https:\\\/\\\/lightweb.dev\\\/l\\\/svm-temp\\\/\",\"logo\":{\"@type\":\"ImageObject\",\"inLanguage\":\"sv-SE\",\"@id\":\"https:\\\/\\\/lightweb.dev\\\/l\\\/svm-temp\\\/#\\\/schema\\\/logo\\\/image\\\/\",\"url\":\"https:\\\/\\\/lightweb.dev\\\/l\\\/svm-temp\\\/wp-content\\\/uploads\\\/2025\\\/02\\\/SvM-logo-Xtra-Centrerad-SVART.png\",\"contentUrl\":\"https:\\\/\\\/lightweb.dev\\\/l\\\/svm-temp\\\/wp-content\\\/uploads\\\/2025\\\/02\\\/SvM-logo-Xtra-Centrerad-SVART.png\",\"width\":300,\"height\":99,\"caption\":\"Melkerson y Nott SL\"},\"image\":{\"@id\":\"https:\\\/\\\/lightweb.dev\\\/l\\\/svm-temp\\\/#\\\/schema\\\/logo\\\/image\\\/\"},\"sameAs\":[\"https:\\\/\\\/www.facebook.com\\\/svenskamagasinet\",\"https:\\\/\\\/x.com\\\/SvenskaMagasine\"]},{\"@type\":\"Person\",\"@id\":\"https:\\\/\\\/lightweb.dev\\\/l\\\/svm-temp\\\/#\\\/schema\\\/person\\\/7a82b8a73d171d32360a564b6d03508e\",\"name\":\"Ola Josefsson\",\"description\":\"Bevakar Solkusten och Spanien sedan 1994.\",\"sameAs\":[\"https:\\\/\\\/lightweb.dev\\\/l\\\/svm-temp\"],\"url\":\"https:\\\/\\\/lightweb.dev\\\/l\\\/svm-temp\\\/reporter\\\/ola-josefsson\\\/\"}]}<\/script>\n<!-- \/ Yoast SEO Premium plugin. -->","yoast_head_json":{"title":"St\u00f6det f\u00f6r sj\u00e4lvst\u00e4ndighet minskar i Katalonien - Svenska Magasinet","robots":{"index":"noindex","follow":"follow","max-snippet":"max-snippet:-1","max-image-preview":"max-image-preview:large","max-video-preview":"max-video-preview:-1"},"og_locale":"sv_SE","og_type":"article","og_title":"St\u00f6det f\u00f6r sj\u00e4lvst\u00e4ndighet minskar i Katalonien","og_description":"Inv\u00e5narna i Katalonien vill hellre se dialog och en ny finansieringsmodell mellan centralregeringen och regionen som ska ge ut\u00f6kat sj\u00e4lvstyre \u00e4n en folkomr\u00f6stning om sj\u00e4lvst\u00e4ndighet. St\u00f6det f\u00f6r sj\u00e4lvst\u00e4ndighet minskar. Enligt en f\u00e4rsk unders\u00f6kning fr\u00e5n ICPS (Instituto de Ciencias Pol\u00edticas y Sociales) vid ett universitet i Barcelona vill 53 procent av katalanerna fortsatt tillh\u00f6ra Spanien. \u201dBara\u201d [&hellip;]","og_url":"https:\/\/lightweb.dev\/l\/svm-temp\/nyheter\/stodet-for-sjalvstandighet-minskar-i-katalonien\/","og_site_name":"Svenska Magasinet","article_publisher":"https:\/\/www.facebook.com\/svenskamagasinet","article_published_time":"2021-12-09T09:28:00+00:00","og_image":[{"width":500,"height":301,"url":"https:\/\/lightweb.dev\/l\/svm-temp\/wp-content\/uploads\/2022\/04\/stdet-fr-sjlvstndighet-minskar-i-katalonien.png","type":"image\/png"}],"author":"Ola Josefsson","twitter_card":"summary_large_image","twitter_creator":"@SvenskaMagasine","twitter_site":"@SvenskaMagasine","schema":{"@context":"https:\/\/schema.org","@graph":[{"@type":"Article","@id":"https:\/\/lightweb.dev\/l\/svm-temp\/nyheter\/stodet-for-sjalvstandighet-minskar-i-katalonien\/#article","isPartOf":{"@id":"https:\/\/lightweb.dev\/l\/svm-temp\/nyheter\/stodet-for-sjalvstandighet-minskar-i-katalonien\/"},"author":{"name":"Ola Josefsson","@id":"https:\/\/lightweb.dev\/l\/svm-temp\/#\/schema\/person\/7a82b8a73d171d32360a564b6d03508e"},"headline":"St\u00f6det f\u00f6r sj\u00e4lvst\u00e4ndighet minskar i Katalonien","datePublished":"2021-12-09T09:28:00+00:00","mainEntityOfPage":{"@id":"https:\/\/lightweb.dev\/l\/svm-temp\/nyheter\/stodet-for-sjalvstandighet-minskar-i-katalonien\/"},"wordCount":162,"commentCount":0,"publisher":{"@id":"https:\/\/lightweb.dev\/l\/svm-temp\/#organization"},"image":{"@id":"https:\/\/lightweb.dev\/l\/svm-temp\/nyheter\/stodet-for-sjalvstandighet-minskar-i-katalonien\/#primaryimage"},"thumbnailUrl":"https:\/\/lightweb.dev\/l\/svm-temp\/wp-content\/uploads\/2022\/04\/stdet-fr-sjlvstndighet-minskar-i-katalonien.png","articleSection":["Arkiv","Nyheter"],"inLanguage":"sv-SE"},{"@type":"WebPage","@id":"https:\/\/lightweb.dev\/l\/svm-temp\/nyheter\/stodet-for-sjalvstandighet-minskar-i-katalonien\/","url":"https:\/\/lightweb.dev\/l\/svm-temp\/nyheter\/stodet-for-sjalvstandighet-minskar-i-katalonien\/","name":"St\u00f6det f\u00f6r sj\u00e4lvst\u00e4ndighet minskar i Katalonien - Svenska Magasinet","isPartOf":{"@id":"https:\/\/lightweb.dev\/l\/svm-temp\/#website"},"primaryImageOfPage":{"@id":"https:\/\/lightweb.dev\/l\/svm-temp\/nyheter\/stodet-for-sjalvstandighet-minskar-i-katalonien\/#primaryimage"},"image":{"@id":"https:\/\/lightweb.dev\/l\/svm-temp\/nyheter\/stodet-for-sjalvstandighet-minskar-i-katalonien\/#primaryimage"},"thumbnailUrl":"https:\/\/lightweb.dev\/l\/svm-temp\/wp-content\/uploads\/2022\/04\/stdet-fr-sjlvstndighet-minskar-i-katalonien.png","datePublished":"2021-12-09T09:28:00+00:00","breadcrumb":{"@id":"https:\/\/lightweb.dev\/l\/svm-temp\/nyheter\/stodet-for-sjalvstandighet-minskar-i-katalonien\/#breadcrumb"},"inLanguage":"sv-SE","potentialAction":[{"@type":"ReadAction","target":["https:\/\/lightweb.dev\/l\/svm-temp\/nyheter\/stodet-for-sjalvstandighet-minskar-i-katalonien\/"]}]},{"@type":"ImageObject","inLanguage":"sv-SE","@id":"https:\/\/lightweb.dev\/l\/svm-temp\/nyheter\/stodet-for-sjalvstandighet-minskar-i-katalonien\/#primaryimage","url":"https:\/\/lightweb.dev\/l\/svm-temp\/wp-content\/uploads\/2022\/04\/stdet-fr-sjlvstndighet-minskar-i-katalonien.png","contentUrl":"https:\/\/lightweb.dev\/l\/svm-temp\/wp-content\/uploads\/2022\/04\/stdet-fr-sjlvstndighet-minskar-i-katalonien.png","width":500,"height":301},{"@type":"BreadcrumbList","@id":"https:\/\/lightweb.dev\/l\/svm-temp\/nyheter\/stodet-for-sjalvstandighet-minskar-i-katalonien\/#breadcrumb","itemListElement":[{"@type":"ListItem","position":1,"name":"Hem","item":"https:\/\/lightweb.dev\/l\/svm-temp\/"},{"@type":"ListItem","position":2,"name":"St\u00f6det f\u00f6r sj\u00e4lvst\u00e4ndighet minskar i Katalonien"}]},{"@type":"WebSite","@id":"https:\/\/lightweb.dev\/l\/svm-temp\/#website","url":"https:\/\/lightweb.dev\/l\/svm-temp\/","name":"Svenska Magasinet","description":"Dina Spanska nyheter p&aring; Svenska","publisher":{"@id":"https:\/\/lightweb.dev\/l\/svm-temp\/#organization"},"potentialAction":[{"@type":"SearchAction","target":{"@type":"EntryPoint","urlTemplate":"https:\/\/lightweb.dev\/l\/svm-temp\/?s={search_term_string}"},"query-input":{"@type":"PropertyValueSpecification","valueRequired":true,"valueName":"search_term_string"}}],"inLanguage":"sv-SE"},{"@type":"Organization","@id":"https:\/\/lightweb.dev\/l\/svm-temp\/#organization","name":"Melkerson y Nott SL","alternateName":"Svenska Magasinet","url":"https:\/\/lightweb.dev\/l\/svm-temp\/","logo":{"@type":"ImageObject","inLanguage":"sv-SE","@id":"https:\/\/lightweb.dev\/l\/svm-temp\/#\/schema\/logo\/image\/","url":"https:\/\/lightweb.dev\/l\/svm-temp\/wp-content\/uploads\/2025\/02\/SvM-logo-Xtra-Centrerad-SVART.png","contentUrl":"https:\/\/lightweb.dev\/l\/svm-temp\/wp-content\/uploads\/2025\/02\/SvM-logo-Xtra-Centrerad-SVART.png","width":300,"height":99,"caption":"Melkerson y Nott SL"},"image":{"@id":"https:\/\/lightweb.dev\/l\/svm-temp\/#\/schema\/logo\/image\/"},"sameAs":["https:\/\/www.facebook.com\/svenskamagasinet","https:\/\/x.com\/SvenskaMagasine"]},{"@type":"Person","@id":"https:\/\/lightweb.dev\/l\/svm-temp\/#\/schema\/person\/7a82b8a73d171d32360a564b6d03508e","name":"Ola Josefsson","description":"Bevakar Solkusten och Spanien sedan 1994.","sameAs":["https:\/\/lightweb.dev\/l\/svm-temp"],"url":"https:\/\/lightweb.dev\/l\/svm-temp\/reporter\/ola-josefsson\/"}]}},"_links":{"self":[{"href":"https:\/\/lightweb.dev\/l\/svm-temp\/wp-json\/wp\/v2\/posts\/1055","targetHints":{"allow":["GET"]}}],"collection":[{"href":"https:\/\/lightweb.dev\/l\/svm-temp\/wp-json\/wp\/v2\/posts"}],"about":[{"href":"https:\/\/lightweb.dev\/l\/svm-temp\/wp-json\/wp\/v2\/types\/post"}],"author":[{"embeddable":true,"href":"https:\/\/lightweb.dev\/l\/svm-temp\/wp-json\/wp\/v2\/users\/7"}],"replies":[{"embeddable":true,"href":"https:\/\/lightweb.dev\/l\/svm-temp\/wp-json\/wp\/v2\/comments?post=1055"}],"version-history":[{"count":0,"href":"https:\/\/lightweb.dev\/l\/svm-temp\/wp-json\/wp\/v2\/posts\/1055\/revisions"}],"wp:featuredmedia":[{"embeddable":true,"href":"https:\/\/lightweb.dev\/l\/svm-temp\/wp-json\/wp\/v2\/media\/1056"}],"wp:attachment":[{"href":"https:\/\/lightweb.dev\/l\/svm-temp\/wp-json\/wp\/v2\/media?parent=1055"}],"wp:term":[{"taxonomy":"category","embeddable":true,"href":"https:\/\/lightweb.dev\/l\/svm-temp\/wp-json\/wp\/v2\/categories?post=1055"},{"taxonomy":"post_tag","embeddable":true,"href":"https:\/\/lightweb.dev\/l\/svm-temp\/wp-json\/wp\/v2\/tags?post=1055"}],"curies":[{"name":"wp","href":"https:\/\/api.w.org\/{rel}","templated":true}]}}