{"id":1059,"date":"2021-12-09T15:44:00","date_gmt":"2021-12-09T14:44:00","guid":{"rendered":"https:\/\/lightweb.dev\/l\/svm-temp\/ar-du-inte-vanster-sa-ar-du-fascist\/"},"modified":"2021-12-09T15:44:00","modified_gmt":"2021-12-09T14:44:00","slug":"ar-du-inte-vanster-sa-ar-du-fascist","status":"publish","type":"post","link":"https:\/\/lightweb.dev\/l\/svm-temp\/nyheter\/ar-du-inte-vanster-sa-ar-du-fascist\/","title":{"rendered":"\u201d\u00c4r du inte v\u00e4nster s\u00e5 \u00e4r du fascist\u201d"},"content":{"rendered":"<p> Spaniens vridning mot populism b\u00f6rjade under Rodr\u00edguez Zapatero. Om du inte tycker som v\u00e4nstern \u00e4r du fascist. Det har blivit typiskt f\u00f6r Spanien. Det s\u00e4ger f\u00f6rfattaren och filosofen Fernando Savater (San Sebasti\u00e1n, 1947) som precis har gett ut boken \u201dSolo integral\u201d (Ariel).<\/p>\n<p>Boken best\u00e5r av Savaters fr\u00e4msta texter som tidigare har blivit publicerade. Det handlar om separatism, ETA, v\u00e4nstern, h\u00f6gern, populism bland annat. Alla kan k\u00e4nna sig tr\u00e4ffade.<\/p>\n<p>Och Fernando Savater g\u00e5r h\u00e5rt \u00e5t den spanska v\u00e4nstern som har f\u00f6r\u00e4ndrat sig till det s\u00e4mre.<\/p>\n<p>I en intervju ber\u00e4ttar Savater om n\u00e5got som bara h\u00e4nder i Spanien. Du st\u00e4mplas som fascist om du inte \u00e4r v\u00e4nster.<br \/>\n&#8211; Men \u00f6verallt finns det demokrater till v\u00e4nster och till h\u00f6ger. Men h\u00e4r i Spanien m\u00e5ste h\u00f6gerorienterade vara v\u00e4nster. <\/p>\n<p>Savater s\u00e4ger att den f\u00f6rsta v\u00e4nstern var universell och social med personligheter som Marcelino Camacho och Santiago Carrillo.<br \/>\n&#8211; Jag har suttit i f\u00e4ngelse med Camacho och han hade det mest gripande talet i att f\u00f6rsvara 1978-\u00e5rs konstitution. Idag t\u00e4vlar alla p\u00e5 v\u00e4nsterkanten om att g\u00e5 emot grundlagen. V\u00e4ndningen mot populism b\u00f6rjade med Zapatero och nu har S\u00e1nchezregeringen samlat det v\u00e4rsta av sitt slag i varje hus.<\/p>\n<p>Fernando Savater \u00e4r besviken p\u00e5 utvecklingen i Spanien och politiken. Han har st\u00e5tt upp till f\u00f6rsvar f\u00f6r en upplyst, moderat mittenalternativ som kan liknas vid en socialdemokrati med liberala inslag.<\/p>\n<p>Han \u00e4r kritisk n\u00e4r det pratas om extremism i Spanien som alltid identifieras med h\u00f6gern precis som om det inte fanns n\u00e5gon extremv\u00e4nster.<br \/>\n&#8211; Vox har sitt st\u00f6d men det \u00e4r l\u00e5ngt ifr\u00e5n j\u00e4mf\u00f6rbart med Podemos som \u00e4r klassisk kommunism. B\u00e5da \u00e4r extrema alternativ och b\u00e5da kan vara icke \u00f6nskv\u00e4rda, men vi har redan extremv\u00e4nstern i regeringen.<\/p>\n<p>Om Savater blir tvungen att v\u00e4lja mellan Santiago Abascal och Pablo Iglesias s\u00e5 blir det Abascal.<\/p>\n<p>&#8211; Jag har k\u00e4nt honom sedan han var ung och vi har varit tillsammans i \u00a1Basta ya! Normalt sett bed\u00f6mer jag m\u00e4nniskor efter var de befann sig under de \u00e5r n\u00e4r de var tvungna att riskera sina liv f\u00f6r att konfrontera och ta avst\u00e5nd mot terrorism. D\u00e4r var Santiago Abascal, i kampen mot ETA och mot nationalism, medan Iglesias \u00e5 andra sidan, fl\u00f6rtade med den andra sidan. N\u00e4r det \u00e4r dags att r\u00f6sta f\u00e5r ingen av dessa min r\u00f6st.<\/p>\n<p>I sin bok skriver Fernando Savater att ETA inte \u00e4r bra begravd.<\/p>\n<p>&#8211; ETA \u00e4r en politisk r\u00f6relse som anv\u00e4nde v\u00e5ld. Att de slutade med v\u00e5ld beror inte p\u00e5 att Zapatero gjorde \u00f6verenskommelser med Otegi. I st\u00e4llet handlade det om att Guardia Civil och domarna med Frankrike inte blev den fristad f\u00f6r ETA som det tidigare var.<\/p>\n<p>(Foto: Gonzalo Merat)<\/p>\n","protected":false},"excerpt":{"rendered":"<p>Spaniens vridning mot populism b\u00f6rjade under Rodr\u00edguez Zapatero. Om du inte tycker som v\u00e4nstern \u00e4r du fascist. Det har blivit typiskt f\u00f6r Spanien. Det s\u00e4ger f\u00f6rfattaren och filosofen Fernando Savater (San Sebasti\u00e1n, 1947) som precis har gett ut boken \u201dSolo integral\u201d (Ariel). Boken best\u00e5r av Savaters fr\u00e4msta texter som tidigare har blivit publicerade. Det handlar [&hellip;]<\/p>\n","protected":false},"author":7,"featured_media":1060,"comment_status":"open","ping_status":"open","sticky":false,"template":"","format":"standard","meta":{"_et_pb_use_builder":"","_et_pb_old_content":"","_et_gb_content_width":"","footnotes":""},"categories":[395,3],"tags":[],"class_list":["post-1059","post","type-post","status-publish","format-standard","has-post-thumbnail","hentry","category-arkiv-nyheter","category-nyheter"],"yoast_head":"<!-- This site is optimized with the Yoast SEO Premium plugin v26.2 (Yoast SEO v27.5) - https:\/\/yoast.com\/product\/yoast-seo-premium-wordpress\/ -->\n<title>\u201d\u00c4r du inte v\u00e4nster s\u00e5 \u00e4r du fascist\u201d - Svenska Magasinet<\/title>\n<meta name=\"robots\" content=\"noindex, follow, max-snippet:-1, max-image-preview:large, max-video-preview:-1\" \/>\n<meta property=\"og:locale\" content=\"sv_SE\" \/>\n<meta property=\"og:type\" content=\"article\" \/>\n<meta property=\"og:title\" content=\"\u201d\u00c4r du inte v\u00e4nster s\u00e5 \u00e4r du fascist\u201d\" \/>\n<meta property=\"og:description\" content=\"Spaniens vridning mot populism b\u00f6rjade under Rodr\u00edguez Zapatero. Om du inte tycker som v\u00e4nstern \u00e4r du fascist. Det har blivit typiskt f\u00f6r Spanien. Det s\u00e4ger f\u00f6rfattaren och filosofen Fernando Savater (San Sebasti\u00e1n, 1947) som precis har gett ut boken \u201dSolo integral\u201d (Ariel). Boken best\u00e5r av Savaters fr\u00e4msta texter som tidigare har blivit publicerade. Det handlar [&hellip;]\" \/>\n<meta property=\"og:url\" content=\"https:\/\/lightweb.dev\/l\/svm-temp\/nyheter\/ar-du-inte-vanster-sa-ar-du-fascist\/\" \/>\n<meta property=\"og:site_name\" content=\"Svenska Magasinet\" \/>\n<meta property=\"article:publisher\" content=\"https:\/\/www.facebook.com\/svenskamagasinet\" \/>\n<meta property=\"article:published_time\" content=\"2021-12-09T14:44:00+00:00\" \/>\n<meta property=\"og:image\" content=\"https:\/\/lightweb.dev\/l\/svm-temp\/wp-content\/uploads\/2022\/04\/r-du-inte-vnster-s-r-du-fascist.png\" \/>\n\t<meta property=\"og:image:width\" content=\"500\" \/>\n\t<meta property=\"og:image:height\" content=\"300\" \/>\n\t<meta property=\"og:image:type\" content=\"image\/png\" \/>\n<meta name=\"author\" content=\"Ola Josefsson\" \/>\n<meta name=\"twitter:card\" content=\"summary_large_image\" \/>\n<meta name=\"twitter:creator\" content=\"@SvenskaMagasine\" \/>\n<meta name=\"twitter:site\" content=\"@SvenskaMagasine\" \/>\n<script type=\"application\/ld+json\" class=\"yoast-schema-graph\">{\"@context\":\"https:\\\/\\\/schema.org\",\"@graph\":[{\"@type\":\"Article\",\"@id\":\"https:\\\/\\\/lightweb.dev\\\/l\\\/svm-temp\\\/nyheter\\\/ar-du-inte-vanster-sa-ar-du-fascist\\\/#article\",\"isPartOf\":{\"@id\":\"https:\\\/\\\/lightweb.dev\\\/l\\\/svm-temp\\\/nyheter\\\/ar-du-inte-vanster-sa-ar-du-fascist\\\/\"},\"author\":{\"name\":\"Ola Josefsson\",\"@id\":\"https:\\\/\\\/lightweb.dev\\\/l\\\/svm-temp\\\/#\\\/schema\\\/person\\\/7a82b8a73d171d32360a564b6d03508e\"},\"headline\":\"\u201d\u00c4r du inte v\u00e4nster s\u00e5 \u00e4r du fascist\u201d\",\"datePublished\":\"2021-12-09T14:44:00+00:00\",\"mainEntityOfPage\":{\"@id\":\"https:\\\/\\\/lightweb.dev\\\/l\\\/svm-temp\\\/nyheter\\\/ar-du-inte-vanster-sa-ar-du-fascist\\\/\"},\"wordCount\":517,\"commentCount\":0,\"publisher\":{\"@id\":\"https:\\\/\\\/lightweb.dev\\\/l\\\/svm-temp\\\/#organization\"},\"image\":{\"@id\":\"https:\\\/\\\/lightweb.dev\\\/l\\\/svm-temp\\\/nyheter\\\/ar-du-inte-vanster-sa-ar-du-fascist\\\/#primaryimage\"},\"thumbnailUrl\":\"https:\\\/\\\/lightweb.dev\\\/l\\\/svm-temp\\\/wp-content\\\/uploads\\\/2022\\\/04\\\/r-du-inte-vnster-s-r-du-fascist.png\",\"articleSection\":[\"Arkiv\",\"Nyheter\"],\"inLanguage\":\"sv-SE\"},{\"@type\":\"WebPage\",\"@id\":\"https:\\\/\\\/lightweb.dev\\\/l\\\/svm-temp\\\/nyheter\\\/ar-du-inte-vanster-sa-ar-du-fascist\\\/\",\"url\":\"https:\\\/\\\/lightweb.dev\\\/l\\\/svm-temp\\\/nyheter\\\/ar-du-inte-vanster-sa-ar-du-fascist\\\/\",\"name\":\"\u201d\u00c4r du inte v\u00e4nster s\u00e5 \u00e4r du fascist\u201d - Svenska Magasinet\",\"isPartOf\":{\"@id\":\"https:\\\/\\\/lightweb.dev\\\/l\\\/svm-temp\\\/#website\"},\"primaryImageOfPage\":{\"@id\":\"https:\\\/\\\/lightweb.dev\\\/l\\\/svm-temp\\\/nyheter\\\/ar-du-inte-vanster-sa-ar-du-fascist\\\/#primaryimage\"},\"image\":{\"@id\":\"https:\\\/\\\/lightweb.dev\\\/l\\\/svm-temp\\\/nyheter\\\/ar-du-inte-vanster-sa-ar-du-fascist\\\/#primaryimage\"},\"thumbnailUrl\":\"https:\\\/\\\/lightweb.dev\\\/l\\\/svm-temp\\\/wp-content\\\/uploads\\\/2022\\\/04\\\/r-du-inte-vnster-s-r-du-fascist.png\",\"datePublished\":\"2021-12-09T14:44:00+00:00\",\"breadcrumb\":{\"@id\":\"https:\\\/\\\/lightweb.dev\\\/l\\\/svm-temp\\\/nyheter\\\/ar-du-inte-vanster-sa-ar-du-fascist\\\/#breadcrumb\"},\"inLanguage\":\"sv-SE\",\"potentialAction\":[{\"@type\":\"ReadAction\",\"target\":[\"https:\\\/\\\/lightweb.dev\\\/l\\\/svm-temp\\\/nyheter\\\/ar-du-inte-vanster-sa-ar-du-fascist\\\/\"]}]},{\"@type\":\"ImageObject\",\"inLanguage\":\"sv-SE\",\"@id\":\"https:\\\/\\\/lightweb.dev\\\/l\\\/svm-temp\\\/nyheter\\\/ar-du-inte-vanster-sa-ar-du-fascist\\\/#primaryimage\",\"url\":\"https:\\\/\\\/lightweb.dev\\\/l\\\/svm-temp\\\/wp-content\\\/uploads\\\/2022\\\/04\\\/r-du-inte-vnster-s-r-du-fascist.png\",\"contentUrl\":\"https:\\\/\\\/lightweb.dev\\\/l\\\/svm-temp\\\/wp-content\\\/uploads\\\/2022\\\/04\\\/r-du-inte-vnster-s-r-du-fascist.png\",\"width\":500,\"height\":300},{\"@type\":\"BreadcrumbList\",\"@id\":\"https:\\\/\\\/lightweb.dev\\\/l\\\/svm-temp\\\/nyheter\\\/ar-du-inte-vanster-sa-ar-du-fascist\\\/#breadcrumb\",\"itemListElement\":[{\"@type\":\"ListItem\",\"position\":1,\"name\":\"Hem\",\"item\":\"https:\\\/\\\/lightweb.dev\\\/l\\\/svm-temp\\\/\"},{\"@type\":\"ListItem\",\"position\":2,\"name\":\"\u201d\u00c4r du inte v\u00e4nster s\u00e5 \u00e4r du fascist\u201d\"}]},{\"@type\":\"WebSite\",\"@id\":\"https:\\\/\\\/lightweb.dev\\\/l\\\/svm-temp\\\/#website\",\"url\":\"https:\\\/\\\/lightweb.dev\\\/l\\\/svm-temp\\\/\",\"name\":\"Svenska Magasinet\",\"description\":\"Dina Spanska nyheter p&aring; Svenska\",\"publisher\":{\"@id\":\"https:\\\/\\\/lightweb.dev\\\/l\\\/svm-temp\\\/#organization\"},\"potentialAction\":[{\"@type\":\"SearchAction\",\"target\":{\"@type\":\"EntryPoint\",\"urlTemplate\":\"https:\\\/\\\/lightweb.dev\\\/l\\\/svm-temp\\\/?s={search_term_string}\"},\"query-input\":{\"@type\":\"PropertyValueSpecification\",\"valueRequired\":true,\"valueName\":\"search_term_string\"}}],\"inLanguage\":\"sv-SE\"},{\"@type\":\"Organization\",\"@id\":\"https:\\\/\\\/lightweb.dev\\\/l\\\/svm-temp\\\/#organization\",\"name\":\"Melkerson y Nott SL\",\"alternateName\":\"Svenska Magasinet\",\"url\":\"https:\\\/\\\/lightweb.dev\\\/l\\\/svm-temp\\\/\",\"logo\":{\"@type\":\"ImageObject\",\"inLanguage\":\"sv-SE\",\"@id\":\"https:\\\/\\\/lightweb.dev\\\/l\\\/svm-temp\\\/#\\\/schema\\\/logo\\\/image\\\/\",\"url\":\"https:\\\/\\\/lightweb.dev\\\/l\\\/svm-temp\\\/wp-content\\\/uploads\\\/2025\\\/02\\\/SvM-logo-Xtra-Centrerad-SVART.png\",\"contentUrl\":\"https:\\\/\\\/lightweb.dev\\\/l\\\/svm-temp\\\/wp-content\\\/uploads\\\/2025\\\/02\\\/SvM-logo-Xtra-Centrerad-SVART.png\",\"width\":300,\"height\":99,\"caption\":\"Melkerson y Nott SL\"},\"image\":{\"@id\":\"https:\\\/\\\/lightweb.dev\\\/l\\\/svm-temp\\\/#\\\/schema\\\/logo\\\/image\\\/\"},\"sameAs\":[\"https:\\\/\\\/www.facebook.com\\\/svenskamagasinet\",\"https:\\\/\\\/x.com\\\/SvenskaMagasine\"]},{\"@type\":\"Person\",\"@id\":\"https:\\\/\\\/lightweb.dev\\\/l\\\/svm-temp\\\/#\\\/schema\\\/person\\\/7a82b8a73d171d32360a564b6d03508e\",\"name\":\"Ola Josefsson\",\"description\":\"Bevakar Solkusten och Spanien sedan 1994.\",\"sameAs\":[\"https:\\\/\\\/lightweb.dev\\\/l\\\/svm-temp\"],\"url\":\"https:\\\/\\\/lightweb.dev\\\/l\\\/svm-temp\\\/reporter\\\/ola-josefsson\\\/\"}]}<\/script>\n<!-- \/ Yoast SEO Premium plugin. -->","yoast_head_json":{"title":"\u201d\u00c4r du inte v\u00e4nster s\u00e5 \u00e4r du fascist\u201d - Svenska Magasinet","robots":{"index":"noindex","follow":"follow","max-snippet":"max-snippet:-1","max-image-preview":"max-image-preview:large","max-video-preview":"max-video-preview:-1"},"og_locale":"sv_SE","og_type":"article","og_title":"\u201d\u00c4r du inte v\u00e4nster s\u00e5 \u00e4r du fascist\u201d","og_description":"Spaniens vridning mot populism b\u00f6rjade under Rodr\u00edguez Zapatero. Om du inte tycker som v\u00e4nstern \u00e4r du fascist. Det har blivit typiskt f\u00f6r Spanien. Det s\u00e4ger f\u00f6rfattaren och filosofen Fernando Savater (San Sebasti\u00e1n, 1947) som precis har gett ut boken \u201dSolo integral\u201d (Ariel). Boken best\u00e5r av Savaters fr\u00e4msta texter som tidigare har blivit publicerade. Det handlar [&hellip;]","og_url":"https:\/\/lightweb.dev\/l\/svm-temp\/nyheter\/ar-du-inte-vanster-sa-ar-du-fascist\/","og_site_name":"Svenska Magasinet","article_publisher":"https:\/\/www.facebook.com\/svenskamagasinet","article_published_time":"2021-12-09T14:44:00+00:00","og_image":[{"width":500,"height":300,"url":"https:\/\/lightweb.dev\/l\/svm-temp\/wp-content\/uploads\/2022\/04\/r-du-inte-vnster-s-r-du-fascist.png","type":"image\/png"}],"author":"Ola Josefsson","twitter_card":"summary_large_image","twitter_creator":"@SvenskaMagasine","twitter_site":"@SvenskaMagasine","schema":{"@context":"https:\/\/schema.org","@graph":[{"@type":"Article","@id":"https:\/\/lightweb.dev\/l\/svm-temp\/nyheter\/ar-du-inte-vanster-sa-ar-du-fascist\/#article","isPartOf":{"@id":"https:\/\/lightweb.dev\/l\/svm-temp\/nyheter\/ar-du-inte-vanster-sa-ar-du-fascist\/"},"author":{"name":"Ola Josefsson","@id":"https:\/\/lightweb.dev\/l\/svm-temp\/#\/schema\/person\/7a82b8a73d171d32360a564b6d03508e"},"headline":"\u201d\u00c4r du inte v\u00e4nster s\u00e5 \u00e4r du fascist\u201d","datePublished":"2021-12-09T14:44:00+00:00","mainEntityOfPage":{"@id":"https:\/\/lightweb.dev\/l\/svm-temp\/nyheter\/ar-du-inte-vanster-sa-ar-du-fascist\/"},"wordCount":517,"commentCount":0,"publisher":{"@id":"https:\/\/lightweb.dev\/l\/svm-temp\/#organization"},"image":{"@id":"https:\/\/lightweb.dev\/l\/svm-temp\/nyheter\/ar-du-inte-vanster-sa-ar-du-fascist\/#primaryimage"},"thumbnailUrl":"https:\/\/lightweb.dev\/l\/svm-temp\/wp-content\/uploads\/2022\/04\/r-du-inte-vnster-s-r-du-fascist.png","articleSection":["Arkiv","Nyheter"],"inLanguage":"sv-SE"},{"@type":"WebPage","@id":"https:\/\/lightweb.dev\/l\/svm-temp\/nyheter\/ar-du-inte-vanster-sa-ar-du-fascist\/","url":"https:\/\/lightweb.dev\/l\/svm-temp\/nyheter\/ar-du-inte-vanster-sa-ar-du-fascist\/","name":"\u201d\u00c4r du inte v\u00e4nster s\u00e5 \u00e4r du fascist\u201d - Svenska Magasinet","isPartOf":{"@id":"https:\/\/lightweb.dev\/l\/svm-temp\/#website"},"primaryImageOfPage":{"@id":"https:\/\/lightweb.dev\/l\/svm-temp\/nyheter\/ar-du-inte-vanster-sa-ar-du-fascist\/#primaryimage"},"image":{"@id":"https:\/\/lightweb.dev\/l\/svm-temp\/nyheter\/ar-du-inte-vanster-sa-ar-du-fascist\/#primaryimage"},"thumbnailUrl":"https:\/\/lightweb.dev\/l\/svm-temp\/wp-content\/uploads\/2022\/04\/r-du-inte-vnster-s-r-du-fascist.png","datePublished":"2021-12-09T14:44:00+00:00","breadcrumb":{"@id":"https:\/\/lightweb.dev\/l\/svm-temp\/nyheter\/ar-du-inte-vanster-sa-ar-du-fascist\/#breadcrumb"},"inLanguage":"sv-SE","potentialAction":[{"@type":"ReadAction","target":["https:\/\/lightweb.dev\/l\/svm-temp\/nyheter\/ar-du-inte-vanster-sa-ar-du-fascist\/"]}]},{"@type":"ImageObject","inLanguage":"sv-SE","@id":"https:\/\/lightweb.dev\/l\/svm-temp\/nyheter\/ar-du-inte-vanster-sa-ar-du-fascist\/#primaryimage","url":"https:\/\/lightweb.dev\/l\/svm-temp\/wp-content\/uploads\/2022\/04\/r-du-inte-vnster-s-r-du-fascist.png","contentUrl":"https:\/\/lightweb.dev\/l\/svm-temp\/wp-content\/uploads\/2022\/04\/r-du-inte-vnster-s-r-du-fascist.png","width":500,"height":300},{"@type":"BreadcrumbList","@id":"https:\/\/lightweb.dev\/l\/svm-temp\/nyheter\/ar-du-inte-vanster-sa-ar-du-fascist\/#breadcrumb","itemListElement":[{"@type":"ListItem","position":1,"name":"Hem","item":"https:\/\/lightweb.dev\/l\/svm-temp\/"},{"@type":"ListItem","position":2,"name":"\u201d\u00c4r du inte v\u00e4nster s\u00e5 \u00e4r du fascist\u201d"}]},{"@type":"WebSite","@id":"https:\/\/lightweb.dev\/l\/svm-temp\/#website","url":"https:\/\/lightweb.dev\/l\/svm-temp\/","name":"Svenska Magasinet","description":"Dina Spanska nyheter p&aring; Svenska","publisher":{"@id":"https:\/\/lightweb.dev\/l\/svm-temp\/#organization"},"potentialAction":[{"@type":"SearchAction","target":{"@type":"EntryPoint","urlTemplate":"https:\/\/lightweb.dev\/l\/svm-temp\/?s={search_term_string}"},"query-input":{"@type":"PropertyValueSpecification","valueRequired":true,"valueName":"search_term_string"}}],"inLanguage":"sv-SE"},{"@type":"Organization","@id":"https:\/\/lightweb.dev\/l\/svm-temp\/#organization","name":"Melkerson y Nott SL","alternateName":"Svenska Magasinet","url":"https:\/\/lightweb.dev\/l\/svm-temp\/","logo":{"@type":"ImageObject","inLanguage":"sv-SE","@id":"https:\/\/lightweb.dev\/l\/svm-temp\/#\/schema\/logo\/image\/","url":"https:\/\/lightweb.dev\/l\/svm-temp\/wp-content\/uploads\/2025\/02\/SvM-logo-Xtra-Centrerad-SVART.png","contentUrl":"https:\/\/lightweb.dev\/l\/svm-temp\/wp-content\/uploads\/2025\/02\/SvM-logo-Xtra-Centrerad-SVART.png","width":300,"height":99,"caption":"Melkerson y Nott SL"},"image":{"@id":"https:\/\/lightweb.dev\/l\/svm-temp\/#\/schema\/logo\/image\/"},"sameAs":["https:\/\/www.facebook.com\/svenskamagasinet","https:\/\/x.com\/SvenskaMagasine"]},{"@type":"Person","@id":"https:\/\/lightweb.dev\/l\/svm-temp\/#\/schema\/person\/7a82b8a73d171d32360a564b6d03508e","name":"Ola Josefsson","description":"Bevakar Solkusten och Spanien sedan 1994.","sameAs":["https:\/\/lightweb.dev\/l\/svm-temp"],"url":"https:\/\/lightweb.dev\/l\/svm-temp\/reporter\/ola-josefsson\/"}]}},"_links":{"self":[{"href":"https:\/\/lightweb.dev\/l\/svm-temp\/wp-json\/wp\/v2\/posts\/1059","targetHints":{"allow":["GET"]}}],"collection":[{"href":"https:\/\/lightweb.dev\/l\/svm-temp\/wp-json\/wp\/v2\/posts"}],"about":[{"href":"https:\/\/lightweb.dev\/l\/svm-temp\/wp-json\/wp\/v2\/types\/post"}],"author":[{"embeddable":true,"href":"https:\/\/lightweb.dev\/l\/svm-temp\/wp-json\/wp\/v2\/users\/7"}],"replies":[{"embeddable":true,"href":"https:\/\/lightweb.dev\/l\/svm-temp\/wp-json\/wp\/v2\/comments?post=1059"}],"version-history":[{"count":0,"href":"https:\/\/lightweb.dev\/l\/svm-temp\/wp-json\/wp\/v2\/posts\/1059\/revisions"}],"wp:featuredmedia":[{"embeddable":true,"href":"https:\/\/lightweb.dev\/l\/svm-temp\/wp-json\/wp\/v2\/media\/1060"}],"wp:attachment":[{"href":"https:\/\/lightweb.dev\/l\/svm-temp\/wp-json\/wp\/v2\/media?parent=1059"}],"wp:term":[{"taxonomy":"category","embeddable":true,"href":"https:\/\/lightweb.dev\/l\/svm-temp\/wp-json\/wp\/v2\/categories?post=1059"},{"taxonomy":"post_tag","embeddable":true,"href":"https:\/\/lightweb.dev\/l\/svm-temp\/wp-json\/wp\/v2\/tags?post=1059"}],"curies":[{"name":"wp","href":"https:\/\/api.w.org\/{rel}","templated":true}]}}