{"id":1061,"date":"2021-12-08T10:14:00","date_gmt":"2021-12-08T09:14:00","guid":{"rendered":"https:\/\/lightweb.dev\/l\/svm-temp\/vaccinering-av-barn-fran-15-december\/"},"modified":"2021-12-08T10:14:00","modified_gmt":"2021-12-08T09:14:00","slug":"vaccinering-av-barn-fran-15-december","status":"publish","type":"post","link":"https:\/\/lightweb.dev\/l\/svm-temp\/nyheter\/vaccinering-av-barn-fran-15-december\/","title":{"rendered":"Vaccinering av barn fr\u00e5n 15 december"},"content":{"rendered":"<p> Det blir \u00e5tta veckors mellanrum mellan den f\u00f6rsta och andra vaccindosen efter att barn mellan 5 till 11 \u00e5r b\u00f6rjar bli vaccinerade fr\u00e5n den 15 december i Spanien. Det meddelade den offentliga h\u00e4lsokommissionen, Comisi\u00f3n de Salud P\u00fablica, vid en presstr\u00e4ff.<\/p>\n<p>Regionerna f\u00e5r best\u00e4mma vilka grupper de prioriterar och om vaccineringen ska ske vid skolor, sjukhus eller andra tillf\u00e4lliga vaccinationscenter.<\/p>\n<p>Spanien har tillr\u00e4ckligt med vaccindoser under en och en halv m\u00e5nad d\u00e5 den f\u00f6rsta sprutan ska ges till 3,3 miljoner barn.<\/p>\n<p>Syftet med \u00e5tg\u00e4rden \u00e4r att minska antalet smittade i denna \u00e5ldersgrupp vilket i dagsl\u00e4get \u00e4r dubbelt s\u00e5 m\u00e5nga j\u00e4mf\u00f6rt med landets incidenstal.<\/p>\n<p>Barn fr\u00e5n 5 till 11 \u00e5r \u00e4r den \u00e5ldersgrupp som redovisar h\u00f6gst incidenstal p\u00e5 412 fall per 100.000 inv\u00e5nare under de senaste 14 dagarna vilket n\u00e4stan \u00e4r en f\u00f6rdubbling j\u00e4mf\u00f6rt med landets incidenstal p\u00e5 242.<\/p>\n<p>Att barnen f\u00f6r smittan vidare visar sig d\u00e5 incidenstalet i \u00e5ldersgruppen 30 till 49 \u00e5r \u00e4r n\u00e4st h\u00f6gst i landet. Det \u00e4r i den \u00e5ldersgruppens barnens f\u00f6r\u00e4ldrar befinner sig i.<\/p>\n<p>Samtidigt forts\u00e4tter Spanien att vaccinera de fr\u00e5n 60 \u00e5r samt v\u00e5rdpersonal med en tredje dos. H\u00e4lsov\u00e5rdsdepartementet hoppas att samtliga i den \u00e5ldersgruppen har f\u00e5tt sin p\u00e5fyllnadsdos till julhelgen.<\/p>\n<p>Beslut om hur det blir med barn under fem \u00e5r v\u00e4ntas f\u00f6rst 2022 eftersom resultatet fr\u00e5n kliniska studier inte \u00e4r klart.<\/p>\n<p>P\u00e5 tisdagen fick Andalusien gr\u00f6nt ljus fr\u00e5n regiondomstolen att inf\u00f6ra covidpass f\u00f6r bes\u00f6k p\u00e5 sjukhus och v\u00e5rdinr\u00e4ttningar f\u00f6r personer fr\u00e5n 12 \u00e5r fram till 15 januari. Det som godtas \u00e4r fullt vaccinerad, PCR-test, antigentest eller intyg p\u00e5 att personen varit sjuk i covid-19 senaste halv\u00e5ret och tillfrisknat.<\/p>\n","protected":false},"excerpt":{"rendered":"<p>Det blir \u00e5tta veckors mellanrum mellan den f\u00f6rsta och andra vaccindosen efter att barn mellan 5 till 11 \u00e5r b\u00f6rjar bli vaccinerade fr\u00e5n den 15 december i Spanien. Det meddelade den offentliga h\u00e4lsokommissionen, Comisi\u00f3n de Salud P\u00fablica, vid en presstr\u00e4ff. Regionerna f\u00e5r best\u00e4mma vilka grupper de prioriterar och om vaccineringen ska ske vid skolor, sjukhus [&hellip;]<\/p>\n","protected":false},"author":7,"featured_media":1062,"comment_status":"open","ping_status":"open","sticky":false,"template":"","format":"standard","meta":{"_et_pb_use_builder":"","_et_pb_old_content":"","_et_gb_content_width":"","footnotes":""},"categories":[395,3],"tags":[],"class_list":["post-1061","post","type-post","status-publish","format-standard","has-post-thumbnail","hentry","category-arkiv-nyheter","category-nyheter"],"yoast_head":"<!-- This site is optimized with the Yoast SEO Premium plugin v26.2 (Yoast SEO v27.5) - https:\/\/yoast.com\/product\/yoast-seo-premium-wordpress\/ -->\n<title>Vaccinering av barn fr\u00e5n 15 december - Svenska Magasinet<\/title>\n<meta name=\"robots\" content=\"noindex, follow, max-snippet:-1, max-image-preview:large, max-video-preview:-1\" \/>\n<meta property=\"og:locale\" content=\"sv_SE\" \/>\n<meta property=\"og:type\" content=\"article\" \/>\n<meta property=\"og:title\" content=\"Vaccinering av barn fr\u00e5n 15 december\" \/>\n<meta property=\"og:description\" content=\"Det blir \u00e5tta veckors mellanrum mellan den f\u00f6rsta och andra vaccindosen efter att barn mellan 5 till 11 \u00e5r b\u00f6rjar bli vaccinerade fr\u00e5n den 15 december i Spanien. Det meddelade den offentliga h\u00e4lsokommissionen, Comisi\u00f3n de Salud P\u00fablica, vid en presstr\u00e4ff. Regionerna f\u00e5r best\u00e4mma vilka grupper de prioriterar och om vaccineringen ska ske vid skolor, sjukhus [&hellip;]\" \/>\n<meta property=\"og:url\" content=\"https:\/\/lightweb.dev\/l\/svm-temp\/nyheter\/vaccinering-av-barn-fran-15-december\/\" \/>\n<meta property=\"og:site_name\" content=\"Svenska Magasinet\" \/>\n<meta property=\"article:publisher\" content=\"https:\/\/www.facebook.com\/svenskamagasinet\" \/>\n<meta property=\"article:published_time\" content=\"2021-12-08T09:14:00+00:00\" \/>\n<meta property=\"og:image\" content=\"https:\/\/lightweb.dev\/l\/svm-temp\/wp-content\/uploads\/2022\/04\/vaccinering-av-barn-frn-15-december.png\" \/>\n\t<meta property=\"og:image:width\" content=\"500\" \/>\n\t<meta property=\"og:image:height\" content=\"300\" \/>\n\t<meta property=\"og:image:type\" content=\"image\/png\" \/>\n<meta name=\"author\" content=\"Ola Josefsson\" \/>\n<meta name=\"twitter:card\" content=\"summary_large_image\" \/>\n<meta name=\"twitter:creator\" content=\"@SvenskaMagasine\" \/>\n<meta name=\"twitter:site\" content=\"@SvenskaMagasine\" \/>\n<script type=\"application\/ld+json\" class=\"yoast-schema-graph\">{\"@context\":\"https:\\\/\\\/schema.org\",\"@graph\":[{\"@type\":\"Article\",\"@id\":\"https:\\\/\\\/lightweb.dev\\\/l\\\/svm-temp\\\/nyheter\\\/vaccinering-av-barn-fran-15-december\\\/#article\",\"isPartOf\":{\"@id\":\"https:\\\/\\\/lightweb.dev\\\/l\\\/svm-temp\\\/nyheter\\\/vaccinering-av-barn-fran-15-december\\\/\"},\"author\":{\"name\":\"Ola Josefsson\",\"@id\":\"https:\\\/\\\/lightweb.dev\\\/l\\\/svm-temp\\\/#\\\/schema\\\/person\\\/7a82b8a73d171d32360a564b6d03508e\"},\"headline\":\"Vaccinering av barn fr\u00e5n 15 december\",\"datePublished\":\"2021-12-08T09:14:00+00:00\",\"mainEntityOfPage\":{\"@id\":\"https:\\\/\\\/lightweb.dev\\\/l\\\/svm-temp\\\/nyheter\\\/vaccinering-av-barn-fran-15-december\\\/\"},\"wordCount\":303,\"commentCount\":0,\"publisher\":{\"@id\":\"https:\\\/\\\/lightweb.dev\\\/l\\\/svm-temp\\\/#organization\"},\"image\":{\"@id\":\"https:\\\/\\\/lightweb.dev\\\/l\\\/svm-temp\\\/nyheter\\\/vaccinering-av-barn-fran-15-december\\\/#primaryimage\"},\"thumbnailUrl\":\"https:\\\/\\\/lightweb.dev\\\/l\\\/svm-temp\\\/wp-content\\\/uploads\\\/2022\\\/04\\\/vaccinering-av-barn-frn-15-december.png\",\"articleSection\":[\"Arkiv\",\"Nyheter\"],\"inLanguage\":\"sv-SE\"},{\"@type\":\"WebPage\",\"@id\":\"https:\\\/\\\/lightweb.dev\\\/l\\\/svm-temp\\\/nyheter\\\/vaccinering-av-barn-fran-15-december\\\/\",\"url\":\"https:\\\/\\\/lightweb.dev\\\/l\\\/svm-temp\\\/nyheter\\\/vaccinering-av-barn-fran-15-december\\\/\",\"name\":\"Vaccinering av barn fr\u00e5n 15 december - Svenska Magasinet\",\"isPartOf\":{\"@id\":\"https:\\\/\\\/lightweb.dev\\\/l\\\/svm-temp\\\/#website\"},\"primaryImageOfPage\":{\"@id\":\"https:\\\/\\\/lightweb.dev\\\/l\\\/svm-temp\\\/nyheter\\\/vaccinering-av-barn-fran-15-december\\\/#primaryimage\"},\"image\":{\"@id\":\"https:\\\/\\\/lightweb.dev\\\/l\\\/svm-temp\\\/nyheter\\\/vaccinering-av-barn-fran-15-december\\\/#primaryimage\"},\"thumbnailUrl\":\"https:\\\/\\\/lightweb.dev\\\/l\\\/svm-temp\\\/wp-content\\\/uploads\\\/2022\\\/04\\\/vaccinering-av-barn-frn-15-december.png\",\"datePublished\":\"2021-12-08T09:14:00+00:00\",\"breadcrumb\":{\"@id\":\"https:\\\/\\\/lightweb.dev\\\/l\\\/svm-temp\\\/nyheter\\\/vaccinering-av-barn-fran-15-december\\\/#breadcrumb\"},\"inLanguage\":\"sv-SE\",\"potentialAction\":[{\"@type\":\"ReadAction\",\"target\":[\"https:\\\/\\\/lightweb.dev\\\/l\\\/svm-temp\\\/nyheter\\\/vaccinering-av-barn-fran-15-december\\\/\"]}]},{\"@type\":\"ImageObject\",\"inLanguage\":\"sv-SE\",\"@id\":\"https:\\\/\\\/lightweb.dev\\\/l\\\/svm-temp\\\/nyheter\\\/vaccinering-av-barn-fran-15-december\\\/#primaryimage\",\"url\":\"https:\\\/\\\/lightweb.dev\\\/l\\\/svm-temp\\\/wp-content\\\/uploads\\\/2022\\\/04\\\/vaccinering-av-barn-frn-15-december.png\",\"contentUrl\":\"https:\\\/\\\/lightweb.dev\\\/l\\\/svm-temp\\\/wp-content\\\/uploads\\\/2022\\\/04\\\/vaccinering-av-barn-frn-15-december.png\",\"width\":500,\"height\":300},{\"@type\":\"BreadcrumbList\",\"@id\":\"https:\\\/\\\/lightweb.dev\\\/l\\\/svm-temp\\\/nyheter\\\/vaccinering-av-barn-fran-15-december\\\/#breadcrumb\",\"itemListElement\":[{\"@type\":\"ListItem\",\"position\":1,\"name\":\"Hem\",\"item\":\"https:\\\/\\\/lightweb.dev\\\/l\\\/svm-temp\\\/\"},{\"@type\":\"ListItem\",\"position\":2,\"name\":\"Vaccinering av barn fr\u00e5n 15 december\"}]},{\"@type\":\"WebSite\",\"@id\":\"https:\\\/\\\/lightweb.dev\\\/l\\\/svm-temp\\\/#website\",\"url\":\"https:\\\/\\\/lightweb.dev\\\/l\\\/svm-temp\\\/\",\"name\":\"Svenska Magasinet\",\"description\":\"Dina Spanska nyheter p&aring; Svenska\",\"publisher\":{\"@id\":\"https:\\\/\\\/lightweb.dev\\\/l\\\/svm-temp\\\/#organization\"},\"potentialAction\":[{\"@type\":\"SearchAction\",\"target\":{\"@type\":\"EntryPoint\",\"urlTemplate\":\"https:\\\/\\\/lightweb.dev\\\/l\\\/svm-temp\\\/?s={search_term_string}\"},\"query-input\":{\"@type\":\"PropertyValueSpecification\",\"valueRequired\":true,\"valueName\":\"search_term_string\"}}],\"inLanguage\":\"sv-SE\"},{\"@type\":\"Organization\",\"@id\":\"https:\\\/\\\/lightweb.dev\\\/l\\\/svm-temp\\\/#organization\",\"name\":\"Melkerson y Nott SL\",\"alternateName\":\"Svenska Magasinet\",\"url\":\"https:\\\/\\\/lightweb.dev\\\/l\\\/svm-temp\\\/\",\"logo\":{\"@type\":\"ImageObject\",\"inLanguage\":\"sv-SE\",\"@id\":\"https:\\\/\\\/lightweb.dev\\\/l\\\/svm-temp\\\/#\\\/schema\\\/logo\\\/image\\\/\",\"url\":\"https:\\\/\\\/lightweb.dev\\\/l\\\/svm-temp\\\/wp-content\\\/uploads\\\/2025\\\/02\\\/SvM-logo-Xtra-Centrerad-SVART.png\",\"contentUrl\":\"https:\\\/\\\/lightweb.dev\\\/l\\\/svm-temp\\\/wp-content\\\/uploads\\\/2025\\\/02\\\/SvM-logo-Xtra-Centrerad-SVART.png\",\"width\":300,\"height\":99,\"caption\":\"Melkerson y Nott SL\"},\"image\":{\"@id\":\"https:\\\/\\\/lightweb.dev\\\/l\\\/svm-temp\\\/#\\\/schema\\\/logo\\\/image\\\/\"},\"sameAs\":[\"https:\\\/\\\/www.facebook.com\\\/svenskamagasinet\",\"https:\\\/\\\/x.com\\\/SvenskaMagasine\"]},{\"@type\":\"Person\",\"@id\":\"https:\\\/\\\/lightweb.dev\\\/l\\\/svm-temp\\\/#\\\/schema\\\/person\\\/7a82b8a73d171d32360a564b6d03508e\",\"name\":\"Ola Josefsson\",\"description\":\"Bevakar Solkusten och Spanien sedan 1994.\",\"sameAs\":[\"https:\\\/\\\/lightweb.dev\\\/l\\\/svm-temp\"],\"url\":\"https:\\\/\\\/lightweb.dev\\\/l\\\/svm-temp\\\/reporter\\\/ola-josefsson\\\/\"}]}<\/script>\n<!-- \/ Yoast SEO Premium plugin. -->","yoast_head_json":{"title":"Vaccinering av barn fr\u00e5n 15 december - Svenska Magasinet","robots":{"index":"noindex","follow":"follow","max-snippet":"max-snippet:-1","max-image-preview":"max-image-preview:large","max-video-preview":"max-video-preview:-1"},"og_locale":"sv_SE","og_type":"article","og_title":"Vaccinering av barn fr\u00e5n 15 december","og_description":"Det blir \u00e5tta veckors mellanrum mellan den f\u00f6rsta och andra vaccindosen efter att barn mellan 5 till 11 \u00e5r b\u00f6rjar bli vaccinerade fr\u00e5n den 15 december i Spanien. Det meddelade den offentliga h\u00e4lsokommissionen, Comisi\u00f3n de Salud P\u00fablica, vid en presstr\u00e4ff. Regionerna f\u00e5r best\u00e4mma vilka grupper de prioriterar och om vaccineringen ska ske vid skolor, sjukhus [&hellip;]","og_url":"https:\/\/lightweb.dev\/l\/svm-temp\/nyheter\/vaccinering-av-barn-fran-15-december\/","og_site_name":"Svenska Magasinet","article_publisher":"https:\/\/www.facebook.com\/svenskamagasinet","article_published_time":"2021-12-08T09:14:00+00:00","og_image":[{"width":500,"height":300,"url":"https:\/\/lightweb.dev\/l\/svm-temp\/wp-content\/uploads\/2022\/04\/vaccinering-av-barn-frn-15-december.png","type":"image\/png"}],"author":"Ola Josefsson","twitter_card":"summary_large_image","twitter_creator":"@SvenskaMagasine","twitter_site":"@SvenskaMagasine","schema":{"@context":"https:\/\/schema.org","@graph":[{"@type":"Article","@id":"https:\/\/lightweb.dev\/l\/svm-temp\/nyheter\/vaccinering-av-barn-fran-15-december\/#article","isPartOf":{"@id":"https:\/\/lightweb.dev\/l\/svm-temp\/nyheter\/vaccinering-av-barn-fran-15-december\/"},"author":{"name":"Ola Josefsson","@id":"https:\/\/lightweb.dev\/l\/svm-temp\/#\/schema\/person\/7a82b8a73d171d32360a564b6d03508e"},"headline":"Vaccinering av barn fr\u00e5n 15 december","datePublished":"2021-12-08T09:14:00+00:00","mainEntityOfPage":{"@id":"https:\/\/lightweb.dev\/l\/svm-temp\/nyheter\/vaccinering-av-barn-fran-15-december\/"},"wordCount":303,"commentCount":0,"publisher":{"@id":"https:\/\/lightweb.dev\/l\/svm-temp\/#organization"},"image":{"@id":"https:\/\/lightweb.dev\/l\/svm-temp\/nyheter\/vaccinering-av-barn-fran-15-december\/#primaryimage"},"thumbnailUrl":"https:\/\/lightweb.dev\/l\/svm-temp\/wp-content\/uploads\/2022\/04\/vaccinering-av-barn-frn-15-december.png","articleSection":["Arkiv","Nyheter"],"inLanguage":"sv-SE"},{"@type":"WebPage","@id":"https:\/\/lightweb.dev\/l\/svm-temp\/nyheter\/vaccinering-av-barn-fran-15-december\/","url":"https:\/\/lightweb.dev\/l\/svm-temp\/nyheter\/vaccinering-av-barn-fran-15-december\/","name":"Vaccinering av barn fr\u00e5n 15 december - Svenska Magasinet","isPartOf":{"@id":"https:\/\/lightweb.dev\/l\/svm-temp\/#website"},"primaryImageOfPage":{"@id":"https:\/\/lightweb.dev\/l\/svm-temp\/nyheter\/vaccinering-av-barn-fran-15-december\/#primaryimage"},"image":{"@id":"https:\/\/lightweb.dev\/l\/svm-temp\/nyheter\/vaccinering-av-barn-fran-15-december\/#primaryimage"},"thumbnailUrl":"https:\/\/lightweb.dev\/l\/svm-temp\/wp-content\/uploads\/2022\/04\/vaccinering-av-barn-frn-15-december.png","datePublished":"2021-12-08T09:14:00+00:00","breadcrumb":{"@id":"https:\/\/lightweb.dev\/l\/svm-temp\/nyheter\/vaccinering-av-barn-fran-15-december\/#breadcrumb"},"inLanguage":"sv-SE","potentialAction":[{"@type":"ReadAction","target":["https:\/\/lightweb.dev\/l\/svm-temp\/nyheter\/vaccinering-av-barn-fran-15-december\/"]}]},{"@type":"ImageObject","inLanguage":"sv-SE","@id":"https:\/\/lightweb.dev\/l\/svm-temp\/nyheter\/vaccinering-av-barn-fran-15-december\/#primaryimage","url":"https:\/\/lightweb.dev\/l\/svm-temp\/wp-content\/uploads\/2022\/04\/vaccinering-av-barn-frn-15-december.png","contentUrl":"https:\/\/lightweb.dev\/l\/svm-temp\/wp-content\/uploads\/2022\/04\/vaccinering-av-barn-frn-15-december.png","width":500,"height":300},{"@type":"BreadcrumbList","@id":"https:\/\/lightweb.dev\/l\/svm-temp\/nyheter\/vaccinering-av-barn-fran-15-december\/#breadcrumb","itemListElement":[{"@type":"ListItem","position":1,"name":"Hem","item":"https:\/\/lightweb.dev\/l\/svm-temp\/"},{"@type":"ListItem","position":2,"name":"Vaccinering av barn fr\u00e5n 15 december"}]},{"@type":"WebSite","@id":"https:\/\/lightweb.dev\/l\/svm-temp\/#website","url":"https:\/\/lightweb.dev\/l\/svm-temp\/","name":"Svenska Magasinet","description":"Dina Spanska nyheter p&aring; Svenska","publisher":{"@id":"https:\/\/lightweb.dev\/l\/svm-temp\/#organization"},"potentialAction":[{"@type":"SearchAction","target":{"@type":"EntryPoint","urlTemplate":"https:\/\/lightweb.dev\/l\/svm-temp\/?s={search_term_string}"},"query-input":{"@type":"PropertyValueSpecification","valueRequired":true,"valueName":"search_term_string"}}],"inLanguage":"sv-SE"},{"@type":"Organization","@id":"https:\/\/lightweb.dev\/l\/svm-temp\/#organization","name":"Melkerson y Nott SL","alternateName":"Svenska Magasinet","url":"https:\/\/lightweb.dev\/l\/svm-temp\/","logo":{"@type":"ImageObject","inLanguage":"sv-SE","@id":"https:\/\/lightweb.dev\/l\/svm-temp\/#\/schema\/logo\/image\/","url":"https:\/\/lightweb.dev\/l\/svm-temp\/wp-content\/uploads\/2025\/02\/SvM-logo-Xtra-Centrerad-SVART.png","contentUrl":"https:\/\/lightweb.dev\/l\/svm-temp\/wp-content\/uploads\/2025\/02\/SvM-logo-Xtra-Centrerad-SVART.png","width":300,"height":99,"caption":"Melkerson y Nott SL"},"image":{"@id":"https:\/\/lightweb.dev\/l\/svm-temp\/#\/schema\/logo\/image\/"},"sameAs":["https:\/\/www.facebook.com\/svenskamagasinet","https:\/\/x.com\/SvenskaMagasine"]},{"@type":"Person","@id":"https:\/\/lightweb.dev\/l\/svm-temp\/#\/schema\/person\/7a82b8a73d171d32360a564b6d03508e","name":"Ola Josefsson","description":"Bevakar Solkusten och Spanien sedan 1994.","sameAs":["https:\/\/lightweb.dev\/l\/svm-temp"],"url":"https:\/\/lightweb.dev\/l\/svm-temp\/reporter\/ola-josefsson\/"}]}},"_links":{"self":[{"href":"https:\/\/lightweb.dev\/l\/svm-temp\/wp-json\/wp\/v2\/posts\/1061","targetHints":{"allow":["GET"]}}],"collection":[{"href":"https:\/\/lightweb.dev\/l\/svm-temp\/wp-json\/wp\/v2\/posts"}],"about":[{"href":"https:\/\/lightweb.dev\/l\/svm-temp\/wp-json\/wp\/v2\/types\/post"}],"author":[{"embeddable":true,"href":"https:\/\/lightweb.dev\/l\/svm-temp\/wp-json\/wp\/v2\/users\/7"}],"replies":[{"embeddable":true,"href":"https:\/\/lightweb.dev\/l\/svm-temp\/wp-json\/wp\/v2\/comments?post=1061"}],"version-history":[{"count":0,"href":"https:\/\/lightweb.dev\/l\/svm-temp\/wp-json\/wp\/v2\/posts\/1061\/revisions"}],"wp:featuredmedia":[{"embeddable":true,"href":"https:\/\/lightweb.dev\/l\/svm-temp\/wp-json\/wp\/v2\/media\/1062"}],"wp:attachment":[{"href":"https:\/\/lightweb.dev\/l\/svm-temp\/wp-json\/wp\/v2\/media?parent=1061"}],"wp:term":[{"taxonomy":"category","embeddable":true,"href":"https:\/\/lightweb.dev\/l\/svm-temp\/wp-json\/wp\/v2\/categories?post=1061"},{"taxonomy":"post_tag","embeddable":true,"href":"https:\/\/lightweb.dev\/l\/svm-temp\/wp-json\/wp\/v2\/tags?post=1061"}],"curies":[{"name":"wp","href":"https:\/\/api.w.org\/{rel}","templated":true}]}}