{"id":1063,"date":"2021-12-08T10:55:00","date_gmt":"2021-12-08T09:55:00","guid":{"rendered":"https:\/\/lightweb.dev\/l\/svm-temp\/marbellas-kommunbudget-okar-till-323-miljoner-euro\/"},"modified":"2021-12-08T10:55:00","modified_gmt":"2021-12-08T09:55:00","slug":"marbellas-kommunbudget-okar-till-323-miljoner-euro","status":"publish","type":"post","link":"https:\/\/lightweb.dev\/l\/svm-temp\/nyheter\/marbellas-kommunbudget-okar-till-323-miljoner-euro\/","title":{"rendered":"Marbellas kommunbudget \u00f6kar till 323 miljoner euro"},"content":{"rendered":"<p> Marbellas budget f\u00f6r 2022 \u00f6kar med 11 miljoner euro till 323 miljoner euro. 56 miljoner euro avs\u00e4tts till offentliga arbeten och \u00f6ver \u00e5tta miljoner g\u00e5r till st\u00f6d av sm\u00e5 och medelstora f\u00f6retag.<\/p>\n<p>Budgeten godk\u00e4ndes under g\u00e5rdagen av kommunledningen och g\u00e5r n\u00e4sta vecka vidare till kommunfullm\u00e4ktige f\u00f6r godk\u00e4nnande.<\/p>\n<p>Marbellas budget \u00f6kar med 3,4 procent 2022 vilket \u00e4r m\u00f6jligt tack vare \u00f6kade int\u00e4kter och bidrag fr\u00e5n centralregeringen, Junta de Andaluc\u00eda samt fr\u00e5n regionala och europeiska fonder.<\/p>\n<p>Borgm\u00e4staren \u00c1ngeles Mu\u00f1oz och kommunalr\u00e5det inom finans, F\u00e9lix Romero, (bilden) beskriver budgeten som \u201d\u00e5terh\u00e4mtningen under post-covid-eran\u201d och att kommunen forts\u00e4tter att satsa p\u00e5 socialhj\u00e4lp och offentliga tj\u00e4nster.<\/p>\n<p>Inte mindre \u00e4n 62 satsning p\u00e5 offentliga arbeten finns med i budgeten varav 14 i San Pedro. <\/p>\n","protected":false},"excerpt":{"rendered":"<p>Marbellas budget f\u00f6r 2022 \u00f6kar med 11 miljoner euro till 323 miljoner euro. 56 miljoner euro avs\u00e4tts till offentliga arbeten och \u00f6ver \u00e5tta miljoner g\u00e5r till st\u00f6d av sm\u00e5 och medelstora f\u00f6retag. Budgeten godk\u00e4ndes under g\u00e5rdagen av kommunledningen och g\u00e5r n\u00e4sta vecka vidare till kommunfullm\u00e4ktige f\u00f6r godk\u00e4nnande. Marbellas budget \u00f6kar med 3,4 procent 2022 vilket [&hellip;]<\/p>\n","protected":false},"author":7,"featured_media":1064,"comment_status":"open","ping_status":"open","sticky":false,"template":"","format":"standard","meta":{"_et_pb_use_builder":"","_et_pb_old_content":"","_et_gb_content_width":"","footnotes":""},"categories":[395,3],"tags":[],"class_list":["post-1063","post","type-post","status-publish","format-standard","has-post-thumbnail","hentry","category-arkiv-nyheter","category-nyheter"],"yoast_head":"<!-- This site is optimized with the Yoast SEO Premium plugin v26.2 (Yoast SEO v27.5) - https:\/\/yoast.com\/product\/yoast-seo-premium-wordpress\/ -->\n<title>Marbellas kommunbudget \u00f6kar till 323 miljoner euro - Svenska Magasinet<\/title>\n<meta name=\"robots\" content=\"noindex, follow, max-snippet:-1, max-image-preview:large, max-video-preview:-1\" \/>\n<meta property=\"og:locale\" content=\"sv_SE\" \/>\n<meta property=\"og:type\" content=\"article\" \/>\n<meta property=\"og:title\" content=\"Marbellas kommunbudget \u00f6kar till 323 miljoner euro\" \/>\n<meta property=\"og:description\" content=\"Marbellas budget f\u00f6r 2022 \u00f6kar med 11 miljoner euro till 323 miljoner euro. 56 miljoner euro avs\u00e4tts till offentliga arbeten och \u00f6ver \u00e5tta miljoner g\u00e5r till st\u00f6d av sm\u00e5 och medelstora f\u00f6retag. Budgeten godk\u00e4ndes under g\u00e5rdagen av kommunledningen och g\u00e5r n\u00e4sta vecka vidare till kommunfullm\u00e4ktige f\u00f6r godk\u00e4nnande. Marbellas budget \u00f6kar med 3,4 procent 2022 vilket [&hellip;]\" \/>\n<meta property=\"og:url\" content=\"https:\/\/lightweb.dev\/l\/svm-temp\/nyheter\/marbellas-kommunbudget-okar-till-323-miljoner-euro\/\" \/>\n<meta property=\"og:site_name\" content=\"Svenska Magasinet\" \/>\n<meta property=\"article:publisher\" content=\"https:\/\/www.facebook.com\/svenskamagasinet\" \/>\n<meta property=\"article:published_time\" content=\"2021-12-08T09:55:00+00:00\" \/>\n<meta property=\"og:image\" content=\"https:\/\/lightweb.dev\/l\/svm-temp\/wp-content\/uploads\/2022\/04\/marbellas-kommunbudget-kar-till-323-miljoner-euro.png\" \/>\n\t<meta property=\"og:image:width\" content=\"500\" \/>\n\t<meta property=\"og:image:height\" content=\"300\" \/>\n\t<meta property=\"og:image:type\" content=\"image\/png\" \/>\n<meta name=\"author\" content=\"Ola Josefsson\" \/>\n<meta name=\"twitter:card\" content=\"summary_large_image\" \/>\n<meta name=\"twitter:creator\" content=\"@SvenskaMagasine\" \/>\n<meta name=\"twitter:site\" content=\"@SvenskaMagasine\" \/>\n<script type=\"application\/ld+json\" class=\"yoast-schema-graph\">{\"@context\":\"https:\\\/\\\/schema.org\",\"@graph\":[{\"@type\":\"Article\",\"@id\":\"https:\\\/\\\/lightweb.dev\\\/l\\\/svm-temp\\\/nyheter\\\/marbellas-kommunbudget-okar-till-323-miljoner-euro\\\/#article\",\"isPartOf\":{\"@id\":\"https:\\\/\\\/lightweb.dev\\\/l\\\/svm-temp\\\/nyheter\\\/marbellas-kommunbudget-okar-till-323-miljoner-euro\\\/\"},\"author\":{\"name\":\"Ola Josefsson\",\"@id\":\"https:\\\/\\\/lightweb.dev\\\/l\\\/svm-temp\\\/#\\\/schema\\\/person\\\/7a82b8a73d171d32360a564b6d03508e\"},\"headline\":\"Marbellas kommunbudget \u00f6kar till 323 miljoner euro\",\"datePublished\":\"2021-12-08T09:55:00+00:00\",\"mainEntityOfPage\":{\"@id\":\"https:\\\/\\\/lightweb.dev\\\/l\\\/svm-temp\\\/nyheter\\\/marbellas-kommunbudget-okar-till-323-miljoner-euro\\\/\"},\"wordCount\":141,\"commentCount\":0,\"publisher\":{\"@id\":\"https:\\\/\\\/lightweb.dev\\\/l\\\/svm-temp\\\/#organization\"},\"image\":{\"@id\":\"https:\\\/\\\/lightweb.dev\\\/l\\\/svm-temp\\\/nyheter\\\/marbellas-kommunbudget-okar-till-323-miljoner-euro\\\/#primaryimage\"},\"thumbnailUrl\":\"https:\\\/\\\/lightweb.dev\\\/l\\\/svm-temp\\\/wp-content\\\/uploads\\\/2022\\\/04\\\/marbellas-kommunbudget-kar-till-323-miljoner-euro.png\",\"articleSection\":[\"Arkiv\",\"Nyheter\"],\"inLanguage\":\"sv-SE\"},{\"@type\":\"WebPage\",\"@id\":\"https:\\\/\\\/lightweb.dev\\\/l\\\/svm-temp\\\/nyheter\\\/marbellas-kommunbudget-okar-till-323-miljoner-euro\\\/\",\"url\":\"https:\\\/\\\/lightweb.dev\\\/l\\\/svm-temp\\\/nyheter\\\/marbellas-kommunbudget-okar-till-323-miljoner-euro\\\/\",\"name\":\"Marbellas kommunbudget \u00f6kar till 323 miljoner euro - Svenska Magasinet\",\"isPartOf\":{\"@id\":\"https:\\\/\\\/lightweb.dev\\\/l\\\/svm-temp\\\/#website\"},\"primaryImageOfPage\":{\"@id\":\"https:\\\/\\\/lightweb.dev\\\/l\\\/svm-temp\\\/nyheter\\\/marbellas-kommunbudget-okar-till-323-miljoner-euro\\\/#primaryimage\"},\"image\":{\"@id\":\"https:\\\/\\\/lightweb.dev\\\/l\\\/svm-temp\\\/nyheter\\\/marbellas-kommunbudget-okar-till-323-miljoner-euro\\\/#primaryimage\"},\"thumbnailUrl\":\"https:\\\/\\\/lightweb.dev\\\/l\\\/svm-temp\\\/wp-content\\\/uploads\\\/2022\\\/04\\\/marbellas-kommunbudget-kar-till-323-miljoner-euro.png\",\"datePublished\":\"2021-12-08T09:55:00+00:00\",\"breadcrumb\":{\"@id\":\"https:\\\/\\\/lightweb.dev\\\/l\\\/svm-temp\\\/nyheter\\\/marbellas-kommunbudget-okar-till-323-miljoner-euro\\\/#breadcrumb\"},\"inLanguage\":\"sv-SE\",\"potentialAction\":[{\"@type\":\"ReadAction\",\"target\":[\"https:\\\/\\\/lightweb.dev\\\/l\\\/svm-temp\\\/nyheter\\\/marbellas-kommunbudget-okar-till-323-miljoner-euro\\\/\"]}]},{\"@type\":\"ImageObject\",\"inLanguage\":\"sv-SE\",\"@id\":\"https:\\\/\\\/lightweb.dev\\\/l\\\/svm-temp\\\/nyheter\\\/marbellas-kommunbudget-okar-till-323-miljoner-euro\\\/#primaryimage\",\"url\":\"https:\\\/\\\/lightweb.dev\\\/l\\\/svm-temp\\\/wp-content\\\/uploads\\\/2022\\\/04\\\/marbellas-kommunbudget-kar-till-323-miljoner-euro.png\",\"contentUrl\":\"https:\\\/\\\/lightweb.dev\\\/l\\\/svm-temp\\\/wp-content\\\/uploads\\\/2022\\\/04\\\/marbellas-kommunbudget-kar-till-323-miljoner-euro.png\",\"width\":500,\"height\":300},{\"@type\":\"BreadcrumbList\",\"@id\":\"https:\\\/\\\/lightweb.dev\\\/l\\\/svm-temp\\\/nyheter\\\/marbellas-kommunbudget-okar-till-323-miljoner-euro\\\/#breadcrumb\",\"itemListElement\":[{\"@type\":\"ListItem\",\"position\":1,\"name\":\"Hem\",\"item\":\"https:\\\/\\\/lightweb.dev\\\/l\\\/svm-temp\\\/\"},{\"@type\":\"ListItem\",\"position\":2,\"name\":\"Marbellas kommunbudget \u00f6kar till 323 miljoner euro\"}]},{\"@type\":\"WebSite\",\"@id\":\"https:\\\/\\\/lightweb.dev\\\/l\\\/svm-temp\\\/#website\",\"url\":\"https:\\\/\\\/lightweb.dev\\\/l\\\/svm-temp\\\/\",\"name\":\"Svenska Magasinet\",\"description\":\"Dina Spanska nyheter p&aring; Svenska\",\"publisher\":{\"@id\":\"https:\\\/\\\/lightweb.dev\\\/l\\\/svm-temp\\\/#organization\"},\"potentialAction\":[{\"@type\":\"SearchAction\",\"target\":{\"@type\":\"EntryPoint\",\"urlTemplate\":\"https:\\\/\\\/lightweb.dev\\\/l\\\/svm-temp\\\/?s={search_term_string}\"},\"query-input\":{\"@type\":\"PropertyValueSpecification\",\"valueRequired\":true,\"valueName\":\"search_term_string\"}}],\"inLanguage\":\"sv-SE\"},{\"@type\":\"Organization\",\"@id\":\"https:\\\/\\\/lightweb.dev\\\/l\\\/svm-temp\\\/#organization\",\"name\":\"Melkerson y Nott SL\",\"alternateName\":\"Svenska Magasinet\",\"url\":\"https:\\\/\\\/lightweb.dev\\\/l\\\/svm-temp\\\/\",\"logo\":{\"@type\":\"ImageObject\",\"inLanguage\":\"sv-SE\",\"@id\":\"https:\\\/\\\/lightweb.dev\\\/l\\\/svm-temp\\\/#\\\/schema\\\/logo\\\/image\\\/\",\"url\":\"https:\\\/\\\/lightweb.dev\\\/l\\\/svm-temp\\\/wp-content\\\/uploads\\\/2025\\\/02\\\/SvM-logo-Xtra-Centrerad-SVART.png\",\"contentUrl\":\"https:\\\/\\\/lightweb.dev\\\/l\\\/svm-temp\\\/wp-content\\\/uploads\\\/2025\\\/02\\\/SvM-logo-Xtra-Centrerad-SVART.png\",\"width\":300,\"height\":99,\"caption\":\"Melkerson y Nott SL\"},\"image\":{\"@id\":\"https:\\\/\\\/lightweb.dev\\\/l\\\/svm-temp\\\/#\\\/schema\\\/logo\\\/image\\\/\"},\"sameAs\":[\"https:\\\/\\\/www.facebook.com\\\/svenskamagasinet\",\"https:\\\/\\\/x.com\\\/SvenskaMagasine\"]},{\"@type\":\"Person\",\"@id\":\"https:\\\/\\\/lightweb.dev\\\/l\\\/svm-temp\\\/#\\\/schema\\\/person\\\/7a82b8a73d171d32360a564b6d03508e\",\"name\":\"Ola Josefsson\",\"description\":\"Bevakar Solkusten och Spanien sedan 1994.\",\"sameAs\":[\"https:\\\/\\\/lightweb.dev\\\/l\\\/svm-temp\"],\"url\":\"https:\\\/\\\/lightweb.dev\\\/l\\\/svm-temp\\\/reporter\\\/ola-josefsson\\\/\"}]}<\/script>\n<!-- \/ Yoast SEO Premium plugin. -->","yoast_head_json":{"title":"Marbellas kommunbudget \u00f6kar till 323 miljoner euro - Svenska Magasinet","robots":{"index":"noindex","follow":"follow","max-snippet":"max-snippet:-1","max-image-preview":"max-image-preview:large","max-video-preview":"max-video-preview:-1"},"og_locale":"sv_SE","og_type":"article","og_title":"Marbellas kommunbudget \u00f6kar till 323 miljoner euro","og_description":"Marbellas budget f\u00f6r 2022 \u00f6kar med 11 miljoner euro till 323 miljoner euro. 56 miljoner euro avs\u00e4tts till offentliga arbeten och \u00f6ver \u00e5tta miljoner g\u00e5r till st\u00f6d av sm\u00e5 och medelstora f\u00f6retag. Budgeten godk\u00e4ndes under g\u00e5rdagen av kommunledningen och g\u00e5r n\u00e4sta vecka vidare till kommunfullm\u00e4ktige f\u00f6r godk\u00e4nnande. Marbellas budget \u00f6kar med 3,4 procent 2022 vilket [&hellip;]","og_url":"https:\/\/lightweb.dev\/l\/svm-temp\/nyheter\/marbellas-kommunbudget-okar-till-323-miljoner-euro\/","og_site_name":"Svenska Magasinet","article_publisher":"https:\/\/www.facebook.com\/svenskamagasinet","article_published_time":"2021-12-08T09:55:00+00:00","og_image":[{"width":500,"height":300,"url":"https:\/\/lightweb.dev\/l\/svm-temp\/wp-content\/uploads\/2022\/04\/marbellas-kommunbudget-kar-till-323-miljoner-euro.png","type":"image\/png"}],"author":"Ola Josefsson","twitter_card":"summary_large_image","twitter_creator":"@SvenskaMagasine","twitter_site":"@SvenskaMagasine","schema":{"@context":"https:\/\/schema.org","@graph":[{"@type":"Article","@id":"https:\/\/lightweb.dev\/l\/svm-temp\/nyheter\/marbellas-kommunbudget-okar-till-323-miljoner-euro\/#article","isPartOf":{"@id":"https:\/\/lightweb.dev\/l\/svm-temp\/nyheter\/marbellas-kommunbudget-okar-till-323-miljoner-euro\/"},"author":{"name":"Ola Josefsson","@id":"https:\/\/lightweb.dev\/l\/svm-temp\/#\/schema\/person\/7a82b8a73d171d32360a564b6d03508e"},"headline":"Marbellas kommunbudget \u00f6kar till 323 miljoner euro","datePublished":"2021-12-08T09:55:00+00:00","mainEntityOfPage":{"@id":"https:\/\/lightweb.dev\/l\/svm-temp\/nyheter\/marbellas-kommunbudget-okar-till-323-miljoner-euro\/"},"wordCount":141,"commentCount":0,"publisher":{"@id":"https:\/\/lightweb.dev\/l\/svm-temp\/#organization"},"image":{"@id":"https:\/\/lightweb.dev\/l\/svm-temp\/nyheter\/marbellas-kommunbudget-okar-till-323-miljoner-euro\/#primaryimage"},"thumbnailUrl":"https:\/\/lightweb.dev\/l\/svm-temp\/wp-content\/uploads\/2022\/04\/marbellas-kommunbudget-kar-till-323-miljoner-euro.png","articleSection":["Arkiv","Nyheter"],"inLanguage":"sv-SE"},{"@type":"WebPage","@id":"https:\/\/lightweb.dev\/l\/svm-temp\/nyheter\/marbellas-kommunbudget-okar-till-323-miljoner-euro\/","url":"https:\/\/lightweb.dev\/l\/svm-temp\/nyheter\/marbellas-kommunbudget-okar-till-323-miljoner-euro\/","name":"Marbellas kommunbudget \u00f6kar till 323 miljoner euro - Svenska Magasinet","isPartOf":{"@id":"https:\/\/lightweb.dev\/l\/svm-temp\/#website"},"primaryImageOfPage":{"@id":"https:\/\/lightweb.dev\/l\/svm-temp\/nyheter\/marbellas-kommunbudget-okar-till-323-miljoner-euro\/#primaryimage"},"image":{"@id":"https:\/\/lightweb.dev\/l\/svm-temp\/nyheter\/marbellas-kommunbudget-okar-till-323-miljoner-euro\/#primaryimage"},"thumbnailUrl":"https:\/\/lightweb.dev\/l\/svm-temp\/wp-content\/uploads\/2022\/04\/marbellas-kommunbudget-kar-till-323-miljoner-euro.png","datePublished":"2021-12-08T09:55:00+00:00","breadcrumb":{"@id":"https:\/\/lightweb.dev\/l\/svm-temp\/nyheter\/marbellas-kommunbudget-okar-till-323-miljoner-euro\/#breadcrumb"},"inLanguage":"sv-SE","potentialAction":[{"@type":"ReadAction","target":["https:\/\/lightweb.dev\/l\/svm-temp\/nyheter\/marbellas-kommunbudget-okar-till-323-miljoner-euro\/"]}]},{"@type":"ImageObject","inLanguage":"sv-SE","@id":"https:\/\/lightweb.dev\/l\/svm-temp\/nyheter\/marbellas-kommunbudget-okar-till-323-miljoner-euro\/#primaryimage","url":"https:\/\/lightweb.dev\/l\/svm-temp\/wp-content\/uploads\/2022\/04\/marbellas-kommunbudget-kar-till-323-miljoner-euro.png","contentUrl":"https:\/\/lightweb.dev\/l\/svm-temp\/wp-content\/uploads\/2022\/04\/marbellas-kommunbudget-kar-till-323-miljoner-euro.png","width":500,"height":300},{"@type":"BreadcrumbList","@id":"https:\/\/lightweb.dev\/l\/svm-temp\/nyheter\/marbellas-kommunbudget-okar-till-323-miljoner-euro\/#breadcrumb","itemListElement":[{"@type":"ListItem","position":1,"name":"Hem","item":"https:\/\/lightweb.dev\/l\/svm-temp\/"},{"@type":"ListItem","position":2,"name":"Marbellas kommunbudget \u00f6kar till 323 miljoner euro"}]},{"@type":"WebSite","@id":"https:\/\/lightweb.dev\/l\/svm-temp\/#website","url":"https:\/\/lightweb.dev\/l\/svm-temp\/","name":"Svenska Magasinet","description":"Dina Spanska nyheter p&aring; Svenska","publisher":{"@id":"https:\/\/lightweb.dev\/l\/svm-temp\/#organization"},"potentialAction":[{"@type":"SearchAction","target":{"@type":"EntryPoint","urlTemplate":"https:\/\/lightweb.dev\/l\/svm-temp\/?s={search_term_string}"},"query-input":{"@type":"PropertyValueSpecification","valueRequired":true,"valueName":"search_term_string"}}],"inLanguage":"sv-SE"},{"@type":"Organization","@id":"https:\/\/lightweb.dev\/l\/svm-temp\/#organization","name":"Melkerson y Nott SL","alternateName":"Svenska Magasinet","url":"https:\/\/lightweb.dev\/l\/svm-temp\/","logo":{"@type":"ImageObject","inLanguage":"sv-SE","@id":"https:\/\/lightweb.dev\/l\/svm-temp\/#\/schema\/logo\/image\/","url":"https:\/\/lightweb.dev\/l\/svm-temp\/wp-content\/uploads\/2025\/02\/SvM-logo-Xtra-Centrerad-SVART.png","contentUrl":"https:\/\/lightweb.dev\/l\/svm-temp\/wp-content\/uploads\/2025\/02\/SvM-logo-Xtra-Centrerad-SVART.png","width":300,"height":99,"caption":"Melkerson y Nott SL"},"image":{"@id":"https:\/\/lightweb.dev\/l\/svm-temp\/#\/schema\/logo\/image\/"},"sameAs":["https:\/\/www.facebook.com\/svenskamagasinet","https:\/\/x.com\/SvenskaMagasine"]},{"@type":"Person","@id":"https:\/\/lightweb.dev\/l\/svm-temp\/#\/schema\/person\/7a82b8a73d171d32360a564b6d03508e","name":"Ola Josefsson","description":"Bevakar Solkusten och Spanien sedan 1994.","sameAs":["https:\/\/lightweb.dev\/l\/svm-temp"],"url":"https:\/\/lightweb.dev\/l\/svm-temp\/reporter\/ola-josefsson\/"}]}},"_links":{"self":[{"href":"https:\/\/lightweb.dev\/l\/svm-temp\/wp-json\/wp\/v2\/posts\/1063","targetHints":{"allow":["GET"]}}],"collection":[{"href":"https:\/\/lightweb.dev\/l\/svm-temp\/wp-json\/wp\/v2\/posts"}],"about":[{"href":"https:\/\/lightweb.dev\/l\/svm-temp\/wp-json\/wp\/v2\/types\/post"}],"author":[{"embeddable":true,"href":"https:\/\/lightweb.dev\/l\/svm-temp\/wp-json\/wp\/v2\/users\/7"}],"replies":[{"embeddable":true,"href":"https:\/\/lightweb.dev\/l\/svm-temp\/wp-json\/wp\/v2\/comments?post=1063"}],"version-history":[{"count":0,"href":"https:\/\/lightweb.dev\/l\/svm-temp\/wp-json\/wp\/v2\/posts\/1063\/revisions"}],"wp:featuredmedia":[{"embeddable":true,"href":"https:\/\/lightweb.dev\/l\/svm-temp\/wp-json\/wp\/v2\/media\/1064"}],"wp:attachment":[{"href":"https:\/\/lightweb.dev\/l\/svm-temp\/wp-json\/wp\/v2\/media?parent=1063"}],"wp:term":[{"taxonomy":"category","embeddable":true,"href":"https:\/\/lightweb.dev\/l\/svm-temp\/wp-json\/wp\/v2\/categories?post=1063"},{"taxonomy":"post_tag","embeddable":true,"href":"https:\/\/lightweb.dev\/l\/svm-temp\/wp-json\/wp\/v2\/tags?post=1063"}],"curies":[{"name":"wp","href":"https:\/\/api.w.org\/{rel}","templated":true}]}}