{"id":1067,"date":"2021-12-07T10:26:00","date_gmt":"2021-12-07T09:26:00","guid":{"rendered":"https:\/\/lightweb.dev\/l\/svm-temp\/nar-astrid-lindgren-halsade-till-barnen-pa-costa-del-sol\/"},"modified":"2021-12-07T10:26:00","modified_gmt":"2021-12-07T09:26:00","slug":"nar-astrid-lindgren-halsade-till-barnen-pa-costa-del-sol","status":"publish","type":"post","link":"https:\/\/lightweb.dev\/l\/svm-temp\/nyheter\/nar-astrid-lindgren-halsade-till-barnen-pa-costa-del-sol\/","title":{"rendered":"N\u00e4r Astrid Lindgren h\u00e4lsade till barnen p\u00e5 Costa del Sol"},"content":{"rendered":"<p> Astrid Lindgren \u00e4r en av Sveriges mest \u00e4lskade f\u00f6rfattare. Bakom en nyutkommen bok med titeln \u201dAlla \u00e4lskar vi Astrid\u201d st\u00e5r f\u00f6rfattaren Per-Ola Bj\u00f6rklund. Boken bygger p\u00e5 brevv\u00e4xling och m\u00f6ten som Per-Ola hade med den k\u00e4nda f\u00f6rfattaren. Per-Ola ber\u00e4ttar om sitt liv och hur Astrid Lindgren kom att bli en del av det.<\/p>\n<p>Delar av boken bygger p\u00e5 h\u00e4ndelser fr\u00e5n Costa del Sol.<\/p>\n<p>&#8211; I januari 1986 b\u00f6rjade jag min l\u00e4rarpraktik som mellanstadiel\u00e4rare p\u00e5 Svenska skolan i Fuengirola under rektor Lennart Ekmans ledning. I februari det \u00e5ret skrev jag till Astrid och fr\u00e5gade om hur Ronja R\u00f6vardotter kom till, ber\u00e4ttar Per-Ola Bj\u00f6rklund som \u00e4r bosatt i Falun men har semesterl\u00e4genhet i Mijas Costa.<\/p>\n<p>Ett utdrag ur hennes brev \u00e4r detta: <\/p>\n<p>&#8221;Vill du h\u00e4lsa barna i Costa del Sol att en f\u00f6rfattare inte s\u00e5 ofta har fullt klart f\u00f6r sej hur figurerna uppst\u00e5r. Men namnet Ronja kan jag tala om varifr\u00e5n jag fick, Jag fick det fr\u00e5n en svensk karta \u00f6ver Lappmarken. D\u00e4r h\u00e4mtade jag namnet p\u00e5 alla r\u00f6varna och \u00e4ven till Ronja. Det var n\u00e4mligen en lappk\u00e5ta som hette Anronjaurek\u00e5tan. D\u00e5 tog jag en bit av det namnet och br\u00f6t ut det s\u00e5 att det blev namnet Ronja. S\u00e5 ville jag skriva en bok som gjorde att jag fick h\u00e5llas i vildmarken. Eftersom jag inte kunde vara d\u00e4r i levande livet s\u00e5 var det bra att skriva en bok fr\u00e5n en vacker skog. D\u00e5 kunde man vara i den skogen i l\u00e5nga tider. Och sen n\u00e4r Ronja v\u00e4l hade sett dagens ljus b\u00f6rjade hon g\u00f6ra saker s\u00e5 att det h\u00e4nde lite grand. Hon tr\u00e4ffade Birk, hon h\u00f6lls i skogen. Jag vet inte hur det gick till, men r\u00e4tt som det var s\u00e5 var b\u00e5de Ronja och Birk i full fart att g\u00f6ra b\u00e5de det ena och det andra\u201d.<\/p>\n<p>&#8211; Barnen i klass 5-6 blev glada \u00f6ver svaret fr\u00e5n Astrid, d\u00e5 m\u00e5nga av dem b\u00e5de l\u00e4st boken och sett filmen om Ronja, minns Per-Ola.<\/p>\n<p>1986 tr\u00e4ffade Per-Ola s\u00e5ngerskan Alice Babs p\u00e5 skolan i Fuengirola.<br \/>\n&#8211; Jag spelade fiol f\u00f6r henne i kyrkan i Nueva Andalucia. N\u00e4r Astrid Lindgren skulle fylla 90 \u00e5r, 1997, blev jag hembjuden till henne p\u00e5 Dalagatan och spelade fiol \u00e4ven f\u00f6r Astrid (bilden p\u00e5 omslaget). <\/p>\n<p>Astrid Lindgren och Per-Ola tr\u00e4ffades f\u00f6rsta g\u00e5ngen vid en upps\u00e4ttning av Br\u00f6derna Lejonhj\u00e4rta. Det var i januari 1985. Efter m\u00f6tet b\u00f6rjade vi brevv\u00e4xla. Med \u00e5ren blev det \u00f6ver 30 brev, som nu finns utgivna i boken &#8221;Alla \u00e4lskar vi Astrid&#8221;. Den inneh\u00e5ller \u00e4ven intervjuer med k\u00e4nda filmsk\u00e5despelare och minnen ur mitt liv.<\/p>\n<p>Astrid fick periodvis s\u00e4ckar med brev. Under sitt liv kom hon att brevv\u00e4xla med cirka 30 personer har Kerstin Kvint, Astrids personliga sekreterare och v\u00e4n, ber\u00e4ttat. Per-Ola var en av dem. Per-Ola som har l\u00e4genhet i El Mirador i Calahonda.<\/p>\n<p>Det \u00e4r Gidlunds f\u00f6rlag som har utgett boken av f\u00f6rfattaren Per-Ola Bj\u00f6rklund: &#8221;Alla \u00e4lskar vi Astrid.&#8221; Brev, intervjuer och minnen.  234 sidor med \u00f6ver 100 unika bilder i svart-vitt och f\u00e4rg.<\/p>\n<p>F\u00f6rfattaren Per-Ola Bj\u00f6rklund fr\u00e5n Bjurs\u00e5s i Dalarna har tidigare givit ut tv\u00e5 b\u00f6cker: Bygdespel i Dalarna och Dalan\u00f6jen. Han \u00e4r riksspelman p\u00e5 fiol, regiss\u00f6r och har skrivit sex pj\u00e4ser. Sedan mitten av 1970-talet har han varit verksam inom Dalarnas kulturliv. Per-Ola har tilldelats flera priser och stipendier, nu senast Vansbro kommuns kulturpris 2021. Tidigare har han bland andra erh\u00e5llit Rune Lindstr\u00f6m-stipendiet 1981, Ingmarsstipendiet 1991 och blev 2018 utsedd till \u00c5rets Bjursing.<\/p>\n","protected":false},"excerpt":{"rendered":"<p>Astrid Lindgren \u00e4r en av Sveriges mest \u00e4lskade f\u00f6rfattare. Bakom en nyutkommen bok med titeln \u201dAlla \u00e4lskar vi Astrid\u201d st\u00e5r f\u00f6rfattaren Per-Ola Bj\u00f6rklund. Boken bygger p\u00e5 brevv\u00e4xling och m\u00f6ten som Per-Ola hade med den k\u00e4nda f\u00f6rfattaren. Per-Ola ber\u00e4ttar om sitt liv och hur Astrid Lindgren kom att bli en del av det. Delar av boken [&hellip;]<\/p>\n","protected":false},"author":7,"featured_media":1068,"comment_status":"open","ping_status":"open","sticky":false,"template":"","format":"standard","meta":{"_et_pb_use_builder":"","_et_pb_old_content":"","_et_gb_content_width":"","footnotes":""},"categories":[395,3],"tags":[],"class_list":["post-1067","post","type-post","status-publish","format-standard","has-post-thumbnail","hentry","category-arkiv-nyheter","category-nyheter"],"yoast_head":"<!-- This site is optimized with the Yoast SEO Premium plugin v26.2 (Yoast SEO v27.5) - https:\/\/yoast.com\/product\/yoast-seo-premium-wordpress\/ -->\n<title>N\u00e4r Astrid Lindgren h\u00e4lsade till barnen p\u00e5 Costa del Sol - Svenska Magasinet<\/title>\n<meta name=\"robots\" content=\"noindex, follow, max-snippet:-1, max-image-preview:large, max-video-preview:-1\" \/>\n<meta property=\"og:locale\" content=\"sv_SE\" \/>\n<meta property=\"og:type\" content=\"article\" \/>\n<meta property=\"og:title\" content=\"N\u00e4r Astrid Lindgren h\u00e4lsade till barnen p\u00e5 Costa del Sol\" \/>\n<meta property=\"og:description\" content=\"Astrid Lindgren \u00e4r en av Sveriges mest \u00e4lskade f\u00f6rfattare. Bakom en nyutkommen bok med titeln \u201dAlla \u00e4lskar vi Astrid\u201d st\u00e5r f\u00f6rfattaren Per-Ola Bj\u00f6rklund. Boken bygger p\u00e5 brevv\u00e4xling och m\u00f6ten som Per-Ola hade med den k\u00e4nda f\u00f6rfattaren. Per-Ola ber\u00e4ttar om sitt liv och hur Astrid Lindgren kom att bli en del av det. Delar av boken [&hellip;]\" \/>\n<meta property=\"og:url\" content=\"https:\/\/lightweb.dev\/l\/svm-temp\/nyheter\/nar-astrid-lindgren-halsade-till-barnen-pa-costa-del-sol\/\" \/>\n<meta property=\"og:site_name\" content=\"Svenska Magasinet\" \/>\n<meta property=\"article:publisher\" content=\"https:\/\/www.facebook.com\/svenskamagasinet\" \/>\n<meta property=\"article:published_time\" content=\"2021-12-07T09:26:00+00:00\" \/>\n<meta property=\"og:image\" content=\"https:\/\/lightweb.dev\/l\/svm-temp\/wp-content\/uploads\/2022\/04\/nr-astrid-lindgren-hlsade-till-barnen-p-costa-del-sol.png\" \/>\n\t<meta property=\"og:image:width\" content=\"500\" \/>\n\t<meta property=\"og:image:height\" content=\"300\" \/>\n\t<meta property=\"og:image:type\" content=\"image\/png\" \/>\n<meta name=\"author\" content=\"Ola Josefsson\" \/>\n<meta name=\"twitter:card\" content=\"summary_large_image\" \/>\n<meta name=\"twitter:creator\" content=\"@SvenskaMagasine\" \/>\n<meta name=\"twitter:site\" content=\"@SvenskaMagasine\" \/>\n<script type=\"application\/ld+json\" class=\"yoast-schema-graph\">{\"@context\":\"https:\\\/\\\/schema.org\",\"@graph\":[{\"@type\":\"Article\",\"@id\":\"https:\\\/\\\/lightweb.dev\\\/l\\\/svm-temp\\\/nyheter\\\/nar-astrid-lindgren-halsade-till-barnen-pa-costa-del-sol\\\/#article\",\"isPartOf\":{\"@id\":\"https:\\\/\\\/lightweb.dev\\\/l\\\/svm-temp\\\/nyheter\\\/nar-astrid-lindgren-halsade-till-barnen-pa-costa-del-sol\\\/\"},\"author\":{\"name\":\"Ola Josefsson\",\"@id\":\"https:\\\/\\\/lightweb.dev\\\/l\\\/svm-temp\\\/#\\\/schema\\\/person\\\/7a82b8a73d171d32360a564b6d03508e\"},\"headline\":\"N\u00e4r Astrid Lindgren h\u00e4lsade till barnen p\u00e5 Costa del Sol\",\"datePublished\":\"2021-12-07T09:26:00+00:00\",\"mainEntityOfPage\":{\"@id\":\"https:\\\/\\\/lightweb.dev\\\/l\\\/svm-temp\\\/nyheter\\\/nar-astrid-lindgren-halsade-till-barnen-pa-costa-del-sol\\\/\"},\"wordCount\":647,\"commentCount\":0,\"publisher\":{\"@id\":\"https:\\\/\\\/lightweb.dev\\\/l\\\/svm-temp\\\/#organization\"},\"image\":{\"@id\":\"https:\\\/\\\/lightweb.dev\\\/l\\\/svm-temp\\\/nyheter\\\/nar-astrid-lindgren-halsade-till-barnen-pa-costa-del-sol\\\/#primaryimage\"},\"thumbnailUrl\":\"https:\\\/\\\/lightweb.dev\\\/l\\\/svm-temp\\\/wp-content\\\/uploads\\\/2022\\\/04\\\/nr-astrid-lindgren-hlsade-till-barnen-p-costa-del-sol.png\",\"articleSection\":[\"Arkiv\",\"Nyheter\"],\"inLanguage\":\"sv-SE\"},{\"@type\":\"WebPage\",\"@id\":\"https:\\\/\\\/lightweb.dev\\\/l\\\/svm-temp\\\/nyheter\\\/nar-astrid-lindgren-halsade-till-barnen-pa-costa-del-sol\\\/\",\"url\":\"https:\\\/\\\/lightweb.dev\\\/l\\\/svm-temp\\\/nyheter\\\/nar-astrid-lindgren-halsade-till-barnen-pa-costa-del-sol\\\/\",\"name\":\"N\u00e4r Astrid Lindgren h\u00e4lsade till barnen p\u00e5 Costa del Sol - Svenska Magasinet\",\"isPartOf\":{\"@id\":\"https:\\\/\\\/lightweb.dev\\\/l\\\/svm-temp\\\/#website\"},\"primaryImageOfPage\":{\"@id\":\"https:\\\/\\\/lightweb.dev\\\/l\\\/svm-temp\\\/nyheter\\\/nar-astrid-lindgren-halsade-till-barnen-pa-costa-del-sol\\\/#primaryimage\"},\"image\":{\"@id\":\"https:\\\/\\\/lightweb.dev\\\/l\\\/svm-temp\\\/nyheter\\\/nar-astrid-lindgren-halsade-till-barnen-pa-costa-del-sol\\\/#primaryimage\"},\"thumbnailUrl\":\"https:\\\/\\\/lightweb.dev\\\/l\\\/svm-temp\\\/wp-content\\\/uploads\\\/2022\\\/04\\\/nr-astrid-lindgren-hlsade-till-barnen-p-costa-del-sol.png\",\"datePublished\":\"2021-12-07T09:26:00+00:00\",\"breadcrumb\":{\"@id\":\"https:\\\/\\\/lightweb.dev\\\/l\\\/svm-temp\\\/nyheter\\\/nar-astrid-lindgren-halsade-till-barnen-pa-costa-del-sol\\\/#breadcrumb\"},\"inLanguage\":\"sv-SE\",\"potentialAction\":[{\"@type\":\"ReadAction\",\"target\":[\"https:\\\/\\\/lightweb.dev\\\/l\\\/svm-temp\\\/nyheter\\\/nar-astrid-lindgren-halsade-till-barnen-pa-costa-del-sol\\\/\"]}]},{\"@type\":\"ImageObject\",\"inLanguage\":\"sv-SE\",\"@id\":\"https:\\\/\\\/lightweb.dev\\\/l\\\/svm-temp\\\/nyheter\\\/nar-astrid-lindgren-halsade-till-barnen-pa-costa-del-sol\\\/#primaryimage\",\"url\":\"https:\\\/\\\/lightweb.dev\\\/l\\\/svm-temp\\\/wp-content\\\/uploads\\\/2022\\\/04\\\/nr-astrid-lindgren-hlsade-till-barnen-p-costa-del-sol.png\",\"contentUrl\":\"https:\\\/\\\/lightweb.dev\\\/l\\\/svm-temp\\\/wp-content\\\/uploads\\\/2022\\\/04\\\/nr-astrid-lindgren-hlsade-till-barnen-p-costa-del-sol.png\",\"width\":500,\"height\":300},{\"@type\":\"BreadcrumbList\",\"@id\":\"https:\\\/\\\/lightweb.dev\\\/l\\\/svm-temp\\\/nyheter\\\/nar-astrid-lindgren-halsade-till-barnen-pa-costa-del-sol\\\/#breadcrumb\",\"itemListElement\":[{\"@type\":\"ListItem\",\"position\":1,\"name\":\"Hem\",\"item\":\"https:\\\/\\\/lightweb.dev\\\/l\\\/svm-temp\\\/\"},{\"@type\":\"ListItem\",\"position\":2,\"name\":\"N\u00e4r Astrid Lindgren h\u00e4lsade till barnen p\u00e5 Costa del Sol\"}]},{\"@type\":\"WebSite\",\"@id\":\"https:\\\/\\\/lightweb.dev\\\/l\\\/svm-temp\\\/#website\",\"url\":\"https:\\\/\\\/lightweb.dev\\\/l\\\/svm-temp\\\/\",\"name\":\"Svenska Magasinet\",\"description\":\"Dina Spanska nyheter p&aring; Svenska\",\"publisher\":{\"@id\":\"https:\\\/\\\/lightweb.dev\\\/l\\\/svm-temp\\\/#organization\"},\"potentialAction\":[{\"@type\":\"SearchAction\",\"target\":{\"@type\":\"EntryPoint\",\"urlTemplate\":\"https:\\\/\\\/lightweb.dev\\\/l\\\/svm-temp\\\/?s={search_term_string}\"},\"query-input\":{\"@type\":\"PropertyValueSpecification\",\"valueRequired\":true,\"valueName\":\"search_term_string\"}}],\"inLanguage\":\"sv-SE\"},{\"@type\":\"Organization\",\"@id\":\"https:\\\/\\\/lightweb.dev\\\/l\\\/svm-temp\\\/#organization\",\"name\":\"Melkerson y Nott SL\",\"alternateName\":\"Svenska Magasinet\",\"url\":\"https:\\\/\\\/lightweb.dev\\\/l\\\/svm-temp\\\/\",\"logo\":{\"@type\":\"ImageObject\",\"inLanguage\":\"sv-SE\",\"@id\":\"https:\\\/\\\/lightweb.dev\\\/l\\\/svm-temp\\\/#\\\/schema\\\/logo\\\/image\\\/\",\"url\":\"https:\\\/\\\/lightweb.dev\\\/l\\\/svm-temp\\\/wp-content\\\/uploads\\\/2025\\\/02\\\/SvM-logo-Xtra-Centrerad-SVART.png\",\"contentUrl\":\"https:\\\/\\\/lightweb.dev\\\/l\\\/svm-temp\\\/wp-content\\\/uploads\\\/2025\\\/02\\\/SvM-logo-Xtra-Centrerad-SVART.png\",\"width\":300,\"height\":99,\"caption\":\"Melkerson y Nott SL\"},\"image\":{\"@id\":\"https:\\\/\\\/lightweb.dev\\\/l\\\/svm-temp\\\/#\\\/schema\\\/logo\\\/image\\\/\"},\"sameAs\":[\"https:\\\/\\\/www.facebook.com\\\/svenskamagasinet\",\"https:\\\/\\\/x.com\\\/SvenskaMagasine\"]},{\"@type\":\"Person\",\"@id\":\"https:\\\/\\\/lightweb.dev\\\/l\\\/svm-temp\\\/#\\\/schema\\\/person\\\/7a82b8a73d171d32360a564b6d03508e\",\"name\":\"Ola Josefsson\",\"description\":\"Bevakar Solkusten och Spanien sedan 1994.\",\"sameAs\":[\"https:\\\/\\\/lightweb.dev\\\/l\\\/svm-temp\"],\"url\":\"https:\\\/\\\/lightweb.dev\\\/l\\\/svm-temp\\\/reporter\\\/ola-josefsson\\\/\"}]}<\/script>\n<!-- \/ Yoast SEO Premium plugin. -->","yoast_head_json":{"title":"N\u00e4r Astrid Lindgren h\u00e4lsade till barnen p\u00e5 Costa del Sol - Svenska Magasinet","robots":{"index":"noindex","follow":"follow","max-snippet":"max-snippet:-1","max-image-preview":"max-image-preview:large","max-video-preview":"max-video-preview:-1"},"og_locale":"sv_SE","og_type":"article","og_title":"N\u00e4r Astrid Lindgren h\u00e4lsade till barnen p\u00e5 Costa del Sol","og_description":"Astrid Lindgren \u00e4r en av Sveriges mest \u00e4lskade f\u00f6rfattare. Bakom en nyutkommen bok med titeln \u201dAlla \u00e4lskar vi Astrid\u201d st\u00e5r f\u00f6rfattaren Per-Ola Bj\u00f6rklund. Boken bygger p\u00e5 brevv\u00e4xling och m\u00f6ten som Per-Ola hade med den k\u00e4nda f\u00f6rfattaren. Per-Ola ber\u00e4ttar om sitt liv och hur Astrid Lindgren kom att bli en del av det. Delar av boken [&hellip;]","og_url":"https:\/\/lightweb.dev\/l\/svm-temp\/nyheter\/nar-astrid-lindgren-halsade-till-barnen-pa-costa-del-sol\/","og_site_name":"Svenska Magasinet","article_publisher":"https:\/\/www.facebook.com\/svenskamagasinet","article_published_time":"2021-12-07T09:26:00+00:00","og_image":[{"width":500,"height":300,"url":"https:\/\/lightweb.dev\/l\/svm-temp\/wp-content\/uploads\/2022\/04\/nr-astrid-lindgren-hlsade-till-barnen-p-costa-del-sol.png","type":"image\/png"}],"author":"Ola Josefsson","twitter_card":"summary_large_image","twitter_creator":"@SvenskaMagasine","twitter_site":"@SvenskaMagasine","schema":{"@context":"https:\/\/schema.org","@graph":[{"@type":"Article","@id":"https:\/\/lightweb.dev\/l\/svm-temp\/nyheter\/nar-astrid-lindgren-halsade-till-barnen-pa-costa-del-sol\/#article","isPartOf":{"@id":"https:\/\/lightweb.dev\/l\/svm-temp\/nyheter\/nar-astrid-lindgren-halsade-till-barnen-pa-costa-del-sol\/"},"author":{"name":"Ola Josefsson","@id":"https:\/\/lightweb.dev\/l\/svm-temp\/#\/schema\/person\/7a82b8a73d171d32360a564b6d03508e"},"headline":"N\u00e4r Astrid Lindgren h\u00e4lsade till barnen p\u00e5 Costa del Sol","datePublished":"2021-12-07T09:26:00+00:00","mainEntityOfPage":{"@id":"https:\/\/lightweb.dev\/l\/svm-temp\/nyheter\/nar-astrid-lindgren-halsade-till-barnen-pa-costa-del-sol\/"},"wordCount":647,"commentCount":0,"publisher":{"@id":"https:\/\/lightweb.dev\/l\/svm-temp\/#organization"},"image":{"@id":"https:\/\/lightweb.dev\/l\/svm-temp\/nyheter\/nar-astrid-lindgren-halsade-till-barnen-pa-costa-del-sol\/#primaryimage"},"thumbnailUrl":"https:\/\/lightweb.dev\/l\/svm-temp\/wp-content\/uploads\/2022\/04\/nr-astrid-lindgren-hlsade-till-barnen-p-costa-del-sol.png","articleSection":["Arkiv","Nyheter"],"inLanguage":"sv-SE"},{"@type":"WebPage","@id":"https:\/\/lightweb.dev\/l\/svm-temp\/nyheter\/nar-astrid-lindgren-halsade-till-barnen-pa-costa-del-sol\/","url":"https:\/\/lightweb.dev\/l\/svm-temp\/nyheter\/nar-astrid-lindgren-halsade-till-barnen-pa-costa-del-sol\/","name":"N\u00e4r Astrid Lindgren h\u00e4lsade till barnen p\u00e5 Costa del Sol - Svenska Magasinet","isPartOf":{"@id":"https:\/\/lightweb.dev\/l\/svm-temp\/#website"},"primaryImageOfPage":{"@id":"https:\/\/lightweb.dev\/l\/svm-temp\/nyheter\/nar-astrid-lindgren-halsade-till-barnen-pa-costa-del-sol\/#primaryimage"},"image":{"@id":"https:\/\/lightweb.dev\/l\/svm-temp\/nyheter\/nar-astrid-lindgren-halsade-till-barnen-pa-costa-del-sol\/#primaryimage"},"thumbnailUrl":"https:\/\/lightweb.dev\/l\/svm-temp\/wp-content\/uploads\/2022\/04\/nr-astrid-lindgren-hlsade-till-barnen-p-costa-del-sol.png","datePublished":"2021-12-07T09:26:00+00:00","breadcrumb":{"@id":"https:\/\/lightweb.dev\/l\/svm-temp\/nyheter\/nar-astrid-lindgren-halsade-till-barnen-pa-costa-del-sol\/#breadcrumb"},"inLanguage":"sv-SE","potentialAction":[{"@type":"ReadAction","target":["https:\/\/lightweb.dev\/l\/svm-temp\/nyheter\/nar-astrid-lindgren-halsade-till-barnen-pa-costa-del-sol\/"]}]},{"@type":"ImageObject","inLanguage":"sv-SE","@id":"https:\/\/lightweb.dev\/l\/svm-temp\/nyheter\/nar-astrid-lindgren-halsade-till-barnen-pa-costa-del-sol\/#primaryimage","url":"https:\/\/lightweb.dev\/l\/svm-temp\/wp-content\/uploads\/2022\/04\/nr-astrid-lindgren-hlsade-till-barnen-p-costa-del-sol.png","contentUrl":"https:\/\/lightweb.dev\/l\/svm-temp\/wp-content\/uploads\/2022\/04\/nr-astrid-lindgren-hlsade-till-barnen-p-costa-del-sol.png","width":500,"height":300},{"@type":"BreadcrumbList","@id":"https:\/\/lightweb.dev\/l\/svm-temp\/nyheter\/nar-astrid-lindgren-halsade-till-barnen-pa-costa-del-sol\/#breadcrumb","itemListElement":[{"@type":"ListItem","position":1,"name":"Hem","item":"https:\/\/lightweb.dev\/l\/svm-temp\/"},{"@type":"ListItem","position":2,"name":"N\u00e4r Astrid Lindgren h\u00e4lsade till barnen p\u00e5 Costa del Sol"}]},{"@type":"WebSite","@id":"https:\/\/lightweb.dev\/l\/svm-temp\/#website","url":"https:\/\/lightweb.dev\/l\/svm-temp\/","name":"Svenska Magasinet","description":"Dina Spanska nyheter p&aring; Svenska","publisher":{"@id":"https:\/\/lightweb.dev\/l\/svm-temp\/#organization"},"potentialAction":[{"@type":"SearchAction","target":{"@type":"EntryPoint","urlTemplate":"https:\/\/lightweb.dev\/l\/svm-temp\/?s={search_term_string}"},"query-input":{"@type":"PropertyValueSpecification","valueRequired":true,"valueName":"search_term_string"}}],"inLanguage":"sv-SE"},{"@type":"Organization","@id":"https:\/\/lightweb.dev\/l\/svm-temp\/#organization","name":"Melkerson y Nott SL","alternateName":"Svenska Magasinet","url":"https:\/\/lightweb.dev\/l\/svm-temp\/","logo":{"@type":"ImageObject","inLanguage":"sv-SE","@id":"https:\/\/lightweb.dev\/l\/svm-temp\/#\/schema\/logo\/image\/","url":"https:\/\/lightweb.dev\/l\/svm-temp\/wp-content\/uploads\/2025\/02\/SvM-logo-Xtra-Centrerad-SVART.png","contentUrl":"https:\/\/lightweb.dev\/l\/svm-temp\/wp-content\/uploads\/2025\/02\/SvM-logo-Xtra-Centrerad-SVART.png","width":300,"height":99,"caption":"Melkerson y Nott SL"},"image":{"@id":"https:\/\/lightweb.dev\/l\/svm-temp\/#\/schema\/logo\/image\/"},"sameAs":["https:\/\/www.facebook.com\/svenskamagasinet","https:\/\/x.com\/SvenskaMagasine"]},{"@type":"Person","@id":"https:\/\/lightweb.dev\/l\/svm-temp\/#\/schema\/person\/7a82b8a73d171d32360a564b6d03508e","name":"Ola Josefsson","description":"Bevakar Solkusten och Spanien sedan 1994.","sameAs":["https:\/\/lightweb.dev\/l\/svm-temp"],"url":"https:\/\/lightweb.dev\/l\/svm-temp\/reporter\/ola-josefsson\/"}]}},"_links":{"self":[{"href":"https:\/\/lightweb.dev\/l\/svm-temp\/wp-json\/wp\/v2\/posts\/1067","targetHints":{"allow":["GET"]}}],"collection":[{"href":"https:\/\/lightweb.dev\/l\/svm-temp\/wp-json\/wp\/v2\/posts"}],"about":[{"href":"https:\/\/lightweb.dev\/l\/svm-temp\/wp-json\/wp\/v2\/types\/post"}],"author":[{"embeddable":true,"href":"https:\/\/lightweb.dev\/l\/svm-temp\/wp-json\/wp\/v2\/users\/7"}],"replies":[{"embeddable":true,"href":"https:\/\/lightweb.dev\/l\/svm-temp\/wp-json\/wp\/v2\/comments?post=1067"}],"version-history":[{"count":0,"href":"https:\/\/lightweb.dev\/l\/svm-temp\/wp-json\/wp\/v2\/posts\/1067\/revisions"}],"wp:featuredmedia":[{"embeddable":true,"href":"https:\/\/lightweb.dev\/l\/svm-temp\/wp-json\/wp\/v2\/media\/1068"}],"wp:attachment":[{"href":"https:\/\/lightweb.dev\/l\/svm-temp\/wp-json\/wp\/v2\/media?parent=1067"}],"wp:term":[{"taxonomy":"category","embeddable":true,"href":"https:\/\/lightweb.dev\/l\/svm-temp\/wp-json\/wp\/v2\/categories?post=1067"},{"taxonomy":"post_tag","embeddable":true,"href":"https:\/\/lightweb.dev\/l\/svm-temp\/wp-json\/wp\/v2\/tags?post=1067"}],"curies":[{"name":"wp","href":"https:\/\/api.w.org\/{rel}","templated":true}]}}