{"id":1069,"date":"2021-12-07T11:09:00","date_gmt":"2021-12-07T10:09:00","guid":{"rendered":"https:\/\/lightweb.dev\/l\/svm-temp\/al-qaida-ledare-likstaller-ceuta-och-melilla-med-palestina\/"},"modified":"2021-12-07T11:09:00","modified_gmt":"2021-12-07T10:09:00","slug":"al-qaida-ledare-likstaller-ceuta-och-melilla-med-palestina","status":"publish","type":"post","link":"https:\/\/lightweb.dev\/l\/svm-temp\/nyheter\/al-qaida-ledare-likstaller-ceuta-och-melilla-med-palestina\/","title":{"rendered":"Al-Qaida-ledare likst\u00e4ller Ceuta och Melilla med Palestina"},"content":{"rendered":"<p> Ceuta och Melilla likst\u00e4lls med Palestina, Kaukasus, Kashmir, Somalia och Mali. Jag uppmanar till jihad, s\u00e4ger Al-Zawahiri, ledare f\u00f6r den radikala militanta islamistiska r\u00f6relsen al-Qaida. Efter flera lugna m\u00e5nader \u00e4r siktet \u00e5terigen inst\u00e4llt p\u00e5 Spanien.<\/p>\n<p>Det var vid ett tal den 24 november som Al-Zawahiri tog upp Spaniens \u201dockupationen\u201d av Ceuta och Melilla i Nordafrika.<\/p>\n<p>\u00c4ven om ledaren uppmanar till jihad p\u00e5 grund av \u201dockupationen\u201d av Ceuta och Melilla menar underr\u00e4ttelseanalytiker att uttalandet inte ska ses som ett \u201ddirekt hot\u201d mot Spanien.<\/p>\n<p>Talet med h\u00e4nvisningarna till Spanien publicerades den 24 november p\u00e5 jihadistforum p\u00e5 n\u00e4tet. Talet p\u00e5 38 minuter har titeln \u201dEn varning till den islamiska nationen p\u00e5 grund av hotet fr\u00e5n FN\u201d.<\/p>\n<p>Spanien \u00e4r en \u201dockupationsmakt\u201d som inte f\u00f6ljer F\u00f6renta Nationernas stadga som garanterar folkr\u00e4tten. Al-Zawahiri s\u00e4ger att ockupationen av Ceuta och Melilla kan j\u00e4mst\u00e4llas med Israels ockupation av Palestina eller Rysslands ockupation av Tjetjenien.<\/p>\n<p>Al-Zawahiri tal har gett m\u00e5nga eko bland radikaliserade runt om i v\u00e4rlden, enligt den spanska underr\u00e4ttelsetj\u00e4nsten.<\/p>\n<p>I en nyutkommen rapport r\u00e4knar den spanska underr\u00e4ttelsetj\u00e4nsten upp ett dussin terroristgrupper i omr\u00e5det Sahel, s\u00f6der om Sahara, som bed\u00f6ms som de fr\u00e4msta hoten mot Spanien, b\u00e5de externt och internt. <\/p>\n<p>Inrikesdepartementet i Spanien meddelar att antiterrorvarningen fortsatt ligger p\u00e5 niv\u00e5 4 p\u00e5 den femgradiga skalan och har inte f\u00f6r\u00e4ndrats sedan juni 2015 i samband med attackerna i Frankrike, Tunisien, Kuwait och Somalia.<\/p>\n<p>\u00c4ven om Spanien inte har drabbats av terroristattack sedan den p\u00e5 Las Ramblas i Barcelona i augusti 2017, grips fortsatt misst\u00e4nkta terrorister. Bara under 2021 har spansk s\u00e4kerhetspolis genomf\u00f6rt ett tjugotal operationer d\u00e4r 37 personer gripits.<\/p>\n","protected":false},"excerpt":{"rendered":"<p>Ceuta och Melilla likst\u00e4lls med Palestina, Kaukasus, Kashmir, Somalia och Mali. Jag uppmanar till jihad, s\u00e4ger Al-Zawahiri, ledare f\u00f6r den radikala militanta islamistiska r\u00f6relsen al-Qaida. Efter flera lugna m\u00e5nader \u00e4r siktet \u00e5terigen inst\u00e4llt p\u00e5 Spanien. Det var vid ett tal den 24 november som Al-Zawahiri tog upp Spaniens \u201dockupationen\u201d av Ceuta och Melilla i Nordafrika. [&hellip;]<\/p>\n","protected":false},"author":7,"featured_media":1070,"comment_status":"open","ping_status":"open","sticky":false,"template":"","format":"standard","meta":{"_et_pb_use_builder":"","_et_pb_old_content":"","_et_gb_content_width":"","footnotes":""},"categories":[395,3],"tags":[],"class_list":["post-1069","post","type-post","status-publish","format-standard","has-post-thumbnail","hentry","category-arkiv-nyheter","category-nyheter"],"yoast_head":"<!-- This site is optimized with the Yoast SEO Premium plugin v26.2 (Yoast SEO v27.5) - https:\/\/yoast.com\/product\/yoast-seo-premium-wordpress\/ -->\n<title>Al-Qaida-ledare likst\u00e4ller Ceuta och Melilla med Palestina - Svenska Magasinet<\/title>\n<meta name=\"robots\" content=\"noindex, follow, max-snippet:-1, max-image-preview:large, max-video-preview:-1\" \/>\n<meta property=\"og:locale\" content=\"sv_SE\" \/>\n<meta property=\"og:type\" content=\"article\" \/>\n<meta property=\"og:title\" content=\"Al-Qaida-ledare likst\u00e4ller Ceuta och Melilla med Palestina\" \/>\n<meta property=\"og:description\" content=\"Ceuta och Melilla likst\u00e4lls med Palestina, Kaukasus, Kashmir, Somalia och Mali. Jag uppmanar till jihad, s\u00e4ger Al-Zawahiri, ledare f\u00f6r den radikala militanta islamistiska r\u00f6relsen al-Qaida. Efter flera lugna m\u00e5nader \u00e4r siktet \u00e5terigen inst\u00e4llt p\u00e5 Spanien. Det var vid ett tal den 24 november som Al-Zawahiri tog upp Spaniens \u201dockupationen\u201d av Ceuta och Melilla i Nordafrika. [&hellip;]\" \/>\n<meta property=\"og:url\" content=\"https:\/\/lightweb.dev\/l\/svm-temp\/nyheter\/al-qaida-ledare-likstaller-ceuta-och-melilla-med-palestina\/\" \/>\n<meta property=\"og:site_name\" content=\"Svenska Magasinet\" \/>\n<meta property=\"article:publisher\" content=\"https:\/\/www.facebook.com\/svenskamagasinet\" \/>\n<meta property=\"article:published_time\" content=\"2021-12-07T10:09:00+00:00\" \/>\n<meta property=\"og:image\" content=\"https:\/\/lightweb.dev\/l\/svm-temp\/wp-content\/uploads\/2022\/04\/al-qaida-ledare-likstller-ceuta-och-melilla-med-palestina.png\" \/>\n\t<meta property=\"og:image:width\" content=\"500\" \/>\n\t<meta property=\"og:image:height\" content=\"300\" \/>\n\t<meta property=\"og:image:type\" content=\"image\/png\" \/>\n<meta name=\"author\" content=\"Ola Josefsson\" \/>\n<meta name=\"twitter:card\" content=\"summary_large_image\" \/>\n<meta name=\"twitter:creator\" content=\"@SvenskaMagasine\" \/>\n<meta name=\"twitter:site\" content=\"@SvenskaMagasine\" \/>\n<script type=\"application\/ld+json\" class=\"yoast-schema-graph\">{\"@context\":\"https:\\\/\\\/schema.org\",\"@graph\":[{\"@type\":\"Article\",\"@id\":\"https:\\\/\\\/lightweb.dev\\\/l\\\/svm-temp\\\/nyheter\\\/al-qaida-ledare-likstaller-ceuta-och-melilla-med-palestina\\\/#article\",\"isPartOf\":{\"@id\":\"https:\\\/\\\/lightweb.dev\\\/l\\\/svm-temp\\\/nyheter\\\/al-qaida-ledare-likstaller-ceuta-och-melilla-med-palestina\\\/\"},\"author\":{\"name\":\"Ola Josefsson\",\"@id\":\"https:\\\/\\\/lightweb.dev\\\/l\\\/svm-temp\\\/#\\\/schema\\\/person\\\/7a82b8a73d171d32360a564b6d03508e\"},\"headline\":\"Al-Qaida-ledare likst\u00e4ller Ceuta och Melilla med Palestina\",\"datePublished\":\"2021-12-07T10:09:00+00:00\",\"mainEntityOfPage\":{\"@id\":\"https:\\\/\\\/lightweb.dev\\\/l\\\/svm-temp\\\/nyheter\\\/al-qaida-ledare-likstaller-ceuta-och-melilla-med-palestina\\\/\"},\"wordCount\":294,\"commentCount\":0,\"publisher\":{\"@id\":\"https:\\\/\\\/lightweb.dev\\\/l\\\/svm-temp\\\/#organization\"},\"image\":{\"@id\":\"https:\\\/\\\/lightweb.dev\\\/l\\\/svm-temp\\\/nyheter\\\/al-qaida-ledare-likstaller-ceuta-och-melilla-med-palestina\\\/#primaryimage\"},\"thumbnailUrl\":\"https:\\\/\\\/lightweb.dev\\\/l\\\/svm-temp\\\/wp-content\\\/uploads\\\/2022\\\/04\\\/al-qaida-ledare-likstller-ceuta-och-melilla-med-palestina.png\",\"articleSection\":[\"Arkiv\",\"Nyheter\"],\"inLanguage\":\"sv-SE\"},{\"@type\":\"WebPage\",\"@id\":\"https:\\\/\\\/lightweb.dev\\\/l\\\/svm-temp\\\/nyheter\\\/al-qaida-ledare-likstaller-ceuta-och-melilla-med-palestina\\\/\",\"url\":\"https:\\\/\\\/lightweb.dev\\\/l\\\/svm-temp\\\/nyheter\\\/al-qaida-ledare-likstaller-ceuta-och-melilla-med-palestina\\\/\",\"name\":\"Al-Qaida-ledare likst\u00e4ller Ceuta och Melilla med Palestina - Svenska Magasinet\",\"isPartOf\":{\"@id\":\"https:\\\/\\\/lightweb.dev\\\/l\\\/svm-temp\\\/#website\"},\"primaryImageOfPage\":{\"@id\":\"https:\\\/\\\/lightweb.dev\\\/l\\\/svm-temp\\\/nyheter\\\/al-qaida-ledare-likstaller-ceuta-och-melilla-med-palestina\\\/#primaryimage\"},\"image\":{\"@id\":\"https:\\\/\\\/lightweb.dev\\\/l\\\/svm-temp\\\/nyheter\\\/al-qaida-ledare-likstaller-ceuta-och-melilla-med-palestina\\\/#primaryimage\"},\"thumbnailUrl\":\"https:\\\/\\\/lightweb.dev\\\/l\\\/svm-temp\\\/wp-content\\\/uploads\\\/2022\\\/04\\\/al-qaida-ledare-likstller-ceuta-och-melilla-med-palestina.png\",\"datePublished\":\"2021-12-07T10:09:00+00:00\",\"breadcrumb\":{\"@id\":\"https:\\\/\\\/lightweb.dev\\\/l\\\/svm-temp\\\/nyheter\\\/al-qaida-ledare-likstaller-ceuta-och-melilla-med-palestina\\\/#breadcrumb\"},\"inLanguage\":\"sv-SE\",\"potentialAction\":[{\"@type\":\"ReadAction\",\"target\":[\"https:\\\/\\\/lightweb.dev\\\/l\\\/svm-temp\\\/nyheter\\\/al-qaida-ledare-likstaller-ceuta-och-melilla-med-palestina\\\/\"]}]},{\"@type\":\"ImageObject\",\"inLanguage\":\"sv-SE\",\"@id\":\"https:\\\/\\\/lightweb.dev\\\/l\\\/svm-temp\\\/nyheter\\\/al-qaida-ledare-likstaller-ceuta-och-melilla-med-palestina\\\/#primaryimage\",\"url\":\"https:\\\/\\\/lightweb.dev\\\/l\\\/svm-temp\\\/wp-content\\\/uploads\\\/2022\\\/04\\\/al-qaida-ledare-likstller-ceuta-och-melilla-med-palestina.png\",\"contentUrl\":\"https:\\\/\\\/lightweb.dev\\\/l\\\/svm-temp\\\/wp-content\\\/uploads\\\/2022\\\/04\\\/al-qaida-ledare-likstller-ceuta-och-melilla-med-palestina.png\",\"width\":500,\"height\":300},{\"@type\":\"BreadcrumbList\",\"@id\":\"https:\\\/\\\/lightweb.dev\\\/l\\\/svm-temp\\\/nyheter\\\/al-qaida-ledare-likstaller-ceuta-och-melilla-med-palestina\\\/#breadcrumb\",\"itemListElement\":[{\"@type\":\"ListItem\",\"position\":1,\"name\":\"Hem\",\"item\":\"https:\\\/\\\/lightweb.dev\\\/l\\\/svm-temp\\\/\"},{\"@type\":\"ListItem\",\"position\":2,\"name\":\"Al-Qaida-ledare likst\u00e4ller Ceuta och Melilla med Palestina\"}]},{\"@type\":\"WebSite\",\"@id\":\"https:\\\/\\\/lightweb.dev\\\/l\\\/svm-temp\\\/#website\",\"url\":\"https:\\\/\\\/lightweb.dev\\\/l\\\/svm-temp\\\/\",\"name\":\"Svenska Magasinet\",\"description\":\"Dina Spanska nyheter p&aring; Svenska\",\"publisher\":{\"@id\":\"https:\\\/\\\/lightweb.dev\\\/l\\\/svm-temp\\\/#organization\"},\"potentialAction\":[{\"@type\":\"SearchAction\",\"target\":{\"@type\":\"EntryPoint\",\"urlTemplate\":\"https:\\\/\\\/lightweb.dev\\\/l\\\/svm-temp\\\/?s={search_term_string}\"},\"query-input\":{\"@type\":\"PropertyValueSpecification\",\"valueRequired\":true,\"valueName\":\"search_term_string\"}}],\"inLanguage\":\"sv-SE\"},{\"@type\":\"Organization\",\"@id\":\"https:\\\/\\\/lightweb.dev\\\/l\\\/svm-temp\\\/#organization\",\"name\":\"Melkerson y Nott SL\",\"alternateName\":\"Svenska Magasinet\",\"url\":\"https:\\\/\\\/lightweb.dev\\\/l\\\/svm-temp\\\/\",\"logo\":{\"@type\":\"ImageObject\",\"inLanguage\":\"sv-SE\",\"@id\":\"https:\\\/\\\/lightweb.dev\\\/l\\\/svm-temp\\\/#\\\/schema\\\/logo\\\/image\\\/\",\"url\":\"https:\\\/\\\/lightweb.dev\\\/l\\\/svm-temp\\\/wp-content\\\/uploads\\\/2025\\\/02\\\/SvM-logo-Xtra-Centrerad-SVART.png\",\"contentUrl\":\"https:\\\/\\\/lightweb.dev\\\/l\\\/svm-temp\\\/wp-content\\\/uploads\\\/2025\\\/02\\\/SvM-logo-Xtra-Centrerad-SVART.png\",\"width\":300,\"height\":99,\"caption\":\"Melkerson y Nott SL\"},\"image\":{\"@id\":\"https:\\\/\\\/lightweb.dev\\\/l\\\/svm-temp\\\/#\\\/schema\\\/logo\\\/image\\\/\"},\"sameAs\":[\"https:\\\/\\\/www.facebook.com\\\/svenskamagasinet\",\"https:\\\/\\\/x.com\\\/SvenskaMagasine\"]},{\"@type\":\"Person\",\"@id\":\"https:\\\/\\\/lightweb.dev\\\/l\\\/svm-temp\\\/#\\\/schema\\\/person\\\/7a82b8a73d171d32360a564b6d03508e\",\"name\":\"Ola Josefsson\",\"description\":\"Bevakar Solkusten och Spanien sedan 1994.\",\"sameAs\":[\"https:\\\/\\\/lightweb.dev\\\/l\\\/svm-temp\"],\"url\":\"https:\\\/\\\/lightweb.dev\\\/l\\\/svm-temp\\\/reporter\\\/ola-josefsson\\\/\"}]}<\/script>\n<!-- \/ Yoast SEO Premium plugin. -->","yoast_head_json":{"title":"Al-Qaida-ledare likst\u00e4ller Ceuta och Melilla med Palestina - Svenska Magasinet","robots":{"index":"noindex","follow":"follow","max-snippet":"max-snippet:-1","max-image-preview":"max-image-preview:large","max-video-preview":"max-video-preview:-1"},"og_locale":"sv_SE","og_type":"article","og_title":"Al-Qaida-ledare likst\u00e4ller Ceuta och Melilla med Palestina","og_description":"Ceuta och Melilla likst\u00e4lls med Palestina, Kaukasus, Kashmir, Somalia och Mali. Jag uppmanar till jihad, s\u00e4ger Al-Zawahiri, ledare f\u00f6r den radikala militanta islamistiska r\u00f6relsen al-Qaida. Efter flera lugna m\u00e5nader \u00e4r siktet \u00e5terigen inst\u00e4llt p\u00e5 Spanien. Det var vid ett tal den 24 november som Al-Zawahiri tog upp Spaniens \u201dockupationen\u201d av Ceuta och Melilla i Nordafrika. [&hellip;]","og_url":"https:\/\/lightweb.dev\/l\/svm-temp\/nyheter\/al-qaida-ledare-likstaller-ceuta-och-melilla-med-palestina\/","og_site_name":"Svenska Magasinet","article_publisher":"https:\/\/www.facebook.com\/svenskamagasinet","article_published_time":"2021-12-07T10:09:00+00:00","og_image":[{"width":500,"height":300,"url":"https:\/\/lightweb.dev\/l\/svm-temp\/wp-content\/uploads\/2022\/04\/al-qaida-ledare-likstller-ceuta-och-melilla-med-palestina.png","type":"image\/png"}],"author":"Ola Josefsson","twitter_card":"summary_large_image","twitter_creator":"@SvenskaMagasine","twitter_site":"@SvenskaMagasine","schema":{"@context":"https:\/\/schema.org","@graph":[{"@type":"Article","@id":"https:\/\/lightweb.dev\/l\/svm-temp\/nyheter\/al-qaida-ledare-likstaller-ceuta-och-melilla-med-palestina\/#article","isPartOf":{"@id":"https:\/\/lightweb.dev\/l\/svm-temp\/nyheter\/al-qaida-ledare-likstaller-ceuta-och-melilla-med-palestina\/"},"author":{"name":"Ola Josefsson","@id":"https:\/\/lightweb.dev\/l\/svm-temp\/#\/schema\/person\/7a82b8a73d171d32360a564b6d03508e"},"headline":"Al-Qaida-ledare likst\u00e4ller Ceuta och Melilla med Palestina","datePublished":"2021-12-07T10:09:00+00:00","mainEntityOfPage":{"@id":"https:\/\/lightweb.dev\/l\/svm-temp\/nyheter\/al-qaida-ledare-likstaller-ceuta-och-melilla-med-palestina\/"},"wordCount":294,"commentCount":0,"publisher":{"@id":"https:\/\/lightweb.dev\/l\/svm-temp\/#organization"},"image":{"@id":"https:\/\/lightweb.dev\/l\/svm-temp\/nyheter\/al-qaida-ledare-likstaller-ceuta-och-melilla-med-palestina\/#primaryimage"},"thumbnailUrl":"https:\/\/lightweb.dev\/l\/svm-temp\/wp-content\/uploads\/2022\/04\/al-qaida-ledare-likstller-ceuta-och-melilla-med-palestina.png","articleSection":["Arkiv","Nyheter"],"inLanguage":"sv-SE"},{"@type":"WebPage","@id":"https:\/\/lightweb.dev\/l\/svm-temp\/nyheter\/al-qaida-ledare-likstaller-ceuta-och-melilla-med-palestina\/","url":"https:\/\/lightweb.dev\/l\/svm-temp\/nyheter\/al-qaida-ledare-likstaller-ceuta-och-melilla-med-palestina\/","name":"Al-Qaida-ledare likst\u00e4ller Ceuta och Melilla med Palestina - Svenska Magasinet","isPartOf":{"@id":"https:\/\/lightweb.dev\/l\/svm-temp\/#website"},"primaryImageOfPage":{"@id":"https:\/\/lightweb.dev\/l\/svm-temp\/nyheter\/al-qaida-ledare-likstaller-ceuta-och-melilla-med-palestina\/#primaryimage"},"image":{"@id":"https:\/\/lightweb.dev\/l\/svm-temp\/nyheter\/al-qaida-ledare-likstaller-ceuta-och-melilla-med-palestina\/#primaryimage"},"thumbnailUrl":"https:\/\/lightweb.dev\/l\/svm-temp\/wp-content\/uploads\/2022\/04\/al-qaida-ledare-likstller-ceuta-och-melilla-med-palestina.png","datePublished":"2021-12-07T10:09:00+00:00","breadcrumb":{"@id":"https:\/\/lightweb.dev\/l\/svm-temp\/nyheter\/al-qaida-ledare-likstaller-ceuta-och-melilla-med-palestina\/#breadcrumb"},"inLanguage":"sv-SE","potentialAction":[{"@type":"ReadAction","target":["https:\/\/lightweb.dev\/l\/svm-temp\/nyheter\/al-qaida-ledare-likstaller-ceuta-och-melilla-med-palestina\/"]}]},{"@type":"ImageObject","inLanguage":"sv-SE","@id":"https:\/\/lightweb.dev\/l\/svm-temp\/nyheter\/al-qaida-ledare-likstaller-ceuta-och-melilla-med-palestina\/#primaryimage","url":"https:\/\/lightweb.dev\/l\/svm-temp\/wp-content\/uploads\/2022\/04\/al-qaida-ledare-likstller-ceuta-och-melilla-med-palestina.png","contentUrl":"https:\/\/lightweb.dev\/l\/svm-temp\/wp-content\/uploads\/2022\/04\/al-qaida-ledare-likstller-ceuta-och-melilla-med-palestina.png","width":500,"height":300},{"@type":"BreadcrumbList","@id":"https:\/\/lightweb.dev\/l\/svm-temp\/nyheter\/al-qaida-ledare-likstaller-ceuta-och-melilla-med-palestina\/#breadcrumb","itemListElement":[{"@type":"ListItem","position":1,"name":"Hem","item":"https:\/\/lightweb.dev\/l\/svm-temp\/"},{"@type":"ListItem","position":2,"name":"Al-Qaida-ledare likst\u00e4ller Ceuta och Melilla med Palestina"}]},{"@type":"WebSite","@id":"https:\/\/lightweb.dev\/l\/svm-temp\/#website","url":"https:\/\/lightweb.dev\/l\/svm-temp\/","name":"Svenska Magasinet","description":"Dina Spanska nyheter p&aring; Svenska","publisher":{"@id":"https:\/\/lightweb.dev\/l\/svm-temp\/#organization"},"potentialAction":[{"@type":"SearchAction","target":{"@type":"EntryPoint","urlTemplate":"https:\/\/lightweb.dev\/l\/svm-temp\/?s={search_term_string}"},"query-input":{"@type":"PropertyValueSpecification","valueRequired":true,"valueName":"search_term_string"}}],"inLanguage":"sv-SE"},{"@type":"Organization","@id":"https:\/\/lightweb.dev\/l\/svm-temp\/#organization","name":"Melkerson y Nott SL","alternateName":"Svenska Magasinet","url":"https:\/\/lightweb.dev\/l\/svm-temp\/","logo":{"@type":"ImageObject","inLanguage":"sv-SE","@id":"https:\/\/lightweb.dev\/l\/svm-temp\/#\/schema\/logo\/image\/","url":"https:\/\/lightweb.dev\/l\/svm-temp\/wp-content\/uploads\/2025\/02\/SvM-logo-Xtra-Centrerad-SVART.png","contentUrl":"https:\/\/lightweb.dev\/l\/svm-temp\/wp-content\/uploads\/2025\/02\/SvM-logo-Xtra-Centrerad-SVART.png","width":300,"height":99,"caption":"Melkerson y Nott SL"},"image":{"@id":"https:\/\/lightweb.dev\/l\/svm-temp\/#\/schema\/logo\/image\/"},"sameAs":["https:\/\/www.facebook.com\/svenskamagasinet","https:\/\/x.com\/SvenskaMagasine"]},{"@type":"Person","@id":"https:\/\/lightweb.dev\/l\/svm-temp\/#\/schema\/person\/7a82b8a73d171d32360a564b6d03508e","name":"Ola Josefsson","description":"Bevakar Solkusten och Spanien sedan 1994.","sameAs":["https:\/\/lightweb.dev\/l\/svm-temp"],"url":"https:\/\/lightweb.dev\/l\/svm-temp\/reporter\/ola-josefsson\/"}]}},"_links":{"self":[{"href":"https:\/\/lightweb.dev\/l\/svm-temp\/wp-json\/wp\/v2\/posts\/1069","targetHints":{"allow":["GET"]}}],"collection":[{"href":"https:\/\/lightweb.dev\/l\/svm-temp\/wp-json\/wp\/v2\/posts"}],"about":[{"href":"https:\/\/lightweb.dev\/l\/svm-temp\/wp-json\/wp\/v2\/types\/post"}],"author":[{"embeddable":true,"href":"https:\/\/lightweb.dev\/l\/svm-temp\/wp-json\/wp\/v2\/users\/7"}],"replies":[{"embeddable":true,"href":"https:\/\/lightweb.dev\/l\/svm-temp\/wp-json\/wp\/v2\/comments?post=1069"}],"version-history":[{"count":0,"href":"https:\/\/lightweb.dev\/l\/svm-temp\/wp-json\/wp\/v2\/posts\/1069\/revisions"}],"wp:featuredmedia":[{"embeddable":true,"href":"https:\/\/lightweb.dev\/l\/svm-temp\/wp-json\/wp\/v2\/media\/1070"}],"wp:attachment":[{"href":"https:\/\/lightweb.dev\/l\/svm-temp\/wp-json\/wp\/v2\/media?parent=1069"}],"wp:term":[{"taxonomy":"category","embeddable":true,"href":"https:\/\/lightweb.dev\/l\/svm-temp\/wp-json\/wp\/v2\/categories?post=1069"},{"taxonomy":"post_tag","embeddable":true,"href":"https:\/\/lightweb.dev\/l\/svm-temp\/wp-json\/wp\/v2\/tags?post=1069"}],"curies":[{"name":"wp","href":"https:\/\/api.w.org\/{rel}","templated":true}]}}