{"id":1073,"date":"2021-12-06T10:46:00","date_gmt":"2021-12-06T09:46:00","guid":{"rendered":"https:\/\/lightweb.dev\/l\/svm-temp\/den-tysta-pandemin-mentala-halsoproblem-och-sjalvmord\/"},"modified":"2021-12-06T10:46:00","modified_gmt":"2021-12-06T09:46:00","slug":"den-tysta-pandemin-mentala-halsoproblem-och-sjalvmord","status":"publish","type":"post","link":"https:\/\/lightweb.dev\/l\/svm-temp\/nyheter\/den-tysta-pandemin-mentala-halsoproblem-och-sjalvmord\/","title":{"rendered":"Den tysta pandemin: Mentala h\u00e4lsoproblem och sj\u00e4lvmord"},"content":{"rendered":"<p> Vi matas med statistik \u00f6ver smittade i SARS-CoV-2 dagligen. Mentala h\u00e4lsoproblem och sj\u00e4lvmord som f\u00f6ljer i pandemins sp\u00e5r talas det mindre om. Det beskrivs som \u201dden tysta pandemin\u201d och p\u00e5verkar en fj\u00e4rdedel av befolkningen.<\/p>\n<p>Det r\u00e5der brist p\u00e5 psykologer i Spanien. Enligt siffror fr\u00e5n V\u00e4rldsh\u00e4lsoorganisationen, WHO, finns det 18 psykologer p\u00e5 100.000 inv\u00e5nare i Europa. Spanien kommer inte upp i sex psykologer och regionen Andalusien n\u00e5r inte upp till fyra psykologer per 100.000 inv\u00e5nare.<\/p>\n<p>Andoni Anse\u00e1n, \u00e4r president f\u00f6r den spanska stiftelsen Fundaci\u00f3n Espa\u00f1ola para la Prevenci\u00f3n del Suicidio. Det \u00e4r ett samlingsnamn f\u00f6r en gemensam verksamhet som syftar till att f\u00f6rhindra sj\u00e4lvmord.<\/p>\n<p>Det \u00e4r insatser som kan utf\u00f6ras av lokala medborgarorganisationer, psykologer\/kuratorer med flera f\u00f6r att minska f\u00f6rekomsten av sj\u00e4lvmord.<\/p>\n<p>2020 n\u00e4r covid-19-pandemin br\u00f6t ut registrerade Spanien nytt rekord i sj\u00e4lvmord med 3.941 personer. Det var en uppg\u00e5ng med 7,4 procent j\u00e4mf\u00f6rt med \u00e5ret innan. Det var elva sj\u00e4lvmord om dagen.<\/p>\n<p>2.930 av dessa var m\u00e4n. 1.011 var kvinnor.<\/p>\n<p>Sj\u00e4lvmord \u00e4r den fr\u00e4msta orsaken n\u00e4r det g\u00e4ller onaturlig d\u00f6d och redovisar tre g\u00e5nger s\u00e5 h\u00f6ga tal j\u00e4mf\u00f6rt med trafikoffer och tretton g\u00e5nger s\u00e5 h\u00f6ga tal j\u00e4mf\u00f6rt med mord.<\/p>\n<p>Sj\u00e4lvmorden kryper l\u00e4ngre ner i \u00e5ldrarna och var under fjol\u00e5ret den n\u00e4st vanligaste d\u00f6dsorsaken i \u00e5ldersgruppen 15 till 29 \u00e5r efter tum\u00f6rer.<\/p>\n<p>Siffran \u00f6ver sj\u00e4lvmord hade kunnat vara st\u00f6rre. P\u00e5 varje sj\u00e4lvmord g\u00e5r det tjugo sj\u00e4lvmordsf\u00f6rs\u00f6k.<\/p>\n<p>&#8211; Pandemin har haft en f\u00f6r\u00f6dande effekt i det h\u00e4r sammanhanget. Och den har p\u00e5verkat alla i det h\u00e4r sammanhanget, fr\u00e5n minder\u00e5riga till farf\u00f6r\u00e4ldrar och sjukv\u00e5rdspersonal, s\u00e4ger Gloria Orozco, prim\u00e4rv\u00e5rdsl\u00e4kare, i en intervju.<\/p>\n<p>Det handlar ocks\u00e5 om ungdomar som har ber\u00f6vats en grundl\u00e4ggande kontakt f\u00f6r att utveckla sin personlighet. I st\u00e4llet har det blivit ett \u00f6kat beroende av internet och tv-spel.<\/p>\n<p>Brist p\u00e5 kommunikation och v\u00e5rt viktigaste sociala n\u00e4tverk som att ta en fika med v\u00e4nner, det beskrivs som terapi, har bidragit till ett \u00f6kat antal sj\u00e4lvmord.<\/p>\n","protected":false},"excerpt":{"rendered":"<p>Vi matas med statistik \u00f6ver smittade i SARS-CoV-2 dagligen. Mentala h\u00e4lsoproblem och sj\u00e4lvmord som f\u00f6ljer i pandemins sp\u00e5r talas det mindre om. Det beskrivs som \u201dden tysta pandemin\u201d och p\u00e5verkar en fj\u00e4rdedel av befolkningen. Det r\u00e5der brist p\u00e5 psykologer i Spanien. Enligt siffror fr\u00e5n V\u00e4rldsh\u00e4lsoorganisationen, WHO, finns det 18 psykologer p\u00e5 100.000 inv\u00e5nare i Europa. [&hellip;]<\/p>\n","protected":false},"author":7,"featured_media":1074,"comment_status":"open","ping_status":"open","sticky":false,"template":"","format":"standard","meta":{"_et_pb_use_builder":"","_et_pb_old_content":"","_et_gb_content_width":"","footnotes":""},"categories":[395,3],"tags":[],"class_list":["post-1073","post","type-post","status-publish","format-standard","has-post-thumbnail","hentry","category-arkiv-nyheter","category-nyheter"],"yoast_head":"<!-- This site is optimized with the Yoast SEO Premium plugin v26.2 (Yoast SEO v27.5) - https:\/\/yoast.com\/product\/yoast-seo-premium-wordpress\/ -->\n<title>Den tysta pandemin: Mentala h\u00e4lsoproblem och sj\u00e4lvmord - Svenska Magasinet<\/title>\n<meta name=\"robots\" content=\"noindex, follow, max-snippet:-1, max-image-preview:large, max-video-preview:-1\" \/>\n<meta property=\"og:locale\" content=\"sv_SE\" \/>\n<meta property=\"og:type\" content=\"article\" \/>\n<meta property=\"og:title\" content=\"Den tysta pandemin: Mentala h\u00e4lsoproblem och sj\u00e4lvmord\" \/>\n<meta property=\"og:description\" content=\"Vi matas med statistik \u00f6ver smittade i SARS-CoV-2 dagligen. Mentala h\u00e4lsoproblem och sj\u00e4lvmord som f\u00f6ljer i pandemins sp\u00e5r talas det mindre om. Det beskrivs som \u201dden tysta pandemin\u201d och p\u00e5verkar en fj\u00e4rdedel av befolkningen. Det r\u00e5der brist p\u00e5 psykologer i Spanien. Enligt siffror fr\u00e5n V\u00e4rldsh\u00e4lsoorganisationen, WHO, finns det 18 psykologer p\u00e5 100.000 inv\u00e5nare i Europa. [&hellip;]\" \/>\n<meta property=\"og:url\" content=\"https:\/\/lightweb.dev\/l\/svm-temp\/nyheter\/den-tysta-pandemin-mentala-halsoproblem-och-sjalvmord\/\" \/>\n<meta property=\"og:site_name\" content=\"Svenska Magasinet\" \/>\n<meta property=\"article:publisher\" content=\"https:\/\/www.facebook.com\/svenskamagasinet\" \/>\n<meta property=\"article:published_time\" content=\"2021-12-06T09:46:00+00:00\" \/>\n<meta property=\"og:image\" content=\"https:\/\/lightweb.dev\/l\/svm-temp\/wp-content\/uploads\/2022\/04\/den-tysta-pandemin-mentala-hlsoproblem-och-sjlvmord.png\" \/>\n\t<meta property=\"og:image:width\" content=\"500\" \/>\n\t<meta property=\"og:image:height\" content=\"300\" \/>\n\t<meta property=\"og:image:type\" content=\"image\/png\" \/>\n<meta name=\"author\" content=\"Ola Josefsson\" \/>\n<meta name=\"twitter:card\" content=\"summary_large_image\" \/>\n<meta name=\"twitter:creator\" content=\"@SvenskaMagasine\" \/>\n<meta name=\"twitter:site\" content=\"@SvenskaMagasine\" \/>\n<script type=\"application\/ld+json\" class=\"yoast-schema-graph\">{\"@context\":\"https:\\\/\\\/schema.org\",\"@graph\":[{\"@type\":\"Article\",\"@id\":\"https:\\\/\\\/lightweb.dev\\\/l\\\/svm-temp\\\/nyheter\\\/den-tysta-pandemin-mentala-halsoproblem-och-sjalvmord\\\/#article\",\"isPartOf\":{\"@id\":\"https:\\\/\\\/lightweb.dev\\\/l\\\/svm-temp\\\/nyheter\\\/den-tysta-pandemin-mentala-halsoproblem-och-sjalvmord\\\/\"},\"author\":{\"name\":\"Ola Josefsson\",\"@id\":\"https:\\\/\\\/lightweb.dev\\\/l\\\/svm-temp\\\/#\\\/schema\\\/person\\\/7a82b8a73d171d32360a564b6d03508e\"},\"headline\":\"Den tysta pandemin: Mentala h\u00e4lsoproblem och sj\u00e4lvmord\",\"datePublished\":\"2021-12-06T09:46:00+00:00\",\"mainEntityOfPage\":{\"@id\":\"https:\\\/\\\/lightweb.dev\\\/l\\\/svm-temp\\\/nyheter\\\/den-tysta-pandemin-mentala-halsoproblem-och-sjalvmord\\\/\"},\"wordCount\":394,\"commentCount\":0,\"publisher\":{\"@id\":\"https:\\\/\\\/lightweb.dev\\\/l\\\/svm-temp\\\/#organization\"},\"image\":{\"@id\":\"https:\\\/\\\/lightweb.dev\\\/l\\\/svm-temp\\\/nyheter\\\/den-tysta-pandemin-mentala-halsoproblem-och-sjalvmord\\\/#primaryimage\"},\"thumbnailUrl\":\"https:\\\/\\\/lightweb.dev\\\/l\\\/svm-temp\\\/wp-content\\\/uploads\\\/2022\\\/04\\\/den-tysta-pandemin-mentala-hlsoproblem-och-sjlvmord.png\",\"articleSection\":[\"Arkiv\",\"Nyheter\"],\"inLanguage\":\"sv-SE\"},{\"@type\":\"WebPage\",\"@id\":\"https:\\\/\\\/lightweb.dev\\\/l\\\/svm-temp\\\/nyheter\\\/den-tysta-pandemin-mentala-halsoproblem-och-sjalvmord\\\/\",\"url\":\"https:\\\/\\\/lightweb.dev\\\/l\\\/svm-temp\\\/nyheter\\\/den-tysta-pandemin-mentala-halsoproblem-och-sjalvmord\\\/\",\"name\":\"Den tysta pandemin: Mentala h\u00e4lsoproblem och sj\u00e4lvmord - Svenska Magasinet\",\"isPartOf\":{\"@id\":\"https:\\\/\\\/lightweb.dev\\\/l\\\/svm-temp\\\/#website\"},\"primaryImageOfPage\":{\"@id\":\"https:\\\/\\\/lightweb.dev\\\/l\\\/svm-temp\\\/nyheter\\\/den-tysta-pandemin-mentala-halsoproblem-och-sjalvmord\\\/#primaryimage\"},\"image\":{\"@id\":\"https:\\\/\\\/lightweb.dev\\\/l\\\/svm-temp\\\/nyheter\\\/den-tysta-pandemin-mentala-halsoproblem-och-sjalvmord\\\/#primaryimage\"},\"thumbnailUrl\":\"https:\\\/\\\/lightweb.dev\\\/l\\\/svm-temp\\\/wp-content\\\/uploads\\\/2022\\\/04\\\/den-tysta-pandemin-mentala-hlsoproblem-och-sjlvmord.png\",\"datePublished\":\"2021-12-06T09:46:00+00:00\",\"breadcrumb\":{\"@id\":\"https:\\\/\\\/lightweb.dev\\\/l\\\/svm-temp\\\/nyheter\\\/den-tysta-pandemin-mentala-halsoproblem-och-sjalvmord\\\/#breadcrumb\"},\"inLanguage\":\"sv-SE\",\"potentialAction\":[{\"@type\":\"ReadAction\",\"target\":[\"https:\\\/\\\/lightweb.dev\\\/l\\\/svm-temp\\\/nyheter\\\/den-tysta-pandemin-mentala-halsoproblem-och-sjalvmord\\\/\"]}]},{\"@type\":\"ImageObject\",\"inLanguage\":\"sv-SE\",\"@id\":\"https:\\\/\\\/lightweb.dev\\\/l\\\/svm-temp\\\/nyheter\\\/den-tysta-pandemin-mentala-halsoproblem-och-sjalvmord\\\/#primaryimage\",\"url\":\"https:\\\/\\\/lightweb.dev\\\/l\\\/svm-temp\\\/wp-content\\\/uploads\\\/2022\\\/04\\\/den-tysta-pandemin-mentala-hlsoproblem-och-sjlvmord.png\",\"contentUrl\":\"https:\\\/\\\/lightweb.dev\\\/l\\\/svm-temp\\\/wp-content\\\/uploads\\\/2022\\\/04\\\/den-tysta-pandemin-mentala-hlsoproblem-och-sjlvmord.png\",\"width\":500,\"height\":300},{\"@type\":\"BreadcrumbList\",\"@id\":\"https:\\\/\\\/lightweb.dev\\\/l\\\/svm-temp\\\/nyheter\\\/den-tysta-pandemin-mentala-halsoproblem-och-sjalvmord\\\/#breadcrumb\",\"itemListElement\":[{\"@type\":\"ListItem\",\"position\":1,\"name\":\"Hem\",\"item\":\"https:\\\/\\\/lightweb.dev\\\/l\\\/svm-temp\\\/\"},{\"@type\":\"ListItem\",\"position\":2,\"name\":\"Den tysta pandemin: Mentala h\u00e4lsoproblem och sj\u00e4lvmord\"}]},{\"@type\":\"WebSite\",\"@id\":\"https:\\\/\\\/lightweb.dev\\\/l\\\/svm-temp\\\/#website\",\"url\":\"https:\\\/\\\/lightweb.dev\\\/l\\\/svm-temp\\\/\",\"name\":\"Svenska Magasinet\",\"description\":\"Dina Spanska nyheter p&aring; Svenska\",\"publisher\":{\"@id\":\"https:\\\/\\\/lightweb.dev\\\/l\\\/svm-temp\\\/#organization\"},\"potentialAction\":[{\"@type\":\"SearchAction\",\"target\":{\"@type\":\"EntryPoint\",\"urlTemplate\":\"https:\\\/\\\/lightweb.dev\\\/l\\\/svm-temp\\\/?s={search_term_string}\"},\"query-input\":{\"@type\":\"PropertyValueSpecification\",\"valueRequired\":true,\"valueName\":\"search_term_string\"}}],\"inLanguage\":\"sv-SE\"},{\"@type\":\"Organization\",\"@id\":\"https:\\\/\\\/lightweb.dev\\\/l\\\/svm-temp\\\/#organization\",\"name\":\"Melkerson y Nott SL\",\"alternateName\":\"Svenska Magasinet\",\"url\":\"https:\\\/\\\/lightweb.dev\\\/l\\\/svm-temp\\\/\",\"logo\":{\"@type\":\"ImageObject\",\"inLanguage\":\"sv-SE\",\"@id\":\"https:\\\/\\\/lightweb.dev\\\/l\\\/svm-temp\\\/#\\\/schema\\\/logo\\\/image\\\/\",\"url\":\"https:\\\/\\\/lightweb.dev\\\/l\\\/svm-temp\\\/wp-content\\\/uploads\\\/2025\\\/02\\\/SvM-logo-Xtra-Centrerad-SVART.png\",\"contentUrl\":\"https:\\\/\\\/lightweb.dev\\\/l\\\/svm-temp\\\/wp-content\\\/uploads\\\/2025\\\/02\\\/SvM-logo-Xtra-Centrerad-SVART.png\",\"width\":300,\"height\":99,\"caption\":\"Melkerson y Nott SL\"},\"image\":{\"@id\":\"https:\\\/\\\/lightweb.dev\\\/l\\\/svm-temp\\\/#\\\/schema\\\/logo\\\/image\\\/\"},\"sameAs\":[\"https:\\\/\\\/www.facebook.com\\\/svenskamagasinet\",\"https:\\\/\\\/x.com\\\/SvenskaMagasine\"]},{\"@type\":\"Person\",\"@id\":\"https:\\\/\\\/lightweb.dev\\\/l\\\/svm-temp\\\/#\\\/schema\\\/person\\\/7a82b8a73d171d32360a564b6d03508e\",\"name\":\"Ola Josefsson\",\"description\":\"Bevakar Solkusten och Spanien sedan 1994.\",\"sameAs\":[\"https:\\\/\\\/lightweb.dev\\\/l\\\/svm-temp\"],\"url\":\"https:\\\/\\\/lightweb.dev\\\/l\\\/svm-temp\\\/reporter\\\/ola-josefsson\\\/\"}]}<\/script>\n<!-- \/ Yoast SEO Premium plugin. -->","yoast_head_json":{"title":"Den tysta pandemin: Mentala h\u00e4lsoproblem och sj\u00e4lvmord - Svenska Magasinet","robots":{"index":"noindex","follow":"follow","max-snippet":"max-snippet:-1","max-image-preview":"max-image-preview:large","max-video-preview":"max-video-preview:-1"},"og_locale":"sv_SE","og_type":"article","og_title":"Den tysta pandemin: Mentala h\u00e4lsoproblem och sj\u00e4lvmord","og_description":"Vi matas med statistik \u00f6ver smittade i SARS-CoV-2 dagligen. Mentala h\u00e4lsoproblem och sj\u00e4lvmord som f\u00f6ljer i pandemins sp\u00e5r talas det mindre om. Det beskrivs som \u201dden tysta pandemin\u201d och p\u00e5verkar en fj\u00e4rdedel av befolkningen. Det r\u00e5der brist p\u00e5 psykologer i Spanien. Enligt siffror fr\u00e5n V\u00e4rldsh\u00e4lsoorganisationen, WHO, finns det 18 psykologer p\u00e5 100.000 inv\u00e5nare i Europa. [&hellip;]","og_url":"https:\/\/lightweb.dev\/l\/svm-temp\/nyheter\/den-tysta-pandemin-mentala-halsoproblem-och-sjalvmord\/","og_site_name":"Svenska Magasinet","article_publisher":"https:\/\/www.facebook.com\/svenskamagasinet","article_published_time":"2021-12-06T09:46:00+00:00","og_image":[{"width":500,"height":300,"url":"https:\/\/lightweb.dev\/l\/svm-temp\/wp-content\/uploads\/2022\/04\/den-tysta-pandemin-mentala-hlsoproblem-och-sjlvmord.png","type":"image\/png"}],"author":"Ola Josefsson","twitter_card":"summary_large_image","twitter_creator":"@SvenskaMagasine","twitter_site":"@SvenskaMagasine","schema":{"@context":"https:\/\/schema.org","@graph":[{"@type":"Article","@id":"https:\/\/lightweb.dev\/l\/svm-temp\/nyheter\/den-tysta-pandemin-mentala-halsoproblem-och-sjalvmord\/#article","isPartOf":{"@id":"https:\/\/lightweb.dev\/l\/svm-temp\/nyheter\/den-tysta-pandemin-mentala-halsoproblem-och-sjalvmord\/"},"author":{"name":"Ola Josefsson","@id":"https:\/\/lightweb.dev\/l\/svm-temp\/#\/schema\/person\/7a82b8a73d171d32360a564b6d03508e"},"headline":"Den tysta pandemin: Mentala h\u00e4lsoproblem och sj\u00e4lvmord","datePublished":"2021-12-06T09:46:00+00:00","mainEntityOfPage":{"@id":"https:\/\/lightweb.dev\/l\/svm-temp\/nyheter\/den-tysta-pandemin-mentala-halsoproblem-och-sjalvmord\/"},"wordCount":394,"commentCount":0,"publisher":{"@id":"https:\/\/lightweb.dev\/l\/svm-temp\/#organization"},"image":{"@id":"https:\/\/lightweb.dev\/l\/svm-temp\/nyheter\/den-tysta-pandemin-mentala-halsoproblem-och-sjalvmord\/#primaryimage"},"thumbnailUrl":"https:\/\/lightweb.dev\/l\/svm-temp\/wp-content\/uploads\/2022\/04\/den-tysta-pandemin-mentala-hlsoproblem-och-sjlvmord.png","articleSection":["Arkiv","Nyheter"],"inLanguage":"sv-SE"},{"@type":"WebPage","@id":"https:\/\/lightweb.dev\/l\/svm-temp\/nyheter\/den-tysta-pandemin-mentala-halsoproblem-och-sjalvmord\/","url":"https:\/\/lightweb.dev\/l\/svm-temp\/nyheter\/den-tysta-pandemin-mentala-halsoproblem-och-sjalvmord\/","name":"Den tysta pandemin: Mentala h\u00e4lsoproblem och sj\u00e4lvmord - Svenska Magasinet","isPartOf":{"@id":"https:\/\/lightweb.dev\/l\/svm-temp\/#website"},"primaryImageOfPage":{"@id":"https:\/\/lightweb.dev\/l\/svm-temp\/nyheter\/den-tysta-pandemin-mentala-halsoproblem-och-sjalvmord\/#primaryimage"},"image":{"@id":"https:\/\/lightweb.dev\/l\/svm-temp\/nyheter\/den-tysta-pandemin-mentala-halsoproblem-och-sjalvmord\/#primaryimage"},"thumbnailUrl":"https:\/\/lightweb.dev\/l\/svm-temp\/wp-content\/uploads\/2022\/04\/den-tysta-pandemin-mentala-hlsoproblem-och-sjlvmord.png","datePublished":"2021-12-06T09:46:00+00:00","breadcrumb":{"@id":"https:\/\/lightweb.dev\/l\/svm-temp\/nyheter\/den-tysta-pandemin-mentala-halsoproblem-och-sjalvmord\/#breadcrumb"},"inLanguage":"sv-SE","potentialAction":[{"@type":"ReadAction","target":["https:\/\/lightweb.dev\/l\/svm-temp\/nyheter\/den-tysta-pandemin-mentala-halsoproblem-och-sjalvmord\/"]}]},{"@type":"ImageObject","inLanguage":"sv-SE","@id":"https:\/\/lightweb.dev\/l\/svm-temp\/nyheter\/den-tysta-pandemin-mentala-halsoproblem-och-sjalvmord\/#primaryimage","url":"https:\/\/lightweb.dev\/l\/svm-temp\/wp-content\/uploads\/2022\/04\/den-tysta-pandemin-mentala-hlsoproblem-och-sjlvmord.png","contentUrl":"https:\/\/lightweb.dev\/l\/svm-temp\/wp-content\/uploads\/2022\/04\/den-tysta-pandemin-mentala-hlsoproblem-och-sjlvmord.png","width":500,"height":300},{"@type":"BreadcrumbList","@id":"https:\/\/lightweb.dev\/l\/svm-temp\/nyheter\/den-tysta-pandemin-mentala-halsoproblem-och-sjalvmord\/#breadcrumb","itemListElement":[{"@type":"ListItem","position":1,"name":"Hem","item":"https:\/\/lightweb.dev\/l\/svm-temp\/"},{"@type":"ListItem","position":2,"name":"Den tysta pandemin: Mentala h\u00e4lsoproblem och sj\u00e4lvmord"}]},{"@type":"WebSite","@id":"https:\/\/lightweb.dev\/l\/svm-temp\/#website","url":"https:\/\/lightweb.dev\/l\/svm-temp\/","name":"Svenska Magasinet","description":"Dina Spanska nyheter p&aring; Svenska","publisher":{"@id":"https:\/\/lightweb.dev\/l\/svm-temp\/#organization"},"potentialAction":[{"@type":"SearchAction","target":{"@type":"EntryPoint","urlTemplate":"https:\/\/lightweb.dev\/l\/svm-temp\/?s={search_term_string}"},"query-input":{"@type":"PropertyValueSpecification","valueRequired":true,"valueName":"search_term_string"}}],"inLanguage":"sv-SE"},{"@type":"Organization","@id":"https:\/\/lightweb.dev\/l\/svm-temp\/#organization","name":"Melkerson y Nott SL","alternateName":"Svenska Magasinet","url":"https:\/\/lightweb.dev\/l\/svm-temp\/","logo":{"@type":"ImageObject","inLanguage":"sv-SE","@id":"https:\/\/lightweb.dev\/l\/svm-temp\/#\/schema\/logo\/image\/","url":"https:\/\/lightweb.dev\/l\/svm-temp\/wp-content\/uploads\/2025\/02\/SvM-logo-Xtra-Centrerad-SVART.png","contentUrl":"https:\/\/lightweb.dev\/l\/svm-temp\/wp-content\/uploads\/2025\/02\/SvM-logo-Xtra-Centrerad-SVART.png","width":300,"height":99,"caption":"Melkerson y Nott SL"},"image":{"@id":"https:\/\/lightweb.dev\/l\/svm-temp\/#\/schema\/logo\/image\/"},"sameAs":["https:\/\/www.facebook.com\/svenskamagasinet","https:\/\/x.com\/SvenskaMagasine"]},{"@type":"Person","@id":"https:\/\/lightweb.dev\/l\/svm-temp\/#\/schema\/person\/7a82b8a73d171d32360a564b6d03508e","name":"Ola Josefsson","description":"Bevakar Solkusten och Spanien sedan 1994.","sameAs":["https:\/\/lightweb.dev\/l\/svm-temp"],"url":"https:\/\/lightweb.dev\/l\/svm-temp\/reporter\/ola-josefsson\/"}]}},"_links":{"self":[{"href":"https:\/\/lightweb.dev\/l\/svm-temp\/wp-json\/wp\/v2\/posts\/1073","targetHints":{"allow":["GET"]}}],"collection":[{"href":"https:\/\/lightweb.dev\/l\/svm-temp\/wp-json\/wp\/v2\/posts"}],"about":[{"href":"https:\/\/lightweb.dev\/l\/svm-temp\/wp-json\/wp\/v2\/types\/post"}],"author":[{"embeddable":true,"href":"https:\/\/lightweb.dev\/l\/svm-temp\/wp-json\/wp\/v2\/users\/7"}],"replies":[{"embeddable":true,"href":"https:\/\/lightweb.dev\/l\/svm-temp\/wp-json\/wp\/v2\/comments?post=1073"}],"version-history":[{"count":0,"href":"https:\/\/lightweb.dev\/l\/svm-temp\/wp-json\/wp\/v2\/posts\/1073\/revisions"}],"wp:featuredmedia":[{"embeddable":true,"href":"https:\/\/lightweb.dev\/l\/svm-temp\/wp-json\/wp\/v2\/media\/1074"}],"wp:attachment":[{"href":"https:\/\/lightweb.dev\/l\/svm-temp\/wp-json\/wp\/v2\/media?parent=1073"}],"wp:term":[{"taxonomy":"category","embeddable":true,"href":"https:\/\/lightweb.dev\/l\/svm-temp\/wp-json\/wp\/v2\/categories?post=1073"},{"taxonomy":"post_tag","embeddable":true,"href":"https:\/\/lightweb.dev\/l\/svm-temp\/wp-json\/wp\/v2\/tags?post=1073"}],"curies":[{"name":"wp","href":"https:\/\/api.w.org\/{rel}","templated":true}]}}