{"id":1079,"date":"2021-12-03T10:36:00","date_gmt":"2021-12-03T09:36:00","guid":{"rendered":"https:\/\/lightweb.dev\/l\/svm-temp\/krogare-vill-se-vaccinbevis-i-stallet-for-restriktioner\/"},"modified":"2021-12-03T10:36:00","modified_gmt":"2021-12-03T09:36:00","slug":"krogare-vill-se-vaccinbevis-i-stallet-for-restriktioner","status":"publish","type":"post","link":"https:\/\/lightweb.dev\/l\/svm-temp\/nyheter\/krogare-vill-se-vaccinbevis-i-stallet-for-restriktioner\/","title":{"rendered":"Kr\u00f6gare vill se vaccinbevis i st\u00e4llet f\u00f6r restriktioner"},"content":{"rendered":"<p> Kr\u00f6gare och serveringsst\u00e4llen p\u00e5 Solkusten oroar sig f\u00f6r att omikron-varianten kan komma att sl\u00e5 h\u00e5rt mot en redan h\u00e5rt drabbad bransch. Javier Frutos och Juan Rambla, vid M\u00e1lagas sammanslutning av serveringsst\u00e4llen Mahos (Asociaci\u00f3n Malague\u00f1a de Hosteleros) och nattklubbarnas sammanslutning, Andaluc\u00eda de Noche, vill se vaccinbevis f\u00f6r att undvika restriktioner.<\/p>\n<p>&#8211; Det g\u00f6r mindre ont j\u00e4mf\u00f6rt med andra \u00e5tg\u00e4rder som att minska kapaciteten eller \u00f6ppettiderna, sa de tv\u00e5 i samband med en presstr\u00e4ff p\u00e5 torsdagen.<\/p>\n<p>B\u00e5de serveringsst\u00e4llen som barer och restauranger och nattlivet i M\u00e1laga anser att vaccinbevis \u00e4r ett f\u00f6rdelaktigare verktyg f\u00f6r tillf\u00e4llet.<\/p>\n<p>Juan Rambla efterlyser ocks\u00e5 att ansvariga myndigheter tar mer ansvar n\u00e4r de uttalar sig i st\u00e4llet f\u00f6r att skapa oro och panik bland inv\u00e5narna.<\/p>\n<p>&#8211; Det verkar som att vi ibland varnar befolkningen mer \u00e4n n\u00f6dv\u00e4ndigt. Det \u00e4r utm\u00e4rkt att ta ansvar och visa f\u00f6rsiktighet men idag \u00e4r sjukhusbel\u00e4ggningen mycket l\u00e5g, s\u00e4ger Juan Rambla.<\/p>\n<p>Blir det ytterligare sk\u00e4rpta krav kommer det vara n\u00e5dast\u00f6ten f\u00f6r branschen.<\/p>\n<p>M\u00e5nga serveringsst\u00e4llen och nattklubbar har varit st\u00e4ngda i m\u00e5nader och andra har varit belagda med restriktioner vilket har bidragit till \u00f6kade skulder.<\/p>\n<p>Men \u00f6nskem\u00e5let fr\u00e5n serveringsst\u00e4llen och nattlivet med vaccinbevis f\u00f6re restriktioner ser inte ut att bli verklighet.<\/p>\n<p>P\u00e5 torsdagen meddelade den h\u00f6gsta andalusiska regiondomstolen (TSJA Tribunal Superior de Justicia de Andaluc\u00eda) att de avf\u00e4rdar f\u00f6rslaget p\u00e5 vaccinbevis f\u00f6r att bes\u00f6kas sjukhusanl\u00e4ggningar och v\u00e5rdhem.<\/p>\n<p>Av den orsaken \u00e4r det knappast troligt att det inf\u00f6rs som krav vid serveringsst\u00e4llen i Andalusien.<\/p>\n<p>(Foto: Twitter @MahosMlg)<\/p>\n","protected":false},"excerpt":{"rendered":"<p>Kr\u00f6gare och serveringsst\u00e4llen p\u00e5 Solkusten oroar sig f\u00f6r att omikron-varianten kan komma att sl\u00e5 h\u00e5rt mot en redan h\u00e5rt drabbad bransch. Javier Frutos och Juan Rambla, vid M\u00e1lagas sammanslutning av serveringsst\u00e4llen Mahos (Asociaci\u00f3n Malague\u00f1a de Hosteleros) och nattklubbarnas sammanslutning, Andaluc\u00eda de Noche, vill se vaccinbevis f\u00f6r att undvika restriktioner. &#8211; Det g\u00f6r mindre ont j\u00e4mf\u00f6rt [&hellip;]<\/p>\n","protected":false},"author":7,"featured_media":1080,"comment_status":"open","ping_status":"open","sticky":false,"template":"","format":"standard","meta":{"_et_pb_use_builder":"","_et_pb_old_content":"","_et_gb_content_width":"","footnotes":""},"categories":[395,3],"tags":[],"class_list":["post-1079","post","type-post","status-publish","format-standard","has-post-thumbnail","hentry","category-arkiv-nyheter","category-nyheter"],"yoast_head":"<!-- This site is optimized with the Yoast SEO Premium plugin v26.2 (Yoast SEO v27.5) - https:\/\/yoast.com\/product\/yoast-seo-premium-wordpress\/ -->\n<title>Kr\u00f6gare vill se vaccinbevis i st\u00e4llet f\u00f6r restriktioner - Svenska Magasinet<\/title>\n<meta name=\"robots\" content=\"noindex, follow, max-snippet:-1, max-image-preview:large, max-video-preview:-1\" \/>\n<meta property=\"og:locale\" content=\"sv_SE\" \/>\n<meta property=\"og:type\" content=\"article\" \/>\n<meta property=\"og:title\" content=\"Kr\u00f6gare vill se vaccinbevis i st\u00e4llet f\u00f6r restriktioner\" \/>\n<meta property=\"og:description\" content=\"Kr\u00f6gare och serveringsst\u00e4llen p\u00e5 Solkusten oroar sig f\u00f6r att omikron-varianten kan komma att sl\u00e5 h\u00e5rt mot en redan h\u00e5rt drabbad bransch. Javier Frutos och Juan Rambla, vid M\u00e1lagas sammanslutning av serveringsst\u00e4llen Mahos (Asociaci\u00f3n Malague\u00f1a de Hosteleros) och nattklubbarnas sammanslutning, Andaluc\u00eda de Noche, vill se vaccinbevis f\u00f6r att undvika restriktioner. &#8211; Det g\u00f6r mindre ont j\u00e4mf\u00f6rt [&hellip;]\" \/>\n<meta property=\"og:url\" content=\"https:\/\/lightweb.dev\/l\/svm-temp\/nyheter\/krogare-vill-se-vaccinbevis-i-stallet-for-restriktioner\/\" \/>\n<meta property=\"og:site_name\" content=\"Svenska Magasinet\" \/>\n<meta property=\"article:publisher\" content=\"https:\/\/www.facebook.com\/svenskamagasinet\" \/>\n<meta property=\"article:published_time\" content=\"2021-12-03T09:36:00+00:00\" \/>\n<meta property=\"og:image\" content=\"https:\/\/lightweb.dev\/l\/svm-temp\/wp-content\/uploads\/2022\/04\/krgare-vill-se-vaccinbevis-i-stllet-fr-restriktioner.png\" \/>\n\t<meta property=\"og:image:width\" content=\"500\" \/>\n\t<meta property=\"og:image:height\" content=\"300\" \/>\n\t<meta property=\"og:image:type\" content=\"image\/png\" \/>\n<meta name=\"author\" content=\"Ola Josefsson\" \/>\n<meta name=\"twitter:card\" content=\"summary_large_image\" \/>\n<meta name=\"twitter:creator\" content=\"@SvenskaMagasine\" \/>\n<meta name=\"twitter:site\" content=\"@SvenskaMagasine\" \/>\n<script type=\"application\/ld+json\" class=\"yoast-schema-graph\">{\"@context\":\"https:\\\/\\\/schema.org\",\"@graph\":[{\"@type\":\"Article\",\"@id\":\"https:\\\/\\\/lightweb.dev\\\/l\\\/svm-temp\\\/nyheter\\\/krogare-vill-se-vaccinbevis-i-stallet-for-restriktioner\\\/#article\",\"isPartOf\":{\"@id\":\"https:\\\/\\\/lightweb.dev\\\/l\\\/svm-temp\\\/nyheter\\\/krogare-vill-se-vaccinbevis-i-stallet-for-restriktioner\\\/\"},\"author\":{\"name\":\"Ola Josefsson\",\"@id\":\"https:\\\/\\\/lightweb.dev\\\/l\\\/svm-temp\\\/#\\\/schema\\\/person\\\/7a82b8a73d171d32360a564b6d03508e\"},\"headline\":\"Kr\u00f6gare vill se vaccinbevis i st\u00e4llet f\u00f6r restriktioner\",\"datePublished\":\"2021-12-03T09:36:00+00:00\",\"mainEntityOfPage\":{\"@id\":\"https:\\\/\\\/lightweb.dev\\\/l\\\/svm-temp\\\/nyheter\\\/krogare-vill-se-vaccinbevis-i-stallet-for-restriktioner\\\/\"},\"wordCount\":307,\"commentCount\":0,\"publisher\":{\"@id\":\"https:\\\/\\\/lightweb.dev\\\/l\\\/svm-temp\\\/#organization\"},\"image\":{\"@id\":\"https:\\\/\\\/lightweb.dev\\\/l\\\/svm-temp\\\/nyheter\\\/krogare-vill-se-vaccinbevis-i-stallet-for-restriktioner\\\/#primaryimage\"},\"thumbnailUrl\":\"https:\\\/\\\/lightweb.dev\\\/l\\\/svm-temp\\\/wp-content\\\/uploads\\\/2022\\\/04\\\/krgare-vill-se-vaccinbevis-i-stllet-fr-restriktioner.png\",\"articleSection\":[\"Arkiv\",\"Nyheter\"],\"inLanguage\":\"sv-SE\"},{\"@type\":\"WebPage\",\"@id\":\"https:\\\/\\\/lightweb.dev\\\/l\\\/svm-temp\\\/nyheter\\\/krogare-vill-se-vaccinbevis-i-stallet-for-restriktioner\\\/\",\"url\":\"https:\\\/\\\/lightweb.dev\\\/l\\\/svm-temp\\\/nyheter\\\/krogare-vill-se-vaccinbevis-i-stallet-for-restriktioner\\\/\",\"name\":\"Kr\u00f6gare vill se vaccinbevis i st\u00e4llet f\u00f6r restriktioner - Svenska Magasinet\",\"isPartOf\":{\"@id\":\"https:\\\/\\\/lightweb.dev\\\/l\\\/svm-temp\\\/#website\"},\"primaryImageOfPage\":{\"@id\":\"https:\\\/\\\/lightweb.dev\\\/l\\\/svm-temp\\\/nyheter\\\/krogare-vill-se-vaccinbevis-i-stallet-for-restriktioner\\\/#primaryimage\"},\"image\":{\"@id\":\"https:\\\/\\\/lightweb.dev\\\/l\\\/svm-temp\\\/nyheter\\\/krogare-vill-se-vaccinbevis-i-stallet-for-restriktioner\\\/#primaryimage\"},\"thumbnailUrl\":\"https:\\\/\\\/lightweb.dev\\\/l\\\/svm-temp\\\/wp-content\\\/uploads\\\/2022\\\/04\\\/krgare-vill-se-vaccinbevis-i-stllet-fr-restriktioner.png\",\"datePublished\":\"2021-12-03T09:36:00+00:00\",\"breadcrumb\":{\"@id\":\"https:\\\/\\\/lightweb.dev\\\/l\\\/svm-temp\\\/nyheter\\\/krogare-vill-se-vaccinbevis-i-stallet-for-restriktioner\\\/#breadcrumb\"},\"inLanguage\":\"sv-SE\",\"potentialAction\":[{\"@type\":\"ReadAction\",\"target\":[\"https:\\\/\\\/lightweb.dev\\\/l\\\/svm-temp\\\/nyheter\\\/krogare-vill-se-vaccinbevis-i-stallet-for-restriktioner\\\/\"]}]},{\"@type\":\"ImageObject\",\"inLanguage\":\"sv-SE\",\"@id\":\"https:\\\/\\\/lightweb.dev\\\/l\\\/svm-temp\\\/nyheter\\\/krogare-vill-se-vaccinbevis-i-stallet-for-restriktioner\\\/#primaryimage\",\"url\":\"https:\\\/\\\/lightweb.dev\\\/l\\\/svm-temp\\\/wp-content\\\/uploads\\\/2022\\\/04\\\/krgare-vill-se-vaccinbevis-i-stllet-fr-restriktioner.png\",\"contentUrl\":\"https:\\\/\\\/lightweb.dev\\\/l\\\/svm-temp\\\/wp-content\\\/uploads\\\/2022\\\/04\\\/krgare-vill-se-vaccinbevis-i-stllet-fr-restriktioner.png\",\"width\":500,\"height\":300},{\"@type\":\"BreadcrumbList\",\"@id\":\"https:\\\/\\\/lightweb.dev\\\/l\\\/svm-temp\\\/nyheter\\\/krogare-vill-se-vaccinbevis-i-stallet-for-restriktioner\\\/#breadcrumb\",\"itemListElement\":[{\"@type\":\"ListItem\",\"position\":1,\"name\":\"Hem\",\"item\":\"https:\\\/\\\/lightweb.dev\\\/l\\\/svm-temp\\\/\"},{\"@type\":\"ListItem\",\"position\":2,\"name\":\"Kr\u00f6gare vill se vaccinbevis i st\u00e4llet f\u00f6r restriktioner\"}]},{\"@type\":\"WebSite\",\"@id\":\"https:\\\/\\\/lightweb.dev\\\/l\\\/svm-temp\\\/#website\",\"url\":\"https:\\\/\\\/lightweb.dev\\\/l\\\/svm-temp\\\/\",\"name\":\"Svenska Magasinet\",\"description\":\"Dina Spanska nyheter p&aring; Svenska\",\"publisher\":{\"@id\":\"https:\\\/\\\/lightweb.dev\\\/l\\\/svm-temp\\\/#organization\"},\"potentialAction\":[{\"@type\":\"SearchAction\",\"target\":{\"@type\":\"EntryPoint\",\"urlTemplate\":\"https:\\\/\\\/lightweb.dev\\\/l\\\/svm-temp\\\/?s={search_term_string}\"},\"query-input\":{\"@type\":\"PropertyValueSpecification\",\"valueRequired\":true,\"valueName\":\"search_term_string\"}}],\"inLanguage\":\"sv-SE\"},{\"@type\":\"Organization\",\"@id\":\"https:\\\/\\\/lightweb.dev\\\/l\\\/svm-temp\\\/#organization\",\"name\":\"Melkerson y Nott SL\",\"alternateName\":\"Svenska Magasinet\",\"url\":\"https:\\\/\\\/lightweb.dev\\\/l\\\/svm-temp\\\/\",\"logo\":{\"@type\":\"ImageObject\",\"inLanguage\":\"sv-SE\",\"@id\":\"https:\\\/\\\/lightweb.dev\\\/l\\\/svm-temp\\\/#\\\/schema\\\/logo\\\/image\\\/\",\"url\":\"https:\\\/\\\/lightweb.dev\\\/l\\\/svm-temp\\\/wp-content\\\/uploads\\\/2025\\\/02\\\/SvM-logo-Xtra-Centrerad-SVART.png\",\"contentUrl\":\"https:\\\/\\\/lightweb.dev\\\/l\\\/svm-temp\\\/wp-content\\\/uploads\\\/2025\\\/02\\\/SvM-logo-Xtra-Centrerad-SVART.png\",\"width\":300,\"height\":99,\"caption\":\"Melkerson y Nott SL\"},\"image\":{\"@id\":\"https:\\\/\\\/lightweb.dev\\\/l\\\/svm-temp\\\/#\\\/schema\\\/logo\\\/image\\\/\"},\"sameAs\":[\"https:\\\/\\\/www.facebook.com\\\/svenskamagasinet\",\"https:\\\/\\\/x.com\\\/SvenskaMagasine\"]},{\"@type\":\"Person\",\"@id\":\"https:\\\/\\\/lightweb.dev\\\/l\\\/svm-temp\\\/#\\\/schema\\\/person\\\/7a82b8a73d171d32360a564b6d03508e\",\"name\":\"Ola Josefsson\",\"description\":\"Bevakar Solkusten och Spanien sedan 1994.\",\"sameAs\":[\"https:\\\/\\\/lightweb.dev\\\/l\\\/svm-temp\"],\"url\":\"https:\\\/\\\/lightweb.dev\\\/l\\\/svm-temp\\\/reporter\\\/ola-josefsson\\\/\"}]}<\/script>\n<!-- \/ Yoast SEO Premium plugin. -->","yoast_head_json":{"title":"Kr\u00f6gare vill se vaccinbevis i st\u00e4llet f\u00f6r restriktioner - Svenska Magasinet","robots":{"index":"noindex","follow":"follow","max-snippet":"max-snippet:-1","max-image-preview":"max-image-preview:large","max-video-preview":"max-video-preview:-1"},"og_locale":"sv_SE","og_type":"article","og_title":"Kr\u00f6gare vill se vaccinbevis i st\u00e4llet f\u00f6r restriktioner","og_description":"Kr\u00f6gare och serveringsst\u00e4llen p\u00e5 Solkusten oroar sig f\u00f6r att omikron-varianten kan komma att sl\u00e5 h\u00e5rt mot en redan h\u00e5rt drabbad bransch. Javier Frutos och Juan Rambla, vid M\u00e1lagas sammanslutning av serveringsst\u00e4llen Mahos (Asociaci\u00f3n Malague\u00f1a de Hosteleros) och nattklubbarnas sammanslutning, Andaluc\u00eda de Noche, vill se vaccinbevis f\u00f6r att undvika restriktioner. &#8211; Det g\u00f6r mindre ont j\u00e4mf\u00f6rt [&hellip;]","og_url":"https:\/\/lightweb.dev\/l\/svm-temp\/nyheter\/krogare-vill-se-vaccinbevis-i-stallet-for-restriktioner\/","og_site_name":"Svenska Magasinet","article_publisher":"https:\/\/www.facebook.com\/svenskamagasinet","article_published_time":"2021-12-03T09:36:00+00:00","og_image":[{"width":500,"height":300,"url":"https:\/\/lightweb.dev\/l\/svm-temp\/wp-content\/uploads\/2022\/04\/krgare-vill-se-vaccinbevis-i-stllet-fr-restriktioner.png","type":"image\/png"}],"author":"Ola Josefsson","twitter_card":"summary_large_image","twitter_creator":"@SvenskaMagasine","twitter_site":"@SvenskaMagasine","schema":{"@context":"https:\/\/schema.org","@graph":[{"@type":"Article","@id":"https:\/\/lightweb.dev\/l\/svm-temp\/nyheter\/krogare-vill-se-vaccinbevis-i-stallet-for-restriktioner\/#article","isPartOf":{"@id":"https:\/\/lightweb.dev\/l\/svm-temp\/nyheter\/krogare-vill-se-vaccinbevis-i-stallet-for-restriktioner\/"},"author":{"name":"Ola Josefsson","@id":"https:\/\/lightweb.dev\/l\/svm-temp\/#\/schema\/person\/7a82b8a73d171d32360a564b6d03508e"},"headline":"Kr\u00f6gare vill se vaccinbevis i st\u00e4llet f\u00f6r restriktioner","datePublished":"2021-12-03T09:36:00+00:00","mainEntityOfPage":{"@id":"https:\/\/lightweb.dev\/l\/svm-temp\/nyheter\/krogare-vill-se-vaccinbevis-i-stallet-for-restriktioner\/"},"wordCount":307,"commentCount":0,"publisher":{"@id":"https:\/\/lightweb.dev\/l\/svm-temp\/#organization"},"image":{"@id":"https:\/\/lightweb.dev\/l\/svm-temp\/nyheter\/krogare-vill-se-vaccinbevis-i-stallet-for-restriktioner\/#primaryimage"},"thumbnailUrl":"https:\/\/lightweb.dev\/l\/svm-temp\/wp-content\/uploads\/2022\/04\/krgare-vill-se-vaccinbevis-i-stllet-fr-restriktioner.png","articleSection":["Arkiv","Nyheter"],"inLanguage":"sv-SE"},{"@type":"WebPage","@id":"https:\/\/lightweb.dev\/l\/svm-temp\/nyheter\/krogare-vill-se-vaccinbevis-i-stallet-for-restriktioner\/","url":"https:\/\/lightweb.dev\/l\/svm-temp\/nyheter\/krogare-vill-se-vaccinbevis-i-stallet-for-restriktioner\/","name":"Kr\u00f6gare vill se vaccinbevis i st\u00e4llet f\u00f6r restriktioner - Svenska Magasinet","isPartOf":{"@id":"https:\/\/lightweb.dev\/l\/svm-temp\/#website"},"primaryImageOfPage":{"@id":"https:\/\/lightweb.dev\/l\/svm-temp\/nyheter\/krogare-vill-se-vaccinbevis-i-stallet-for-restriktioner\/#primaryimage"},"image":{"@id":"https:\/\/lightweb.dev\/l\/svm-temp\/nyheter\/krogare-vill-se-vaccinbevis-i-stallet-for-restriktioner\/#primaryimage"},"thumbnailUrl":"https:\/\/lightweb.dev\/l\/svm-temp\/wp-content\/uploads\/2022\/04\/krgare-vill-se-vaccinbevis-i-stllet-fr-restriktioner.png","datePublished":"2021-12-03T09:36:00+00:00","breadcrumb":{"@id":"https:\/\/lightweb.dev\/l\/svm-temp\/nyheter\/krogare-vill-se-vaccinbevis-i-stallet-for-restriktioner\/#breadcrumb"},"inLanguage":"sv-SE","potentialAction":[{"@type":"ReadAction","target":["https:\/\/lightweb.dev\/l\/svm-temp\/nyheter\/krogare-vill-se-vaccinbevis-i-stallet-for-restriktioner\/"]}]},{"@type":"ImageObject","inLanguage":"sv-SE","@id":"https:\/\/lightweb.dev\/l\/svm-temp\/nyheter\/krogare-vill-se-vaccinbevis-i-stallet-for-restriktioner\/#primaryimage","url":"https:\/\/lightweb.dev\/l\/svm-temp\/wp-content\/uploads\/2022\/04\/krgare-vill-se-vaccinbevis-i-stllet-fr-restriktioner.png","contentUrl":"https:\/\/lightweb.dev\/l\/svm-temp\/wp-content\/uploads\/2022\/04\/krgare-vill-se-vaccinbevis-i-stllet-fr-restriktioner.png","width":500,"height":300},{"@type":"BreadcrumbList","@id":"https:\/\/lightweb.dev\/l\/svm-temp\/nyheter\/krogare-vill-se-vaccinbevis-i-stallet-for-restriktioner\/#breadcrumb","itemListElement":[{"@type":"ListItem","position":1,"name":"Hem","item":"https:\/\/lightweb.dev\/l\/svm-temp\/"},{"@type":"ListItem","position":2,"name":"Kr\u00f6gare vill se vaccinbevis i st\u00e4llet f\u00f6r restriktioner"}]},{"@type":"WebSite","@id":"https:\/\/lightweb.dev\/l\/svm-temp\/#website","url":"https:\/\/lightweb.dev\/l\/svm-temp\/","name":"Svenska Magasinet","description":"Dina Spanska nyheter p&aring; Svenska","publisher":{"@id":"https:\/\/lightweb.dev\/l\/svm-temp\/#organization"},"potentialAction":[{"@type":"SearchAction","target":{"@type":"EntryPoint","urlTemplate":"https:\/\/lightweb.dev\/l\/svm-temp\/?s={search_term_string}"},"query-input":{"@type":"PropertyValueSpecification","valueRequired":true,"valueName":"search_term_string"}}],"inLanguage":"sv-SE"},{"@type":"Organization","@id":"https:\/\/lightweb.dev\/l\/svm-temp\/#organization","name":"Melkerson y Nott SL","alternateName":"Svenska Magasinet","url":"https:\/\/lightweb.dev\/l\/svm-temp\/","logo":{"@type":"ImageObject","inLanguage":"sv-SE","@id":"https:\/\/lightweb.dev\/l\/svm-temp\/#\/schema\/logo\/image\/","url":"https:\/\/lightweb.dev\/l\/svm-temp\/wp-content\/uploads\/2025\/02\/SvM-logo-Xtra-Centrerad-SVART.png","contentUrl":"https:\/\/lightweb.dev\/l\/svm-temp\/wp-content\/uploads\/2025\/02\/SvM-logo-Xtra-Centrerad-SVART.png","width":300,"height":99,"caption":"Melkerson y Nott SL"},"image":{"@id":"https:\/\/lightweb.dev\/l\/svm-temp\/#\/schema\/logo\/image\/"},"sameAs":["https:\/\/www.facebook.com\/svenskamagasinet","https:\/\/x.com\/SvenskaMagasine"]},{"@type":"Person","@id":"https:\/\/lightweb.dev\/l\/svm-temp\/#\/schema\/person\/7a82b8a73d171d32360a564b6d03508e","name":"Ola Josefsson","description":"Bevakar Solkusten och Spanien sedan 1994.","sameAs":["https:\/\/lightweb.dev\/l\/svm-temp"],"url":"https:\/\/lightweb.dev\/l\/svm-temp\/reporter\/ola-josefsson\/"}]}},"_links":{"self":[{"href":"https:\/\/lightweb.dev\/l\/svm-temp\/wp-json\/wp\/v2\/posts\/1079","targetHints":{"allow":["GET"]}}],"collection":[{"href":"https:\/\/lightweb.dev\/l\/svm-temp\/wp-json\/wp\/v2\/posts"}],"about":[{"href":"https:\/\/lightweb.dev\/l\/svm-temp\/wp-json\/wp\/v2\/types\/post"}],"author":[{"embeddable":true,"href":"https:\/\/lightweb.dev\/l\/svm-temp\/wp-json\/wp\/v2\/users\/7"}],"replies":[{"embeddable":true,"href":"https:\/\/lightweb.dev\/l\/svm-temp\/wp-json\/wp\/v2\/comments?post=1079"}],"version-history":[{"count":0,"href":"https:\/\/lightweb.dev\/l\/svm-temp\/wp-json\/wp\/v2\/posts\/1079\/revisions"}],"wp:featuredmedia":[{"embeddable":true,"href":"https:\/\/lightweb.dev\/l\/svm-temp\/wp-json\/wp\/v2\/media\/1080"}],"wp:attachment":[{"href":"https:\/\/lightweb.dev\/l\/svm-temp\/wp-json\/wp\/v2\/media?parent=1079"}],"wp:term":[{"taxonomy":"category","embeddable":true,"href":"https:\/\/lightweb.dev\/l\/svm-temp\/wp-json\/wp\/v2\/categories?post=1079"},{"taxonomy":"post_tag","embeddable":true,"href":"https:\/\/lightweb.dev\/l\/svm-temp\/wp-json\/wp\/v2\/tags?post=1079"}],"curies":[{"name":"wp","href":"https:\/\/api.w.org\/{rel}","templated":true}]}}