{"id":1083,"date":"2021-12-03T15:25:00","date_gmt":"2021-12-03T14:25:00","guid":{"rendered":"https:\/\/lightweb.dev\/l\/svm-temp\/spanien-inga-ytterligare-restriktioner-over-jul-och-nyar\/"},"modified":"2021-12-03T15:25:00","modified_gmt":"2021-12-03T14:25:00","slug":"spanien-inga-ytterligare-restriktioner-over-jul-och-nyar","status":"publish","type":"post","link":"https:\/\/lightweb.dev\/l\/svm-temp\/nyheter\/spanien-inga-ytterligare-restriktioner-over-jul-och-nyar\/","title":{"rendered":"Spanien: Inga ytterligare restriktioner \u00f6ver jul och ny\u00e5r"},"content":{"rendered":"<p> Fr\u00e5n ny\u00e5r v\u00e4ntar b\u00f6ter p\u00e5 100 euro i Grekland f\u00f6r medborgare \u00f6ver 60 \u00e5r som inte \u00e4r vaccinerade. N\u00e5got liknande t\u00e4nker inte Spanien genomf\u00f6ra. Landets h\u00e4lsov\u00e5rdsminister Carolina Darias s\u00e4ger att Spanien h\u00f6ga andel vaccinerade, krav p\u00e5 munskydd inomhus och n\u00e4r inte en social distans p\u00e5 1,5 meter kan h\u00e5llas utomhus, r\u00e4cker.<\/p>\n<p>N\u00e5gra ytterligare restriktioner inf\u00f6r jul och ny\u00e5r planeras inte i Spanien.<\/p>\n<p>N\u00e4r det interterritoriella r\u00e5det (bilden) tr\u00e4ffades i C\u00f3rdoba var Baskien den region som uttryckte starkast vilja till att inf\u00f6ra restriktioner \u00f6ver jul och ny\u00e5r. I \u00f6vrigt r\u00e5der det en bred konsensus mellan H\u00e4lsov\u00e5rdsdepartementet och regionerna om att inte sk\u00e4rpa \u00e5tg\u00e4rderna.<\/p>\n<p>&#8211; I st\u00e4llet har vi kommit \u00f6verens om tydligare beskedet till allm\u00e4nheten om att vara medveten om att skydda sig sj\u00e4lv och andra, s\u00e4ger h\u00e4lsov\u00e5rdsministern.<\/p>\n<p>EU-kommissionens ordf\u00f6rande Ursula von der Leyen n\u00e4mnde i onsdags obligatorisk vaccinering. Fr\u00e5n ny\u00e5r inf\u00f6r Grekland b\u00f6ter p\u00e5 100 euro varje m\u00e5nad f\u00f6r medborgare \u00f6ver 60 \u00e5r som inte \u00e4r vaccinerade. Det motsvarar mer \u00e4n en fj\u00e4rdedel av minimipensionen i landet.<\/p>\n<p>-Vi har en omfattande vaccinationst\u00e4ckning som skiljer sig mycket fr\u00e5n andra l\u00e4nder s\u00e5 att inf\u00f6ra krav p\u00e5 obligatorisk vaccinering \u00e4r inte n\u00f6dv\u00e4ndigt i Spanien.<\/p>\n<p>Darias ber\u00e4ttade ocks\u00e5 att Spanien fram till den 13 december f\u00e5r 1,3 miljoner vaccindoser Pfizer som kommer att f\u00f6rdelas mellan regionerna f\u00f6r att anv\u00e4ndas till minder\u00e5riga. I januari kommer ytterligare tv\u00e5 miljoner doser.<\/p>\n<p>Hur vaccineringen av barn blir l\u00e4mnas det besked om n\u00e4sta vecka, sa Carolina Darias.<br \/>\n L\u00e4s mer:<\/p>\n<p>Uppdaterade rekommendationer f\u00f6r inresande till Sverige<\/p>\n<p>Valenciaregionen inf\u00f6r Covidpass<\/p>\n<p>Solkusten har l\u00e4gst andel vaccinerade<\/p>\n","protected":false},"excerpt":{"rendered":"<p>Fr\u00e5n ny\u00e5r v\u00e4ntar b\u00f6ter p\u00e5 100 euro i Grekland f\u00f6r medborgare \u00f6ver 60 \u00e5r som inte \u00e4r vaccinerade. N\u00e5got liknande t\u00e4nker inte Spanien genomf\u00f6ra. Landets h\u00e4lsov\u00e5rdsminister Carolina Darias s\u00e4ger att Spanien h\u00f6ga andel vaccinerade, krav p\u00e5 munskydd inomhus och n\u00e4r inte en social distans p\u00e5 1,5 meter kan h\u00e5llas utomhus, r\u00e4cker. N\u00e5gra ytterligare restriktioner inf\u00f6r [&hellip;]<\/p>\n","protected":false},"author":7,"featured_media":1084,"comment_status":"open","ping_status":"open","sticky":false,"template":"","format":"standard","meta":{"_et_pb_use_builder":"","_et_pb_old_content":"","_et_gb_content_width":"","footnotes":""},"categories":[395,3],"tags":[],"class_list":["post-1083","post","type-post","status-publish","format-standard","has-post-thumbnail","hentry","category-arkiv-nyheter","category-nyheter"],"yoast_head":"<!-- This site is optimized with the Yoast SEO Premium plugin v26.2 (Yoast SEO v27.5) - https:\/\/yoast.com\/product\/yoast-seo-premium-wordpress\/ -->\n<title>Spanien: Inga ytterligare restriktioner \u00f6ver jul och ny\u00e5r - Svenska Magasinet<\/title>\n<meta name=\"robots\" content=\"noindex, follow, max-snippet:-1, max-image-preview:large, max-video-preview:-1\" \/>\n<meta property=\"og:locale\" content=\"sv_SE\" \/>\n<meta property=\"og:type\" content=\"article\" \/>\n<meta property=\"og:title\" content=\"Spanien: Inga ytterligare restriktioner \u00f6ver jul och ny\u00e5r\" \/>\n<meta property=\"og:description\" content=\"Fr\u00e5n ny\u00e5r v\u00e4ntar b\u00f6ter p\u00e5 100 euro i Grekland f\u00f6r medborgare \u00f6ver 60 \u00e5r som inte \u00e4r vaccinerade. N\u00e5got liknande t\u00e4nker inte Spanien genomf\u00f6ra. Landets h\u00e4lsov\u00e5rdsminister Carolina Darias s\u00e4ger att Spanien h\u00f6ga andel vaccinerade, krav p\u00e5 munskydd inomhus och n\u00e4r inte en social distans p\u00e5 1,5 meter kan h\u00e5llas utomhus, r\u00e4cker. N\u00e5gra ytterligare restriktioner inf\u00f6r [&hellip;]\" \/>\n<meta property=\"og:url\" content=\"https:\/\/lightweb.dev\/l\/svm-temp\/nyheter\/spanien-inga-ytterligare-restriktioner-over-jul-och-nyar\/\" \/>\n<meta property=\"og:site_name\" content=\"Svenska Magasinet\" \/>\n<meta property=\"article:publisher\" content=\"https:\/\/www.facebook.com\/svenskamagasinet\" \/>\n<meta property=\"article:published_time\" content=\"2021-12-03T14:25:00+00:00\" \/>\n<meta property=\"og:image\" content=\"https:\/\/lightweb.dev\/l\/svm-temp\/wp-content\/uploads\/2022\/04\/spanien-inga-ytterligare-restriktioner-ver-jul-och-nyr.png\" \/>\n\t<meta property=\"og:image:width\" content=\"500\" \/>\n\t<meta property=\"og:image:height\" content=\"300\" \/>\n\t<meta property=\"og:image:type\" content=\"image\/png\" \/>\n<meta name=\"author\" content=\"Ola Josefsson\" \/>\n<meta name=\"twitter:card\" content=\"summary_large_image\" \/>\n<meta name=\"twitter:creator\" content=\"@SvenskaMagasine\" \/>\n<meta name=\"twitter:site\" content=\"@SvenskaMagasine\" \/>\n<script type=\"application\/ld+json\" class=\"yoast-schema-graph\">{\"@context\":\"https:\\\/\\\/schema.org\",\"@graph\":[{\"@type\":\"Article\",\"@id\":\"https:\\\/\\\/lightweb.dev\\\/l\\\/svm-temp\\\/nyheter\\\/spanien-inga-ytterligare-restriktioner-over-jul-och-nyar\\\/#article\",\"isPartOf\":{\"@id\":\"https:\\\/\\\/lightweb.dev\\\/l\\\/svm-temp\\\/nyheter\\\/spanien-inga-ytterligare-restriktioner-over-jul-och-nyar\\\/\"},\"author\":{\"name\":\"Ola Josefsson\",\"@id\":\"https:\\\/\\\/lightweb.dev\\\/l\\\/svm-temp\\\/#\\\/schema\\\/person\\\/7a82b8a73d171d32360a564b6d03508e\"},\"headline\":\"Spanien: Inga ytterligare restriktioner \u00f6ver jul och ny\u00e5r\",\"datePublished\":\"2021-12-03T14:25:00+00:00\",\"mainEntityOfPage\":{\"@id\":\"https:\\\/\\\/lightweb.dev\\\/l\\\/svm-temp\\\/nyheter\\\/spanien-inga-ytterligare-restriktioner-over-jul-och-nyar\\\/\"},\"wordCount\":318,\"commentCount\":0,\"publisher\":{\"@id\":\"https:\\\/\\\/lightweb.dev\\\/l\\\/svm-temp\\\/#organization\"},\"image\":{\"@id\":\"https:\\\/\\\/lightweb.dev\\\/l\\\/svm-temp\\\/nyheter\\\/spanien-inga-ytterligare-restriktioner-over-jul-och-nyar\\\/#primaryimage\"},\"thumbnailUrl\":\"https:\\\/\\\/lightweb.dev\\\/l\\\/svm-temp\\\/wp-content\\\/uploads\\\/2022\\\/04\\\/spanien-inga-ytterligare-restriktioner-ver-jul-och-nyr.png\",\"articleSection\":[\"Arkiv\",\"Nyheter\"],\"inLanguage\":\"sv-SE\"},{\"@type\":\"WebPage\",\"@id\":\"https:\\\/\\\/lightweb.dev\\\/l\\\/svm-temp\\\/nyheter\\\/spanien-inga-ytterligare-restriktioner-over-jul-och-nyar\\\/\",\"url\":\"https:\\\/\\\/lightweb.dev\\\/l\\\/svm-temp\\\/nyheter\\\/spanien-inga-ytterligare-restriktioner-over-jul-och-nyar\\\/\",\"name\":\"Spanien: Inga ytterligare restriktioner \u00f6ver jul och ny\u00e5r - Svenska Magasinet\",\"isPartOf\":{\"@id\":\"https:\\\/\\\/lightweb.dev\\\/l\\\/svm-temp\\\/#website\"},\"primaryImageOfPage\":{\"@id\":\"https:\\\/\\\/lightweb.dev\\\/l\\\/svm-temp\\\/nyheter\\\/spanien-inga-ytterligare-restriktioner-over-jul-och-nyar\\\/#primaryimage\"},\"image\":{\"@id\":\"https:\\\/\\\/lightweb.dev\\\/l\\\/svm-temp\\\/nyheter\\\/spanien-inga-ytterligare-restriktioner-over-jul-och-nyar\\\/#primaryimage\"},\"thumbnailUrl\":\"https:\\\/\\\/lightweb.dev\\\/l\\\/svm-temp\\\/wp-content\\\/uploads\\\/2022\\\/04\\\/spanien-inga-ytterligare-restriktioner-ver-jul-och-nyr.png\",\"datePublished\":\"2021-12-03T14:25:00+00:00\",\"breadcrumb\":{\"@id\":\"https:\\\/\\\/lightweb.dev\\\/l\\\/svm-temp\\\/nyheter\\\/spanien-inga-ytterligare-restriktioner-over-jul-och-nyar\\\/#breadcrumb\"},\"inLanguage\":\"sv-SE\",\"potentialAction\":[{\"@type\":\"ReadAction\",\"target\":[\"https:\\\/\\\/lightweb.dev\\\/l\\\/svm-temp\\\/nyheter\\\/spanien-inga-ytterligare-restriktioner-over-jul-och-nyar\\\/\"]}]},{\"@type\":\"ImageObject\",\"inLanguage\":\"sv-SE\",\"@id\":\"https:\\\/\\\/lightweb.dev\\\/l\\\/svm-temp\\\/nyheter\\\/spanien-inga-ytterligare-restriktioner-over-jul-och-nyar\\\/#primaryimage\",\"url\":\"https:\\\/\\\/lightweb.dev\\\/l\\\/svm-temp\\\/wp-content\\\/uploads\\\/2022\\\/04\\\/spanien-inga-ytterligare-restriktioner-ver-jul-och-nyr.png\",\"contentUrl\":\"https:\\\/\\\/lightweb.dev\\\/l\\\/svm-temp\\\/wp-content\\\/uploads\\\/2022\\\/04\\\/spanien-inga-ytterligare-restriktioner-ver-jul-och-nyr.png\",\"width\":500,\"height\":300},{\"@type\":\"BreadcrumbList\",\"@id\":\"https:\\\/\\\/lightweb.dev\\\/l\\\/svm-temp\\\/nyheter\\\/spanien-inga-ytterligare-restriktioner-over-jul-och-nyar\\\/#breadcrumb\",\"itemListElement\":[{\"@type\":\"ListItem\",\"position\":1,\"name\":\"Hem\",\"item\":\"https:\\\/\\\/lightweb.dev\\\/l\\\/svm-temp\\\/\"},{\"@type\":\"ListItem\",\"position\":2,\"name\":\"Spanien: Inga ytterligare restriktioner \u00f6ver jul och ny\u00e5r\"}]},{\"@type\":\"WebSite\",\"@id\":\"https:\\\/\\\/lightweb.dev\\\/l\\\/svm-temp\\\/#website\",\"url\":\"https:\\\/\\\/lightweb.dev\\\/l\\\/svm-temp\\\/\",\"name\":\"Svenska Magasinet\",\"description\":\"Dina Spanska nyheter p&aring; Svenska\",\"publisher\":{\"@id\":\"https:\\\/\\\/lightweb.dev\\\/l\\\/svm-temp\\\/#organization\"},\"potentialAction\":[{\"@type\":\"SearchAction\",\"target\":{\"@type\":\"EntryPoint\",\"urlTemplate\":\"https:\\\/\\\/lightweb.dev\\\/l\\\/svm-temp\\\/?s={search_term_string}\"},\"query-input\":{\"@type\":\"PropertyValueSpecification\",\"valueRequired\":true,\"valueName\":\"search_term_string\"}}],\"inLanguage\":\"sv-SE\"},{\"@type\":\"Organization\",\"@id\":\"https:\\\/\\\/lightweb.dev\\\/l\\\/svm-temp\\\/#organization\",\"name\":\"Melkerson y Nott SL\",\"alternateName\":\"Svenska Magasinet\",\"url\":\"https:\\\/\\\/lightweb.dev\\\/l\\\/svm-temp\\\/\",\"logo\":{\"@type\":\"ImageObject\",\"inLanguage\":\"sv-SE\",\"@id\":\"https:\\\/\\\/lightweb.dev\\\/l\\\/svm-temp\\\/#\\\/schema\\\/logo\\\/image\\\/\",\"url\":\"https:\\\/\\\/lightweb.dev\\\/l\\\/svm-temp\\\/wp-content\\\/uploads\\\/2025\\\/02\\\/SvM-logo-Xtra-Centrerad-SVART.png\",\"contentUrl\":\"https:\\\/\\\/lightweb.dev\\\/l\\\/svm-temp\\\/wp-content\\\/uploads\\\/2025\\\/02\\\/SvM-logo-Xtra-Centrerad-SVART.png\",\"width\":300,\"height\":99,\"caption\":\"Melkerson y Nott SL\"},\"image\":{\"@id\":\"https:\\\/\\\/lightweb.dev\\\/l\\\/svm-temp\\\/#\\\/schema\\\/logo\\\/image\\\/\"},\"sameAs\":[\"https:\\\/\\\/www.facebook.com\\\/svenskamagasinet\",\"https:\\\/\\\/x.com\\\/SvenskaMagasine\"]},{\"@type\":\"Person\",\"@id\":\"https:\\\/\\\/lightweb.dev\\\/l\\\/svm-temp\\\/#\\\/schema\\\/person\\\/7a82b8a73d171d32360a564b6d03508e\",\"name\":\"Ola Josefsson\",\"description\":\"Bevakar Solkusten och Spanien sedan 1994.\",\"sameAs\":[\"https:\\\/\\\/lightweb.dev\\\/l\\\/svm-temp\"],\"url\":\"https:\\\/\\\/lightweb.dev\\\/l\\\/svm-temp\\\/reporter\\\/ola-josefsson\\\/\"}]}<\/script>\n<!-- \/ Yoast SEO Premium plugin. -->","yoast_head_json":{"title":"Spanien: Inga ytterligare restriktioner \u00f6ver jul och ny\u00e5r - Svenska Magasinet","robots":{"index":"noindex","follow":"follow","max-snippet":"max-snippet:-1","max-image-preview":"max-image-preview:large","max-video-preview":"max-video-preview:-1"},"og_locale":"sv_SE","og_type":"article","og_title":"Spanien: Inga ytterligare restriktioner \u00f6ver jul och ny\u00e5r","og_description":"Fr\u00e5n ny\u00e5r v\u00e4ntar b\u00f6ter p\u00e5 100 euro i Grekland f\u00f6r medborgare \u00f6ver 60 \u00e5r som inte \u00e4r vaccinerade. N\u00e5got liknande t\u00e4nker inte Spanien genomf\u00f6ra. Landets h\u00e4lsov\u00e5rdsminister Carolina Darias s\u00e4ger att Spanien h\u00f6ga andel vaccinerade, krav p\u00e5 munskydd inomhus och n\u00e4r inte en social distans p\u00e5 1,5 meter kan h\u00e5llas utomhus, r\u00e4cker. N\u00e5gra ytterligare restriktioner inf\u00f6r [&hellip;]","og_url":"https:\/\/lightweb.dev\/l\/svm-temp\/nyheter\/spanien-inga-ytterligare-restriktioner-over-jul-och-nyar\/","og_site_name":"Svenska Magasinet","article_publisher":"https:\/\/www.facebook.com\/svenskamagasinet","article_published_time":"2021-12-03T14:25:00+00:00","og_image":[{"width":500,"height":300,"url":"https:\/\/lightweb.dev\/l\/svm-temp\/wp-content\/uploads\/2022\/04\/spanien-inga-ytterligare-restriktioner-ver-jul-och-nyr.png","type":"image\/png"}],"author":"Ola Josefsson","twitter_card":"summary_large_image","twitter_creator":"@SvenskaMagasine","twitter_site":"@SvenskaMagasine","schema":{"@context":"https:\/\/schema.org","@graph":[{"@type":"Article","@id":"https:\/\/lightweb.dev\/l\/svm-temp\/nyheter\/spanien-inga-ytterligare-restriktioner-over-jul-och-nyar\/#article","isPartOf":{"@id":"https:\/\/lightweb.dev\/l\/svm-temp\/nyheter\/spanien-inga-ytterligare-restriktioner-over-jul-och-nyar\/"},"author":{"name":"Ola Josefsson","@id":"https:\/\/lightweb.dev\/l\/svm-temp\/#\/schema\/person\/7a82b8a73d171d32360a564b6d03508e"},"headline":"Spanien: Inga ytterligare restriktioner \u00f6ver jul och ny\u00e5r","datePublished":"2021-12-03T14:25:00+00:00","mainEntityOfPage":{"@id":"https:\/\/lightweb.dev\/l\/svm-temp\/nyheter\/spanien-inga-ytterligare-restriktioner-over-jul-och-nyar\/"},"wordCount":318,"commentCount":0,"publisher":{"@id":"https:\/\/lightweb.dev\/l\/svm-temp\/#organization"},"image":{"@id":"https:\/\/lightweb.dev\/l\/svm-temp\/nyheter\/spanien-inga-ytterligare-restriktioner-over-jul-och-nyar\/#primaryimage"},"thumbnailUrl":"https:\/\/lightweb.dev\/l\/svm-temp\/wp-content\/uploads\/2022\/04\/spanien-inga-ytterligare-restriktioner-ver-jul-och-nyr.png","articleSection":["Arkiv","Nyheter"],"inLanguage":"sv-SE"},{"@type":"WebPage","@id":"https:\/\/lightweb.dev\/l\/svm-temp\/nyheter\/spanien-inga-ytterligare-restriktioner-over-jul-och-nyar\/","url":"https:\/\/lightweb.dev\/l\/svm-temp\/nyheter\/spanien-inga-ytterligare-restriktioner-over-jul-och-nyar\/","name":"Spanien: Inga ytterligare restriktioner \u00f6ver jul och ny\u00e5r - Svenska Magasinet","isPartOf":{"@id":"https:\/\/lightweb.dev\/l\/svm-temp\/#website"},"primaryImageOfPage":{"@id":"https:\/\/lightweb.dev\/l\/svm-temp\/nyheter\/spanien-inga-ytterligare-restriktioner-over-jul-och-nyar\/#primaryimage"},"image":{"@id":"https:\/\/lightweb.dev\/l\/svm-temp\/nyheter\/spanien-inga-ytterligare-restriktioner-over-jul-och-nyar\/#primaryimage"},"thumbnailUrl":"https:\/\/lightweb.dev\/l\/svm-temp\/wp-content\/uploads\/2022\/04\/spanien-inga-ytterligare-restriktioner-ver-jul-och-nyr.png","datePublished":"2021-12-03T14:25:00+00:00","breadcrumb":{"@id":"https:\/\/lightweb.dev\/l\/svm-temp\/nyheter\/spanien-inga-ytterligare-restriktioner-over-jul-och-nyar\/#breadcrumb"},"inLanguage":"sv-SE","potentialAction":[{"@type":"ReadAction","target":["https:\/\/lightweb.dev\/l\/svm-temp\/nyheter\/spanien-inga-ytterligare-restriktioner-over-jul-och-nyar\/"]}]},{"@type":"ImageObject","inLanguage":"sv-SE","@id":"https:\/\/lightweb.dev\/l\/svm-temp\/nyheter\/spanien-inga-ytterligare-restriktioner-over-jul-och-nyar\/#primaryimage","url":"https:\/\/lightweb.dev\/l\/svm-temp\/wp-content\/uploads\/2022\/04\/spanien-inga-ytterligare-restriktioner-ver-jul-och-nyr.png","contentUrl":"https:\/\/lightweb.dev\/l\/svm-temp\/wp-content\/uploads\/2022\/04\/spanien-inga-ytterligare-restriktioner-ver-jul-och-nyr.png","width":500,"height":300},{"@type":"BreadcrumbList","@id":"https:\/\/lightweb.dev\/l\/svm-temp\/nyheter\/spanien-inga-ytterligare-restriktioner-over-jul-och-nyar\/#breadcrumb","itemListElement":[{"@type":"ListItem","position":1,"name":"Hem","item":"https:\/\/lightweb.dev\/l\/svm-temp\/"},{"@type":"ListItem","position":2,"name":"Spanien: Inga ytterligare restriktioner \u00f6ver jul och ny\u00e5r"}]},{"@type":"WebSite","@id":"https:\/\/lightweb.dev\/l\/svm-temp\/#website","url":"https:\/\/lightweb.dev\/l\/svm-temp\/","name":"Svenska Magasinet","description":"Dina Spanska nyheter p&aring; Svenska","publisher":{"@id":"https:\/\/lightweb.dev\/l\/svm-temp\/#organization"},"potentialAction":[{"@type":"SearchAction","target":{"@type":"EntryPoint","urlTemplate":"https:\/\/lightweb.dev\/l\/svm-temp\/?s={search_term_string}"},"query-input":{"@type":"PropertyValueSpecification","valueRequired":true,"valueName":"search_term_string"}}],"inLanguage":"sv-SE"},{"@type":"Organization","@id":"https:\/\/lightweb.dev\/l\/svm-temp\/#organization","name":"Melkerson y Nott SL","alternateName":"Svenska Magasinet","url":"https:\/\/lightweb.dev\/l\/svm-temp\/","logo":{"@type":"ImageObject","inLanguage":"sv-SE","@id":"https:\/\/lightweb.dev\/l\/svm-temp\/#\/schema\/logo\/image\/","url":"https:\/\/lightweb.dev\/l\/svm-temp\/wp-content\/uploads\/2025\/02\/SvM-logo-Xtra-Centrerad-SVART.png","contentUrl":"https:\/\/lightweb.dev\/l\/svm-temp\/wp-content\/uploads\/2025\/02\/SvM-logo-Xtra-Centrerad-SVART.png","width":300,"height":99,"caption":"Melkerson y Nott SL"},"image":{"@id":"https:\/\/lightweb.dev\/l\/svm-temp\/#\/schema\/logo\/image\/"},"sameAs":["https:\/\/www.facebook.com\/svenskamagasinet","https:\/\/x.com\/SvenskaMagasine"]},{"@type":"Person","@id":"https:\/\/lightweb.dev\/l\/svm-temp\/#\/schema\/person\/7a82b8a73d171d32360a564b6d03508e","name":"Ola Josefsson","description":"Bevakar Solkusten och Spanien sedan 1994.","sameAs":["https:\/\/lightweb.dev\/l\/svm-temp"],"url":"https:\/\/lightweb.dev\/l\/svm-temp\/reporter\/ola-josefsson\/"}]}},"_links":{"self":[{"href":"https:\/\/lightweb.dev\/l\/svm-temp\/wp-json\/wp\/v2\/posts\/1083","targetHints":{"allow":["GET"]}}],"collection":[{"href":"https:\/\/lightweb.dev\/l\/svm-temp\/wp-json\/wp\/v2\/posts"}],"about":[{"href":"https:\/\/lightweb.dev\/l\/svm-temp\/wp-json\/wp\/v2\/types\/post"}],"author":[{"embeddable":true,"href":"https:\/\/lightweb.dev\/l\/svm-temp\/wp-json\/wp\/v2\/users\/7"}],"replies":[{"embeddable":true,"href":"https:\/\/lightweb.dev\/l\/svm-temp\/wp-json\/wp\/v2\/comments?post=1083"}],"version-history":[{"count":0,"href":"https:\/\/lightweb.dev\/l\/svm-temp\/wp-json\/wp\/v2\/posts\/1083\/revisions"}],"wp:featuredmedia":[{"embeddable":true,"href":"https:\/\/lightweb.dev\/l\/svm-temp\/wp-json\/wp\/v2\/media\/1084"}],"wp:attachment":[{"href":"https:\/\/lightweb.dev\/l\/svm-temp\/wp-json\/wp\/v2\/media?parent=1083"}],"wp:term":[{"taxonomy":"category","embeddable":true,"href":"https:\/\/lightweb.dev\/l\/svm-temp\/wp-json\/wp\/v2\/categories?post=1083"},{"taxonomy":"post_tag","embeddable":true,"href":"https:\/\/lightweb.dev\/l\/svm-temp\/wp-json\/wp\/v2\/tags?post=1083"}],"curies":[{"name":"wp","href":"https:\/\/api.w.org\/{rel}","templated":true}]}}