{"id":1087,"date":"2021-12-02T10:34:00","date_gmt":"2021-12-02T09:34:00","guid":{"rendered":"https:\/\/lightweb.dev\/l\/svm-temp\/velez-cf-spelar-historisk-match-i-spanska-cupen-idag\/"},"modified":"2021-12-02T10:34:00","modified_gmt":"2021-12-02T09:34:00","slug":"velez-cf-spelar-historisk-match-i-spanska-cupen-idag","status":"publish","type":"post","link":"https:\/\/lightweb.dev\/l\/svm-temp\/nyheter\/velez-cf-spelar-historisk-match-i-spanska-cupen-idag\/","title":{"rendered":"V\u00e9lez CF spelar historisk match i spanska cupen idag"},"content":{"rendered":"<p> Det svensk\u00e4gda fotbollslaget V\u00e9lez CF spelar en historisk match p\u00e5 torsdagen klockan 16 p\u00e5 Vivar Tellez stadion i V\u00e9lez M\u00e1laga. F\u00f6r f\u00f6rsta g\u00e5ngen p\u00e5 26 \u00e5r medverkar laget i spanska cupen, Copa del Rey, d\u00e5 man st\u00e4lls mot ett av lagen i Segundadivision, Las Palmas. (Uppdaterad: Det blev f\u00f6rlust f\u00f6r V\u00e9lez med 2-3 inf\u00f6r 1.800 \u00e5sk\u00e5dare).<br \/>\n &#8211; Kom och heja fram den svensk-spanska klubben till n\u00e4sta omg\u00e5ng d\u00e4r lag fr\u00e5n La Liga v\u00e4ntar. Det skriver Jesper Norberg, en av \u00e4garna till fotbollsklubben, i Facebook-gruppen Svenskar p\u00e5 Costa del Sol.<\/p>\n<p>Senast V\u00e9lez CF spelade i spanska cupen var f\u00f6r 26 \u00e5r sedan. D\u00e5 stod ett annat kanariskt lag f\u00f6r motst\u00e5ndet, n\u00e4mligen Teneriffa. Den g\u00e5ngen blev det f\u00f6rlust med 1-2.<\/p>\n<p>V\u00e9lez CF, som har kvalificerat sig till spanska cupen vid fyra tillf\u00e4llen, \u00e4r just nu inne i en positiv period med fyra raka segrar och tretton m\u00e5l fram\u00e5t. Las Palmas d\u00e4remot har tre raka f\u00f6rluster. De \u00e4r inte vana att spela p\u00e5 konstgr\u00e4s vilket \u00e4r fallet i V\u00e9lez.<\/p>\n<p>Upplagt f\u00f6r seger i V\u00e9lez kanske.<\/p>\n<p>Det l\u00e4r bli fullsatt p\u00e5 stadion Vivar Tellez som under \u00e5rets s\u00e4song f\u00f6rdubblat genomsnittet i publik till cirka 1.200. Till dagens historiska match kan det mycket v\u00e4l bli 1.800.<\/p>\n<p>Laguppst\u00e4llningar:<br \/>\nV\u00e9lez: C\u00e9sar, Pedro, Bochino, Portillo, Adolfo, Oca\u00f1a, Gonzalo, Cervera, Gory, \u00c1lex Camacho och Joselinho.<br \/>\nLas Palmas: Valles, Ale D\u00edez, Coco, Alex Su\u00e1rez, Ferigra, Maikel Mesa, Kirian, Pol, Mendes, Sadiku och Rafa M\u00fajica.<br \/>\nDomare: S\u00e1nchez L\u00f3pez (Murcia).<br \/>\nPlats: Vivar T\u00e9llez, klockan 16 (Matchen s\u00e4nds i Footters).<\/p>\n<p>L\u00e4s tidigare artikel om den svenska satsningen i V\u00e9lez:<br \/>\nH\u00e5llbar fotbollsatsning i V\u00e9lez har b\u00f6rjat vandringen upp\u00e5t<\/p>\n","protected":false},"excerpt":{"rendered":"<p>Det svensk\u00e4gda fotbollslaget V\u00e9lez CF spelar en historisk match p\u00e5 torsdagen klockan 16 p\u00e5 Vivar Tellez stadion i V\u00e9lez M\u00e1laga. F\u00f6r f\u00f6rsta g\u00e5ngen p\u00e5 26 \u00e5r medverkar laget i spanska cupen, Copa del Rey, d\u00e5 man st\u00e4lls mot ett av lagen i Segundadivision, Las Palmas. (Uppdaterad: Det blev f\u00f6rlust f\u00f6r V\u00e9lez med 2-3 inf\u00f6r 1.800 [&hellip;]<\/p>\n","protected":false},"author":7,"featured_media":1088,"comment_status":"open","ping_status":"open","sticky":false,"template":"","format":"standard","meta":{"_et_pb_use_builder":"","_et_pb_old_content":"","_et_gb_content_width":"","footnotes":""},"categories":[395,3],"tags":[],"class_list":["post-1087","post","type-post","status-publish","format-standard","has-post-thumbnail","hentry","category-arkiv-nyheter","category-nyheter"],"yoast_head":"<!-- This site is optimized with the Yoast SEO Premium plugin v26.2 (Yoast SEO v27.5) - https:\/\/yoast.com\/product\/yoast-seo-premium-wordpress\/ -->\n<title>V\u00e9lez CF spelar historisk match i spanska cupen idag - Svenska Magasinet<\/title>\n<meta name=\"robots\" content=\"noindex, follow, max-snippet:-1, max-image-preview:large, max-video-preview:-1\" \/>\n<meta property=\"og:locale\" content=\"sv_SE\" \/>\n<meta property=\"og:type\" content=\"article\" \/>\n<meta property=\"og:title\" content=\"V\u00e9lez CF spelar historisk match i spanska cupen idag\" \/>\n<meta property=\"og:description\" content=\"Det svensk\u00e4gda fotbollslaget V\u00e9lez CF spelar en historisk match p\u00e5 torsdagen klockan 16 p\u00e5 Vivar Tellez stadion i V\u00e9lez M\u00e1laga. F\u00f6r f\u00f6rsta g\u00e5ngen p\u00e5 26 \u00e5r medverkar laget i spanska cupen, Copa del Rey, d\u00e5 man st\u00e4lls mot ett av lagen i Segundadivision, Las Palmas. (Uppdaterad: Det blev f\u00f6rlust f\u00f6r V\u00e9lez med 2-3 inf\u00f6r 1.800 [&hellip;]\" \/>\n<meta property=\"og:url\" content=\"https:\/\/lightweb.dev\/l\/svm-temp\/nyheter\/velez-cf-spelar-historisk-match-i-spanska-cupen-idag\/\" \/>\n<meta property=\"og:site_name\" content=\"Svenska Magasinet\" \/>\n<meta property=\"article:publisher\" content=\"https:\/\/www.facebook.com\/svenskamagasinet\" \/>\n<meta property=\"article:published_time\" content=\"2021-12-02T09:34:00+00:00\" \/>\n<meta property=\"og:image\" content=\"https:\/\/lightweb.dev\/l\/svm-temp\/wp-content\/uploads\/2022\/04\/vlez-cf-spelar-historisk-match-i-spanska-cupen-idag.png\" \/>\n\t<meta property=\"og:image:width\" content=\"500\" \/>\n\t<meta property=\"og:image:height\" content=\"300\" \/>\n\t<meta property=\"og:image:type\" content=\"image\/png\" \/>\n<meta name=\"author\" content=\"Ola Josefsson\" \/>\n<meta name=\"twitter:card\" content=\"summary_large_image\" \/>\n<meta name=\"twitter:creator\" content=\"@SvenskaMagasine\" \/>\n<meta name=\"twitter:site\" content=\"@SvenskaMagasine\" \/>\n<script type=\"application\/ld+json\" class=\"yoast-schema-graph\">{\"@context\":\"https:\\\/\\\/schema.org\",\"@graph\":[{\"@type\":\"Article\",\"@id\":\"https:\\\/\\\/lightweb.dev\\\/l\\\/svm-temp\\\/nyheter\\\/velez-cf-spelar-historisk-match-i-spanska-cupen-idag\\\/#article\",\"isPartOf\":{\"@id\":\"https:\\\/\\\/lightweb.dev\\\/l\\\/svm-temp\\\/nyheter\\\/velez-cf-spelar-historisk-match-i-spanska-cupen-idag\\\/\"},\"author\":{\"name\":\"Ola Josefsson\",\"@id\":\"https:\\\/\\\/lightweb.dev\\\/l\\\/svm-temp\\\/#\\\/schema\\\/person\\\/7a82b8a73d171d32360a564b6d03508e\"},\"headline\":\"V\u00e9lez CF spelar historisk match i spanska cupen idag\",\"datePublished\":\"2021-12-02T09:34:00+00:00\",\"mainEntityOfPage\":{\"@id\":\"https:\\\/\\\/lightweb.dev\\\/l\\\/svm-temp\\\/nyheter\\\/velez-cf-spelar-historisk-match-i-spanska-cupen-idag\\\/\"},\"wordCount\":323,\"commentCount\":0,\"publisher\":{\"@id\":\"https:\\\/\\\/lightweb.dev\\\/l\\\/svm-temp\\\/#organization\"},\"image\":{\"@id\":\"https:\\\/\\\/lightweb.dev\\\/l\\\/svm-temp\\\/nyheter\\\/velez-cf-spelar-historisk-match-i-spanska-cupen-idag\\\/#primaryimage\"},\"thumbnailUrl\":\"https:\\\/\\\/lightweb.dev\\\/l\\\/svm-temp\\\/wp-content\\\/uploads\\\/2022\\\/04\\\/vlez-cf-spelar-historisk-match-i-spanska-cupen-idag.png\",\"articleSection\":[\"Arkiv\",\"Nyheter\"],\"inLanguage\":\"sv-SE\"},{\"@type\":\"WebPage\",\"@id\":\"https:\\\/\\\/lightweb.dev\\\/l\\\/svm-temp\\\/nyheter\\\/velez-cf-spelar-historisk-match-i-spanska-cupen-idag\\\/\",\"url\":\"https:\\\/\\\/lightweb.dev\\\/l\\\/svm-temp\\\/nyheter\\\/velez-cf-spelar-historisk-match-i-spanska-cupen-idag\\\/\",\"name\":\"V\u00e9lez CF spelar historisk match i spanska cupen idag - Svenska Magasinet\",\"isPartOf\":{\"@id\":\"https:\\\/\\\/lightweb.dev\\\/l\\\/svm-temp\\\/#website\"},\"primaryImageOfPage\":{\"@id\":\"https:\\\/\\\/lightweb.dev\\\/l\\\/svm-temp\\\/nyheter\\\/velez-cf-spelar-historisk-match-i-spanska-cupen-idag\\\/#primaryimage\"},\"image\":{\"@id\":\"https:\\\/\\\/lightweb.dev\\\/l\\\/svm-temp\\\/nyheter\\\/velez-cf-spelar-historisk-match-i-spanska-cupen-idag\\\/#primaryimage\"},\"thumbnailUrl\":\"https:\\\/\\\/lightweb.dev\\\/l\\\/svm-temp\\\/wp-content\\\/uploads\\\/2022\\\/04\\\/vlez-cf-spelar-historisk-match-i-spanska-cupen-idag.png\",\"datePublished\":\"2021-12-02T09:34:00+00:00\",\"breadcrumb\":{\"@id\":\"https:\\\/\\\/lightweb.dev\\\/l\\\/svm-temp\\\/nyheter\\\/velez-cf-spelar-historisk-match-i-spanska-cupen-idag\\\/#breadcrumb\"},\"inLanguage\":\"sv-SE\",\"potentialAction\":[{\"@type\":\"ReadAction\",\"target\":[\"https:\\\/\\\/lightweb.dev\\\/l\\\/svm-temp\\\/nyheter\\\/velez-cf-spelar-historisk-match-i-spanska-cupen-idag\\\/\"]}]},{\"@type\":\"ImageObject\",\"inLanguage\":\"sv-SE\",\"@id\":\"https:\\\/\\\/lightweb.dev\\\/l\\\/svm-temp\\\/nyheter\\\/velez-cf-spelar-historisk-match-i-spanska-cupen-idag\\\/#primaryimage\",\"url\":\"https:\\\/\\\/lightweb.dev\\\/l\\\/svm-temp\\\/wp-content\\\/uploads\\\/2022\\\/04\\\/vlez-cf-spelar-historisk-match-i-spanska-cupen-idag.png\",\"contentUrl\":\"https:\\\/\\\/lightweb.dev\\\/l\\\/svm-temp\\\/wp-content\\\/uploads\\\/2022\\\/04\\\/vlez-cf-spelar-historisk-match-i-spanska-cupen-idag.png\",\"width\":500,\"height\":300},{\"@type\":\"BreadcrumbList\",\"@id\":\"https:\\\/\\\/lightweb.dev\\\/l\\\/svm-temp\\\/nyheter\\\/velez-cf-spelar-historisk-match-i-spanska-cupen-idag\\\/#breadcrumb\",\"itemListElement\":[{\"@type\":\"ListItem\",\"position\":1,\"name\":\"Hem\",\"item\":\"https:\\\/\\\/lightweb.dev\\\/l\\\/svm-temp\\\/\"},{\"@type\":\"ListItem\",\"position\":2,\"name\":\"V\u00e9lez CF spelar historisk match i spanska cupen idag\"}]},{\"@type\":\"WebSite\",\"@id\":\"https:\\\/\\\/lightweb.dev\\\/l\\\/svm-temp\\\/#website\",\"url\":\"https:\\\/\\\/lightweb.dev\\\/l\\\/svm-temp\\\/\",\"name\":\"Svenska Magasinet\",\"description\":\"Dina Spanska nyheter p&aring; Svenska\",\"publisher\":{\"@id\":\"https:\\\/\\\/lightweb.dev\\\/l\\\/svm-temp\\\/#organization\"},\"potentialAction\":[{\"@type\":\"SearchAction\",\"target\":{\"@type\":\"EntryPoint\",\"urlTemplate\":\"https:\\\/\\\/lightweb.dev\\\/l\\\/svm-temp\\\/?s={search_term_string}\"},\"query-input\":{\"@type\":\"PropertyValueSpecification\",\"valueRequired\":true,\"valueName\":\"search_term_string\"}}],\"inLanguage\":\"sv-SE\"},{\"@type\":\"Organization\",\"@id\":\"https:\\\/\\\/lightweb.dev\\\/l\\\/svm-temp\\\/#organization\",\"name\":\"Melkerson y Nott SL\",\"alternateName\":\"Svenska Magasinet\",\"url\":\"https:\\\/\\\/lightweb.dev\\\/l\\\/svm-temp\\\/\",\"logo\":{\"@type\":\"ImageObject\",\"inLanguage\":\"sv-SE\",\"@id\":\"https:\\\/\\\/lightweb.dev\\\/l\\\/svm-temp\\\/#\\\/schema\\\/logo\\\/image\\\/\",\"url\":\"https:\\\/\\\/lightweb.dev\\\/l\\\/svm-temp\\\/wp-content\\\/uploads\\\/2025\\\/02\\\/SvM-logo-Xtra-Centrerad-SVART.png\",\"contentUrl\":\"https:\\\/\\\/lightweb.dev\\\/l\\\/svm-temp\\\/wp-content\\\/uploads\\\/2025\\\/02\\\/SvM-logo-Xtra-Centrerad-SVART.png\",\"width\":300,\"height\":99,\"caption\":\"Melkerson y Nott SL\"},\"image\":{\"@id\":\"https:\\\/\\\/lightweb.dev\\\/l\\\/svm-temp\\\/#\\\/schema\\\/logo\\\/image\\\/\"},\"sameAs\":[\"https:\\\/\\\/www.facebook.com\\\/svenskamagasinet\",\"https:\\\/\\\/x.com\\\/SvenskaMagasine\"]},{\"@type\":\"Person\",\"@id\":\"https:\\\/\\\/lightweb.dev\\\/l\\\/svm-temp\\\/#\\\/schema\\\/person\\\/7a82b8a73d171d32360a564b6d03508e\",\"name\":\"Ola Josefsson\",\"description\":\"Bevakar Solkusten och Spanien sedan 1994.\",\"sameAs\":[\"https:\\\/\\\/lightweb.dev\\\/l\\\/svm-temp\"],\"url\":\"https:\\\/\\\/lightweb.dev\\\/l\\\/svm-temp\\\/reporter\\\/ola-josefsson\\\/\"}]}<\/script>\n<!-- \/ Yoast SEO Premium plugin. -->","yoast_head_json":{"title":"V\u00e9lez CF spelar historisk match i spanska cupen idag - Svenska Magasinet","robots":{"index":"noindex","follow":"follow","max-snippet":"max-snippet:-1","max-image-preview":"max-image-preview:large","max-video-preview":"max-video-preview:-1"},"og_locale":"sv_SE","og_type":"article","og_title":"V\u00e9lez CF spelar historisk match i spanska cupen idag","og_description":"Det svensk\u00e4gda fotbollslaget V\u00e9lez CF spelar en historisk match p\u00e5 torsdagen klockan 16 p\u00e5 Vivar Tellez stadion i V\u00e9lez M\u00e1laga. F\u00f6r f\u00f6rsta g\u00e5ngen p\u00e5 26 \u00e5r medverkar laget i spanska cupen, Copa del Rey, d\u00e5 man st\u00e4lls mot ett av lagen i Segundadivision, Las Palmas. (Uppdaterad: Det blev f\u00f6rlust f\u00f6r V\u00e9lez med 2-3 inf\u00f6r 1.800 [&hellip;]","og_url":"https:\/\/lightweb.dev\/l\/svm-temp\/nyheter\/velez-cf-spelar-historisk-match-i-spanska-cupen-idag\/","og_site_name":"Svenska Magasinet","article_publisher":"https:\/\/www.facebook.com\/svenskamagasinet","article_published_time":"2021-12-02T09:34:00+00:00","og_image":[{"width":500,"height":300,"url":"https:\/\/lightweb.dev\/l\/svm-temp\/wp-content\/uploads\/2022\/04\/vlez-cf-spelar-historisk-match-i-spanska-cupen-idag.png","type":"image\/png"}],"author":"Ola Josefsson","twitter_card":"summary_large_image","twitter_creator":"@SvenskaMagasine","twitter_site":"@SvenskaMagasine","schema":{"@context":"https:\/\/schema.org","@graph":[{"@type":"Article","@id":"https:\/\/lightweb.dev\/l\/svm-temp\/nyheter\/velez-cf-spelar-historisk-match-i-spanska-cupen-idag\/#article","isPartOf":{"@id":"https:\/\/lightweb.dev\/l\/svm-temp\/nyheter\/velez-cf-spelar-historisk-match-i-spanska-cupen-idag\/"},"author":{"name":"Ola Josefsson","@id":"https:\/\/lightweb.dev\/l\/svm-temp\/#\/schema\/person\/7a82b8a73d171d32360a564b6d03508e"},"headline":"V\u00e9lez CF spelar historisk match i spanska cupen idag","datePublished":"2021-12-02T09:34:00+00:00","mainEntityOfPage":{"@id":"https:\/\/lightweb.dev\/l\/svm-temp\/nyheter\/velez-cf-spelar-historisk-match-i-spanska-cupen-idag\/"},"wordCount":323,"commentCount":0,"publisher":{"@id":"https:\/\/lightweb.dev\/l\/svm-temp\/#organization"},"image":{"@id":"https:\/\/lightweb.dev\/l\/svm-temp\/nyheter\/velez-cf-spelar-historisk-match-i-spanska-cupen-idag\/#primaryimage"},"thumbnailUrl":"https:\/\/lightweb.dev\/l\/svm-temp\/wp-content\/uploads\/2022\/04\/vlez-cf-spelar-historisk-match-i-spanska-cupen-idag.png","articleSection":["Arkiv","Nyheter"],"inLanguage":"sv-SE"},{"@type":"WebPage","@id":"https:\/\/lightweb.dev\/l\/svm-temp\/nyheter\/velez-cf-spelar-historisk-match-i-spanska-cupen-idag\/","url":"https:\/\/lightweb.dev\/l\/svm-temp\/nyheter\/velez-cf-spelar-historisk-match-i-spanska-cupen-idag\/","name":"V\u00e9lez CF spelar historisk match i spanska cupen idag - Svenska Magasinet","isPartOf":{"@id":"https:\/\/lightweb.dev\/l\/svm-temp\/#website"},"primaryImageOfPage":{"@id":"https:\/\/lightweb.dev\/l\/svm-temp\/nyheter\/velez-cf-spelar-historisk-match-i-spanska-cupen-idag\/#primaryimage"},"image":{"@id":"https:\/\/lightweb.dev\/l\/svm-temp\/nyheter\/velez-cf-spelar-historisk-match-i-spanska-cupen-idag\/#primaryimage"},"thumbnailUrl":"https:\/\/lightweb.dev\/l\/svm-temp\/wp-content\/uploads\/2022\/04\/vlez-cf-spelar-historisk-match-i-spanska-cupen-idag.png","datePublished":"2021-12-02T09:34:00+00:00","breadcrumb":{"@id":"https:\/\/lightweb.dev\/l\/svm-temp\/nyheter\/velez-cf-spelar-historisk-match-i-spanska-cupen-idag\/#breadcrumb"},"inLanguage":"sv-SE","potentialAction":[{"@type":"ReadAction","target":["https:\/\/lightweb.dev\/l\/svm-temp\/nyheter\/velez-cf-spelar-historisk-match-i-spanska-cupen-idag\/"]}]},{"@type":"ImageObject","inLanguage":"sv-SE","@id":"https:\/\/lightweb.dev\/l\/svm-temp\/nyheter\/velez-cf-spelar-historisk-match-i-spanska-cupen-idag\/#primaryimage","url":"https:\/\/lightweb.dev\/l\/svm-temp\/wp-content\/uploads\/2022\/04\/vlez-cf-spelar-historisk-match-i-spanska-cupen-idag.png","contentUrl":"https:\/\/lightweb.dev\/l\/svm-temp\/wp-content\/uploads\/2022\/04\/vlez-cf-spelar-historisk-match-i-spanska-cupen-idag.png","width":500,"height":300},{"@type":"BreadcrumbList","@id":"https:\/\/lightweb.dev\/l\/svm-temp\/nyheter\/velez-cf-spelar-historisk-match-i-spanska-cupen-idag\/#breadcrumb","itemListElement":[{"@type":"ListItem","position":1,"name":"Hem","item":"https:\/\/lightweb.dev\/l\/svm-temp\/"},{"@type":"ListItem","position":2,"name":"V\u00e9lez CF spelar historisk match i spanska cupen idag"}]},{"@type":"WebSite","@id":"https:\/\/lightweb.dev\/l\/svm-temp\/#website","url":"https:\/\/lightweb.dev\/l\/svm-temp\/","name":"Svenska Magasinet","description":"Dina Spanska nyheter p&aring; Svenska","publisher":{"@id":"https:\/\/lightweb.dev\/l\/svm-temp\/#organization"},"potentialAction":[{"@type":"SearchAction","target":{"@type":"EntryPoint","urlTemplate":"https:\/\/lightweb.dev\/l\/svm-temp\/?s={search_term_string}"},"query-input":{"@type":"PropertyValueSpecification","valueRequired":true,"valueName":"search_term_string"}}],"inLanguage":"sv-SE"},{"@type":"Organization","@id":"https:\/\/lightweb.dev\/l\/svm-temp\/#organization","name":"Melkerson y Nott SL","alternateName":"Svenska Magasinet","url":"https:\/\/lightweb.dev\/l\/svm-temp\/","logo":{"@type":"ImageObject","inLanguage":"sv-SE","@id":"https:\/\/lightweb.dev\/l\/svm-temp\/#\/schema\/logo\/image\/","url":"https:\/\/lightweb.dev\/l\/svm-temp\/wp-content\/uploads\/2025\/02\/SvM-logo-Xtra-Centrerad-SVART.png","contentUrl":"https:\/\/lightweb.dev\/l\/svm-temp\/wp-content\/uploads\/2025\/02\/SvM-logo-Xtra-Centrerad-SVART.png","width":300,"height":99,"caption":"Melkerson y Nott SL"},"image":{"@id":"https:\/\/lightweb.dev\/l\/svm-temp\/#\/schema\/logo\/image\/"},"sameAs":["https:\/\/www.facebook.com\/svenskamagasinet","https:\/\/x.com\/SvenskaMagasine"]},{"@type":"Person","@id":"https:\/\/lightweb.dev\/l\/svm-temp\/#\/schema\/person\/7a82b8a73d171d32360a564b6d03508e","name":"Ola Josefsson","description":"Bevakar Solkusten och Spanien sedan 1994.","sameAs":["https:\/\/lightweb.dev\/l\/svm-temp"],"url":"https:\/\/lightweb.dev\/l\/svm-temp\/reporter\/ola-josefsson\/"}]}},"_links":{"self":[{"href":"https:\/\/lightweb.dev\/l\/svm-temp\/wp-json\/wp\/v2\/posts\/1087","targetHints":{"allow":["GET"]}}],"collection":[{"href":"https:\/\/lightweb.dev\/l\/svm-temp\/wp-json\/wp\/v2\/posts"}],"about":[{"href":"https:\/\/lightweb.dev\/l\/svm-temp\/wp-json\/wp\/v2\/types\/post"}],"author":[{"embeddable":true,"href":"https:\/\/lightweb.dev\/l\/svm-temp\/wp-json\/wp\/v2\/users\/7"}],"replies":[{"embeddable":true,"href":"https:\/\/lightweb.dev\/l\/svm-temp\/wp-json\/wp\/v2\/comments?post=1087"}],"version-history":[{"count":0,"href":"https:\/\/lightweb.dev\/l\/svm-temp\/wp-json\/wp\/v2\/posts\/1087\/revisions"}],"wp:featuredmedia":[{"embeddable":true,"href":"https:\/\/lightweb.dev\/l\/svm-temp\/wp-json\/wp\/v2\/media\/1088"}],"wp:attachment":[{"href":"https:\/\/lightweb.dev\/l\/svm-temp\/wp-json\/wp\/v2\/media?parent=1087"}],"wp:term":[{"taxonomy":"category","embeddable":true,"href":"https:\/\/lightweb.dev\/l\/svm-temp\/wp-json\/wp\/v2\/categories?post=1087"},{"taxonomy":"post_tag","embeddable":true,"href":"https:\/\/lightweb.dev\/l\/svm-temp\/wp-json\/wp\/v2\/tags?post=1087"}],"curies":[{"name":"wp","href":"https:\/\/api.w.org\/{rel}","templated":true}]}}