{"id":1089,"date":"2021-12-02T10:59:00","date_gmt":"2021-12-02T09:59:00","guid":{"rendered":"https:\/\/lightweb.dev\/l\/svm-temp\/a-7an-mellan-fuengirola-och-marbella-ska-forbattras\/"},"modified":"2021-12-02T10:59:00","modified_gmt":"2021-12-02T09:59:00","slug":"a-7an-mellan-fuengirola-och-marbella-ska-forbattras","status":"publish","type":"post","link":"https:\/\/lightweb.dev\/l\/svm-temp\/nyheter\/a-7an-mellan-fuengirola-och-marbella-ska-forbattras\/","title":{"rendered":"A-7:an mellan Fuengirola och Marbella ska f\u00f6rb\u00e4ttras"},"content":{"rendered":"<p> Transportdepartementet har delat ut kontrakten f\u00f6r de arbeten som v\u00e4ntar l\u00e4ngs Autov\u00eda del Mediterr\u00e1neo A-7. Det g\u00e4ller avsnittet mellan Marbella, Mijas Costa och Fuengirola. Budgeten f\u00f6r arbetena ligger p\u00e5 6,16 miljoner euro.<\/p>\n<p>Det g\u00e4ller asfaltering av vissa str\u00e4ckor, plus rondellerna, bussh\u00e5llplatser samt av- och p\u00e5farter liksom intilliggande transitv\u00e4gar till bostadsomr\u00e5den.<\/p>\n<p>\u00c5tg\u00e4rden ing\u00e5r i satsningen f\u00f6r underh\u00e5ll av det statliga motorv\u00e4gsn\u00e4tet d\u00e4r totalt 33 miljoner euro har investerats sedan juni 2018 i M\u00e1lagaprovinsen.<\/p>\n<p>Transportdepartementet har \u00e4ven lagt ut anbud p\u00e5 att f\u00f6rb\u00e4ttra s\u00e4kerheten i tunnlarna vid Churriana och San Pedro Alc\u00e1ntara. Budgeten f\u00f6r dessa arbeten ligger p\u00e5 4,7 miljoner euro. Det kommer att publiceras inom kort i den statliga bulletinen BOE (Bolet\u00edn Oficial del Estado).<\/p>\n","protected":false},"excerpt":{"rendered":"<p>Transportdepartementet har delat ut kontrakten f\u00f6r de arbeten som v\u00e4ntar l\u00e4ngs Autov\u00eda del Mediterr\u00e1neo A-7. Det g\u00e4ller avsnittet mellan Marbella, Mijas Costa och Fuengirola. Budgeten f\u00f6r arbetena ligger p\u00e5 6,16 miljoner euro. Det g\u00e4ller asfaltering av vissa str\u00e4ckor, plus rondellerna, bussh\u00e5llplatser samt av- och p\u00e5farter liksom intilliggande transitv\u00e4gar till bostadsomr\u00e5den. \u00c5tg\u00e4rden ing\u00e5r i satsningen f\u00f6r [&hellip;]<\/p>\n","protected":false},"author":7,"featured_media":1090,"comment_status":"open","ping_status":"open","sticky":false,"template":"","format":"standard","meta":{"_et_pb_use_builder":"","_et_pb_old_content":"","_et_gb_content_width":"","footnotes":""},"categories":[395,3],"tags":[],"class_list":["post-1089","post","type-post","status-publish","format-standard","has-post-thumbnail","hentry","category-arkiv-nyheter","category-nyheter"],"yoast_head":"<!-- This site is optimized with the Yoast SEO Premium plugin v26.2 (Yoast SEO v27.5) - https:\/\/yoast.com\/product\/yoast-seo-premium-wordpress\/ -->\n<title>A-7:an mellan Fuengirola och Marbella ska f\u00f6rb\u00e4ttras - Svenska Magasinet<\/title>\n<meta name=\"robots\" content=\"noindex, follow, max-snippet:-1, max-image-preview:large, max-video-preview:-1\" \/>\n<meta property=\"og:locale\" content=\"sv_SE\" \/>\n<meta property=\"og:type\" content=\"article\" \/>\n<meta property=\"og:title\" content=\"A-7:an mellan Fuengirola och Marbella ska f\u00f6rb\u00e4ttras\" \/>\n<meta property=\"og:description\" content=\"Transportdepartementet har delat ut kontrakten f\u00f6r de arbeten som v\u00e4ntar l\u00e4ngs Autov\u00eda del Mediterr\u00e1neo A-7. Det g\u00e4ller avsnittet mellan Marbella, Mijas Costa och Fuengirola. Budgeten f\u00f6r arbetena ligger p\u00e5 6,16 miljoner euro. Det g\u00e4ller asfaltering av vissa str\u00e4ckor, plus rondellerna, bussh\u00e5llplatser samt av- och p\u00e5farter liksom intilliggande transitv\u00e4gar till bostadsomr\u00e5den. \u00c5tg\u00e4rden ing\u00e5r i satsningen f\u00f6r [&hellip;]\" \/>\n<meta property=\"og:url\" content=\"https:\/\/lightweb.dev\/l\/svm-temp\/nyheter\/a-7an-mellan-fuengirola-och-marbella-ska-forbattras\/\" \/>\n<meta property=\"og:site_name\" content=\"Svenska Magasinet\" \/>\n<meta property=\"article:publisher\" content=\"https:\/\/www.facebook.com\/svenskamagasinet\" \/>\n<meta property=\"article:published_time\" content=\"2021-12-02T09:59:00+00:00\" \/>\n<meta property=\"og:image\" content=\"https:\/\/lightweb.dev\/l\/svm-temp\/wp-content\/uploads\/2022\/04\/a-7-an-mellan-fuengirola-och-marbella-ska-frbttras.png\" \/>\n\t<meta property=\"og:image:width\" content=\"500\" \/>\n\t<meta property=\"og:image:height\" content=\"300\" \/>\n\t<meta property=\"og:image:type\" content=\"image\/png\" \/>\n<meta name=\"author\" content=\"Ola Josefsson\" \/>\n<meta name=\"twitter:card\" content=\"summary_large_image\" \/>\n<meta name=\"twitter:creator\" content=\"@SvenskaMagasine\" \/>\n<meta name=\"twitter:site\" content=\"@SvenskaMagasine\" \/>\n<script type=\"application\/ld+json\" class=\"yoast-schema-graph\">{\"@context\":\"https:\\\/\\\/schema.org\",\"@graph\":[{\"@type\":\"Article\",\"@id\":\"https:\\\/\\\/lightweb.dev\\\/l\\\/svm-temp\\\/nyheter\\\/a-7an-mellan-fuengirola-och-marbella-ska-forbattras\\\/#article\",\"isPartOf\":{\"@id\":\"https:\\\/\\\/lightweb.dev\\\/l\\\/svm-temp\\\/nyheter\\\/a-7an-mellan-fuengirola-och-marbella-ska-forbattras\\\/\"},\"author\":{\"name\":\"Ola Josefsson\",\"@id\":\"https:\\\/\\\/lightweb.dev\\\/l\\\/svm-temp\\\/#\\\/schema\\\/person\\\/7a82b8a73d171d32360a564b6d03508e\"},\"headline\":\"A-7:an mellan Fuengirola och Marbella ska f\u00f6rb\u00e4ttras\",\"datePublished\":\"2021-12-02T09:59:00+00:00\",\"mainEntityOfPage\":{\"@id\":\"https:\\\/\\\/lightweb.dev\\\/l\\\/svm-temp\\\/nyheter\\\/a-7an-mellan-fuengirola-och-marbella-ska-forbattras\\\/\"},\"wordCount\":147,\"commentCount\":0,\"publisher\":{\"@id\":\"https:\\\/\\\/lightweb.dev\\\/l\\\/svm-temp\\\/#organization\"},\"image\":{\"@id\":\"https:\\\/\\\/lightweb.dev\\\/l\\\/svm-temp\\\/nyheter\\\/a-7an-mellan-fuengirola-och-marbella-ska-forbattras\\\/#primaryimage\"},\"thumbnailUrl\":\"https:\\\/\\\/lightweb.dev\\\/l\\\/svm-temp\\\/wp-content\\\/uploads\\\/2022\\\/04\\\/a-7-an-mellan-fuengirola-och-marbella-ska-frbttras.png\",\"articleSection\":[\"Arkiv\",\"Nyheter\"],\"inLanguage\":\"sv-SE\"},{\"@type\":\"WebPage\",\"@id\":\"https:\\\/\\\/lightweb.dev\\\/l\\\/svm-temp\\\/nyheter\\\/a-7an-mellan-fuengirola-och-marbella-ska-forbattras\\\/\",\"url\":\"https:\\\/\\\/lightweb.dev\\\/l\\\/svm-temp\\\/nyheter\\\/a-7an-mellan-fuengirola-och-marbella-ska-forbattras\\\/\",\"name\":\"A-7:an mellan Fuengirola och Marbella ska f\u00f6rb\u00e4ttras - Svenska Magasinet\",\"isPartOf\":{\"@id\":\"https:\\\/\\\/lightweb.dev\\\/l\\\/svm-temp\\\/#website\"},\"primaryImageOfPage\":{\"@id\":\"https:\\\/\\\/lightweb.dev\\\/l\\\/svm-temp\\\/nyheter\\\/a-7an-mellan-fuengirola-och-marbella-ska-forbattras\\\/#primaryimage\"},\"image\":{\"@id\":\"https:\\\/\\\/lightweb.dev\\\/l\\\/svm-temp\\\/nyheter\\\/a-7an-mellan-fuengirola-och-marbella-ska-forbattras\\\/#primaryimage\"},\"thumbnailUrl\":\"https:\\\/\\\/lightweb.dev\\\/l\\\/svm-temp\\\/wp-content\\\/uploads\\\/2022\\\/04\\\/a-7-an-mellan-fuengirola-och-marbella-ska-frbttras.png\",\"datePublished\":\"2021-12-02T09:59:00+00:00\",\"breadcrumb\":{\"@id\":\"https:\\\/\\\/lightweb.dev\\\/l\\\/svm-temp\\\/nyheter\\\/a-7an-mellan-fuengirola-och-marbella-ska-forbattras\\\/#breadcrumb\"},\"inLanguage\":\"sv-SE\",\"potentialAction\":[{\"@type\":\"ReadAction\",\"target\":[\"https:\\\/\\\/lightweb.dev\\\/l\\\/svm-temp\\\/nyheter\\\/a-7an-mellan-fuengirola-och-marbella-ska-forbattras\\\/\"]}]},{\"@type\":\"ImageObject\",\"inLanguage\":\"sv-SE\",\"@id\":\"https:\\\/\\\/lightweb.dev\\\/l\\\/svm-temp\\\/nyheter\\\/a-7an-mellan-fuengirola-och-marbella-ska-forbattras\\\/#primaryimage\",\"url\":\"https:\\\/\\\/lightweb.dev\\\/l\\\/svm-temp\\\/wp-content\\\/uploads\\\/2022\\\/04\\\/a-7-an-mellan-fuengirola-och-marbella-ska-frbttras.png\",\"contentUrl\":\"https:\\\/\\\/lightweb.dev\\\/l\\\/svm-temp\\\/wp-content\\\/uploads\\\/2022\\\/04\\\/a-7-an-mellan-fuengirola-och-marbella-ska-frbttras.png\",\"width\":500,\"height\":300},{\"@type\":\"BreadcrumbList\",\"@id\":\"https:\\\/\\\/lightweb.dev\\\/l\\\/svm-temp\\\/nyheter\\\/a-7an-mellan-fuengirola-och-marbella-ska-forbattras\\\/#breadcrumb\",\"itemListElement\":[{\"@type\":\"ListItem\",\"position\":1,\"name\":\"Hem\",\"item\":\"https:\\\/\\\/lightweb.dev\\\/l\\\/svm-temp\\\/\"},{\"@type\":\"ListItem\",\"position\":2,\"name\":\"A-7:an mellan Fuengirola och Marbella ska f\u00f6rb\u00e4ttras\"}]},{\"@type\":\"WebSite\",\"@id\":\"https:\\\/\\\/lightweb.dev\\\/l\\\/svm-temp\\\/#website\",\"url\":\"https:\\\/\\\/lightweb.dev\\\/l\\\/svm-temp\\\/\",\"name\":\"Svenska Magasinet\",\"description\":\"Dina Spanska nyheter p&aring; Svenska\",\"publisher\":{\"@id\":\"https:\\\/\\\/lightweb.dev\\\/l\\\/svm-temp\\\/#organization\"},\"potentialAction\":[{\"@type\":\"SearchAction\",\"target\":{\"@type\":\"EntryPoint\",\"urlTemplate\":\"https:\\\/\\\/lightweb.dev\\\/l\\\/svm-temp\\\/?s={search_term_string}\"},\"query-input\":{\"@type\":\"PropertyValueSpecification\",\"valueRequired\":true,\"valueName\":\"search_term_string\"}}],\"inLanguage\":\"sv-SE\"},{\"@type\":\"Organization\",\"@id\":\"https:\\\/\\\/lightweb.dev\\\/l\\\/svm-temp\\\/#organization\",\"name\":\"Melkerson y Nott SL\",\"alternateName\":\"Svenska Magasinet\",\"url\":\"https:\\\/\\\/lightweb.dev\\\/l\\\/svm-temp\\\/\",\"logo\":{\"@type\":\"ImageObject\",\"inLanguage\":\"sv-SE\",\"@id\":\"https:\\\/\\\/lightweb.dev\\\/l\\\/svm-temp\\\/#\\\/schema\\\/logo\\\/image\\\/\",\"url\":\"https:\\\/\\\/lightweb.dev\\\/l\\\/svm-temp\\\/wp-content\\\/uploads\\\/2025\\\/02\\\/SvM-logo-Xtra-Centrerad-SVART.png\",\"contentUrl\":\"https:\\\/\\\/lightweb.dev\\\/l\\\/svm-temp\\\/wp-content\\\/uploads\\\/2025\\\/02\\\/SvM-logo-Xtra-Centrerad-SVART.png\",\"width\":300,\"height\":99,\"caption\":\"Melkerson y Nott SL\"},\"image\":{\"@id\":\"https:\\\/\\\/lightweb.dev\\\/l\\\/svm-temp\\\/#\\\/schema\\\/logo\\\/image\\\/\"},\"sameAs\":[\"https:\\\/\\\/www.facebook.com\\\/svenskamagasinet\",\"https:\\\/\\\/x.com\\\/SvenskaMagasine\"]},{\"@type\":\"Person\",\"@id\":\"https:\\\/\\\/lightweb.dev\\\/l\\\/svm-temp\\\/#\\\/schema\\\/person\\\/7a82b8a73d171d32360a564b6d03508e\",\"name\":\"Ola Josefsson\",\"description\":\"Bevakar Solkusten och Spanien sedan 1994.\",\"sameAs\":[\"https:\\\/\\\/lightweb.dev\\\/l\\\/svm-temp\"],\"url\":\"https:\\\/\\\/lightweb.dev\\\/l\\\/svm-temp\\\/reporter\\\/ola-josefsson\\\/\"}]}<\/script>\n<!-- \/ Yoast SEO Premium plugin. -->","yoast_head_json":{"title":"A-7:an mellan Fuengirola och Marbella ska f\u00f6rb\u00e4ttras - Svenska Magasinet","robots":{"index":"noindex","follow":"follow","max-snippet":"max-snippet:-1","max-image-preview":"max-image-preview:large","max-video-preview":"max-video-preview:-1"},"og_locale":"sv_SE","og_type":"article","og_title":"A-7:an mellan Fuengirola och Marbella ska f\u00f6rb\u00e4ttras","og_description":"Transportdepartementet har delat ut kontrakten f\u00f6r de arbeten som v\u00e4ntar l\u00e4ngs Autov\u00eda del Mediterr\u00e1neo A-7. Det g\u00e4ller avsnittet mellan Marbella, Mijas Costa och Fuengirola. Budgeten f\u00f6r arbetena ligger p\u00e5 6,16 miljoner euro. Det g\u00e4ller asfaltering av vissa str\u00e4ckor, plus rondellerna, bussh\u00e5llplatser samt av- och p\u00e5farter liksom intilliggande transitv\u00e4gar till bostadsomr\u00e5den. \u00c5tg\u00e4rden ing\u00e5r i satsningen f\u00f6r [&hellip;]","og_url":"https:\/\/lightweb.dev\/l\/svm-temp\/nyheter\/a-7an-mellan-fuengirola-och-marbella-ska-forbattras\/","og_site_name":"Svenska Magasinet","article_publisher":"https:\/\/www.facebook.com\/svenskamagasinet","article_published_time":"2021-12-02T09:59:00+00:00","og_image":[{"width":500,"height":300,"url":"https:\/\/lightweb.dev\/l\/svm-temp\/wp-content\/uploads\/2022\/04\/a-7-an-mellan-fuengirola-och-marbella-ska-frbttras.png","type":"image\/png"}],"author":"Ola Josefsson","twitter_card":"summary_large_image","twitter_creator":"@SvenskaMagasine","twitter_site":"@SvenskaMagasine","schema":{"@context":"https:\/\/schema.org","@graph":[{"@type":"Article","@id":"https:\/\/lightweb.dev\/l\/svm-temp\/nyheter\/a-7an-mellan-fuengirola-och-marbella-ska-forbattras\/#article","isPartOf":{"@id":"https:\/\/lightweb.dev\/l\/svm-temp\/nyheter\/a-7an-mellan-fuengirola-och-marbella-ska-forbattras\/"},"author":{"name":"Ola Josefsson","@id":"https:\/\/lightweb.dev\/l\/svm-temp\/#\/schema\/person\/7a82b8a73d171d32360a564b6d03508e"},"headline":"A-7:an mellan Fuengirola och Marbella ska f\u00f6rb\u00e4ttras","datePublished":"2021-12-02T09:59:00+00:00","mainEntityOfPage":{"@id":"https:\/\/lightweb.dev\/l\/svm-temp\/nyheter\/a-7an-mellan-fuengirola-och-marbella-ska-forbattras\/"},"wordCount":147,"commentCount":0,"publisher":{"@id":"https:\/\/lightweb.dev\/l\/svm-temp\/#organization"},"image":{"@id":"https:\/\/lightweb.dev\/l\/svm-temp\/nyheter\/a-7an-mellan-fuengirola-och-marbella-ska-forbattras\/#primaryimage"},"thumbnailUrl":"https:\/\/lightweb.dev\/l\/svm-temp\/wp-content\/uploads\/2022\/04\/a-7-an-mellan-fuengirola-och-marbella-ska-frbttras.png","articleSection":["Arkiv","Nyheter"],"inLanguage":"sv-SE"},{"@type":"WebPage","@id":"https:\/\/lightweb.dev\/l\/svm-temp\/nyheter\/a-7an-mellan-fuengirola-och-marbella-ska-forbattras\/","url":"https:\/\/lightweb.dev\/l\/svm-temp\/nyheter\/a-7an-mellan-fuengirola-och-marbella-ska-forbattras\/","name":"A-7:an mellan Fuengirola och Marbella ska f\u00f6rb\u00e4ttras - Svenska Magasinet","isPartOf":{"@id":"https:\/\/lightweb.dev\/l\/svm-temp\/#website"},"primaryImageOfPage":{"@id":"https:\/\/lightweb.dev\/l\/svm-temp\/nyheter\/a-7an-mellan-fuengirola-och-marbella-ska-forbattras\/#primaryimage"},"image":{"@id":"https:\/\/lightweb.dev\/l\/svm-temp\/nyheter\/a-7an-mellan-fuengirola-och-marbella-ska-forbattras\/#primaryimage"},"thumbnailUrl":"https:\/\/lightweb.dev\/l\/svm-temp\/wp-content\/uploads\/2022\/04\/a-7-an-mellan-fuengirola-och-marbella-ska-frbttras.png","datePublished":"2021-12-02T09:59:00+00:00","breadcrumb":{"@id":"https:\/\/lightweb.dev\/l\/svm-temp\/nyheter\/a-7an-mellan-fuengirola-och-marbella-ska-forbattras\/#breadcrumb"},"inLanguage":"sv-SE","potentialAction":[{"@type":"ReadAction","target":["https:\/\/lightweb.dev\/l\/svm-temp\/nyheter\/a-7an-mellan-fuengirola-och-marbella-ska-forbattras\/"]}]},{"@type":"ImageObject","inLanguage":"sv-SE","@id":"https:\/\/lightweb.dev\/l\/svm-temp\/nyheter\/a-7an-mellan-fuengirola-och-marbella-ska-forbattras\/#primaryimage","url":"https:\/\/lightweb.dev\/l\/svm-temp\/wp-content\/uploads\/2022\/04\/a-7-an-mellan-fuengirola-och-marbella-ska-frbttras.png","contentUrl":"https:\/\/lightweb.dev\/l\/svm-temp\/wp-content\/uploads\/2022\/04\/a-7-an-mellan-fuengirola-och-marbella-ska-frbttras.png","width":500,"height":300},{"@type":"BreadcrumbList","@id":"https:\/\/lightweb.dev\/l\/svm-temp\/nyheter\/a-7an-mellan-fuengirola-och-marbella-ska-forbattras\/#breadcrumb","itemListElement":[{"@type":"ListItem","position":1,"name":"Hem","item":"https:\/\/lightweb.dev\/l\/svm-temp\/"},{"@type":"ListItem","position":2,"name":"A-7:an mellan Fuengirola och Marbella ska f\u00f6rb\u00e4ttras"}]},{"@type":"WebSite","@id":"https:\/\/lightweb.dev\/l\/svm-temp\/#website","url":"https:\/\/lightweb.dev\/l\/svm-temp\/","name":"Svenska Magasinet","description":"Dina Spanska nyheter p&aring; Svenska","publisher":{"@id":"https:\/\/lightweb.dev\/l\/svm-temp\/#organization"},"potentialAction":[{"@type":"SearchAction","target":{"@type":"EntryPoint","urlTemplate":"https:\/\/lightweb.dev\/l\/svm-temp\/?s={search_term_string}"},"query-input":{"@type":"PropertyValueSpecification","valueRequired":true,"valueName":"search_term_string"}}],"inLanguage":"sv-SE"},{"@type":"Organization","@id":"https:\/\/lightweb.dev\/l\/svm-temp\/#organization","name":"Melkerson y Nott SL","alternateName":"Svenska Magasinet","url":"https:\/\/lightweb.dev\/l\/svm-temp\/","logo":{"@type":"ImageObject","inLanguage":"sv-SE","@id":"https:\/\/lightweb.dev\/l\/svm-temp\/#\/schema\/logo\/image\/","url":"https:\/\/lightweb.dev\/l\/svm-temp\/wp-content\/uploads\/2025\/02\/SvM-logo-Xtra-Centrerad-SVART.png","contentUrl":"https:\/\/lightweb.dev\/l\/svm-temp\/wp-content\/uploads\/2025\/02\/SvM-logo-Xtra-Centrerad-SVART.png","width":300,"height":99,"caption":"Melkerson y Nott SL"},"image":{"@id":"https:\/\/lightweb.dev\/l\/svm-temp\/#\/schema\/logo\/image\/"},"sameAs":["https:\/\/www.facebook.com\/svenskamagasinet","https:\/\/x.com\/SvenskaMagasine"]},{"@type":"Person","@id":"https:\/\/lightweb.dev\/l\/svm-temp\/#\/schema\/person\/7a82b8a73d171d32360a564b6d03508e","name":"Ola Josefsson","description":"Bevakar Solkusten och Spanien sedan 1994.","sameAs":["https:\/\/lightweb.dev\/l\/svm-temp"],"url":"https:\/\/lightweb.dev\/l\/svm-temp\/reporter\/ola-josefsson\/"}]}},"_links":{"self":[{"href":"https:\/\/lightweb.dev\/l\/svm-temp\/wp-json\/wp\/v2\/posts\/1089","targetHints":{"allow":["GET"]}}],"collection":[{"href":"https:\/\/lightweb.dev\/l\/svm-temp\/wp-json\/wp\/v2\/posts"}],"about":[{"href":"https:\/\/lightweb.dev\/l\/svm-temp\/wp-json\/wp\/v2\/types\/post"}],"author":[{"embeddable":true,"href":"https:\/\/lightweb.dev\/l\/svm-temp\/wp-json\/wp\/v2\/users\/7"}],"replies":[{"embeddable":true,"href":"https:\/\/lightweb.dev\/l\/svm-temp\/wp-json\/wp\/v2\/comments?post=1089"}],"version-history":[{"count":0,"href":"https:\/\/lightweb.dev\/l\/svm-temp\/wp-json\/wp\/v2\/posts\/1089\/revisions"}],"wp:featuredmedia":[{"embeddable":true,"href":"https:\/\/lightweb.dev\/l\/svm-temp\/wp-json\/wp\/v2\/media\/1090"}],"wp:attachment":[{"href":"https:\/\/lightweb.dev\/l\/svm-temp\/wp-json\/wp\/v2\/media?parent=1089"}],"wp:term":[{"taxonomy":"category","embeddable":true,"href":"https:\/\/lightweb.dev\/l\/svm-temp\/wp-json\/wp\/v2\/categories?post=1089"},{"taxonomy":"post_tag","embeddable":true,"href":"https:\/\/lightweb.dev\/l\/svm-temp\/wp-json\/wp\/v2\/tags?post=1089"}],"curies":[{"name":"wp","href":"https:\/\/api.w.org\/{rel}","templated":true}]}}