{"id":1091,"date":"2021-12-02T13:14:00","date_gmt":"2021-12-02T12:14:00","guid":{"rendered":"https:\/\/lightweb.dev\/l\/svm-temp\/maktskifte-i-torremolinos-efter-misstroendeforklaring\/"},"modified":"2021-12-02T13:14:00","modified_gmt":"2021-12-02T12:14:00","slug":"maktskifte-i-torremolinos-efter-misstroendeforklaring","status":"publish","type":"post","link":"https:\/\/lightweb.dev\/l\/svm-temp\/nyheter\/maktskifte-i-torremolinos-efter-misstroendeforklaring\/","title":{"rendered":"Maktskifte i Torremolinos efter misstroendef\u00f6rklaring"},"content":{"rendered":"<p> Margarita del Cid (Partido Popular) blir ny borgm\u00e4stare i Torremolinos efter en misstroendef\u00f6rklaring mot den socialistiska borgm\u00e4staren Jos\u00e9 Ortiz. Ciudadanos, Vox, Por Mi Pueblo och kommunalr\u00e5det Nicol\u00e1s de Miguel som saknar partitillh\u00f6righet ger sitt st\u00f6d till Margarita del Cid. Hon v\u00e4ntas bli utn\u00e4mnd som borgm\u00e4stare den 20 december. Jos\u00e9 Ortiz (PSOE) har varit borgm\u00e4stare sedan 2015. Det \u00e4r Diario SUR som \u00e4r f\u00f6rst med nyheten att Margarita del Cid registrerade en misstroendef\u00f6rklaring klockan 11.20 p\u00e5 torsdagen och enligt tidningens k\u00e4llor har del Cid st\u00f6d av en majoritet.<\/p>\n<p>K\u00e4llor uppger att Nicol\u00e1s de Miguel har varit nyckeln till att registrera misstroendef\u00f6rklaringen. Vid senaste lokalvalet tillh\u00f6rde de Miguel partiet Ciudadanos som har n\u00e5gra m\u00e5nader senare l\u00e4mnade.<\/p>\n<p>Sedan i v\u00e5ras har Nicol\u00e1s de Miguel och Margarita Del Cid n\u00e4rmat sig varandra.<\/p>\n<p>Nicol\u00e1s de Miguel var tidigare kommunalr\u00e5d f\u00f6r j\u00e4mst\u00e4lldhet under borgm\u00e4staren Ortiz, ett uppdrag han l\u00e4mnade i november 2020.<\/p>\n<p>Del Cid (Partido Popular) kommer att styra tillsammans med Ciudadanos och Por Mi Pueblo. Hon blir den f\u00f6rsta kvinnliga borgm\u00e4staren i det historiska PP-f\u00e4stet p\u00e5 Costa del Sol.<\/p>\n<p>I samband med ett framtr\u00e4dande vid middagstid p\u00e5 torsdagen sa Margarita Del Cid att det \u00e4r dags att fira slutet med sex \u00e5r av tr\u00f6ghet under Jos\u00e9 Ortiz f\u00f6r dennes brist p\u00e5 engagemang.<\/p>\n","protected":false},"excerpt":{"rendered":"<p>Margarita del Cid (Partido Popular) blir ny borgm\u00e4stare i Torremolinos efter en misstroendef\u00f6rklaring mot den socialistiska borgm\u00e4staren Jos\u00e9 Ortiz. Ciudadanos, Vox, Por Mi Pueblo och kommunalr\u00e5det Nicol\u00e1s de Miguel som saknar partitillh\u00f6righet ger sitt st\u00f6d till Margarita del Cid. Hon v\u00e4ntas bli utn\u00e4mnd som borgm\u00e4stare den 20 december. Jos\u00e9 Ortiz (PSOE) har varit borgm\u00e4stare sedan [&hellip;]<\/p>\n","protected":false},"author":7,"featured_media":1092,"comment_status":"open","ping_status":"open","sticky":false,"template":"","format":"standard","meta":{"_et_pb_use_builder":"","_et_pb_old_content":"","_et_gb_content_width":"","footnotes":""},"categories":[395,3],"tags":[],"class_list":["post-1091","post","type-post","status-publish","format-standard","has-post-thumbnail","hentry","category-arkiv-nyheter","category-nyheter"],"yoast_head":"<!-- This site is optimized with the Yoast SEO Premium plugin v26.2 (Yoast SEO v27.5) - https:\/\/yoast.com\/product\/yoast-seo-premium-wordpress\/ -->\n<title>Maktskifte i Torremolinos efter misstroendef\u00f6rklaring - Svenska Magasinet<\/title>\n<meta name=\"robots\" content=\"noindex, follow, max-snippet:-1, max-image-preview:large, max-video-preview:-1\" \/>\n<meta property=\"og:locale\" content=\"sv_SE\" \/>\n<meta property=\"og:type\" content=\"article\" \/>\n<meta property=\"og:title\" content=\"Maktskifte i Torremolinos efter misstroendef\u00f6rklaring\" \/>\n<meta property=\"og:description\" content=\"Margarita del Cid (Partido Popular) blir ny borgm\u00e4stare i Torremolinos efter en misstroendef\u00f6rklaring mot den socialistiska borgm\u00e4staren Jos\u00e9 Ortiz. Ciudadanos, Vox, Por Mi Pueblo och kommunalr\u00e5det Nicol\u00e1s de Miguel som saknar partitillh\u00f6righet ger sitt st\u00f6d till Margarita del Cid. Hon v\u00e4ntas bli utn\u00e4mnd som borgm\u00e4stare den 20 december. Jos\u00e9 Ortiz (PSOE) har varit borgm\u00e4stare sedan [&hellip;]\" \/>\n<meta property=\"og:url\" content=\"https:\/\/lightweb.dev\/l\/svm-temp\/nyheter\/maktskifte-i-torremolinos-efter-misstroendeforklaring\/\" \/>\n<meta property=\"og:site_name\" content=\"Svenska Magasinet\" \/>\n<meta property=\"article:publisher\" content=\"https:\/\/www.facebook.com\/svenskamagasinet\" \/>\n<meta property=\"article:published_time\" content=\"2021-12-02T12:14:00+00:00\" \/>\n<meta property=\"og:image\" content=\"https:\/\/lightweb.dev\/l\/svm-temp\/wp-content\/uploads\/2022\/04\/maktskifte-i-torremolinos-efter-misstroendefrklaring.png\" \/>\n\t<meta property=\"og:image:width\" content=\"500\" \/>\n\t<meta property=\"og:image:height\" content=\"300\" \/>\n\t<meta property=\"og:image:type\" content=\"image\/png\" \/>\n<meta name=\"author\" content=\"Ola Josefsson\" \/>\n<meta name=\"twitter:card\" content=\"summary_large_image\" \/>\n<meta name=\"twitter:creator\" content=\"@SvenskaMagasine\" \/>\n<meta name=\"twitter:site\" content=\"@SvenskaMagasine\" \/>\n<script type=\"application\/ld+json\" class=\"yoast-schema-graph\">{\"@context\":\"https:\\\/\\\/schema.org\",\"@graph\":[{\"@type\":\"Article\",\"@id\":\"https:\\\/\\\/lightweb.dev\\\/l\\\/svm-temp\\\/nyheter\\\/maktskifte-i-torremolinos-efter-misstroendeforklaring\\\/#article\",\"isPartOf\":{\"@id\":\"https:\\\/\\\/lightweb.dev\\\/l\\\/svm-temp\\\/nyheter\\\/maktskifte-i-torremolinos-efter-misstroendeforklaring\\\/\"},\"author\":{\"name\":\"Ola Josefsson\",\"@id\":\"https:\\\/\\\/lightweb.dev\\\/l\\\/svm-temp\\\/#\\\/schema\\\/person\\\/7a82b8a73d171d32360a564b6d03508e\"},\"headline\":\"Maktskifte i Torremolinos efter misstroendef\u00f6rklaring\",\"datePublished\":\"2021-12-02T12:14:00+00:00\",\"mainEntityOfPage\":{\"@id\":\"https:\\\/\\\/lightweb.dev\\\/l\\\/svm-temp\\\/nyheter\\\/maktskifte-i-torremolinos-efter-misstroendeforklaring\\\/\"},\"wordCount\":247,\"commentCount\":0,\"publisher\":{\"@id\":\"https:\\\/\\\/lightweb.dev\\\/l\\\/svm-temp\\\/#organization\"},\"image\":{\"@id\":\"https:\\\/\\\/lightweb.dev\\\/l\\\/svm-temp\\\/nyheter\\\/maktskifte-i-torremolinos-efter-misstroendeforklaring\\\/#primaryimage\"},\"thumbnailUrl\":\"https:\\\/\\\/lightweb.dev\\\/l\\\/svm-temp\\\/wp-content\\\/uploads\\\/2022\\\/04\\\/maktskifte-i-torremolinos-efter-misstroendefrklaring.png\",\"articleSection\":[\"Arkiv\",\"Nyheter\"],\"inLanguage\":\"sv-SE\"},{\"@type\":\"WebPage\",\"@id\":\"https:\\\/\\\/lightweb.dev\\\/l\\\/svm-temp\\\/nyheter\\\/maktskifte-i-torremolinos-efter-misstroendeforklaring\\\/\",\"url\":\"https:\\\/\\\/lightweb.dev\\\/l\\\/svm-temp\\\/nyheter\\\/maktskifte-i-torremolinos-efter-misstroendeforklaring\\\/\",\"name\":\"Maktskifte i Torremolinos efter misstroendef\u00f6rklaring - Svenska Magasinet\",\"isPartOf\":{\"@id\":\"https:\\\/\\\/lightweb.dev\\\/l\\\/svm-temp\\\/#website\"},\"primaryImageOfPage\":{\"@id\":\"https:\\\/\\\/lightweb.dev\\\/l\\\/svm-temp\\\/nyheter\\\/maktskifte-i-torremolinos-efter-misstroendeforklaring\\\/#primaryimage\"},\"image\":{\"@id\":\"https:\\\/\\\/lightweb.dev\\\/l\\\/svm-temp\\\/nyheter\\\/maktskifte-i-torremolinos-efter-misstroendeforklaring\\\/#primaryimage\"},\"thumbnailUrl\":\"https:\\\/\\\/lightweb.dev\\\/l\\\/svm-temp\\\/wp-content\\\/uploads\\\/2022\\\/04\\\/maktskifte-i-torremolinos-efter-misstroendefrklaring.png\",\"datePublished\":\"2021-12-02T12:14:00+00:00\",\"breadcrumb\":{\"@id\":\"https:\\\/\\\/lightweb.dev\\\/l\\\/svm-temp\\\/nyheter\\\/maktskifte-i-torremolinos-efter-misstroendeforklaring\\\/#breadcrumb\"},\"inLanguage\":\"sv-SE\",\"potentialAction\":[{\"@type\":\"ReadAction\",\"target\":[\"https:\\\/\\\/lightweb.dev\\\/l\\\/svm-temp\\\/nyheter\\\/maktskifte-i-torremolinos-efter-misstroendeforklaring\\\/\"]}]},{\"@type\":\"ImageObject\",\"inLanguage\":\"sv-SE\",\"@id\":\"https:\\\/\\\/lightweb.dev\\\/l\\\/svm-temp\\\/nyheter\\\/maktskifte-i-torremolinos-efter-misstroendeforklaring\\\/#primaryimage\",\"url\":\"https:\\\/\\\/lightweb.dev\\\/l\\\/svm-temp\\\/wp-content\\\/uploads\\\/2022\\\/04\\\/maktskifte-i-torremolinos-efter-misstroendefrklaring.png\",\"contentUrl\":\"https:\\\/\\\/lightweb.dev\\\/l\\\/svm-temp\\\/wp-content\\\/uploads\\\/2022\\\/04\\\/maktskifte-i-torremolinos-efter-misstroendefrklaring.png\",\"width\":500,\"height\":300},{\"@type\":\"BreadcrumbList\",\"@id\":\"https:\\\/\\\/lightweb.dev\\\/l\\\/svm-temp\\\/nyheter\\\/maktskifte-i-torremolinos-efter-misstroendeforklaring\\\/#breadcrumb\",\"itemListElement\":[{\"@type\":\"ListItem\",\"position\":1,\"name\":\"Hem\",\"item\":\"https:\\\/\\\/lightweb.dev\\\/l\\\/svm-temp\\\/\"},{\"@type\":\"ListItem\",\"position\":2,\"name\":\"Maktskifte i Torremolinos efter misstroendef\u00f6rklaring\"}]},{\"@type\":\"WebSite\",\"@id\":\"https:\\\/\\\/lightweb.dev\\\/l\\\/svm-temp\\\/#website\",\"url\":\"https:\\\/\\\/lightweb.dev\\\/l\\\/svm-temp\\\/\",\"name\":\"Svenska Magasinet\",\"description\":\"Dina Spanska nyheter p&aring; Svenska\",\"publisher\":{\"@id\":\"https:\\\/\\\/lightweb.dev\\\/l\\\/svm-temp\\\/#organization\"},\"potentialAction\":[{\"@type\":\"SearchAction\",\"target\":{\"@type\":\"EntryPoint\",\"urlTemplate\":\"https:\\\/\\\/lightweb.dev\\\/l\\\/svm-temp\\\/?s={search_term_string}\"},\"query-input\":{\"@type\":\"PropertyValueSpecification\",\"valueRequired\":true,\"valueName\":\"search_term_string\"}}],\"inLanguage\":\"sv-SE\"},{\"@type\":\"Organization\",\"@id\":\"https:\\\/\\\/lightweb.dev\\\/l\\\/svm-temp\\\/#organization\",\"name\":\"Melkerson y Nott SL\",\"alternateName\":\"Svenska Magasinet\",\"url\":\"https:\\\/\\\/lightweb.dev\\\/l\\\/svm-temp\\\/\",\"logo\":{\"@type\":\"ImageObject\",\"inLanguage\":\"sv-SE\",\"@id\":\"https:\\\/\\\/lightweb.dev\\\/l\\\/svm-temp\\\/#\\\/schema\\\/logo\\\/image\\\/\",\"url\":\"https:\\\/\\\/lightweb.dev\\\/l\\\/svm-temp\\\/wp-content\\\/uploads\\\/2025\\\/02\\\/SvM-logo-Xtra-Centrerad-SVART.png\",\"contentUrl\":\"https:\\\/\\\/lightweb.dev\\\/l\\\/svm-temp\\\/wp-content\\\/uploads\\\/2025\\\/02\\\/SvM-logo-Xtra-Centrerad-SVART.png\",\"width\":300,\"height\":99,\"caption\":\"Melkerson y Nott SL\"},\"image\":{\"@id\":\"https:\\\/\\\/lightweb.dev\\\/l\\\/svm-temp\\\/#\\\/schema\\\/logo\\\/image\\\/\"},\"sameAs\":[\"https:\\\/\\\/www.facebook.com\\\/svenskamagasinet\",\"https:\\\/\\\/x.com\\\/SvenskaMagasine\"]},{\"@type\":\"Person\",\"@id\":\"https:\\\/\\\/lightweb.dev\\\/l\\\/svm-temp\\\/#\\\/schema\\\/person\\\/7a82b8a73d171d32360a564b6d03508e\",\"name\":\"Ola Josefsson\",\"description\":\"Bevakar Solkusten och Spanien sedan 1994.\",\"sameAs\":[\"https:\\\/\\\/lightweb.dev\\\/l\\\/svm-temp\"],\"url\":\"https:\\\/\\\/lightweb.dev\\\/l\\\/svm-temp\\\/reporter\\\/ola-josefsson\\\/\"}]}<\/script>\n<!-- \/ Yoast SEO Premium plugin. -->","yoast_head_json":{"title":"Maktskifte i Torremolinos efter misstroendef\u00f6rklaring - Svenska Magasinet","robots":{"index":"noindex","follow":"follow","max-snippet":"max-snippet:-1","max-image-preview":"max-image-preview:large","max-video-preview":"max-video-preview:-1"},"og_locale":"sv_SE","og_type":"article","og_title":"Maktskifte i Torremolinos efter misstroendef\u00f6rklaring","og_description":"Margarita del Cid (Partido Popular) blir ny borgm\u00e4stare i Torremolinos efter en misstroendef\u00f6rklaring mot den socialistiska borgm\u00e4staren Jos\u00e9 Ortiz. Ciudadanos, Vox, Por Mi Pueblo och kommunalr\u00e5det Nicol\u00e1s de Miguel som saknar partitillh\u00f6righet ger sitt st\u00f6d till Margarita del Cid. Hon v\u00e4ntas bli utn\u00e4mnd som borgm\u00e4stare den 20 december. Jos\u00e9 Ortiz (PSOE) har varit borgm\u00e4stare sedan [&hellip;]","og_url":"https:\/\/lightweb.dev\/l\/svm-temp\/nyheter\/maktskifte-i-torremolinos-efter-misstroendeforklaring\/","og_site_name":"Svenska Magasinet","article_publisher":"https:\/\/www.facebook.com\/svenskamagasinet","article_published_time":"2021-12-02T12:14:00+00:00","og_image":[{"width":500,"height":300,"url":"https:\/\/lightweb.dev\/l\/svm-temp\/wp-content\/uploads\/2022\/04\/maktskifte-i-torremolinos-efter-misstroendefrklaring.png","type":"image\/png"}],"author":"Ola Josefsson","twitter_card":"summary_large_image","twitter_creator":"@SvenskaMagasine","twitter_site":"@SvenskaMagasine","schema":{"@context":"https:\/\/schema.org","@graph":[{"@type":"Article","@id":"https:\/\/lightweb.dev\/l\/svm-temp\/nyheter\/maktskifte-i-torremolinos-efter-misstroendeforklaring\/#article","isPartOf":{"@id":"https:\/\/lightweb.dev\/l\/svm-temp\/nyheter\/maktskifte-i-torremolinos-efter-misstroendeforklaring\/"},"author":{"name":"Ola Josefsson","@id":"https:\/\/lightweb.dev\/l\/svm-temp\/#\/schema\/person\/7a82b8a73d171d32360a564b6d03508e"},"headline":"Maktskifte i Torremolinos efter misstroendef\u00f6rklaring","datePublished":"2021-12-02T12:14:00+00:00","mainEntityOfPage":{"@id":"https:\/\/lightweb.dev\/l\/svm-temp\/nyheter\/maktskifte-i-torremolinos-efter-misstroendeforklaring\/"},"wordCount":247,"commentCount":0,"publisher":{"@id":"https:\/\/lightweb.dev\/l\/svm-temp\/#organization"},"image":{"@id":"https:\/\/lightweb.dev\/l\/svm-temp\/nyheter\/maktskifte-i-torremolinos-efter-misstroendeforklaring\/#primaryimage"},"thumbnailUrl":"https:\/\/lightweb.dev\/l\/svm-temp\/wp-content\/uploads\/2022\/04\/maktskifte-i-torremolinos-efter-misstroendefrklaring.png","articleSection":["Arkiv","Nyheter"],"inLanguage":"sv-SE"},{"@type":"WebPage","@id":"https:\/\/lightweb.dev\/l\/svm-temp\/nyheter\/maktskifte-i-torremolinos-efter-misstroendeforklaring\/","url":"https:\/\/lightweb.dev\/l\/svm-temp\/nyheter\/maktskifte-i-torremolinos-efter-misstroendeforklaring\/","name":"Maktskifte i Torremolinos efter misstroendef\u00f6rklaring - Svenska Magasinet","isPartOf":{"@id":"https:\/\/lightweb.dev\/l\/svm-temp\/#website"},"primaryImageOfPage":{"@id":"https:\/\/lightweb.dev\/l\/svm-temp\/nyheter\/maktskifte-i-torremolinos-efter-misstroendeforklaring\/#primaryimage"},"image":{"@id":"https:\/\/lightweb.dev\/l\/svm-temp\/nyheter\/maktskifte-i-torremolinos-efter-misstroendeforklaring\/#primaryimage"},"thumbnailUrl":"https:\/\/lightweb.dev\/l\/svm-temp\/wp-content\/uploads\/2022\/04\/maktskifte-i-torremolinos-efter-misstroendefrklaring.png","datePublished":"2021-12-02T12:14:00+00:00","breadcrumb":{"@id":"https:\/\/lightweb.dev\/l\/svm-temp\/nyheter\/maktskifte-i-torremolinos-efter-misstroendeforklaring\/#breadcrumb"},"inLanguage":"sv-SE","potentialAction":[{"@type":"ReadAction","target":["https:\/\/lightweb.dev\/l\/svm-temp\/nyheter\/maktskifte-i-torremolinos-efter-misstroendeforklaring\/"]}]},{"@type":"ImageObject","inLanguage":"sv-SE","@id":"https:\/\/lightweb.dev\/l\/svm-temp\/nyheter\/maktskifte-i-torremolinos-efter-misstroendeforklaring\/#primaryimage","url":"https:\/\/lightweb.dev\/l\/svm-temp\/wp-content\/uploads\/2022\/04\/maktskifte-i-torremolinos-efter-misstroendefrklaring.png","contentUrl":"https:\/\/lightweb.dev\/l\/svm-temp\/wp-content\/uploads\/2022\/04\/maktskifte-i-torremolinos-efter-misstroendefrklaring.png","width":500,"height":300},{"@type":"BreadcrumbList","@id":"https:\/\/lightweb.dev\/l\/svm-temp\/nyheter\/maktskifte-i-torremolinos-efter-misstroendeforklaring\/#breadcrumb","itemListElement":[{"@type":"ListItem","position":1,"name":"Hem","item":"https:\/\/lightweb.dev\/l\/svm-temp\/"},{"@type":"ListItem","position":2,"name":"Maktskifte i Torremolinos efter misstroendef\u00f6rklaring"}]},{"@type":"WebSite","@id":"https:\/\/lightweb.dev\/l\/svm-temp\/#website","url":"https:\/\/lightweb.dev\/l\/svm-temp\/","name":"Svenska Magasinet","description":"Dina Spanska nyheter p&aring; Svenska","publisher":{"@id":"https:\/\/lightweb.dev\/l\/svm-temp\/#organization"},"potentialAction":[{"@type":"SearchAction","target":{"@type":"EntryPoint","urlTemplate":"https:\/\/lightweb.dev\/l\/svm-temp\/?s={search_term_string}"},"query-input":{"@type":"PropertyValueSpecification","valueRequired":true,"valueName":"search_term_string"}}],"inLanguage":"sv-SE"},{"@type":"Organization","@id":"https:\/\/lightweb.dev\/l\/svm-temp\/#organization","name":"Melkerson y Nott SL","alternateName":"Svenska Magasinet","url":"https:\/\/lightweb.dev\/l\/svm-temp\/","logo":{"@type":"ImageObject","inLanguage":"sv-SE","@id":"https:\/\/lightweb.dev\/l\/svm-temp\/#\/schema\/logo\/image\/","url":"https:\/\/lightweb.dev\/l\/svm-temp\/wp-content\/uploads\/2025\/02\/SvM-logo-Xtra-Centrerad-SVART.png","contentUrl":"https:\/\/lightweb.dev\/l\/svm-temp\/wp-content\/uploads\/2025\/02\/SvM-logo-Xtra-Centrerad-SVART.png","width":300,"height":99,"caption":"Melkerson y Nott SL"},"image":{"@id":"https:\/\/lightweb.dev\/l\/svm-temp\/#\/schema\/logo\/image\/"},"sameAs":["https:\/\/www.facebook.com\/svenskamagasinet","https:\/\/x.com\/SvenskaMagasine"]},{"@type":"Person","@id":"https:\/\/lightweb.dev\/l\/svm-temp\/#\/schema\/person\/7a82b8a73d171d32360a564b6d03508e","name":"Ola Josefsson","description":"Bevakar Solkusten och Spanien sedan 1994.","sameAs":["https:\/\/lightweb.dev\/l\/svm-temp"],"url":"https:\/\/lightweb.dev\/l\/svm-temp\/reporter\/ola-josefsson\/"}]}},"_links":{"self":[{"href":"https:\/\/lightweb.dev\/l\/svm-temp\/wp-json\/wp\/v2\/posts\/1091","targetHints":{"allow":["GET"]}}],"collection":[{"href":"https:\/\/lightweb.dev\/l\/svm-temp\/wp-json\/wp\/v2\/posts"}],"about":[{"href":"https:\/\/lightweb.dev\/l\/svm-temp\/wp-json\/wp\/v2\/types\/post"}],"author":[{"embeddable":true,"href":"https:\/\/lightweb.dev\/l\/svm-temp\/wp-json\/wp\/v2\/users\/7"}],"replies":[{"embeddable":true,"href":"https:\/\/lightweb.dev\/l\/svm-temp\/wp-json\/wp\/v2\/comments?post=1091"}],"version-history":[{"count":0,"href":"https:\/\/lightweb.dev\/l\/svm-temp\/wp-json\/wp\/v2\/posts\/1091\/revisions"}],"wp:featuredmedia":[{"embeddable":true,"href":"https:\/\/lightweb.dev\/l\/svm-temp\/wp-json\/wp\/v2\/media\/1092"}],"wp:attachment":[{"href":"https:\/\/lightweb.dev\/l\/svm-temp\/wp-json\/wp\/v2\/media?parent=1091"}],"wp:term":[{"taxonomy":"category","embeddable":true,"href":"https:\/\/lightweb.dev\/l\/svm-temp\/wp-json\/wp\/v2\/categories?post=1091"},{"taxonomy":"post_tag","embeddable":true,"href":"https:\/\/lightweb.dev\/l\/svm-temp\/wp-json\/wp\/v2\/tags?post=1091"}],"curies":[{"name":"wp","href":"https:\/\/api.w.org\/{rel}","templated":true}]}}