{"id":1093,"date":"2021-12-01T10:03:00","date_gmt":"2021-12-01T09:03:00","guid":{"rendered":"https:\/\/lightweb.dev\/l\/svm-temp\/uppdaterade-rekommendationer-for-inresande-till-sverige\/"},"modified":"2021-12-01T10:03:00","modified_gmt":"2021-12-01T09:03:00","slug":"uppdaterade-rekommendationer-for-inresande-till-sverige","status":"publish","type":"post","link":"https:\/\/lightweb.dev\/l\/svm-temp\/nyheter\/uppdaterade-rekommendationer-for-inresande-till-sverige\/","title":{"rendered":"Uppdaterade rekommendationer f\u00f6r inresande till Sverige"},"content":{"rendered":"<p> Folkh\u00e4lsomyndigheten sk\u00e4rper rekommendationer f\u00f6r alla som reser in i Sverige fr\u00e5n ett land utanf\u00f6r Norden. Orsaken \u00e4r omikron, den nya virusvarianten av SARS-CoV-2, som g\u00f6r att Folkh\u00e4lsomyndigheten utvidgar sina rekommendationer f\u00f6r resen\u00e4rer. \u00c5tg\u00e4rden med rekommendation testning f\u00f6r covid-19 omfattar nu samtliga resen\u00e4rer fr\u00e5n f\u00f6rskoleklass och upp\u00e5t som reser in till Sverige fr\u00e5n l\u00e4nder utanf\u00f6r Norden.<\/p>\n<p>Det \u00e4r en hel del nya rekommendationer som f\u00f6ljer i sp\u00e5ren av uppt\u00e4ckten av den nya virusvarianten.<\/p>\n<p>\u00c4ven om WHO meddelar att det inte finns n\u00e5gonting som i nul\u00e4get tyder p\u00e5 att omikron skulle vara farligare \u00e4n \u00f6vriga virusvarianter av SARS-CoV-2.<\/p>\n<p>Samtidigt kommer WHO med ett nytt r\u00e5d utan n\u00e4rmare f\u00f6rklaring \u2013 alla \u00f6ver 60 \u00e5r b\u00f6r undvika utlandsresor. Avr\u00e5dan riktar sig till alla som \u00e4r i riskgrupp som personer med hj\u00e4rtsjukdom, cancer och diabetes, b\u00f6r v\u00e4nta med eventuella utlandsresor. Detta n\u00e4mns allra sist i ett l\u00e5ngt uttalande. <\/p>\n<p>\u201dPersoner som \u00e4r krassliga eller riskerar att utveckla sv\u00e5r sjukdom och d\u00f6 i covid-19, inr\u00e4knat personer \u00f6ver 60 \u00e5r eller de som \u00e4r multisjuka ska rekommenderas att st\u00e4lla in resor\u201d, skriver WHO.<\/p>\n<p>Det \u00e4r ocks\u00e5 oklart vad WHO baserar uttalandet om 60-plussare p\u00e5. Inte heller om man menar fullvaccinerade eller ovaccinerade personer fr\u00e5n 60 \u00e5r. Organisationen h\u00f6ll inte heller n\u00e5gon presskonferens i samband med sitt uttalande d\u00e4r detta kunde klarg\u00f6ras.<\/p>\n<p>WHO avr\u00e5der samtidigt v\u00e4rldens l\u00e4nder fr\u00e5n att st\u00e4nga gr\u00e4nser som ett s\u00e4tt att stoppa smittan. <\/p>\n<p>Inresande Sverige<br \/>\nEfter fler bekr\u00e4ftade omikron-fall rekommenderar Folkh\u00e4lsomyndigheten att den som reser in till Sverige ska testa sig f\u00f6r covid-19 vid ankomsten.<\/p>\n<p>Alla som reser in till Sverige fr\u00e5n ett land utanf\u00f6r Norden ska provta sig f\u00f6r covid-19 efter ankomst, skriver Folkh\u00e4lsomyndigheten i en ny rekommendation. Barn som \u00e4r yngre \u00e4n sex \u00e5r \u00e4r undantagna.<\/p>\n<p>Rekommendationen g\u00e4ller f\u00f6r b\u00e5de ovaccinerade och fullvaccinerade, och \u00e4ven f\u00f6r dem som haft bekr\u00e4ftad covid-19 inom det senaste halv\u00e5ret. \u00c4ven de som testat sig inf\u00f6r resan till Sverige ska provta sig efter ankomsten, anser Folkh\u00e4lsomyndigheten.<\/p>\n<p>\u2013 Vi ser en snabb spridning av omikron till m\u00e5nga l\u00e4nder. D\u00e4rf\u00f6r \u00e4r det angel\u00e4get att vidta ytterligare \u00e5tg\u00e4rder f\u00f6r att tidigt kunna p\u00e5visa fall, s\u00e5 att smittskydds\u00e5tg\u00e4rder kan s\u00e4ttas in. Folkh\u00e4lsomyndigheten f\u00f6ljer utvecklingen men det beh\u00f6vs mer kunskap om den nya virusvariantens egenskaper. Det viktigaste alla kan g\u00f6ra f\u00f6r att motverka covid-19 och dess konsekvenser, oberoende av variant, \u00e4r att vaccinera sig i enlighet med rekommendationerna, s\u00e4ger generaldirekt\u00f6r Karin Tegmark Wisell i ett pressmeddelande.<\/p>\n<p>Rekommendationen omfattar ocks\u00e5 dem som rest till Sverige fr\u00e5n ett land utanf\u00f6r Norden de senaste sju dagarna.<\/p>\n<p>Minst 19 l\u00e4nder, d\u00e4ribland Sverige och Spanien, har konstaterat fall av den nya omikronvarianten av coronaviruset. Spanska medier uppger p\u00e5 onsdagen att den nya varianten fanns i Nederl\u00e4nderna redan innan rapporterna kom fr\u00e5n Sydafrika f\u00f6rra veckan.<\/p>\n<p>Enligt landets folkh\u00e4lsomyndighet RIVM har omikronvarianten hittats i tv\u00e5 prover som togs den 19 och 23 november, skriver Diario SUR.<\/p>\n<p>Inresande till Spanien<br \/>\nN\u00e5gon rekommendation i Spanien om att testa sig efter ankomst finns i nul\u00e4get inte. F\u00f6r inresande till Spanien g\u00e4ller n\u00e5got av f\u00f6ljande kriterier:<\/p>\n<p>Bevis p\u00e5 komplett vaccination mot Covid-19 senast 14 dagar f\u00f6re inresa. F\u00f6r mer information kring testkraven och certifikaten se information fr\u00e5n Spain Travel Health h\u00e4r.<\/p>\n<p>Ett negativt testresultat i NAAT-test (t.ex PCR) (max 72 h gammalt vid inresa) eller av EU godk\u00e4nt antigentest (max 48 h gammalt vid inresa). F\u00f6r mer information kring testkraven och certifikaten se information fr\u00e5n det spanska h\u00e4lsoministeriet h\u00e4r.<\/p>\n<p>Tillfrisknandebevis &#8211; ett intyg p\u00e5 genomg\u00e5ngen Covid-19 infektion max 180 dagar gammalt. Se information fr\u00e5n E-h\u00e4lsomyndigheten h\u00e4r.<\/p>\n<p>L\u00e4s ambassadens generella r\u00e5d till resen\u00e4rer<\/p>\n","protected":false},"excerpt":{"rendered":"<p>Folkh\u00e4lsomyndigheten sk\u00e4rper rekommendationer f\u00f6r alla som reser in i Sverige fr\u00e5n ett land utanf\u00f6r Norden. Orsaken \u00e4r omikron, den nya virusvarianten av SARS-CoV-2, som g\u00f6r att Folkh\u00e4lsomyndigheten utvidgar sina rekommendationer f\u00f6r resen\u00e4rer. \u00c5tg\u00e4rden med rekommendation testning f\u00f6r covid-19 omfattar nu samtliga resen\u00e4rer fr\u00e5n f\u00f6rskoleklass och upp\u00e5t som reser in till Sverige fr\u00e5n l\u00e4nder utanf\u00f6r Norden. [&hellip;]<\/p>\n","protected":false},"author":7,"featured_media":1094,"comment_status":"open","ping_status":"open","sticky":false,"template":"","format":"standard","meta":{"_et_pb_use_builder":"","_et_pb_old_content":"","_et_gb_content_width":"","footnotes":""},"categories":[395,3],"tags":[],"class_list":["post-1093","post","type-post","status-publish","format-standard","has-post-thumbnail","hentry","category-arkiv-nyheter","category-nyheter"],"yoast_head":"<!-- This site is optimized with the Yoast SEO Premium plugin v26.2 (Yoast SEO v27.5) - https:\/\/yoast.com\/product\/yoast-seo-premium-wordpress\/ -->\n<title>Uppdaterade rekommendationer f\u00f6r inresande till Sverige - Svenska Magasinet<\/title>\n<meta name=\"robots\" content=\"noindex, follow, max-snippet:-1, max-image-preview:large, max-video-preview:-1\" \/>\n<meta property=\"og:locale\" content=\"sv_SE\" \/>\n<meta property=\"og:type\" content=\"article\" \/>\n<meta property=\"og:title\" content=\"Uppdaterade rekommendationer f\u00f6r inresande till Sverige\" \/>\n<meta property=\"og:description\" content=\"Folkh\u00e4lsomyndigheten sk\u00e4rper rekommendationer f\u00f6r alla som reser in i Sverige fr\u00e5n ett land utanf\u00f6r Norden. Orsaken \u00e4r omikron, den nya virusvarianten av SARS-CoV-2, som g\u00f6r att Folkh\u00e4lsomyndigheten utvidgar sina rekommendationer f\u00f6r resen\u00e4rer. \u00c5tg\u00e4rden med rekommendation testning f\u00f6r covid-19 omfattar nu samtliga resen\u00e4rer fr\u00e5n f\u00f6rskoleklass och upp\u00e5t som reser in till Sverige fr\u00e5n l\u00e4nder utanf\u00f6r Norden. [&hellip;]\" \/>\n<meta property=\"og:url\" content=\"https:\/\/lightweb.dev\/l\/svm-temp\/nyheter\/uppdaterade-rekommendationer-for-inresande-till-sverige\/\" \/>\n<meta property=\"og:site_name\" content=\"Svenska Magasinet\" \/>\n<meta property=\"article:publisher\" content=\"https:\/\/www.facebook.com\/svenskamagasinet\" \/>\n<meta property=\"article:published_time\" content=\"2021-12-01T09:03:00+00:00\" \/>\n<meta property=\"og:image\" content=\"https:\/\/lightweb.dev\/l\/svm-temp\/wp-content\/uploads\/2022\/04\/uppdaterade-rekommendationer-fr-inresande-till-sverige.png\" \/>\n\t<meta property=\"og:image:width\" content=\"500\" \/>\n\t<meta property=\"og:image:height\" content=\"300\" \/>\n\t<meta property=\"og:image:type\" content=\"image\/png\" \/>\n<meta name=\"author\" content=\"Ola Josefsson\" \/>\n<meta name=\"twitter:card\" content=\"summary_large_image\" \/>\n<meta name=\"twitter:creator\" content=\"@SvenskaMagasine\" \/>\n<meta name=\"twitter:site\" content=\"@SvenskaMagasine\" \/>\n<script type=\"application\/ld+json\" class=\"yoast-schema-graph\">{\"@context\":\"https:\\\/\\\/schema.org\",\"@graph\":[{\"@type\":\"Article\",\"@id\":\"https:\\\/\\\/lightweb.dev\\\/l\\\/svm-temp\\\/nyheter\\\/uppdaterade-rekommendationer-for-inresande-till-sverige\\\/#article\",\"isPartOf\":{\"@id\":\"https:\\\/\\\/lightweb.dev\\\/l\\\/svm-temp\\\/nyheter\\\/uppdaterade-rekommendationer-for-inresande-till-sverige\\\/\"},\"author\":{\"name\":\"Ola Josefsson\",\"@id\":\"https:\\\/\\\/lightweb.dev\\\/l\\\/svm-temp\\\/#\\\/schema\\\/person\\\/7a82b8a73d171d32360a564b6d03508e\"},\"headline\":\"Uppdaterade rekommendationer f\u00f6r inresande till Sverige\",\"datePublished\":\"2021-12-01T09:03:00+00:00\",\"mainEntityOfPage\":{\"@id\":\"https:\\\/\\\/lightweb.dev\\\/l\\\/svm-temp\\\/nyheter\\\/uppdaterade-rekommendationer-for-inresande-till-sverige\\\/\"},\"wordCount\":685,\"commentCount\":0,\"publisher\":{\"@id\":\"https:\\\/\\\/lightweb.dev\\\/l\\\/svm-temp\\\/#organization\"},\"image\":{\"@id\":\"https:\\\/\\\/lightweb.dev\\\/l\\\/svm-temp\\\/nyheter\\\/uppdaterade-rekommendationer-for-inresande-till-sverige\\\/#primaryimage\"},\"thumbnailUrl\":\"https:\\\/\\\/lightweb.dev\\\/l\\\/svm-temp\\\/wp-content\\\/uploads\\\/2022\\\/04\\\/uppdaterade-rekommendationer-fr-inresande-till-sverige.png\",\"articleSection\":[\"Arkiv\",\"Nyheter\"],\"inLanguage\":\"sv-SE\"},{\"@type\":\"WebPage\",\"@id\":\"https:\\\/\\\/lightweb.dev\\\/l\\\/svm-temp\\\/nyheter\\\/uppdaterade-rekommendationer-for-inresande-till-sverige\\\/\",\"url\":\"https:\\\/\\\/lightweb.dev\\\/l\\\/svm-temp\\\/nyheter\\\/uppdaterade-rekommendationer-for-inresande-till-sverige\\\/\",\"name\":\"Uppdaterade rekommendationer f\u00f6r inresande till Sverige - Svenska Magasinet\",\"isPartOf\":{\"@id\":\"https:\\\/\\\/lightweb.dev\\\/l\\\/svm-temp\\\/#website\"},\"primaryImageOfPage\":{\"@id\":\"https:\\\/\\\/lightweb.dev\\\/l\\\/svm-temp\\\/nyheter\\\/uppdaterade-rekommendationer-for-inresande-till-sverige\\\/#primaryimage\"},\"image\":{\"@id\":\"https:\\\/\\\/lightweb.dev\\\/l\\\/svm-temp\\\/nyheter\\\/uppdaterade-rekommendationer-for-inresande-till-sverige\\\/#primaryimage\"},\"thumbnailUrl\":\"https:\\\/\\\/lightweb.dev\\\/l\\\/svm-temp\\\/wp-content\\\/uploads\\\/2022\\\/04\\\/uppdaterade-rekommendationer-fr-inresande-till-sverige.png\",\"datePublished\":\"2021-12-01T09:03:00+00:00\",\"breadcrumb\":{\"@id\":\"https:\\\/\\\/lightweb.dev\\\/l\\\/svm-temp\\\/nyheter\\\/uppdaterade-rekommendationer-for-inresande-till-sverige\\\/#breadcrumb\"},\"inLanguage\":\"sv-SE\",\"potentialAction\":[{\"@type\":\"ReadAction\",\"target\":[\"https:\\\/\\\/lightweb.dev\\\/l\\\/svm-temp\\\/nyheter\\\/uppdaterade-rekommendationer-for-inresande-till-sverige\\\/\"]}]},{\"@type\":\"ImageObject\",\"inLanguage\":\"sv-SE\",\"@id\":\"https:\\\/\\\/lightweb.dev\\\/l\\\/svm-temp\\\/nyheter\\\/uppdaterade-rekommendationer-for-inresande-till-sverige\\\/#primaryimage\",\"url\":\"https:\\\/\\\/lightweb.dev\\\/l\\\/svm-temp\\\/wp-content\\\/uploads\\\/2022\\\/04\\\/uppdaterade-rekommendationer-fr-inresande-till-sverige.png\",\"contentUrl\":\"https:\\\/\\\/lightweb.dev\\\/l\\\/svm-temp\\\/wp-content\\\/uploads\\\/2022\\\/04\\\/uppdaterade-rekommendationer-fr-inresande-till-sverige.png\",\"width\":500,\"height\":300},{\"@type\":\"BreadcrumbList\",\"@id\":\"https:\\\/\\\/lightweb.dev\\\/l\\\/svm-temp\\\/nyheter\\\/uppdaterade-rekommendationer-for-inresande-till-sverige\\\/#breadcrumb\",\"itemListElement\":[{\"@type\":\"ListItem\",\"position\":1,\"name\":\"Hem\",\"item\":\"https:\\\/\\\/lightweb.dev\\\/l\\\/svm-temp\\\/\"},{\"@type\":\"ListItem\",\"position\":2,\"name\":\"Uppdaterade rekommendationer f\u00f6r inresande till Sverige\"}]},{\"@type\":\"WebSite\",\"@id\":\"https:\\\/\\\/lightweb.dev\\\/l\\\/svm-temp\\\/#website\",\"url\":\"https:\\\/\\\/lightweb.dev\\\/l\\\/svm-temp\\\/\",\"name\":\"Svenska Magasinet\",\"description\":\"Dina Spanska nyheter p&aring; Svenska\",\"publisher\":{\"@id\":\"https:\\\/\\\/lightweb.dev\\\/l\\\/svm-temp\\\/#organization\"},\"potentialAction\":[{\"@type\":\"SearchAction\",\"target\":{\"@type\":\"EntryPoint\",\"urlTemplate\":\"https:\\\/\\\/lightweb.dev\\\/l\\\/svm-temp\\\/?s={search_term_string}\"},\"query-input\":{\"@type\":\"PropertyValueSpecification\",\"valueRequired\":true,\"valueName\":\"search_term_string\"}}],\"inLanguage\":\"sv-SE\"},{\"@type\":\"Organization\",\"@id\":\"https:\\\/\\\/lightweb.dev\\\/l\\\/svm-temp\\\/#organization\",\"name\":\"Melkerson y Nott SL\",\"alternateName\":\"Svenska Magasinet\",\"url\":\"https:\\\/\\\/lightweb.dev\\\/l\\\/svm-temp\\\/\",\"logo\":{\"@type\":\"ImageObject\",\"inLanguage\":\"sv-SE\",\"@id\":\"https:\\\/\\\/lightweb.dev\\\/l\\\/svm-temp\\\/#\\\/schema\\\/logo\\\/image\\\/\",\"url\":\"https:\\\/\\\/lightweb.dev\\\/l\\\/svm-temp\\\/wp-content\\\/uploads\\\/2025\\\/02\\\/SvM-logo-Xtra-Centrerad-SVART.png\",\"contentUrl\":\"https:\\\/\\\/lightweb.dev\\\/l\\\/svm-temp\\\/wp-content\\\/uploads\\\/2025\\\/02\\\/SvM-logo-Xtra-Centrerad-SVART.png\",\"width\":300,\"height\":99,\"caption\":\"Melkerson y Nott SL\"},\"image\":{\"@id\":\"https:\\\/\\\/lightweb.dev\\\/l\\\/svm-temp\\\/#\\\/schema\\\/logo\\\/image\\\/\"},\"sameAs\":[\"https:\\\/\\\/www.facebook.com\\\/svenskamagasinet\",\"https:\\\/\\\/x.com\\\/SvenskaMagasine\"]},{\"@type\":\"Person\",\"@id\":\"https:\\\/\\\/lightweb.dev\\\/l\\\/svm-temp\\\/#\\\/schema\\\/person\\\/7a82b8a73d171d32360a564b6d03508e\",\"name\":\"Ola Josefsson\",\"description\":\"Bevakar Solkusten och Spanien sedan 1994.\",\"sameAs\":[\"https:\\\/\\\/lightweb.dev\\\/l\\\/svm-temp\"],\"url\":\"https:\\\/\\\/lightweb.dev\\\/l\\\/svm-temp\\\/reporter\\\/ola-josefsson\\\/\"}]}<\/script>\n<!-- \/ Yoast SEO Premium plugin. -->","yoast_head_json":{"title":"Uppdaterade rekommendationer f\u00f6r inresande till Sverige - Svenska Magasinet","robots":{"index":"noindex","follow":"follow","max-snippet":"max-snippet:-1","max-image-preview":"max-image-preview:large","max-video-preview":"max-video-preview:-1"},"og_locale":"sv_SE","og_type":"article","og_title":"Uppdaterade rekommendationer f\u00f6r inresande till Sverige","og_description":"Folkh\u00e4lsomyndigheten sk\u00e4rper rekommendationer f\u00f6r alla som reser in i Sverige fr\u00e5n ett land utanf\u00f6r Norden. Orsaken \u00e4r omikron, den nya virusvarianten av SARS-CoV-2, som g\u00f6r att Folkh\u00e4lsomyndigheten utvidgar sina rekommendationer f\u00f6r resen\u00e4rer. \u00c5tg\u00e4rden med rekommendation testning f\u00f6r covid-19 omfattar nu samtliga resen\u00e4rer fr\u00e5n f\u00f6rskoleklass och upp\u00e5t som reser in till Sverige fr\u00e5n l\u00e4nder utanf\u00f6r Norden. [&hellip;]","og_url":"https:\/\/lightweb.dev\/l\/svm-temp\/nyheter\/uppdaterade-rekommendationer-for-inresande-till-sverige\/","og_site_name":"Svenska Magasinet","article_publisher":"https:\/\/www.facebook.com\/svenskamagasinet","article_published_time":"2021-12-01T09:03:00+00:00","og_image":[{"width":500,"height":300,"url":"https:\/\/lightweb.dev\/l\/svm-temp\/wp-content\/uploads\/2022\/04\/uppdaterade-rekommendationer-fr-inresande-till-sverige.png","type":"image\/png"}],"author":"Ola Josefsson","twitter_card":"summary_large_image","twitter_creator":"@SvenskaMagasine","twitter_site":"@SvenskaMagasine","schema":{"@context":"https:\/\/schema.org","@graph":[{"@type":"Article","@id":"https:\/\/lightweb.dev\/l\/svm-temp\/nyheter\/uppdaterade-rekommendationer-for-inresande-till-sverige\/#article","isPartOf":{"@id":"https:\/\/lightweb.dev\/l\/svm-temp\/nyheter\/uppdaterade-rekommendationer-for-inresande-till-sverige\/"},"author":{"name":"Ola Josefsson","@id":"https:\/\/lightweb.dev\/l\/svm-temp\/#\/schema\/person\/7a82b8a73d171d32360a564b6d03508e"},"headline":"Uppdaterade rekommendationer f\u00f6r inresande till Sverige","datePublished":"2021-12-01T09:03:00+00:00","mainEntityOfPage":{"@id":"https:\/\/lightweb.dev\/l\/svm-temp\/nyheter\/uppdaterade-rekommendationer-for-inresande-till-sverige\/"},"wordCount":685,"commentCount":0,"publisher":{"@id":"https:\/\/lightweb.dev\/l\/svm-temp\/#organization"},"image":{"@id":"https:\/\/lightweb.dev\/l\/svm-temp\/nyheter\/uppdaterade-rekommendationer-for-inresande-till-sverige\/#primaryimage"},"thumbnailUrl":"https:\/\/lightweb.dev\/l\/svm-temp\/wp-content\/uploads\/2022\/04\/uppdaterade-rekommendationer-fr-inresande-till-sverige.png","articleSection":["Arkiv","Nyheter"],"inLanguage":"sv-SE"},{"@type":"WebPage","@id":"https:\/\/lightweb.dev\/l\/svm-temp\/nyheter\/uppdaterade-rekommendationer-for-inresande-till-sverige\/","url":"https:\/\/lightweb.dev\/l\/svm-temp\/nyheter\/uppdaterade-rekommendationer-for-inresande-till-sverige\/","name":"Uppdaterade rekommendationer f\u00f6r inresande till Sverige - Svenska Magasinet","isPartOf":{"@id":"https:\/\/lightweb.dev\/l\/svm-temp\/#website"},"primaryImageOfPage":{"@id":"https:\/\/lightweb.dev\/l\/svm-temp\/nyheter\/uppdaterade-rekommendationer-for-inresande-till-sverige\/#primaryimage"},"image":{"@id":"https:\/\/lightweb.dev\/l\/svm-temp\/nyheter\/uppdaterade-rekommendationer-for-inresande-till-sverige\/#primaryimage"},"thumbnailUrl":"https:\/\/lightweb.dev\/l\/svm-temp\/wp-content\/uploads\/2022\/04\/uppdaterade-rekommendationer-fr-inresande-till-sverige.png","datePublished":"2021-12-01T09:03:00+00:00","breadcrumb":{"@id":"https:\/\/lightweb.dev\/l\/svm-temp\/nyheter\/uppdaterade-rekommendationer-for-inresande-till-sverige\/#breadcrumb"},"inLanguage":"sv-SE","potentialAction":[{"@type":"ReadAction","target":["https:\/\/lightweb.dev\/l\/svm-temp\/nyheter\/uppdaterade-rekommendationer-for-inresande-till-sverige\/"]}]},{"@type":"ImageObject","inLanguage":"sv-SE","@id":"https:\/\/lightweb.dev\/l\/svm-temp\/nyheter\/uppdaterade-rekommendationer-for-inresande-till-sverige\/#primaryimage","url":"https:\/\/lightweb.dev\/l\/svm-temp\/wp-content\/uploads\/2022\/04\/uppdaterade-rekommendationer-fr-inresande-till-sverige.png","contentUrl":"https:\/\/lightweb.dev\/l\/svm-temp\/wp-content\/uploads\/2022\/04\/uppdaterade-rekommendationer-fr-inresande-till-sverige.png","width":500,"height":300},{"@type":"BreadcrumbList","@id":"https:\/\/lightweb.dev\/l\/svm-temp\/nyheter\/uppdaterade-rekommendationer-for-inresande-till-sverige\/#breadcrumb","itemListElement":[{"@type":"ListItem","position":1,"name":"Hem","item":"https:\/\/lightweb.dev\/l\/svm-temp\/"},{"@type":"ListItem","position":2,"name":"Uppdaterade rekommendationer f\u00f6r inresande till Sverige"}]},{"@type":"WebSite","@id":"https:\/\/lightweb.dev\/l\/svm-temp\/#website","url":"https:\/\/lightweb.dev\/l\/svm-temp\/","name":"Svenska Magasinet","description":"Dina Spanska nyheter p&aring; Svenska","publisher":{"@id":"https:\/\/lightweb.dev\/l\/svm-temp\/#organization"},"potentialAction":[{"@type":"SearchAction","target":{"@type":"EntryPoint","urlTemplate":"https:\/\/lightweb.dev\/l\/svm-temp\/?s={search_term_string}"},"query-input":{"@type":"PropertyValueSpecification","valueRequired":true,"valueName":"search_term_string"}}],"inLanguage":"sv-SE"},{"@type":"Organization","@id":"https:\/\/lightweb.dev\/l\/svm-temp\/#organization","name":"Melkerson y Nott SL","alternateName":"Svenska Magasinet","url":"https:\/\/lightweb.dev\/l\/svm-temp\/","logo":{"@type":"ImageObject","inLanguage":"sv-SE","@id":"https:\/\/lightweb.dev\/l\/svm-temp\/#\/schema\/logo\/image\/","url":"https:\/\/lightweb.dev\/l\/svm-temp\/wp-content\/uploads\/2025\/02\/SvM-logo-Xtra-Centrerad-SVART.png","contentUrl":"https:\/\/lightweb.dev\/l\/svm-temp\/wp-content\/uploads\/2025\/02\/SvM-logo-Xtra-Centrerad-SVART.png","width":300,"height":99,"caption":"Melkerson y Nott SL"},"image":{"@id":"https:\/\/lightweb.dev\/l\/svm-temp\/#\/schema\/logo\/image\/"},"sameAs":["https:\/\/www.facebook.com\/svenskamagasinet","https:\/\/x.com\/SvenskaMagasine"]},{"@type":"Person","@id":"https:\/\/lightweb.dev\/l\/svm-temp\/#\/schema\/person\/7a82b8a73d171d32360a564b6d03508e","name":"Ola Josefsson","description":"Bevakar Solkusten och Spanien sedan 1994.","sameAs":["https:\/\/lightweb.dev\/l\/svm-temp"],"url":"https:\/\/lightweb.dev\/l\/svm-temp\/reporter\/ola-josefsson\/"}]}},"_links":{"self":[{"href":"https:\/\/lightweb.dev\/l\/svm-temp\/wp-json\/wp\/v2\/posts\/1093","targetHints":{"allow":["GET"]}}],"collection":[{"href":"https:\/\/lightweb.dev\/l\/svm-temp\/wp-json\/wp\/v2\/posts"}],"about":[{"href":"https:\/\/lightweb.dev\/l\/svm-temp\/wp-json\/wp\/v2\/types\/post"}],"author":[{"embeddable":true,"href":"https:\/\/lightweb.dev\/l\/svm-temp\/wp-json\/wp\/v2\/users\/7"}],"replies":[{"embeddable":true,"href":"https:\/\/lightweb.dev\/l\/svm-temp\/wp-json\/wp\/v2\/comments?post=1093"}],"version-history":[{"count":0,"href":"https:\/\/lightweb.dev\/l\/svm-temp\/wp-json\/wp\/v2\/posts\/1093\/revisions"}],"wp:featuredmedia":[{"embeddable":true,"href":"https:\/\/lightweb.dev\/l\/svm-temp\/wp-json\/wp\/v2\/media\/1094"}],"wp:attachment":[{"href":"https:\/\/lightweb.dev\/l\/svm-temp\/wp-json\/wp\/v2\/media?parent=1093"}],"wp:term":[{"taxonomy":"category","embeddable":true,"href":"https:\/\/lightweb.dev\/l\/svm-temp\/wp-json\/wp\/v2\/categories?post=1093"},{"taxonomy":"post_tag","embeddable":true,"href":"https:\/\/lightweb.dev\/l\/svm-temp\/wp-json\/wp\/v2\/tags?post=1093"}],"curies":[{"name":"wp","href":"https:\/\/api.w.org\/{rel}","templated":true}]}}