{"id":1097,"date":"2021-12-01T11:21:00","date_gmt":"2021-12-01T10:21:00","guid":{"rendered":"https:\/\/lightweb.dev\/l\/svm-temp\/andalusien-och-madrid-tva-sidor-av-samma-mynt\/"},"modified":"2021-12-01T11:21:00","modified_gmt":"2021-12-01T10:21:00","slug":"andalusien-och-madrid-tva-sidor-av-samma-mynt","status":"publish","type":"post","link":"https:\/\/lightweb.dev\/l\/svm-temp\/nyheter\/andalusien-och-madrid-tva-sidor-av-samma-mynt\/","title":{"rendered":"Andalusien och Madrid \u2013 tv\u00e5 sidor av samma mynt"},"content":{"rendered":"<p> Det v\u00e4ntar nyval i Andalusien n\u00e5gon g\u00e5ng mellan juni och oktober. Det meddelade regionpresidenten Juanma Moreno n\u00e4r han under tisdagen bes\u00f6kte Granada f\u00f6r att tr\u00e4ffa f\u00f6retagare. Efter att regionregeringen med Partido Popular och Ciudadanos inte f\u00e5tt tillr\u00e4ckligt budgetst\u00f6d i det andalusiska parlamentet v\u00e4ntar nytt val till sommaren.<\/p>\n<p>Juanma Moreno har skiftat fot den senaste tiden. S\u00e5 l\u00e4nge han h\u00f6ll sig p\u00e5 god fot med ytterkantsh\u00f6gerpartiet Vox fanns budgetst\u00f6d.<\/p>\n<p>Men pl\u00f6tsligt tittade Moreno \u00e5t v\u00e4nster och ville ha med det st\u00f6rsta oppositionspartiet PSOE p\u00e5 budgett\u00e5get. <\/p>\n<p>Det slutade med att b\u00e5de PSOE, Unidas Podemos och Vox r\u00f6stade nej.<\/p>\n<p>Samtidigt som samarbetet upph\u00f6rt mellan Partido Popular och Vox i Andalusien gjorde Madridregionens president Isabel D\u00edaz Ayuso (Partido Popular) under tisdagen upp med Vox regionala partiledare Roc\u00edo Monasterio om budgeten.<\/p>\n<p>Situationen i Andalusien och Madrid beskrivs p\u00e5 onsdagen som tv\u00e5 sidor av samma mynt. Det som PP och Vox inte klarar av i Andalusien klarar tv\u00e5 kvinnor galant i Madrid.<\/p>\n<p>Isabel D\u00edaz Ayuso som vann regionvalet i Madrid 4 maj forts\u00e4tter sitt framg\u00e5ngsrika segert\u00e5g med att sy ihop samarbeten och att s\u00e4kerst\u00e4lla stabiliteten.<\/p>\n<p>&#8211; Det \u00e4r ett mycket viktigt avtal f\u00f6r alla inv\u00e5nare i Madridregionen med nya skattes\u00e4nkningar som ger stimulans, s\u00e4ger Ayuso.<\/p>\n<p>I Andalusien riktar Partido Popular kritik mot Vox som kallas f\u00f6r f\u00f6rr\u00e4dare som st\u00e4llt sig p\u00e5 samma sida som PSOE och r\u00f6sta nej till budgeten. \u00c4ven om det var just PP som bj\u00f6d in PSOE till budgetf\u00f6rhandlingar.<\/p>\n<p>Tv\u00e5 sidor av samma mynt allts\u00e5.<\/p>\n<p>Ayuso har en f\u00f6rm\u00e5ga att h\u00e5lla sig p\u00e5 god fot med Vox vilket st\u00e5r i kontrast till oenigheten i Andalusien mellan partierna.<\/p>\n<p>I Andalusien v\u00e4ntar nyval, troligtvis i juni, enligt Moreno.<\/p>\n<p>I opinionsunders\u00f6kningar har Partido Populars st\u00f6dparti Ciudadanos minskat. Samtidigt v\u00e4xer Vox som \u00e4r regionens tredje st\u00f6rsta parti.<\/p>\n","protected":false},"excerpt":{"rendered":"<p>Det v\u00e4ntar nyval i Andalusien n\u00e5gon g\u00e5ng mellan juni och oktober. Det meddelade regionpresidenten Juanma Moreno n\u00e4r han under tisdagen bes\u00f6kte Granada f\u00f6r att tr\u00e4ffa f\u00f6retagare. Efter att regionregeringen med Partido Popular och Ciudadanos inte f\u00e5tt tillr\u00e4ckligt budgetst\u00f6d i det andalusiska parlamentet v\u00e4ntar nytt val till sommaren. Juanma Moreno har skiftat fot den senaste tiden. [&hellip;]<\/p>\n","protected":false},"author":7,"featured_media":1098,"comment_status":"open","ping_status":"open","sticky":false,"template":"","format":"standard","meta":{"_et_pb_use_builder":"","_et_pb_old_content":"","_et_gb_content_width":"","footnotes":""},"categories":[395,3],"tags":[],"class_list":["post-1097","post","type-post","status-publish","format-standard","has-post-thumbnail","hentry","category-arkiv-nyheter","category-nyheter"],"yoast_head":"<!-- This site is optimized with the Yoast SEO Premium plugin v26.2 (Yoast SEO v27.5) - https:\/\/yoast.com\/product\/yoast-seo-premium-wordpress\/ -->\n<title>Andalusien och Madrid \u2013 tv\u00e5 sidor av samma mynt - Svenska Magasinet<\/title>\n<meta name=\"robots\" content=\"noindex, follow, max-snippet:-1, max-image-preview:large, max-video-preview:-1\" \/>\n<meta property=\"og:locale\" content=\"sv_SE\" \/>\n<meta property=\"og:type\" content=\"article\" \/>\n<meta property=\"og:title\" content=\"Andalusien och Madrid \u2013 tv\u00e5 sidor av samma mynt\" \/>\n<meta property=\"og:description\" content=\"Det v\u00e4ntar nyval i Andalusien n\u00e5gon g\u00e5ng mellan juni och oktober. Det meddelade regionpresidenten Juanma Moreno n\u00e4r han under tisdagen bes\u00f6kte Granada f\u00f6r att tr\u00e4ffa f\u00f6retagare. Efter att regionregeringen med Partido Popular och Ciudadanos inte f\u00e5tt tillr\u00e4ckligt budgetst\u00f6d i det andalusiska parlamentet v\u00e4ntar nytt val till sommaren. Juanma Moreno har skiftat fot den senaste tiden. [&hellip;]\" \/>\n<meta property=\"og:url\" content=\"https:\/\/lightweb.dev\/l\/svm-temp\/nyheter\/andalusien-och-madrid-tva-sidor-av-samma-mynt\/\" \/>\n<meta property=\"og:site_name\" content=\"Svenska Magasinet\" \/>\n<meta property=\"article:publisher\" content=\"https:\/\/www.facebook.com\/svenskamagasinet\" \/>\n<meta property=\"article:published_time\" content=\"2021-12-01T10:21:00+00:00\" \/>\n<meta property=\"og:image\" content=\"https:\/\/lightweb.dev\/l\/svm-temp\/wp-content\/uploads\/2022\/04\/andalusien-och-madrid-tv-sidor-av-samma-mynt.png\" \/>\n\t<meta property=\"og:image:width\" content=\"500\" \/>\n\t<meta property=\"og:image:height\" content=\"300\" \/>\n\t<meta property=\"og:image:type\" content=\"image\/png\" \/>\n<meta name=\"author\" content=\"Ola Josefsson\" \/>\n<meta name=\"twitter:card\" content=\"summary_large_image\" \/>\n<meta name=\"twitter:creator\" content=\"@SvenskaMagasine\" \/>\n<meta name=\"twitter:site\" content=\"@SvenskaMagasine\" \/>\n<script type=\"application\/ld+json\" class=\"yoast-schema-graph\">{\"@context\":\"https:\\\/\\\/schema.org\",\"@graph\":[{\"@type\":\"Article\",\"@id\":\"https:\\\/\\\/lightweb.dev\\\/l\\\/svm-temp\\\/nyheter\\\/andalusien-och-madrid-tva-sidor-av-samma-mynt\\\/#article\",\"isPartOf\":{\"@id\":\"https:\\\/\\\/lightweb.dev\\\/l\\\/svm-temp\\\/nyheter\\\/andalusien-och-madrid-tva-sidor-av-samma-mynt\\\/\"},\"author\":{\"name\":\"Ola Josefsson\",\"@id\":\"https:\\\/\\\/lightweb.dev\\\/l\\\/svm-temp\\\/#\\\/schema\\\/person\\\/7a82b8a73d171d32360a564b6d03508e\"},\"headline\":\"Andalusien och Madrid \u2013 tv\u00e5 sidor av samma mynt\",\"datePublished\":\"2021-12-01T10:21:00+00:00\",\"mainEntityOfPage\":{\"@id\":\"https:\\\/\\\/lightweb.dev\\\/l\\\/svm-temp\\\/nyheter\\\/andalusien-och-madrid-tva-sidor-av-samma-mynt\\\/\"},\"wordCount\":348,\"commentCount\":0,\"publisher\":{\"@id\":\"https:\\\/\\\/lightweb.dev\\\/l\\\/svm-temp\\\/#organization\"},\"image\":{\"@id\":\"https:\\\/\\\/lightweb.dev\\\/l\\\/svm-temp\\\/nyheter\\\/andalusien-och-madrid-tva-sidor-av-samma-mynt\\\/#primaryimage\"},\"thumbnailUrl\":\"https:\\\/\\\/lightweb.dev\\\/l\\\/svm-temp\\\/wp-content\\\/uploads\\\/2022\\\/04\\\/andalusien-och-madrid-tv-sidor-av-samma-mynt.png\",\"articleSection\":[\"Arkiv\",\"Nyheter\"],\"inLanguage\":\"sv-SE\"},{\"@type\":\"WebPage\",\"@id\":\"https:\\\/\\\/lightweb.dev\\\/l\\\/svm-temp\\\/nyheter\\\/andalusien-och-madrid-tva-sidor-av-samma-mynt\\\/\",\"url\":\"https:\\\/\\\/lightweb.dev\\\/l\\\/svm-temp\\\/nyheter\\\/andalusien-och-madrid-tva-sidor-av-samma-mynt\\\/\",\"name\":\"Andalusien och Madrid \u2013 tv\u00e5 sidor av samma mynt - Svenska Magasinet\",\"isPartOf\":{\"@id\":\"https:\\\/\\\/lightweb.dev\\\/l\\\/svm-temp\\\/#website\"},\"primaryImageOfPage\":{\"@id\":\"https:\\\/\\\/lightweb.dev\\\/l\\\/svm-temp\\\/nyheter\\\/andalusien-och-madrid-tva-sidor-av-samma-mynt\\\/#primaryimage\"},\"image\":{\"@id\":\"https:\\\/\\\/lightweb.dev\\\/l\\\/svm-temp\\\/nyheter\\\/andalusien-och-madrid-tva-sidor-av-samma-mynt\\\/#primaryimage\"},\"thumbnailUrl\":\"https:\\\/\\\/lightweb.dev\\\/l\\\/svm-temp\\\/wp-content\\\/uploads\\\/2022\\\/04\\\/andalusien-och-madrid-tv-sidor-av-samma-mynt.png\",\"datePublished\":\"2021-12-01T10:21:00+00:00\",\"breadcrumb\":{\"@id\":\"https:\\\/\\\/lightweb.dev\\\/l\\\/svm-temp\\\/nyheter\\\/andalusien-och-madrid-tva-sidor-av-samma-mynt\\\/#breadcrumb\"},\"inLanguage\":\"sv-SE\",\"potentialAction\":[{\"@type\":\"ReadAction\",\"target\":[\"https:\\\/\\\/lightweb.dev\\\/l\\\/svm-temp\\\/nyheter\\\/andalusien-och-madrid-tva-sidor-av-samma-mynt\\\/\"]}]},{\"@type\":\"ImageObject\",\"inLanguage\":\"sv-SE\",\"@id\":\"https:\\\/\\\/lightweb.dev\\\/l\\\/svm-temp\\\/nyheter\\\/andalusien-och-madrid-tva-sidor-av-samma-mynt\\\/#primaryimage\",\"url\":\"https:\\\/\\\/lightweb.dev\\\/l\\\/svm-temp\\\/wp-content\\\/uploads\\\/2022\\\/04\\\/andalusien-och-madrid-tv-sidor-av-samma-mynt.png\",\"contentUrl\":\"https:\\\/\\\/lightweb.dev\\\/l\\\/svm-temp\\\/wp-content\\\/uploads\\\/2022\\\/04\\\/andalusien-och-madrid-tv-sidor-av-samma-mynt.png\",\"width\":500,\"height\":300},{\"@type\":\"BreadcrumbList\",\"@id\":\"https:\\\/\\\/lightweb.dev\\\/l\\\/svm-temp\\\/nyheter\\\/andalusien-och-madrid-tva-sidor-av-samma-mynt\\\/#breadcrumb\",\"itemListElement\":[{\"@type\":\"ListItem\",\"position\":1,\"name\":\"Hem\",\"item\":\"https:\\\/\\\/lightweb.dev\\\/l\\\/svm-temp\\\/\"},{\"@type\":\"ListItem\",\"position\":2,\"name\":\"Andalusien och Madrid \u2013 tv\u00e5 sidor av samma mynt\"}]},{\"@type\":\"WebSite\",\"@id\":\"https:\\\/\\\/lightweb.dev\\\/l\\\/svm-temp\\\/#website\",\"url\":\"https:\\\/\\\/lightweb.dev\\\/l\\\/svm-temp\\\/\",\"name\":\"Svenska Magasinet\",\"description\":\"Dina Spanska nyheter p&aring; Svenska\",\"publisher\":{\"@id\":\"https:\\\/\\\/lightweb.dev\\\/l\\\/svm-temp\\\/#organization\"},\"potentialAction\":[{\"@type\":\"SearchAction\",\"target\":{\"@type\":\"EntryPoint\",\"urlTemplate\":\"https:\\\/\\\/lightweb.dev\\\/l\\\/svm-temp\\\/?s={search_term_string}\"},\"query-input\":{\"@type\":\"PropertyValueSpecification\",\"valueRequired\":true,\"valueName\":\"search_term_string\"}}],\"inLanguage\":\"sv-SE\"},{\"@type\":\"Organization\",\"@id\":\"https:\\\/\\\/lightweb.dev\\\/l\\\/svm-temp\\\/#organization\",\"name\":\"Melkerson y Nott SL\",\"alternateName\":\"Svenska Magasinet\",\"url\":\"https:\\\/\\\/lightweb.dev\\\/l\\\/svm-temp\\\/\",\"logo\":{\"@type\":\"ImageObject\",\"inLanguage\":\"sv-SE\",\"@id\":\"https:\\\/\\\/lightweb.dev\\\/l\\\/svm-temp\\\/#\\\/schema\\\/logo\\\/image\\\/\",\"url\":\"https:\\\/\\\/lightweb.dev\\\/l\\\/svm-temp\\\/wp-content\\\/uploads\\\/2025\\\/02\\\/SvM-logo-Xtra-Centrerad-SVART.png\",\"contentUrl\":\"https:\\\/\\\/lightweb.dev\\\/l\\\/svm-temp\\\/wp-content\\\/uploads\\\/2025\\\/02\\\/SvM-logo-Xtra-Centrerad-SVART.png\",\"width\":300,\"height\":99,\"caption\":\"Melkerson y Nott SL\"},\"image\":{\"@id\":\"https:\\\/\\\/lightweb.dev\\\/l\\\/svm-temp\\\/#\\\/schema\\\/logo\\\/image\\\/\"},\"sameAs\":[\"https:\\\/\\\/www.facebook.com\\\/svenskamagasinet\",\"https:\\\/\\\/x.com\\\/SvenskaMagasine\"]},{\"@type\":\"Person\",\"@id\":\"https:\\\/\\\/lightweb.dev\\\/l\\\/svm-temp\\\/#\\\/schema\\\/person\\\/7a82b8a73d171d32360a564b6d03508e\",\"name\":\"Ola Josefsson\",\"description\":\"Bevakar Solkusten och Spanien sedan 1994.\",\"sameAs\":[\"https:\\\/\\\/lightweb.dev\\\/l\\\/svm-temp\"],\"url\":\"https:\\\/\\\/lightweb.dev\\\/l\\\/svm-temp\\\/reporter\\\/ola-josefsson\\\/\"}]}<\/script>\n<!-- \/ Yoast SEO Premium plugin. -->","yoast_head_json":{"title":"Andalusien och Madrid \u2013 tv\u00e5 sidor av samma mynt - Svenska Magasinet","robots":{"index":"noindex","follow":"follow","max-snippet":"max-snippet:-1","max-image-preview":"max-image-preview:large","max-video-preview":"max-video-preview:-1"},"og_locale":"sv_SE","og_type":"article","og_title":"Andalusien och Madrid \u2013 tv\u00e5 sidor av samma mynt","og_description":"Det v\u00e4ntar nyval i Andalusien n\u00e5gon g\u00e5ng mellan juni och oktober. Det meddelade regionpresidenten Juanma Moreno n\u00e4r han under tisdagen bes\u00f6kte Granada f\u00f6r att tr\u00e4ffa f\u00f6retagare. Efter att regionregeringen med Partido Popular och Ciudadanos inte f\u00e5tt tillr\u00e4ckligt budgetst\u00f6d i det andalusiska parlamentet v\u00e4ntar nytt val till sommaren. Juanma Moreno har skiftat fot den senaste tiden. [&hellip;]","og_url":"https:\/\/lightweb.dev\/l\/svm-temp\/nyheter\/andalusien-och-madrid-tva-sidor-av-samma-mynt\/","og_site_name":"Svenska Magasinet","article_publisher":"https:\/\/www.facebook.com\/svenskamagasinet","article_published_time":"2021-12-01T10:21:00+00:00","og_image":[{"width":500,"height":300,"url":"https:\/\/lightweb.dev\/l\/svm-temp\/wp-content\/uploads\/2022\/04\/andalusien-och-madrid-tv-sidor-av-samma-mynt.png","type":"image\/png"}],"author":"Ola Josefsson","twitter_card":"summary_large_image","twitter_creator":"@SvenskaMagasine","twitter_site":"@SvenskaMagasine","schema":{"@context":"https:\/\/schema.org","@graph":[{"@type":"Article","@id":"https:\/\/lightweb.dev\/l\/svm-temp\/nyheter\/andalusien-och-madrid-tva-sidor-av-samma-mynt\/#article","isPartOf":{"@id":"https:\/\/lightweb.dev\/l\/svm-temp\/nyheter\/andalusien-och-madrid-tva-sidor-av-samma-mynt\/"},"author":{"name":"Ola Josefsson","@id":"https:\/\/lightweb.dev\/l\/svm-temp\/#\/schema\/person\/7a82b8a73d171d32360a564b6d03508e"},"headline":"Andalusien och Madrid \u2013 tv\u00e5 sidor av samma mynt","datePublished":"2021-12-01T10:21:00+00:00","mainEntityOfPage":{"@id":"https:\/\/lightweb.dev\/l\/svm-temp\/nyheter\/andalusien-och-madrid-tva-sidor-av-samma-mynt\/"},"wordCount":348,"commentCount":0,"publisher":{"@id":"https:\/\/lightweb.dev\/l\/svm-temp\/#organization"},"image":{"@id":"https:\/\/lightweb.dev\/l\/svm-temp\/nyheter\/andalusien-och-madrid-tva-sidor-av-samma-mynt\/#primaryimage"},"thumbnailUrl":"https:\/\/lightweb.dev\/l\/svm-temp\/wp-content\/uploads\/2022\/04\/andalusien-och-madrid-tv-sidor-av-samma-mynt.png","articleSection":["Arkiv","Nyheter"],"inLanguage":"sv-SE"},{"@type":"WebPage","@id":"https:\/\/lightweb.dev\/l\/svm-temp\/nyheter\/andalusien-och-madrid-tva-sidor-av-samma-mynt\/","url":"https:\/\/lightweb.dev\/l\/svm-temp\/nyheter\/andalusien-och-madrid-tva-sidor-av-samma-mynt\/","name":"Andalusien och Madrid \u2013 tv\u00e5 sidor av samma mynt - Svenska Magasinet","isPartOf":{"@id":"https:\/\/lightweb.dev\/l\/svm-temp\/#website"},"primaryImageOfPage":{"@id":"https:\/\/lightweb.dev\/l\/svm-temp\/nyheter\/andalusien-och-madrid-tva-sidor-av-samma-mynt\/#primaryimage"},"image":{"@id":"https:\/\/lightweb.dev\/l\/svm-temp\/nyheter\/andalusien-och-madrid-tva-sidor-av-samma-mynt\/#primaryimage"},"thumbnailUrl":"https:\/\/lightweb.dev\/l\/svm-temp\/wp-content\/uploads\/2022\/04\/andalusien-och-madrid-tv-sidor-av-samma-mynt.png","datePublished":"2021-12-01T10:21:00+00:00","breadcrumb":{"@id":"https:\/\/lightweb.dev\/l\/svm-temp\/nyheter\/andalusien-och-madrid-tva-sidor-av-samma-mynt\/#breadcrumb"},"inLanguage":"sv-SE","potentialAction":[{"@type":"ReadAction","target":["https:\/\/lightweb.dev\/l\/svm-temp\/nyheter\/andalusien-och-madrid-tva-sidor-av-samma-mynt\/"]}]},{"@type":"ImageObject","inLanguage":"sv-SE","@id":"https:\/\/lightweb.dev\/l\/svm-temp\/nyheter\/andalusien-och-madrid-tva-sidor-av-samma-mynt\/#primaryimage","url":"https:\/\/lightweb.dev\/l\/svm-temp\/wp-content\/uploads\/2022\/04\/andalusien-och-madrid-tv-sidor-av-samma-mynt.png","contentUrl":"https:\/\/lightweb.dev\/l\/svm-temp\/wp-content\/uploads\/2022\/04\/andalusien-och-madrid-tv-sidor-av-samma-mynt.png","width":500,"height":300},{"@type":"BreadcrumbList","@id":"https:\/\/lightweb.dev\/l\/svm-temp\/nyheter\/andalusien-och-madrid-tva-sidor-av-samma-mynt\/#breadcrumb","itemListElement":[{"@type":"ListItem","position":1,"name":"Hem","item":"https:\/\/lightweb.dev\/l\/svm-temp\/"},{"@type":"ListItem","position":2,"name":"Andalusien och Madrid \u2013 tv\u00e5 sidor av samma mynt"}]},{"@type":"WebSite","@id":"https:\/\/lightweb.dev\/l\/svm-temp\/#website","url":"https:\/\/lightweb.dev\/l\/svm-temp\/","name":"Svenska Magasinet","description":"Dina Spanska nyheter p&aring; Svenska","publisher":{"@id":"https:\/\/lightweb.dev\/l\/svm-temp\/#organization"},"potentialAction":[{"@type":"SearchAction","target":{"@type":"EntryPoint","urlTemplate":"https:\/\/lightweb.dev\/l\/svm-temp\/?s={search_term_string}"},"query-input":{"@type":"PropertyValueSpecification","valueRequired":true,"valueName":"search_term_string"}}],"inLanguage":"sv-SE"},{"@type":"Organization","@id":"https:\/\/lightweb.dev\/l\/svm-temp\/#organization","name":"Melkerson y Nott SL","alternateName":"Svenska Magasinet","url":"https:\/\/lightweb.dev\/l\/svm-temp\/","logo":{"@type":"ImageObject","inLanguage":"sv-SE","@id":"https:\/\/lightweb.dev\/l\/svm-temp\/#\/schema\/logo\/image\/","url":"https:\/\/lightweb.dev\/l\/svm-temp\/wp-content\/uploads\/2025\/02\/SvM-logo-Xtra-Centrerad-SVART.png","contentUrl":"https:\/\/lightweb.dev\/l\/svm-temp\/wp-content\/uploads\/2025\/02\/SvM-logo-Xtra-Centrerad-SVART.png","width":300,"height":99,"caption":"Melkerson y Nott SL"},"image":{"@id":"https:\/\/lightweb.dev\/l\/svm-temp\/#\/schema\/logo\/image\/"},"sameAs":["https:\/\/www.facebook.com\/svenskamagasinet","https:\/\/x.com\/SvenskaMagasine"]},{"@type":"Person","@id":"https:\/\/lightweb.dev\/l\/svm-temp\/#\/schema\/person\/7a82b8a73d171d32360a564b6d03508e","name":"Ola Josefsson","description":"Bevakar Solkusten och Spanien sedan 1994.","sameAs":["https:\/\/lightweb.dev\/l\/svm-temp"],"url":"https:\/\/lightweb.dev\/l\/svm-temp\/reporter\/ola-josefsson\/"}]}},"_links":{"self":[{"href":"https:\/\/lightweb.dev\/l\/svm-temp\/wp-json\/wp\/v2\/posts\/1097","targetHints":{"allow":["GET"]}}],"collection":[{"href":"https:\/\/lightweb.dev\/l\/svm-temp\/wp-json\/wp\/v2\/posts"}],"about":[{"href":"https:\/\/lightweb.dev\/l\/svm-temp\/wp-json\/wp\/v2\/types\/post"}],"author":[{"embeddable":true,"href":"https:\/\/lightweb.dev\/l\/svm-temp\/wp-json\/wp\/v2\/users\/7"}],"replies":[{"embeddable":true,"href":"https:\/\/lightweb.dev\/l\/svm-temp\/wp-json\/wp\/v2\/comments?post=1097"}],"version-history":[{"count":0,"href":"https:\/\/lightweb.dev\/l\/svm-temp\/wp-json\/wp\/v2\/posts\/1097\/revisions"}],"wp:featuredmedia":[{"embeddable":true,"href":"https:\/\/lightweb.dev\/l\/svm-temp\/wp-json\/wp\/v2\/media\/1098"}],"wp:attachment":[{"href":"https:\/\/lightweb.dev\/l\/svm-temp\/wp-json\/wp\/v2\/media?parent=1097"}],"wp:term":[{"taxonomy":"category","embeddable":true,"href":"https:\/\/lightweb.dev\/l\/svm-temp\/wp-json\/wp\/v2\/categories?post=1097"},{"taxonomy":"post_tag","embeddable":true,"href":"https:\/\/lightweb.dev\/l\/svm-temp\/wp-json\/wp\/v2\/tags?post=1097"}],"curies":[{"name":"wp","href":"https:\/\/api.w.org\/{rel}","templated":true}]}}