{"id":1099,"date":"2021-12-01T15:35:00","date_gmt":"2021-12-01T14:35:00","guid":{"rendered":"https:\/\/lightweb.dev\/l\/svm-temp\/marbellapolisen-tar-hjalp-automatiserat-bildverktyg\/"},"modified":"2021-12-01T15:35:00","modified_gmt":"2021-12-01T14:35:00","slug":"marbellapolisen-tar-hjalp-automatiserat-bildverktyg","status":"publish","type":"post","link":"https:\/\/lightweb.dev\/l\/svm-temp\/nyheter\/marbellapolisen-tar-hjalp-automatiserat-bildverktyg\/","title":{"rendered":"Marbellapolisen tar hj\u00e4lp automatiserat bildverktyg"},"content":{"rendered":"<p> T\u00e4nk dig att ett barn kommer bort fr\u00e5n sina f\u00f6r\u00e4ldrar i Marbella centrum. F\u00f6r\u00e4ldrarna rapporterar h\u00e4ndelsen till lokalpolisen. Det r\u00f6r sig om en pojke, 130 cm l\u00e5ng, med ljust h\u00e5r, r\u00f6d tr\u00f6ja och bl\u00e5 byxor. Polisen tar d\u00e5 hj\u00e4lp av automatiserat bildverktyg och programmerar in pojkens utseende. Genom \u00f6vervakningskameror i centrum f\u00e5r polisen napp och hittar det bortsprungna barnet.<br \/>\n Det \u00e4r lokalpolischefen Javier Mart\u00edn i Marbella som ber\u00e4ttar om polisens verktyg IA (Inteligencia Artificial) som bidrar till att g\u00f6ra arbete mer effektivt.<\/p>\n<p>\u00d6vervakningskameror anv\u00e4nds i allt h\u00f6gre grad och Marbella \u00e4r nu i andra fasen med ytterligare installationer.<\/p>\n<p>Det \u00e4r ett globalt projekt med en investering p\u00e5 totalt fyra miljoner euro som finansieras av den europeiska regionala utvecklingsfonden FEDER (Fondo Europeo de Desarrollo Regional) skriver Diario SUR.<\/p>\n<p>Polisen kan l\u00f6sa brott i centrum genom att g\u00e5 tillbaka, l\u00e4gga pussel och f\u00e5 fram r\u00f6relsem\u00f6nster som ledde fram till brottet. Och h\u00e4ndelser kan f\u00f6ljas i realtid via kamera\u00f6vervakning.<\/p>\n<p>Att polisen kan anv\u00e4nda automatiserat bildverktyg, artificiell intelligens, f\u00f6r att effektivisera arbetet kring analyser av exempelvis kl\u00e4der, vapen och ansikten bidrar till ett effektivare polisarbete.<\/p>\n<p>Tidigare har bildmaterial hanterats manuellt av polisen vilket \u00e4r b\u00e5de resurs- och tidskr\u00e4vande. <\/p>\n<p>Med hj\u00e4lp av den nya tekniken kommer handl\u00e4ggningstiderna kortas ned tack vare b\u00e4ttre analysresultat.<\/p>\n<p>Installation av \u00f6vervakningskameror Marbella fas 1<br \/>\n80 kameror har installerats vid centro comercial Elviria, centro comercial La Ca\u00f1ada, fritidshamnarna Puerto Deportivo och Puerto Ban\u00fas.<\/p>\n<p>Fas 2<br \/>\nFas 2 har b\u00f6rjat med installationer av 36 kameror i Marbella centrum, Gamla stan Casco Antiguo, La Alameda, Ricardo Soriano och San Pedro Alc\u00e1ntara bland annat p\u00e5 plaza de La Libertad.<\/p>\n<p>Fas 3<br \/>\nFas 3 som kommer senare installeras kameror i San Pedros industrikvarter, Nueva Andaluc\u00eda och Las Chapas.<\/p>\n","protected":false},"excerpt":{"rendered":"<p>T\u00e4nk dig att ett barn kommer bort fr\u00e5n sina f\u00f6r\u00e4ldrar i Marbella centrum. F\u00f6r\u00e4ldrarna rapporterar h\u00e4ndelsen till lokalpolisen. Det r\u00f6r sig om en pojke, 130 cm l\u00e5ng, med ljust h\u00e5r, r\u00f6d tr\u00f6ja och bl\u00e5 byxor. Polisen tar d\u00e5 hj\u00e4lp av automatiserat bildverktyg och programmerar in pojkens utseende. Genom \u00f6vervakningskameror i centrum f\u00e5r polisen napp och [&hellip;]<\/p>\n","protected":false},"author":7,"featured_media":1100,"comment_status":"open","ping_status":"open","sticky":false,"template":"","format":"standard","meta":{"_et_pb_use_builder":"","_et_pb_old_content":"","_et_gb_content_width":"","footnotes":""},"categories":[395,3],"tags":[],"class_list":["post-1099","post","type-post","status-publish","format-standard","has-post-thumbnail","hentry","category-arkiv-nyheter","category-nyheter"],"yoast_head":"<!-- This site is optimized with the Yoast SEO Premium plugin v26.2 (Yoast SEO v27.5) - https:\/\/yoast.com\/product\/yoast-seo-premium-wordpress\/ -->\n<title>Marbellapolisen tar hj\u00e4lp automatiserat bildverktyg - Svenska Magasinet<\/title>\n<meta name=\"robots\" content=\"noindex, follow, max-snippet:-1, max-image-preview:large, max-video-preview:-1\" \/>\n<meta property=\"og:locale\" content=\"sv_SE\" \/>\n<meta property=\"og:type\" content=\"article\" \/>\n<meta property=\"og:title\" content=\"Marbellapolisen tar hj\u00e4lp automatiserat bildverktyg\" \/>\n<meta property=\"og:description\" content=\"T\u00e4nk dig att ett barn kommer bort fr\u00e5n sina f\u00f6r\u00e4ldrar i Marbella centrum. F\u00f6r\u00e4ldrarna rapporterar h\u00e4ndelsen till lokalpolisen. Det r\u00f6r sig om en pojke, 130 cm l\u00e5ng, med ljust h\u00e5r, r\u00f6d tr\u00f6ja och bl\u00e5 byxor. Polisen tar d\u00e5 hj\u00e4lp av automatiserat bildverktyg och programmerar in pojkens utseende. Genom \u00f6vervakningskameror i centrum f\u00e5r polisen napp och [&hellip;]\" \/>\n<meta property=\"og:url\" content=\"https:\/\/lightweb.dev\/l\/svm-temp\/nyheter\/marbellapolisen-tar-hjalp-automatiserat-bildverktyg\/\" \/>\n<meta property=\"og:site_name\" content=\"Svenska Magasinet\" \/>\n<meta property=\"article:publisher\" content=\"https:\/\/www.facebook.com\/svenskamagasinet\" \/>\n<meta property=\"article:published_time\" content=\"2021-12-01T14:35:00+00:00\" \/>\n<meta property=\"og:image\" content=\"https:\/\/lightweb.dev\/l\/svm-temp\/wp-content\/uploads\/2022\/04\/marbellapolisen-tar-hjlp-automatiserat-bildverktyg.png\" \/>\n\t<meta property=\"og:image:width\" content=\"500\" \/>\n\t<meta property=\"og:image:height\" content=\"300\" \/>\n\t<meta property=\"og:image:type\" content=\"image\/png\" \/>\n<meta name=\"author\" content=\"Ola Josefsson\" \/>\n<meta name=\"twitter:card\" content=\"summary_large_image\" \/>\n<meta name=\"twitter:creator\" content=\"@SvenskaMagasine\" \/>\n<meta name=\"twitter:site\" content=\"@SvenskaMagasine\" \/>\n<script type=\"application\/ld+json\" class=\"yoast-schema-graph\">{\"@context\":\"https:\\\/\\\/schema.org\",\"@graph\":[{\"@type\":\"Article\",\"@id\":\"https:\\\/\\\/lightweb.dev\\\/l\\\/svm-temp\\\/nyheter\\\/marbellapolisen-tar-hjalp-automatiserat-bildverktyg\\\/#article\",\"isPartOf\":{\"@id\":\"https:\\\/\\\/lightweb.dev\\\/l\\\/svm-temp\\\/nyheter\\\/marbellapolisen-tar-hjalp-automatiserat-bildverktyg\\\/\"},\"author\":{\"name\":\"Ola Josefsson\",\"@id\":\"https:\\\/\\\/lightweb.dev\\\/l\\\/svm-temp\\\/#\\\/schema\\\/person\\\/7a82b8a73d171d32360a564b6d03508e\"},\"headline\":\"Marbellapolisen tar hj\u00e4lp automatiserat bildverktyg\",\"datePublished\":\"2021-12-01T14:35:00+00:00\",\"mainEntityOfPage\":{\"@id\":\"https:\\\/\\\/lightweb.dev\\\/l\\\/svm-temp\\\/nyheter\\\/marbellapolisen-tar-hjalp-automatiserat-bildverktyg\\\/\"},\"wordCount\":320,\"commentCount\":0,\"publisher\":{\"@id\":\"https:\\\/\\\/lightweb.dev\\\/l\\\/svm-temp\\\/#organization\"},\"image\":{\"@id\":\"https:\\\/\\\/lightweb.dev\\\/l\\\/svm-temp\\\/nyheter\\\/marbellapolisen-tar-hjalp-automatiserat-bildverktyg\\\/#primaryimage\"},\"thumbnailUrl\":\"https:\\\/\\\/lightweb.dev\\\/l\\\/svm-temp\\\/wp-content\\\/uploads\\\/2022\\\/04\\\/marbellapolisen-tar-hjlp-automatiserat-bildverktyg.png\",\"articleSection\":[\"Arkiv\",\"Nyheter\"],\"inLanguage\":\"sv-SE\"},{\"@type\":\"WebPage\",\"@id\":\"https:\\\/\\\/lightweb.dev\\\/l\\\/svm-temp\\\/nyheter\\\/marbellapolisen-tar-hjalp-automatiserat-bildverktyg\\\/\",\"url\":\"https:\\\/\\\/lightweb.dev\\\/l\\\/svm-temp\\\/nyheter\\\/marbellapolisen-tar-hjalp-automatiserat-bildverktyg\\\/\",\"name\":\"Marbellapolisen tar hj\u00e4lp automatiserat bildverktyg - Svenska Magasinet\",\"isPartOf\":{\"@id\":\"https:\\\/\\\/lightweb.dev\\\/l\\\/svm-temp\\\/#website\"},\"primaryImageOfPage\":{\"@id\":\"https:\\\/\\\/lightweb.dev\\\/l\\\/svm-temp\\\/nyheter\\\/marbellapolisen-tar-hjalp-automatiserat-bildverktyg\\\/#primaryimage\"},\"image\":{\"@id\":\"https:\\\/\\\/lightweb.dev\\\/l\\\/svm-temp\\\/nyheter\\\/marbellapolisen-tar-hjalp-automatiserat-bildverktyg\\\/#primaryimage\"},\"thumbnailUrl\":\"https:\\\/\\\/lightweb.dev\\\/l\\\/svm-temp\\\/wp-content\\\/uploads\\\/2022\\\/04\\\/marbellapolisen-tar-hjlp-automatiserat-bildverktyg.png\",\"datePublished\":\"2021-12-01T14:35:00+00:00\",\"breadcrumb\":{\"@id\":\"https:\\\/\\\/lightweb.dev\\\/l\\\/svm-temp\\\/nyheter\\\/marbellapolisen-tar-hjalp-automatiserat-bildverktyg\\\/#breadcrumb\"},\"inLanguage\":\"sv-SE\",\"potentialAction\":[{\"@type\":\"ReadAction\",\"target\":[\"https:\\\/\\\/lightweb.dev\\\/l\\\/svm-temp\\\/nyheter\\\/marbellapolisen-tar-hjalp-automatiserat-bildverktyg\\\/\"]}]},{\"@type\":\"ImageObject\",\"inLanguage\":\"sv-SE\",\"@id\":\"https:\\\/\\\/lightweb.dev\\\/l\\\/svm-temp\\\/nyheter\\\/marbellapolisen-tar-hjalp-automatiserat-bildverktyg\\\/#primaryimage\",\"url\":\"https:\\\/\\\/lightweb.dev\\\/l\\\/svm-temp\\\/wp-content\\\/uploads\\\/2022\\\/04\\\/marbellapolisen-tar-hjlp-automatiserat-bildverktyg.png\",\"contentUrl\":\"https:\\\/\\\/lightweb.dev\\\/l\\\/svm-temp\\\/wp-content\\\/uploads\\\/2022\\\/04\\\/marbellapolisen-tar-hjlp-automatiserat-bildverktyg.png\",\"width\":500,\"height\":300},{\"@type\":\"BreadcrumbList\",\"@id\":\"https:\\\/\\\/lightweb.dev\\\/l\\\/svm-temp\\\/nyheter\\\/marbellapolisen-tar-hjalp-automatiserat-bildverktyg\\\/#breadcrumb\",\"itemListElement\":[{\"@type\":\"ListItem\",\"position\":1,\"name\":\"Hem\",\"item\":\"https:\\\/\\\/lightweb.dev\\\/l\\\/svm-temp\\\/\"},{\"@type\":\"ListItem\",\"position\":2,\"name\":\"Marbellapolisen tar hj\u00e4lp automatiserat bildverktyg\"}]},{\"@type\":\"WebSite\",\"@id\":\"https:\\\/\\\/lightweb.dev\\\/l\\\/svm-temp\\\/#website\",\"url\":\"https:\\\/\\\/lightweb.dev\\\/l\\\/svm-temp\\\/\",\"name\":\"Svenska Magasinet\",\"description\":\"Dina Spanska nyheter p&aring; Svenska\",\"publisher\":{\"@id\":\"https:\\\/\\\/lightweb.dev\\\/l\\\/svm-temp\\\/#organization\"},\"potentialAction\":[{\"@type\":\"SearchAction\",\"target\":{\"@type\":\"EntryPoint\",\"urlTemplate\":\"https:\\\/\\\/lightweb.dev\\\/l\\\/svm-temp\\\/?s={search_term_string}\"},\"query-input\":{\"@type\":\"PropertyValueSpecification\",\"valueRequired\":true,\"valueName\":\"search_term_string\"}}],\"inLanguage\":\"sv-SE\"},{\"@type\":\"Organization\",\"@id\":\"https:\\\/\\\/lightweb.dev\\\/l\\\/svm-temp\\\/#organization\",\"name\":\"Melkerson y Nott SL\",\"alternateName\":\"Svenska Magasinet\",\"url\":\"https:\\\/\\\/lightweb.dev\\\/l\\\/svm-temp\\\/\",\"logo\":{\"@type\":\"ImageObject\",\"inLanguage\":\"sv-SE\",\"@id\":\"https:\\\/\\\/lightweb.dev\\\/l\\\/svm-temp\\\/#\\\/schema\\\/logo\\\/image\\\/\",\"url\":\"https:\\\/\\\/lightweb.dev\\\/l\\\/svm-temp\\\/wp-content\\\/uploads\\\/2025\\\/02\\\/SvM-logo-Xtra-Centrerad-SVART.png\",\"contentUrl\":\"https:\\\/\\\/lightweb.dev\\\/l\\\/svm-temp\\\/wp-content\\\/uploads\\\/2025\\\/02\\\/SvM-logo-Xtra-Centrerad-SVART.png\",\"width\":300,\"height\":99,\"caption\":\"Melkerson y Nott SL\"},\"image\":{\"@id\":\"https:\\\/\\\/lightweb.dev\\\/l\\\/svm-temp\\\/#\\\/schema\\\/logo\\\/image\\\/\"},\"sameAs\":[\"https:\\\/\\\/www.facebook.com\\\/svenskamagasinet\",\"https:\\\/\\\/x.com\\\/SvenskaMagasine\"]},{\"@type\":\"Person\",\"@id\":\"https:\\\/\\\/lightweb.dev\\\/l\\\/svm-temp\\\/#\\\/schema\\\/person\\\/7a82b8a73d171d32360a564b6d03508e\",\"name\":\"Ola Josefsson\",\"description\":\"Bevakar Solkusten och Spanien sedan 1994.\",\"sameAs\":[\"https:\\\/\\\/lightweb.dev\\\/l\\\/svm-temp\"],\"url\":\"https:\\\/\\\/lightweb.dev\\\/l\\\/svm-temp\\\/reporter\\\/ola-josefsson\\\/\"}]}<\/script>\n<!-- \/ Yoast SEO Premium plugin. -->","yoast_head_json":{"title":"Marbellapolisen tar hj\u00e4lp automatiserat bildverktyg - Svenska Magasinet","robots":{"index":"noindex","follow":"follow","max-snippet":"max-snippet:-1","max-image-preview":"max-image-preview:large","max-video-preview":"max-video-preview:-1"},"og_locale":"sv_SE","og_type":"article","og_title":"Marbellapolisen tar hj\u00e4lp automatiserat bildverktyg","og_description":"T\u00e4nk dig att ett barn kommer bort fr\u00e5n sina f\u00f6r\u00e4ldrar i Marbella centrum. F\u00f6r\u00e4ldrarna rapporterar h\u00e4ndelsen till lokalpolisen. Det r\u00f6r sig om en pojke, 130 cm l\u00e5ng, med ljust h\u00e5r, r\u00f6d tr\u00f6ja och bl\u00e5 byxor. Polisen tar d\u00e5 hj\u00e4lp av automatiserat bildverktyg och programmerar in pojkens utseende. Genom \u00f6vervakningskameror i centrum f\u00e5r polisen napp och [&hellip;]","og_url":"https:\/\/lightweb.dev\/l\/svm-temp\/nyheter\/marbellapolisen-tar-hjalp-automatiserat-bildverktyg\/","og_site_name":"Svenska Magasinet","article_publisher":"https:\/\/www.facebook.com\/svenskamagasinet","article_published_time":"2021-12-01T14:35:00+00:00","og_image":[{"width":500,"height":300,"url":"https:\/\/lightweb.dev\/l\/svm-temp\/wp-content\/uploads\/2022\/04\/marbellapolisen-tar-hjlp-automatiserat-bildverktyg.png","type":"image\/png"}],"author":"Ola Josefsson","twitter_card":"summary_large_image","twitter_creator":"@SvenskaMagasine","twitter_site":"@SvenskaMagasine","schema":{"@context":"https:\/\/schema.org","@graph":[{"@type":"Article","@id":"https:\/\/lightweb.dev\/l\/svm-temp\/nyheter\/marbellapolisen-tar-hjalp-automatiserat-bildverktyg\/#article","isPartOf":{"@id":"https:\/\/lightweb.dev\/l\/svm-temp\/nyheter\/marbellapolisen-tar-hjalp-automatiserat-bildverktyg\/"},"author":{"name":"Ola Josefsson","@id":"https:\/\/lightweb.dev\/l\/svm-temp\/#\/schema\/person\/7a82b8a73d171d32360a564b6d03508e"},"headline":"Marbellapolisen tar hj\u00e4lp automatiserat bildverktyg","datePublished":"2021-12-01T14:35:00+00:00","mainEntityOfPage":{"@id":"https:\/\/lightweb.dev\/l\/svm-temp\/nyheter\/marbellapolisen-tar-hjalp-automatiserat-bildverktyg\/"},"wordCount":320,"commentCount":0,"publisher":{"@id":"https:\/\/lightweb.dev\/l\/svm-temp\/#organization"},"image":{"@id":"https:\/\/lightweb.dev\/l\/svm-temp\/nyheter\/marbellapolisen-tar-hjalp-automatiserat-bildverktyg\/#primaryimage"},"thumbnailUrl":"https:\/\/lightweb.dev\/l\/svm-temp\/wp-content\/uploads\/2022\/04\/marbellapolisen-tar-hjlp-automatiserat-bildverktyg.png","articleSection":["Arkiv","Nyheter"],"inLanguage":"sv-SE"},{"@type":"WebPage","@id":"https:\/\/lightweb.dev\/l\/svm-temp\/nyheter\/marbellapolisen-tar-hjalp-automatiserat-bildverktyg\/","url":"https:\/\/lightweb.dev\/l\/svm-temp\/nyheter\/marbellapolisen-tar-hjalp-automatiserat-bildverktyg\/","name":"Marbellapolisen tar hj\u00e4lp automatiserat bildverktyg - Svenska Magasinet","isPartOf":{"@id":"https:\/\/lightweb.dev\/l\/svm-temp\/#website"},"primaryImageOfPage":{"@id":"https:\/\/lightweb.dev\/l\/svm-temp\/nyheter\/marbellapolisen-tar-hjalp-automatiserat-bildverktyg\/#primaryimage"},"image":{"@id":"https:\/\/lightweb.dev\/l\/svm-temp\/nyheter\/marbellapolisen-tar-hjalp-automatiserat-bildverktyg\/#primaryimage"},"thumbnailUrl":"https:\/\/lightweb.dev\/l\/svm-temp\/wp-content\/uploads\/2022\/04\/marbellapolisen-tar-hjlp-automatiserat-bildverktyg.png","datePublished":"2021-12-01T14:35:00+00:00","breadcrumb":{"@id":"https:\/\/lightweb.dev\/l\/svm-temp\/nyheter\/marbellapolisen-tar-hjalp-automatiserat-bildverktyg\/#breadcrumb"},"inLanguage":"sv-SE","potentialAction":[{"@type":"ReadAction","target":["https:\/\/lightweb.dev\/l\/svm-temp\/nyheter\/marbellapolisen-tar-hjalp-automatiserat-bildverktyg\/"]}]},{"@type":"ImageObject","inLanguage":"sv-SE","@id":"https:\/\/lightweb.dev\/l\/svm-temp\/nyheter\/marbellapolisen-tar-hjalp-automatiserat-bildverktyg\/#primaryimage","url":"https:\/\/lightweb.dev\/l\/svm-temp\/wp-content\/uploads\/2022\/04\/marbellapolisen-tar-hjlp-automatiserat-bildverktyg.png","contentUrl":"https:\/\/lightweb.dev\/l\/svm-temp\/wp-content\/uploads\/2022\/04\/marbellapolisen-tar-hjlp-automatiserat-bildverktyg.png","width":500,"height":300},{"@type":"BreadcrumbList","@id":"https:\/\/lightweb.dev\/l\/svm-temp\/nyheter\/marbellapolisen-tar-hjalp-automatiserat-bildverktyg\/#breadcrumb","itemListElement":[{"@type":"ListItem","position":1,"name":"Hem","item":"https:\/\/lightweb.dev\/l\/svm-temp\/"},{"@type":"ListItem","position":2,"name":"Marbellapolisen tar hj\u00e4lp automatiserat bildverktyg"}]},{"@type":"WebSite","@id":"https:\/\/lightweb.dev\/l\/svm-temp\/#website","url":"https:\/\/lightweb.dev\/l\/svm-temp\/","name":"Svenska Magasinet","description":"Dina Spanska nyheter p&aring; Svenska","publisher":{"@id":"https:\/\/lightweb.dev\/l\/svm-temp\/#organization"},"potentialAction":[{"@type":"SearchAction","target":{"@type":"EntryPoint","urlTemplate":"https:\/\/lightweb.dev\/l\/svm-temp\/?s={search_term_string}"},"query-input":{"@type":"PropertyValueSpecification","valueRequired":true,"valueName":"search_term_string"}}],"inLanguage":"sv-SE"},{"@type":"Organization","@id":"https:\/\/lightweb.dev\/l\/svm-temp\/#organization","name":"Melkerson y Nott SL","alternateName":"Svenska Magasinet","url":"https:\/\/lightweb.dev\/l\/svm-temp\/","logo":{"@type":"ImageObject","inLanguage":"sv-SE","@id":"https:\/\/lightweb.dev\/l\/svm-temp\/#\/schema\/logo\/image\/","url":"https:\/\/lightweb.dev\/l\/svm-temp\/wp-content\/uploads\/2025\/02\/SvM-logo-Xtra-Centrerad-SVART.png","contentUrl":"https:\/\/lightweb.dev\/l\/svm-temp\/wp-content\/uploads\/2025\/02\/SvM-logo-Xtra-Centrerad-SVART.png","width":300,"height":99,"caption":"Melkerson y Nott SL"},"image":{"@id":"https:\/\/lightweb.dev\/l\/svm-temp\/#\/schema\/logo\/image\/"},"sameAs":["https:\/\/www.facebook.com\/svenskamagasinet","https:\/\/x.com\/SvenskaMagasine"]},{"@type":"Person","@id":"https:\/\/lightweb.dev\/l\/svm-temp\/#\/schema\/person\/7a82b8a73d171d32360a564b6d03508e","name":"Ola Josefsson","description":"Bevakar Solkusten och Spanien sedan 1994.","sameAs":["https:\/\/lightweb.dev\/l\/svm-temp"],"url":"https:\/\/lightweb.dev\/l\/svm-temp\/reporter\/ola-josefsson\/"}]}},"_links":{"self":[{"href":"https:\/\/lightweb.dev\/l\/svm-temp\/wp-json\/wp\/v2\/posts\/1099","targetHints":{"allow":["GET"]}}],"collection":[{"href":"https:\/\/lightweb.dev\/l\/svm-temp\/wp-json\/wp\/v2\/posts"}],"about":[{"href":"https:\/\/lightweb.dev\/l\/svm-temp\/wp-json\/wp\/v2\/types\/post"}],"author":[{"embeddable":true,"href":"https:\/\/lightweb.dev\/l\/svm-temp\/wp-json\/wp\/v2\/users\/7"}],"replies":[{"embeddable":true,"href":"https:\/\/lightweb.dev\/l\/svm-temp\/wp-json\/wp\/v2\/comments?post=1099"}],"version-history":[{"count":0,"href":"https:\/\/lightweb.dev\/l\/svm-temp\/wp-json\/wp\/v2\/posts\/1099\/revisions"}],"wp:featuredmedia":[{"embeddable":true,"href":"https:\/\/lightweb.dev\/l\/svm-temp\/wp-json\/wp\/v2\/media\/1100"}],"wp:attachment":[{"href":"https:\/\/lightweb.dev\/l\/svm-temp\/wp-json\/wp\/v2\/media?parent=1099"}],"wp:term":[{"taxonomy":"category","embeddable":true,"href":"https:\/\/lightweb.dev\/l\/svm-temp\/wp-json\/wp\/v2\/categories?post=1099"},{"taxonomy":"post_tag","embeddable":true,"href":"https:\/\/lightweb.dev\/l\/svm-temp\/wp-json\/wp\/v2\/tags?post=1099"}],"curies":[{"name":"wp","href":"https:\/\/api.w.org\/{rel}","templated":true}]}}