{"id":11006,"date":"2021-11-26T10:32:00","date_gmt":"2021-11-26T09:32:00","guid":{"rendered":"https:\/\/lightweb.dev\/l\/svm-temp\/nyheter\/mordatalad-svensk-sov-under-rattegang\/"},"modified":"2021-11-26T10:32:00","modified_gmt":"2021-11-26T09:32:00","slug":"mordatalad-svensk-sov-under-rattegang","status":"publish","type":"post","link":"https:\/\/lightweb.dev\/l\/svm-temp\/nyheter\/mordatalad-svensk-sov-under-rattegang\/","title":{"rendered":"Mord\u00e5talad svensk sov under r\u00e4tteg\u00e5ng"},"content":{"rendered":"<p> R\u00e4tteg\u00e5ngen mot en ung svensk man som knivh\u00f6gg mammans pojkv\u00e4n till d\u00f6ds i Torrevieja 2020 har inletts i Alicantes regiondomstol. Enligt svenskens advokat Alfredo Arrien lider han av en psykisk st\u00f6rning.<br \/>\n N\u00e4r r\u00e4tteg\u00e5ngen mot svensken inleddes tillbringade mannen det mesta av tiden sovande i r\u00e4tteg\u00e5ngssalen.<br \/>\n&#8211; Enligt min mening \u00e4r mannen paranoid schizofreni vilket resulterar i v\u00e5ldsutbrott. Under den muntliga f\u00f6rhandlingen var han s\u00e5 pass medicinerad att han inte kunde h\u00e5lla sig vaken.<\/p>\n<p>Den unge mannen som uppges vara t\u00e4ckt av tatueringar sov det mesta av tiden under r\u00e4tteg\u00e5ngen. En attityd som v\u00e4cker uppm\u00e4rksamhet, att han inte bryr sig om vad som h\u00e4nde n\u00e4r mammans pojkv\u00e4n d\u00f6dades, skriver El Confidencial.<\/p>\n<p>&#8211; Men det \u00e4r inte s\u00e5 att han inte bryr sig, f\u00f6rklarar f\u00f6rsvarsadvokaten.<\/p>\n<p>Svensken har anv\u00e4nt droger sedan han var 14 \u00e5r gammal.<br \/>\n&#8211; Vi pratar om kokain, marijuana och metamfetamin. Tillsammans med psykisk sjukdom har det yttrat sig i v\u00e5ldsutbrott.<\/p>\n<p>Mannen har erk\u00e4nt att han knivh\u00f6gg mammans pojkv\u00e4n i gryningen den 12 januari 2020 i Torrevieja.<\/p>\n<p>Orsaken skulle vara att pojkv\u00e4nnen ska ha misshandlat mamman, n\u00e5got sonen inte tolererade.<\/p>\n<p>Det finns inga uppgifter som bevisar mannens p\u00e5st\u00e5ende. Det f\u00f6rekommer inga tidigare anm\u00e4lningar om misshandel och kvinnan har aldrig uppgett att hon blivit misshandlad.<\/p>\n<p>Enligt Guardia Civils utredning ska pojkv\u00e4nnen till mamman tr\u00f6ttnat p\u00e5 att betala f\u00f6r sonens konsumtion av droger vilket ska ha utl\u00f6st kniv\u00f6verfallet.<\/p>\n","protected":false},"excerpt":{"rendered":"<p>R\u00e4tteg\u00e5ngen mot en ung svensk man som knivh\u00f6gg mammans pojkv\u00e4n till d\u00f6ds i Torrevieja 2020 har inletts i Alicantes regiondomstol. Enligt svenskens advokat Alfredo Arrien lider han av en psykisk st\u00f6rning. N\u00e4r r\u00e4tteg\u00e5ngen mot svensken inleddes tillbringade mannen det mesta av tiden sovande i r\u00e4tteg\u00e5ngssalen. &#8211; Enligt min mening \u00e4r mannen paranoid schizofreni vilket resulterar [&hellip;]<\/p>\n","protected":false},"author":8,"featured_media":0,"comment_status":"open","ping_status":"open","sticky":false,"template":"","format":"standard","meta":{"_et_pb_use_builder":"","_et_pb_old_content":"","_et_gb_content_width":"","footnotes":""},"categories":[395,3],"tags":[],"class_list":["post-11006","post","type-post","status-publish","format-standard","hentry","category-arkiv-nyheter","category-nyheter"],"yoast_head":"<!-- This site is optimized with the Yoast SEO Premium plugin v26.2 (Yoast SEO v27.5) - https:\/\/yoast.com\/product\/yoast-seo-premium-wordpress\/ -->\n<title>Mord\u00e5talad svensk sov under r\u00e4tteg\u00e5ng - Svenska Magasinet<\/title>\n<meta name=\"robots\" content=\"noindex, follow, max-snippet:-1, max-image-preview:large, max-video-preview:-1\" \/>\n<meta property=\"og:locale\" content=\"sv_SE\" \/>\n<meta property=\"og:type\" content=\"article\" \/>\n<meta property=\"og:title\" content=\"Mord\u00e5talad svensk sov under r\u00e4tteg\u00e5ng\" \/>\n<meta property=\"og:description\" content=\"R\u00e4tteg\u00e5ngen mot en ung svensk man som knivh\u00f6gg mammans pojkv\u00e4n till d\u00f6ds i Torrevieja 2020 har inletts i Alicantes regiondomstol. Enligt svenskens advokat Alfredo Arrien lider han av en psykisk st\u00f6rning. N\u00e4r r\u00e4tteg\u00e5ngen mot svensken inleddes tillbringade mannen det mesta av tiden sovande i r\u00e4tteg\u00e5ngssalen. &#8211; Enligt min mening \u00e4r mannen paranoid schizofreni vilket resulterar [&hellip;]\" \/>\n<meta property=\"og:url\" content=\"https:\/\/lightweb.dev\/l\/svm-temp\/nyheter\/mordatalad-svensk-sov-under-rattegang\/\" \/>\n<meta property=\"og:site_name\" content=\"Svenska Magasinet\" \/>\n<meta property=\"article:publisher\" content=\"https:\/\/www.facebook.com\/svenskamagasinet\" \/>\n<meta property=\"article:published_time\" content=\"2021-11-26T09:32:00+00:00\" \/>\n<meta name=\"author\" content=\"Redaktionen SvM\" \/>\n<meta name=\"twitter:card\" content=\"summary_large_image\" \/>\n<meta name=\"twitter:creator\" content=\"@SvenskaMagasine\" \/>\n<meta name=\"twitter:site\" content=\"@SvenskaMagasine\" \/>\n<script type=\"application\/ld+json\" class=\"yoast-schema-graph\">{\"@context\":\"https:\\\/\\\/schema.org\",\"@graph\":[{\"@type\":\"Article\",\"@id\":\"https:\\\/\\\/lightweb.dev\\\/l\\\/svm-temp\\\/nyheter\\\/mordatalad-svensk-sov-under-rattegang\\\/#article\",\"isPartOf\":{\"@id\":\"https:\\\/\\\/lightweb.dev\\\/l\\\/svm-temp\\\/nyheter\\\/mordatalad-svensk-sov-under-rattegang\\\/\"},\"author\":{\"name\":\"Redaktionen SvM\",\"@id\":\"https:\\\/\\\/lightweb.dev\\\/l\\\/svm-temp\\\/#\\\/schema\\\/person\\\/206a3bda5b607b0c25e1749191e4d837\"},\"headline\":\"Mord\u00e5talad svensk sov under r\u00e4tteg\u00e5ng\",\"datePublished\":\"2021-11-26T09:32:00+00:00\",\"mainEntityOfPage\":{\"@id\":\"https:\\\/\\\/lightweb.dev\\\/l\\\/svm-temp\\\/nyheter\\\/mordatalad-svensk-sov-under-rattegang\\\/\"},\"wordCount\":271,\"commentCount\":0,\"publisher\":{\"@id\":\"https:\\\/\\\/lightweb.dev\\\/l\\\/svm-temp\\\/#organization\"},\"articleSection\":[\"Arkiv\",\"Nyheter\"],\"inLanguage\":\"sv-SE\"},{\"@type\":\"WebPage\",\"@id\":\"https:\\\/\\\/lightweb.dev\\\/l\\\/svm-temp\\\/nyheter\\\/mordatalad-svensk-sov-under-rattegang\\\/\",\"url\":\"https:\\\/\\\/lightweb.dev\\\/l\\\/svm-temp\\\/nyheter\\\/mordatalad-svensk-sov-under-rattegang\\\/\",\"name\":\"Mord\u00e5talad svensk sov under r\u00e4tteg\u00e5ng - Svenska Magasinet\",\"isPartOf\":{\"@id\":\"https:\\\/\\\/lightweb.dev\\\/l\\\/svm-temp\\\/#website\"},\"datePublished\":\"2021-11-26T09:32:00+00:00\",\"breadcrumb\":{\"@id\":\"https:\\\/\\\/lightweb.dev\\\/l\\\/svm-temp\\\/nyheter\\\/mordatalad-svensk-sov-under-rattegang\\\/#breadcrumb\"},\"inLanguage\":\"sv-SE\",\"potentialAction\":[{\"@type\":\"ReadAction\",\"target\":[\"https:\\\/\\\/lightweb.dev\\\/l\\\/svm-temp\\\/nyheter\\\/mordatalad-svensk-sov-under-rattegang\\\/\"]}]},{\"@type\":\"BreadcrumbList\",\"@id\":\"https:\\\/\\\/lightweb.dev\\\/l\\\/svm-temp\\\/nyheter\\\/mordatalad-svensk-sov-under-rattegang\\\/#breadcrumb\",\"itemListElement\":[{\"@type\":\"ListItem\",\"position\":1,\"name\":\"Hem\",\"item\":\"https:\\\/\\\/lightweb.dev\\\/l\\\/svm-temp\\\/\"},{\"@type\":\"ListItem\",\"position\":2,\"name\":\"Mord\u00e5talad svensk sov under r\u00e4tteg\u00e5ng\"}]},{\"@type\":\"WebSite\",\"@id\":\"https:\\\/\\\/lightweb.dev\\\/l\\\/svm-temp\\\/#website\",\"url\":\"https:\\\/\\\/lightweb.dev\\\/l\\\/svm-temp\\\/\",\"name\":\"Svenska Magasinet\",\"description\":\"Dina Spanska nyheter p&aring; Svenska\",\"publisher\":{\"@id\":\"https:\\\/\\\/lightweb.dev\\\/l\\\/svm-temp\\\/#organization\"},\"potentialAction\":[{\"@type\":\"SearchAction\",\"target\":{\"@type\":\"EntryPoint\",\"urlTemplate\":\"https:\\\/\\\/lightweb.dev\\\/l\\\/svm-temp\\\/?s={search_term_string}\"},\"query-input\":{\"@type\":\"PropertyValueSpecification\",\"valueRequired\":true,\"valueName\":\"search_term_string\"}}],\"inLanguage\":\"sv-SE\"},{\"@type\":\"Organization\",\"@id\":\"https:\\\/\\\/lightweb.dev\\\/l\\\/svm-temp\\\/#organization\",\"name\":\"Melkerson y Nott SL\",\"alternateName\":\"Svenska Magasinet\",\"url\":\"https:\\\/\\\/lightweb.dev\\\/l\\\/svm-temp\\\/\",\"logo\":{\"@type\":\"ImageObject\",\"inLanguage\":\"sv-SE\",\"@id\":\"https:\\\/\\\/lightweb.dev\\\/l\\\/svm-temp\\\/#\\\/schema\\\/logo\\\/image\\\/\",\"url\":\"https:\\\/\\\/lightweb.dev\\\/l\\\/svm-temp\\\/wp-content\\\/uploads\\\/2025\\\/02\\\/SvM-logo-Xtra-Centrerad-SVART.png\",\"contentUrl\":\"https:\\\/\\\/lightweb.dev\\\/l\\\/svm-temp\\\/wp-content\\\/uploads\\\/2025\\\/02\\\/SvM-logo-Xtra-Centrerad-SVART.png\",\"width\":300,\"height\":99,\"caption\":\"Melkerson y Nott SL\"},\"image\":{\"@id\":\"https:\\\/\\\/lightweb.dev\\\/l\\\/svm-temp\\\/#\\\/schema\\\/logo\\\/image\\\/\"},\"sameAs\":[\"https:\\\/\\\/www.facebook.com\\\/svenskamagasinet\",\"https:\\\/\\\/x.com\\\/SvenskaMagasine\"]},{\"@type\":\"Person\",\"@id\":\"https:\\\/\\\/lightweb.dev\\\/l\\\/svm-temp\\\/#\\\/schema\\\/person\\\/206a3bda5b607b0c25e1749191e4d837\",\"name\":\"Redaktionen SvM\",\"description\":\"Redaktionen\",\"sameAs\":[\"https:\\\/\\\/lightweb.dev\\\/l\\\/svm-temp\"],\"url\":\"https:\\\/\\\/lightweb.dev\\\/l\\\/svm-temp\\\/reporter\\\/redaktionen\\\/\"}]}<\/script>\n<!-- \/ Yoast SEO Premium plugin. -->","yoast_head_json":{"title":"Mord\u00e5talad svensk sov under r\u00e4tteg\u00e5ng - Svenska Magasinet","robots":{"index":"noindex","follow":"follow","max-snippet":"max-snippet:-1","max-image-preview":"max-image-preview:large","max-video-preview":"max-video-preview:-1"},"og_locale":"sv_SE","og_type":"article","og_title":"Mord\u00e5talad svensk sov under r\u00e4tteg\u00e5ng","og_description":"R\u00e4tteg\u00e5ngen mot en ung svensk man som knivh\u00f6gg mammans pojkv\u00e4n till d\u00f6ds i Torrevieja 2020 har inletts i Alicantes regiondomstol. Enligt svenskens advokat Alfredo Arrien lider han av en psykisk st\u00f6rning. N\u00e4r r\u00e4tteg\u00e5ngen mot svensken inleddes tillbringade mannen det mesta av tiden sovande i r\u00e4tteg\u00e5ngssalen. &#8211; Enligt min mening \u00e4r mannen paranoid schizofreni vilket resulterar [&hellip;]","og_url":"https:\/\/lightweb.dev\/l\/svm-temp\/nyheter\/mordatalad-svensk-sov-under-rattegang\/","og_site_name":"Svenska Magasinet","article_publisher":"https:\/\/www.facebook.com\/svenskamagasinet","article_published_time":"2021-11-26T09:32:00+00:00","author":"Redaktionen SvM","twitter_card":"summary_large_image","twitter_creator":"@SvenskaMagasine","twitter_site":"@SvenskaMagasine","schema":{"@context":"https:\/\/schema.org","@graph":[{"@type":"Article","@id":"https:\/\/lightweb.dev\/l\/svm-temp\/nyheter\/mordatalad-svensk-sov-under-rattegang\/#article","isPartOf":{"@id":"https:\/\/lightweb.dev\/l\/svm-temp\/nyheter\/mordatalad-svensk-sov-under-rattegang\/"},"author":{"name":"Redaktionen SvM","@id":"https:\/\/lightweb.dev\/l\/svm-temp\/#\/schema\/person\/206a3bda5b607b0c25e1749191e4d837"},"headline":"Mord\u00e5talad svensk sov under r\u00e4tteg\u00e5ng","datePublished":"2021-11-26T09:32:00+00:00","mainEntityOfPage":{"@id":"https:\/\/lightweb.dev\/l\/svm-temp\/nyheter\/mordatalad-svensk-sov-under-rattegang\/"},"wordCount":271,"commentCount":0,"publisher":{"@id":"https:\/\/lightweb.dev\/l\/svm-temp\/#organization"},"articleSection":["Arkiv","Nyheter"],"inLanguage":"sv-SE"},{"@type":"WebPage","@id":"https:\/\/lightweb.dev\/l\/svm-temp\/nyheter\/mordatalad-svensk-sov-under-rattegang\/","url":"https:\/\/lightweb.dev\/l\/svm-temp\/nyheter\/mordatalad-svensk-sov-under-rattegang\/","name":"Mord\u00e5talad svensk sov under r\u00e4tteg\u00e5ng - Svenska Magasinet","isPartOf":{"@id":"https:\/\/lightweb.dev\/l\/svm-temp\/#website"},"datePublished":"2021-11-26T09:32:00+00:00","breadcrumb":{"@id":"https:\/\/lightweb.dev\/l\/svm-temp\/nyheter\/mordatalad-svensk-sov-under-rattegang\/#breadcrumb"},"inLanguage":"sv-SE","potentialAction":[{"@type":"ReadAction","target":["https:\/\/lightweb.dev\/l\/svm-temp\/nyheter\/mordatalad-svensk-sov-under-rattegang\/"]}]},{"@type":"BreadcrumbList","@id":"https:\/\/lightweb.dev\/l\/svm-temp\/nyheter\/mordatalad-svensk-sov-under-rattegang\/#breadcrumb","itemListElement":[{"@type":"ListItem","position":1,"name":"Hem","item":"https:\/\/lightweb.dev\/l\/svm-temp\/"},{"@type":"ListItem","position":2,"name":"Mord\u00e5talad svensk sov under r\u00e4tteg\u00e5ng"}]},{"@type":"WebSite","@id":"https:\/\/lightweb.dev\/l\/svm-temp\/#website","url":"https:\/\/lightweb.dev\/l\/svm-temp\/","name":"Svenska Magasinet","description":"Dina Spanska nyheter p&aring; Svenska","publisher":{"@id":"https:\/\/lightweb.dev\/l\/svm-temp\/#organization"},"potentialAction":[{"@type":"SearchAction","target":{"@type":"EntryPoint","urlTemplate":"https:\/\/lightweb.dev\/l\/svm-temp\/?s={search_term_string}"},"query-input":{"@type":"PropertyValueSpecification","valueRequired":true,"valueName":"search_term_string"}}],"inLanguage":"sv-SE"},{"@type":"Organization","@id":"https:\/\/lightweb.dev\/l\/svm-temp\/#organization","name":"Melkerson y Nott SL","alternateName":"Svenska Magasinet","url":"https:\/\/lightweb.dev\/l\/svm-temp\/","logo":{"@type":"ImageObject","inLanguage":"sv-SE","@id":"https:\/\/lightweb.dev\/l\/svm-temp\/#\/schema\/logo\/image\/","url":"https:\/\/lightweb.dev\/l\/svm-temp\/wp-content\/uploads\/2025\/02\/SvM-logo-Xtra-Centrerad-SVART.png","contentUrl":"https:\/\/lightweb.dev\/l\/svm-temp\/wp-content\/uploads\/2025\/02\/SvM-logo-Xtra-Centrerad-SVART.png","width":300,"height":99,"caption":"Melkerson y Nott SL"},"image":{"@id":"https:\/\/lightweb.dev\/l\/svm-temp\/#\/schema\/logo\/image\/"},"sameAs":["https:\/\/www.facebook.com\/svenskamagasinet","https:\/\/x.com\/SvenskaMagasine"]},{"@type":"Person","@id":"https:\/\/lightweb.dev\/l\/svm-temp\/#\/schema\/person\/206a3bda5b607b0c25e1749191e4d837","name":"Redaktionen SvM","description":"Redaktionen","sameAs":["https:\/\/lightweb.dev\/l\/svm-temp"],"url":"https:\/\/lightweb.dev\/l\/svm-temp\/reporter\/redaktionen\/"}]}},"_links":{"self":[{"href":"https:\/\/lightweb.dev\/l\/svm-temp\/wp-json\/wp\/v2\/posts\/11006","targetHints":{"allow":["GET"]}}],"collection":[{"href":"https:\/\/lightweb.dev\/l\/svm-temp\/wp-json\/wp\/v2\/posts"}],"about":[{"href":"https:\/\/lightweb.dev\/l\/svm-temp\/wp-json\/wp\/v2\/types\/post"}],"author":[{"embeddable":true,"href":"https:\/\/lightweb.dev\/l\/svm-temp\/wp-json\/wp\/v2\/users\/8"}],"replies":[{"embeddable":true,"href":"https:\/\/lightweb.dev\/l\/svm-temp\/wp-json\/wp\/v2\/comments?post=11006"}],"version-history":[{"count":0,"href":"https:\/\/lightweb.dev\/l\/svm-temp\/wp-json\/wp\/v2\/posts\/11006\/revisions"}],"wp:attachment":[{"href":"https:\/\/lightweb.dev\/l\/svm-temp\/wp-json\/wp\/v2\/media?parent=11006"}],"wp:term":[{"taxonomy":"category","embeddable":true,"href":"https:\/\/lightweb.dev\/l\/svm-temp\/wp-json\/wp\/v2\/categories?post=11006"},{"taxonomy":"post_tag","embeddable":true,"href":"https:\/\/lightweb.dev\/l\/svm-temp\/wp-json\/wp\/v2\/tags?post=11006"}],"curies":[{"name":"wp","href":"https:\/\/api.w.org\/{rel}","templated":true}]}}