{"id":11008,"date":"2021-11-26T11:10:00","date_gmt":"2021-11-26T10:10:00","guid":{"rendered":"https:\/\/lightweb.dev\/l\/svm-temp\/nyheter\/forslag-om-bast-fore-datum-pa-covidpass\/"},"modified":"2021-11-26T11:10:00","modified_gmt":"2021-11-26T10:10:00","slug":"forslag-om-bast-fore-datum-pa-covidpass","status":"publish","type":"post","link":"https:\/\/lightweb.dev\/l\/svm-temp\/nyheter\/forslag-om-bast-fore-datum-pa-covidpass\/","title":{"rendered":"F\u00f6rslag om b\u00e4st f\u00f6re datum p\u00e5 covidpass"},"content":{"rendered":"<p> F\u00f6r att undvika nygamla problem vid gr\u00e4nserna f\u00f6resl\u00e5r EU-kommissionen gemensam giltighetstid f\u00f6r covidpassen. F\u00f6rslaget \u00e4r att de b\u00f6r g\u00e4lla i nio m\u00e5nader utan p\u00e5fyllnadsdos inr\u00e4knad. EU-kommissionen vill ocks\u00e5 stoppa karant\u00e4nskrav f\u00f6r alla med giltiga covidintyg.<\/p>\n<p>&#8211; Allt fler medlemsl\u00e4nder har redan b\u00f6rjat dela ut till\u00e4ggsdoser mot covid-19. En person som f\u00e5tt en p\u00e5fyllnadsdos b\u00f6r r\u00e4knas som fullt vaccinerad, s\u00e4ger justitiekommission\u00e4r Didier Reynders p\u00e5 en presskonferens i Bryssel.<\/p>\n<p>Med tanke p\u00e5 att l\u00e4nderna inte \u00e4r synkade i vaccineringen f\u00f6resl\u00e5s att dagens covidpass ska g\u00e4lla i nio m\u00e5nader. Om covidpassen ska forts\u00e4tta att g\u00e4lla kr\u00e4vs p\u00e5fyllnadsdos.<\/p>\n<p>Fr\u00e5n Bryssel manar EU-kommissionens ordf\u00f6rande Ursula von der Leyen alla vuxna att ta en ytterligare dos.<br \/>\n&#8211; Till\u00e4ggsdoser ger oss ett \u00e4nnu h\u00f6gre skydd. De kommer att f\u00f6rhindra m\u00e5nga sjukhusinl\u00e4ggningar och d\u00f6dsfall, s\u00e4ger von der Leyen.<\/p>\n<p>EU-kommissionen f\u00f6rs\u00f6ker f\u00e5 alla EU-l\u00e4nder att dra \u00e5t samma h\u00e5ll, f\u00f6r att undvika st\u00e4ngda gr\u00e4nser och stoppade resor. Justitiekommission\u00e4ren Didier Reynders vill exempelvis att alla l\u00e4nder ska ha lika l\u00e5ng giltighetsperiod f\u00f6r sina covidintyg, skriver TT.<\/p>\n<p>&#8211; Vi f\u00f6resl\u00e5r en standardperiod p\u00e5 nio m\u00e5nader, s\u00e4ger Reynders \u2013 och \u00f6ppnar samtidigt f\u00f6r att senare f\u00f6resl\u00e5 en \u00e4nnu l\u00e4ngre tid, om det visar sig att till\u00e4ggsvaccineringen ger ett l\u00e4ngre skydd \u00e4n den normala vaccineringen.<\/p>\n<p>EU-kommissionen vill ocks\u00e5 undvika krav p\u00e5 karant\u00e4n och test f\u00f6r alla vid inresa fr\u00e5n l\u00e4nder d\u00e4r smittol\u00e4get \u00e4r extra allvarligt. I st\u00e4llet vill Reynders att s\u00e5dana krav bara ska kunna g\u00e4lla personer som inte har ett giltigt covidintyg.<\/p>\n<p>F\u00f6r barn under sex \u00e5r finns inga restriktioner. Barn mellan sex och tolv \u00e5r \u00e4r i princip undantagna, om de inte kommer fr\u00e5n en m\u00f6rkr\u00f6d zon (med extra h\u00f6g smittspridning), d\u00e5 man kan kr\u00e4va vaccinintyg eller ett negativt test. F\u00f6r barn \u00f6ver tolv g\u00e4ller samma som f\u00f6r vuxna, s\u00e4ger Didier Reynders i Bryssel.<\/p>\n<p>Mer \u00e4n 650 miljoner covidpass har utf\u00e4rdats hittills.<\/p>\n<p>EU-kommission\u00e4ren f\u00f6r h\u00e4lsa, Stella Kyriakides, s\u00e4ger att mer \u00e4n 65 procent av EU:s befolkning \u00e4r fullvaccinerade.<\/p>\n<p>&#8211; Men det \u00e4r inte tillr\u00e4ckligt, allt f\u00f6r m\u00e5nga m\u00e4nniskor \u00e4r inte skyddade. Vi m\u00e5ste \u00f6ka vaccinationsfrekvens och inf\u00f6ra p\u00e5fyllnadsdoser.<\/p>\n<p>(Foto: Certificado COVID Digital de la Uni\u00f3n Europea)<\/p>\n","protected":false},"excerpt":{"rendered":"<p>F\u00f6r att undvika nygamla problem vid gr\u00e4nserna f\u00f6resl\u00e5r EU-kommissionen gemensam giltighetstid f\u00f6r covidpassen. F\u00f6rslaget \u00e4r att de b\u00f6r g\u00e4lla i nio m\u00e5nader utan p\u00e5fyllnadsdos inr\u00e4knad. EU-kommissionen vill ocks\u00e5 stoppa karant\u00e4nskrav f\u00f6r alla med giltiga covidintyg. &#8211; Allt fler medlemsl\u00e4nder har redan b\u00f6rjat dela ut till\u00e4ggsdoser mot covid-19. En person som f\u00e5tt en p\u00e5fyllnadsdos b\u00f6r r\u00e4knas [&hellip;]<\/p>\n","protected":false},"author":8,"featured_media":0,"comment_status":"open","ping_status":"open","sticky":false,"template":"","format":"standard","meta":{"_et_pb_use_builder":"","_et_pb_old_content":"","_et_gb_content_width":"","footnotes":""},"categories":[395,3],"tags":[],"class_list":["post-11008","post","type-post","status-publish","format-standard","hentry","category-arkiv-nyheter","category-nyheter"],"yoast_head":"<!-- This site is optimized with the Yoast SEO Premium plugin v26.2 (Yoast SEO v27.5) - https:\/\/yoast.com\/product\/yoast-seo-premium-wordpress\/ -->\n<title>F\u00f6rslag om b\u00e4st f\u00f6re datum p\u00e5 covidpass - Svenska Magasinet<\/title>\n<meta name=\"robots\" content=\"noindex, follow, max-snippet:-1, max-image-preview:large, max-video-preview:-1\" \/>\n<meta property=\"og:locale\" content=\"sv_SE\" \/>\n<meta property=\"og:type\" content=\"article\" \/>\n<meta property=\"og:title\" content=\"F\u00f6rslag om b\u00e4st f\u00f6re datum p\u00e5 covidpass\" \/>\n<meta property=\"og:description\" content=\"F\u00f6r att undvika nygamla problem vid gr\u00e4nserna f\u00f6resl\u00e5r EU-kommissionen gemensam giltighetstid f\u00f6r covidpassen. F\u00f6rslaget \u00e4r att de b\u00f6r g\u00e4lla i nio m\u00e5nader utan p\u00e5fyllnadsdos inr\u00e4knad. EU-kommissionen vill ocks\u00e5 stoppa karant\u00e4nskrav f\u00f6r alla med giltiga covidintyg. &#8211; Allt fler medlemsl\u00e4nder har redan b\u00f6rjat dela ut till\u00e4ggsdoser mot covid-19. En person som f\u00e5tt en p\u00e5fyllnadsdos b\u00f6r r\u00e4knas [&hellip;]\" \/>\n<meta property=\"og:url\" content=\"https:\/\/lightweb.dev\/l\/svm-temp\/nyheter\/forslag-om-bast-fore-datum-pa-covidpass\/\" \/>\n<meta property=\"og:site_name\" content=\"Svenska Magasinet\" \/>\n<meta property=\"article:publisher\" content=\"https:\/\/www.facebook.com\/svenskamagasinet\" \/>\n<meta property=\"article:published_time\" content=\"2021-11-26T10:10:00+00:00\" \/>\n<meta name=\"author\" content=\"Redaktionen SvM\" \/>\n<meta name=\"twitter:card\" content=\"summary_large_image\" \/>\n<meta name=\"twitter:creator\" content=\"@SvenskaMagasine\" \/>\n<meta name=\"twitter:site\" content=\"@SvenskaMagasine\" \/>\n<script type=\"application\/ld+json\" class=\"yoast-schema-graph\">{\"@context\":\"https:\\\/\\\/schema.org\",\"@graph\":[{\"@type\":\"Article\",\"@id\":\"https:\\\/\\\/lightweb.dev\\\/l\\\/svm-temp\\\/nyheter\\\/forslag-om-bast-fore-datum-pa-covidpass\\\/#article\",\"isPartOf\":{\"@id\":\"https:\\\/\\\/lightweb.dev\\\/l\\\/svm-temp\\\/nyheter\\\/forslag-om-bast-fore-datum-pa-covidpass\\\/\"},\"author\":{\"name\":\"Redaktionen SvM\",\"@id\":\"https:\\\/\\\/lightweb.dev\\\/l\\\/svm-temp\\\/#\\\/schema\\\/person\\\/206a3bda5b607b0c25e1749191e4d837\"},\"headline\":\"F\u00f6rslag om b\u00e4st f\u00f6re datum p\u00e5 covidpass\",\"datePublished\":\"2021-11-26T10:10:00+00:00\",\"mainEntityOfPage\":{\"@id\":\"https:\\\/\\\/lightweb.dev\\\/l\\\/svm-temp\\\/nyheter\\\/forslag-om-bast-fore-datum-pa-covidpass\\\/\"},\"wordCount\":445,\"commentCount\":0,\"publisher\":{\"@id\":\"https:\\\/\\\/lightweb.dev\\\/l\\\/svm-temp\\\/#organization\"},\"articleSection\":[\"Arkiv\",\"Nyheter\"],\"inLanguage\":\"sv-SE\"},{\"@type\":\"WebPage\",\"@id\":\"https:\\\/\\\/lightweb.dev\\\/l\\\/svm-temp\\\/nyheter\\\/forslag-om-bast-fore-datum-pa-covidpass\\\/\",\"url\":\"https:\\\/\\\/lightweb.dev\\\/l\\\/svm-temp\\\/nyheter\\\/forslag-om-bast-fore-datum-pa-covidpass\\\/\",\"name\":\"F\u00f6rslag om b\u00e4st f\u00f6re datum p\u00e5 covidpass - Svenska Magasinet\",\"isPartOf\":{\"@id\":\"https:\\\/\\\/lightweb.dev\\\/l\\\/svm-temp\\\/#website\"},\"datePublished\":\"2021-11-26T10:10:00+00:00\",\"breadcrumb\":{\"@id\":\"https:\\\/\\\/lightweb.dev\\\/l\\\/svm-temp\\\/nyheter\\\/forslag-om-bast-fore-datum-pa-covidpass\\\/#breadcrumb\"},\"inLanguage\":\"sv-SE\",\"potentialAction\":[{\"@type\":\"ReadAction\",\"target\":[\"https:\\\/\\\/lightweb.dev\\\/l\\\/svm-temp\\\/nyheter\\\/forslag-om-bast-fore-datum-pa-covidpass\\\/\"]}]},{\"@type\":\"BreadcrumbList\",\"@id\":\"https:\\\/\\\/lightweb.dev\\\/l\\\/svm-temp\\\/nyheter\\\/forslag-om-bast-fore-datum-pa-covidpass\\\/#breadcrumb\",\"itemListElement\":[{\"@type\":\"ListItem\",\"position\":1,\"name\":\"Hem\",\"item\":\"https:\\\/\\\/lightweb.dev\\\/l\\\/svm-temp\\\/\"},{\"@type\":\"ListItem\",\"position\":2,\"name\":\"F\u00f6rslag om b\u00e4st f\u00f6re datum p\u00e5 covidpass\"}]},{\"@type\":\"WebSite\",\"@id\":\"https:\\\/\\\/lightweb.dev\\\/l\\\/svm-temp\\\/#website\",\"url\":\"https:\\\/\\\/lightweb.dev\\\/l\\\/svm-temp\\\/\",\"name\":\"Svenska Magasinet\",\"description\":\"Dina Spanska nyheter p&aring; Svenska\",\"publisher\":{\"@id\":\"https:\\\/\\\/lightweb.dev\\\/l\\\/svm-temp\\\/#organization\"},\"potentialAction\":[{\"@type\":\"SearchAction\",\"target\":{\"@type\":\"EntryPoint\",\"urlTemplate\":\"https:\\\/\\\/lightweb.dev\\\/l\\\/svm-temp\\\/?s={search_term_string}\"},\"query-input\":{\"@type\":\"PropertyValueSpecification\",\"valueRequired\":true,\"valueName\":\"search_term_string\"}}],\"inLanguage\":\"sv-SE\"},{\"@type\":\"Organization\",\"@id\":\"https:\\\/\\\/lightweb.dev\\\/l\\\/svm-temp\\\/#organization\",\"name\":\"Melkerson y Nott SL\",\"alternateName\":\"Svenska Magasinet\",\"url\":\"https:\\\/\\\/lightweb.dev\\\/l\\\/svm-temp\\\/\",\"logo\":{\"@type\":\"ImageObject\",\"inLanguage\":\"sv-SE\",\"@id\":\"https:\\\/\\\/lightweb.dev\\\/l\\\/svm-temp\\\/#\\\/schema\\\/logo\\\/image\\\/\",\"url\":\"https:\\\/\\\/lightweb.dev\\\/l\\\/svm-temp\\\/wp-content\\\/uploads\\\/2025\\\/02\\\/SvM-logo-Xtra-Centrerad-SVART.png\",\"contentUrl\":\"https:\\\/\\\/lightweb.dev\\\/l\\\/svm-temp\\\/wp-content\\\/uploads\\\/2025\\\/02\\\/SvM-logo-Xtra-Centrerad-SVART.png\",\"width\":300,\"height\":99,\"caption\":\"Melkerson y Nott SL\"},\"image\":{\"@id\":\"https:\\\/\\\/lightweb.dev\\\/l\\\/svm-temp\\\/#\\\/schema\\\/logo\\\/image\\\/\"},\"sameAs\":[\"https:\\\/\\\/www.facebook.com\\\/svenskamagasinet\",\"https:\\\/\\\/x.com\\\/SvenskaMagasine\"]},{\"@type\":\"Person\",\"@id\":\"https:\\\/\\\/lightweb.dev\\\/l\\\/svm-temp\\\/#\\\/schema\\\/person\\\/206a3bda5b607b0c25e1749191e4d837\",\"name\":\"Redaktionen SvM\",\"description\":\"Redaktionen\",\"sameAs\":[\"https:\\\/\\\/lightweb.dev\\\/l\\\/svm-temp\"],\"url\":\"https:\\\/\\\/lightweb.dev\\\/l\\\/svm-temp\\\/reporter\\\/redaktionen\\\/\"}]}<\/script>\n<!-- \/ Yoast SEO Premium plugin. -->","yoast_head_json":{"title":"F\u00f6rslag om b\u00e4st f\u00f6re datum p\u00e5 covidpass - Svenska Magasinet","robots":{"index":"noindex","follow":"follow","max-snippet":"max-snippet:-1","max-image-preview":"max-image-preview:large","max-video-preview":"max-video-preview:-1"},"og_locale":"sv_SE","og_type":"article","og_title":"F\u00f6rslag om b\u00e4st f\u00f6re datum p\u00e5 covidpass","og_description":"F\u00f6r att undvika nygamla problem vid gr\u00e4nserna f\u00f6resl\u00e5r EU-kommissionen gemensam giltighetstid f\u00f6r covidpassen. F\u00f6rslaget \u00e4r att de b\u00f6r g\u00e4lla i nio m\u00e5nader utan p\u00e5fyllnadsdos inr\u00e4knad. EU-kommissionen vill ocks\u00e5 stoppa karant\u00e4nskrav f\u00f6r alla med giltiga covidintyg. &#8211; Allt fler medlemsl\u00e4nder har redan b\u00f6rjat dela ut till\u00e4ggsdoser mot covid-19. En person som f\u00e5tt en p\u00e5fyllnadsdos b\u00f6r r\u00e4knas [&hellip;]","og_url":"https:\/\/lightweb.dev\/l\/svm-temp\/nyheter\/forslag-om-bast-fore-datum-pa-covidpass\/","og_site_name":"Svenska Magasinet","article_publisher":"https:\/\/www.facebook.com\/svenskamagasinet","article_published_time":"2021-11-26T10:10:00+00:00","author":"Redaktionen SvM","twitter_card":"summary_large_image","twitter_creator":"@SvenskaMagasine","twitter_site":"@SvenskaMagasine","schema":{"@context":"https:\/\/schema.org","@graph":[{"@type":"Article","@id":"https:\/\/lightweb.dev\/l\/svm-temp\/nyheter\/forslag-om-bast-fore-datum-pa-covidpass\/#article","isPartOf":{"@id":"https:\/\/lightweb.dev\/l\/svm-temp\/nyheter\/forslag-om-bast-fore-datum-pa-covidpass\/"},"author":{"name":"Redaktionen SvM","@id":"https:\/\/lightweb.dev\/l\/svm-temp\/#\/schema\/person\/206a3bda5b607b0c25e1749191e4d837"},"headline":"F\u00f6rslag om b\u00e4st f\u00f6re datum p\u00e5 covidpass","datePublished":"2021-11-26T10:10:00+00:00","mainEntityOfPage":{"@id":"https:\/\/lightweb.dev\/l\/svm-temp\/nyheter\/forslag-om-bast-fore-datum-pa-covidpass\/"},"wordCount":445,"commentCount":0,"publisher":{"@id":"https:\/\/lightweb.dev\/l\/svm-temp\/#organization"},"articleSection":["Arkiv","Nyheter"],"inLanguage":"sv-SE"},{"@type":"WebPage","@id":"https:\/\/lightweb.dev\/l\/svm-temp\/nyheter\/forslag-om-bast-fore-datum-pa-covidpass\/","url":"https:\/\/lightweb.dev\/l\/svm-temp\/nyheter\/forslag-om-bast-fore-datum-pa-covidpass\/","name":"F\u00f6rslag om b\u00e4st f\u00f6re datum p\u00e5 covidpass - Svenska Magasinet","isPartOf":{"@id":"https:\/\/lightweb.dev\/l\/svm-temp\/#website"},"datePublished":"2021-11-26T10:10:00+00:00","breadcrumb":{"@id":"https:\/\/lightweb.dev\/l\/svm-temp\/nyheter\/forslag-om-bast-fore-datum-pa-covidpass\/#breadcrumb"},"inLanguage":"sv-SE","potentialAction":[{"@type":"ReadAction","target":["https:\/\/lightweb.dev\/l\/svm-temp\/nyheter\/forslag-om-bast-fore-datum-pa-covidpass\/"]}]},{"@type":"BreadcrumbList","@id":"https:\/\/lightweb.dev\/l\/svm-temp\/nyheter\/forslag-om-bast-fore-datum-pa-covidpass\/#breadcrumb","itemListElement":[{"@type":"ListItem","position":1,"name":"Hem","item":"https:\/\/lightweb.dev\/l\/svm-temp\/"},{"@type":"ListItem","position":2,"name":"F\u00f6rslag om b\u00e4st f\u00f6re datum p\u00e5 covidpass"}]},{"@type":"WebSite","@id":"https:\/\/lightweb.dev\/l\/svm-temp\/#website","url":"https:\/\/lightweb.dev\/l\/svm-temp\/","name":"Svenska Magasinet","description":"Dina Spanska nyheter p&aring; Svenska","publisher":{"@id":"https:\/\/lightweb.dev\/l\/svm-temp\/#organization"},"potentialAction":[{"@type":"SearchAction","target":{"@type":"EntryPoint","urlTemplate":"https:\/\/lightweb.dev\/l\/svm-temp\/?s={search_term_string}"},"query-input":{"@type":"PropertyValueSpecification","valueRequired":true,"valueName":"search_term_string"}}],"inLanguage":"sv-SE"},{"@type":"Organization","@id":"https:\/\/lightweb.dev\/l\/svm-temp\/#organization","name":"Melkerson y Nott SL","alternateName":"Svenska Magasinet","url":"https:\/\/lightweb.dev\/l\/svm-temp\/","logo":{"@type":"ImageObject","inLanguage":"sv-SE","@id":"https:\/\/lightweb.dev\/l\/svm-temp\/#\/schema\/logo\/image\/","url":"https:\/\/lightweb.dev\/l\/svm-temp\/wp-content\/uploads\/2025\/02\/SvM-logo-Xtra-Centrerad-SVART.png","contentUrl":"https:\/\/lightweb.dev\/l\/svm-temp\/wp-content\/uploads\/2025\/02\/SvM-logo-Xtra-Centrerad-SVART.png","width":300,"height":99,"caption":"Melkerson y Nott SL"},"image":{"@id":"https:\/\/lightweb.dev\/l\/svm-temp\/#\/schema\/logo\/image\/"},"sameAs":["https:\/\/www.facebook.com\/svenskamagasinet","https:\/\/x.com\/SvenskaMagasine"]},{"@type":"Person","@id":"https:\/\/lightweb.dev\/l\/svm-temp\/#\/schema\/person\/206a3bda5b607b0c25e1749191e4d837","name":"Redaktionen SvM","description":"Redaktionen","sameAs":["https:\/\/lightweb.dev\/l\/svm-temp"],"url":"https:\/\/lightweb.dev\/l\/svm-temp\/reporter\/redaktionen\/"}]}},"_links":{"self":[{"href":"https:\/\/lightweb.dev\/l\/svm-temp\/wp-json\/wp\/v2\/posts\/11008","targetHints":{"allow":["GET"]}}],"collection":[{"href":"https:\/\/lightweb.dev\/l\/svm-temp\/wp-json\/wp\/v2\/posts"}],"about":[{"href":"https:\/\/lightweb.dev\/l\/svm-temp\/wp-json\/wp\/v2\/types\/post"}],"author":[{"embeddable":true,"href":"https:\/\/lightweb.dev\/l\/svm-temp\/wp-json\/wp\/v2\/users\/8"}],"replies":[{"embeddable":true,"href":"https:\/\/lightweb.dev\/l\/svm-temp\/wp-json\/wp\/v2\/comments?post=11008"}],"version-history":[{"count":0,"href":"https:\/\/lightweb.dev\/l\/svm-temp\/wp-json\/wp\/v2\/posts\/11008\/revisions"}],"wp:attachment":[{"href":"https:\/\/lightweb.dev\/l\/svm-temp\/wp-json\/wp\/v2\/media?parent=11008"}],"wp:term":[{"taxonomy":"category","embeddable":true,"href":"https:\/\/lightweb.dev\/l\/svm-temp\/wp-json\/wp\/v2\/categories?post=11008"},{"taxonomy":"post_tag","embeddable":true,"href":"https:\/\/lightweb.dev\/l\/svm-temp\/wp-json\/wp\/v2\/tags?post=11008"}],"curies":[{"name":"wp","href":"https:\/\/api.w.org\/{rel}","templated":true}]}}