{"id":1101,"date":"2021-11-30T09:47:00","date_gmt":"2021-11-30T08:47:00","guid":{"rendered":"https:\/\/lightweb.dev\/l\/svm-temp\/se-sverige-spela-kvartsfinal-i-madrid-for-20-euro\/"},"modified":"2021-11-30T09:47:00","modified_gmt":"2021-11-30T08:47:00","slug":"se-sverige-spela-kvartsfinal-i-madrid-for-20-euro","status":"publish","type":"post","link":"https:\/\/lightweb.dev\/l\/svm-temp\/nyheter\/se-sverige-spela-kvartsfinal-i-madrid-for-20-euro\/","title":{"rendered":"Se Sverige spela kvartsfinal i Madrid f\u00f6r 20 euro"},"content":{"rendered":"<p> F\u00f6r f\u00f6rsta g\u00e5ngen sedan 2011 spelar Sverige kvartsfinal i Davis Cup. Nu har du m\u00f6jligheten att se matchen direkt p\u00e5 plats i Madrid Arena f\u00f6r 20 euro. Kvartsfinalen, som best\u00e5r av tv\u00e5 singelmatcher och en dubbel, spelas torsdag 2 december klockan 16. Bl\u00e5gult m\u00f6ter det ryska f\u00f6rbundslaget.<br \/>\n 3\u20130 mot Kanada och 1\u20132 mot Kazakstan r\u00e4ckte \u2013 med 4\u20132 i matcher och 9\u20134 i set s\u00e4krade Sverige avancemanget som b\u00e4sta grupptv\u00e5a.<\/p>\n<p>\u2013 Fantastiskt roligt! N\u00e4r vi kvalificerade oss f\u00f6r Davis Cup Finals f\u00f6r n\u00e4stan tv\u00e5 \u00e5r sedan var det mitt f\u00f6rsta m\u00e5l, som jag trodde att vi skulle ha en bra chans att klara. Med lite flyt hade vi ocks\u00e5 kunnat vinna gruppen, men nu \u00e4r vi i kvartsfinal \u00e4nd\u00e5. Och s\u00e5 som killarna har spelat tycker jag att vi f\u00f6rtj\u00e4nar platsen, s\u00e4ger Davis Cup-kapten Robin S\u00f6derling till Svenska Tennisf\u00f6rbundets hemsida.<\/p>\n<p>I det svenska laget ing\u00e5r Mikael Ymer, Elias Ymer, Jonathan Mridha, Andr\u00e9 G\u00f6ransson och Robert Lindstedt.<\/p>\n<p>\u2013 Vi \u00e4r ett litet land som har haft fantastiska tennisframg\u00e5ngar under en l\u00e5ng tid. Det \u00e4r otroligt kul att vara tillbaka d\u00e4r igen. Vi har ett v\u00e4ldigt bra lag i dag, kanske inte en lika bred topp med lika m\u00e5nga spelare att v\u00e4lja p\u00e5 som andra l\u00e4nder har. Men bevisligen g\u00f6r vi g\u00f6r det j\u00e4ttebra, s\u00e4ger S\u00f6derling.<\/p>\n<p>I det ryska f\u00f6rbundslaget, som besegrade Spanien och Ecuador i gruppspelet, ing\u00e5r v\u00e4rldstv\u00e5an Daniil Medvedev, v\u00e4rldsfemman Andrey Rublev, Aslan Karatsev, Karen Khachanov och Evgeny Donskoy.<\/p>\n<p>Sedan tidigare har Svenska Magasinets l\u00e4sare f\u00e5tt extra erbjudanden under Davis Cup-finalerna i Madrid. S\u00e5 blir det \u00e4ven inf\u00f6r kvartsfinalspelet.<\/p>\n<p>Klicka H\u00c4R s\u00e5 kan du k\u00f6pa biljett f\u00f6r 20 euro.<\/p>\n<p>S\u00e5 spelas kvartsfinalerna<br \/>\nM\u00e5n 29\/11: Italien\u2013Kroatien<br \/>\nTis 30\/11: Storbritannien\u2013Tyskland<br \/>\nOns 1\/12: Serbien\u2013Kazakstan<br \/>\nTors 2\/12: Sverige\u2013RTF*<br \/>\n*Ryska f\u00f6rbundslaget<\/p>\n<p>Bildtext: Elias Ymer. (Foto: Davis Cup)<\/p>\n","protected":false},"excerpt":{"rendered":"<p>F\u00f6r f\u00f6rsta g\u00e5ngen sedan 2011 spelar Sverige kvartsfinal i Davis Cup. Nu har du m\u00f6jligheten att se matchen direkt p\u00e5 plats i Madrid Arena f\u00f6r 20 euro. Kvartsfinalen, som best\u00e5r av tv\u00e5 singelmatcher och en dubbel, spelas torsdag 2 december klockan 16. Bl\u00e5gult m\u00f6ter det ryska f\u00f6rbundslaget. 3\u20130 mot Kanada och 1\u20132 mot Kazakstan r\u00e4ckte [&hellip;]<\/p>\n","protected":false},"author":7,"featured_media":1102,"comment_status":"open","ping_status":"open","sticky":false,"template":"","format":"standard","meta":{"_et_pb_use_builder":"","_et_pb_old_content":"","_et_gb_content_width":"","footnotes":""},"categories":[395,3],"tags":[],"class_list":["post-1101","post","type-post","status-publish","format-standard","has-post-thumbnail","hentry","category-arkiv-nyheter","category-nyheter"],"yoast_head":"<!-- This site is optimized with the Yoast SEO Premium plugin v26.2 (Yoast SEO v27.5) - https:\/\/yoast.com\/product\/yoast-seo-premium-wordpress\/ -->\n<title>Se Sverige spela kvartsfinal i Madrid f\u00f6r 20 euro - Svenska Magasinet<\/title>\n<meta name=\"robots\" content=\"noindex, follow, max-snippet:-1, max-image-preview:large, max-video-preview:-1\" \/>\n<meta property=\"og:locale\" content=\"sv_SE\" \/>\n<meta property=\"og:type\" content=\"article\" \/>\n<meta property=\"og:title\" content=\"Se Sverige spela kvartsfinal i Madrid f\u00f6r 20 euro\" \/>\n<meta property=\"og:description\" content=\"F\u00f6r f\u00f6rsta g\u00e5ngen sedan 2011 spelar Sverige kvartsfinal i Davis Cup. Nu har du m\u00f6jligheten att se matchen direkt p\u00e5 plats i Madrid Arena f\u00f6r 20 euro. Kvartsfinalen, som best\u00e5r av tv\u00e5 singelmatcher och en dubbel, spelas torsdag 2 december klockan 16. Bl\u00e5gult m\u00f6ter det ryska f\u00f6rbundslaget. 3\u20130 mot Kanada och 1\u20132 mot Kazakstan r\u00e4ckte [&hellip;]\" \/>\n<meta property=\"og:url\" content=\"https:\/\/lightweb.dev\/l\/svm-temp\/nyheter\/se-sverige-spela-kvartsfinal-i-madrid-for-20-euro\/\" \/>\n<meta property=\"og:site_name\" content=\"Svenska Magasinet\" \/>\n<meta property=\"article:publisher\" content=\"https:\/\/www.facebook.com\/svenskamagasinet\" \/>\n<meta property=\"article:published_time\" content=\"2021-11-30T08:47:00+00:00\" \/>\n<meta property=\"og:image\" content=\"https:\/\/lightweb.dev\/l\/svm-temp\/wp-content\/uploads\/2022\/04\/se-sverige-spela-kvartsfinal-i-madrid-fr-20-euro.png\" \/>\n\t<meta property=\"og:image:width\" content=\"500\" \/>\n\t<meta property=\"og:image:height\" content=\"300\" \/>\n\t<meta property=\"og:image:type\" content=\"image\/png\" \/>\n<meta name=\"author\" content=\"Ola Josefsson\" \/>\n<meta name=\"twitter:card\" content=\"summary_large_image\" \/>\n<meta name=\"twitter:creator\" content=\"@SvenskaMagasine\" \/>\n<meta name=\"twitter:site\" content=\"@SvenskaMagasine\" \/>\n<script type=\"application\/ld+json\" class=\"yoast-schema-graph\">{\"@context\":\"https:\\\/\\\/schema.org\",\"@graph\":[{\"@type\":\"Article\",\"@id\":\"https:\\\/\\\/lightweb.dev\\\/l\\\/svm-temp\\\/nyheter\\\/se-sverige-spela-kvartsfinal-i-madrid-for-20-euro\\\/#article\",\"isPartOf\":{\"@id\":\"https:\\\/\\\/lightweb.dev\\\/l\\\/svm-temp\\\/nyheter\\\/se-sverige-spela-kvartsfinal-i-madrid-for-20-euro\\\/\"},\"author\":{\"name\":\"Ola Josefsson\",\"@id\":\"https:\\\/\\\/lightweb.dev\\\/l\\\/svm-temp\\\/#\\\/schema\\\/person\\\/7a82b8a73d171d32360a564b6d03508e\"},\"headline\":\"Se Sverige spela kvartsfinal i Madrid f\u00f6r 20 euro\",\"datePublished\":\"2021-11-30T08:47:00+00:00\",\"mainEntityOfPage\":{\"@id\":\"https:\\\/\\\/lightweb.dev\\\/l\\\/svm-temp\\\/nyheter\\\/se-sverige-spela-kvartsfinal-i-madrid-for-20-euro\\\/\"},\"wordCount\":340,\"commentCount\":0,\"publisher\":{\"@id\":\"https:\\\/\\\/lightweb.dev\\\/l\\\/svm-temp\\\/#organization\"},\"image\":{\"@id\":\"https:\\\/\\\/lightweb.dev\\\/l\\\/svm-temp\\\/nyheter\\\/se-sverige-spela-kvartsfinal-i-madrid-for-20-euro\\\/#primaryimage\"},\"thumbnailUrl\":\"https:\\\/\\\/lightweb.dev\\\/l\\\/svm-temp\\\/wp-content\\\/uploads\\\/2022\\\/04\\\/se-sverige-spela-kvartsfinal-i-madrid-fr-20-euro.png\",\"articleSection\":[\"Arkiv\",\"Nyheter\"],\"inLanguage\":\"sv-SE\"},{\"@type\":\"WebPage\",\"@id\":\"https:\\\/\\\/lightweb.dev\\\/l\\\/svm-temp\\\/nyheter\\\/se-sverige-spela-kvartsfinal-i-madrid-for-20-euro\\\/\",\"url\":\"https:\\\/\\\/lightweb.dev\\\/l\\\/svm-temp\\\/nyheter\\\/se-sverige-spela-kvartsfinal-i-madrid-for-20-euro\\\/\",\"name\":\"Se Sverige spela kvartsfinal i Madrid f\u00f6r 20 euro - Svenska Magasinet\",\"isPartOf\":{\"@id\":\"https:\\\/\\\/lightweb.dev\\\/l\\\/svm-temp\\\/#website\"},\"primaryImageOfPage\":{\"@id\":\"https:\\\/\\\/lightweb.dev\\\/l\\\/svm-temp\\\/nyheter\\\/se-sverige-spela-kvartsfinal-i-madrid-for-20-euro\\\/#primaryimage\"},\"image\":{\"@id\":\"https:\\\/\\\/lightweb.dev\\\/l\\\/svm-temp\\\/nyheter\\\/se-sverige-spela-kvartsfinal-i-madrid-for-20-euro\\\/#primaryimage\"},\"thumbnailUrl\":\"https:\\\/\\\/lightweb.dev\\\/l\\\/svm-temp\\\/wp-content\\\/uploads\\\/2022\\\/04\\\/se-sverige-spela-kvartsfinal-i-madrid-fr-20-euro.png\",\"datePublished\":\"2021-11-30T08:47:00+00:00\",\"breadcrumb\":{\"@id\":\"https:\\\/\\\/lightweb.dev\\\/l\\\/svm-temp\\\/nyheter\\\/se-sverige-spela-kvartsfinal-i-madrid-for-20-euro\\\/#breadcrumb\"},\"inLanguage\":\"sv-SE\",\"potentialAction\":[{\"@type\":\"ReadAction\",\"target\":[\"https:\\\/\\\/lightweb.dev\\\/l\\\/svm-temp\\\/nyheter\\\/se-sverige-spela-kvartsfinal-i-madrid-for-20-euro\\\/\"]}]},{\"@type\":\"ImageObject\",\"inLanguage\":\"sv-SE\",\"@id\":\"https:\\\/\\\/lightweb.dev\\\/l\\\/svm-temp\\\/nyheter\\\/se-sverige-spela-kvartsfinal-i-madrid-for-20-euro\\\/#primaryimage\",\"url\":\"https:\\\/\\\/lightweb.dev\\\/l\\\/svm-temp\\\/wp-content\\\/uploads\\\/2022\\\/04\\\/se-sverige-spela-kvartsfinal-i-madrid-fr-20-euro.png\",\"contentUrl\":\"https:\\\/\\\/lightweb.dev\\\/l\\\/svm-temp\\\/wp-content\\\/uploads\\\/2022\\\/04\\\/se-sverige-spela-kvartsfinal-i-madrid-fr-20-euro.png\",\"width\":500,\"height\":300},{\"@type\":\"BreadcrumbList\",\"@id\":\"https:\\\/\\\/lightweb.dev\\\/l\\\/svm-temp\\\/nyheter\\\/se-sverige-spela-kvartsfinal-i-madrid-for-20-euro\\\/#breadcrumb\",\"itemListElement\":[{\"@type\":\"ListItem\",\"position\":1,\"name\":\"Hem\",\"item\":\"https:\\\/\\\/lightweb.dev\\\/l\\\/svm-temp\\\/\"},{\"@type\":\"ListItem\",\"position\":2,\"name\":\"Se Sverige spela kvartsfinal i Madrid f\u00f6r 20 euro\"}]},{\"@type\":\"WebSite\",\"@id\":\"https:\\\/\\\/lightweb.dev\\\/l\\\/svm-temp\\\/#website\",\"url\":\"https:\\\/\\\/lightweb.dev\\\/l\\\/svm-temp\\\/\",\"name\":\"Svenska Magasinet\",\"description\":\"Dina Spanska nyheter p&aring; Svenska\",\"publisher\":{\"@id\":\"https:\\\/\\\/lightweb.dev\\\/l\\\/svm-temp\\\/#organization\"},\"potentialAction\":[{\"@type\":\"SearchAction\",\"target\":{\"@type\":\"EntryPoint\",\"urlTemplate\":\"https:\\\/\\\/lightweb.dev\\\/l\\\/svm-temp\\\/?s={search_term_string}\"},\"query-input\":{\"@type\":\"PropertyValueSpecification\",\"valueRequired\":true,\"valueName\":\"search_term_string\"}}],\"inLanguage\":\"sv-SE\"},{\"@type\":\"Organization\",\"@id\":\"https:\\\/\\\/lightweb.dev\\\/l\\\/svm-temp\\\/#organization\",\"name\":\"Melkerson y Nott SL\",\"alternateName\":\"Svenska Magasinet\",\"url\":\"https:\\\/\\\/lightweb.dev\\\/l\\\/svm-temp\\\/\",\"logo\":{\"@type\":\"ImageObject\",\"inLanguage\":\"sv-SE\",\"@id\":\"https:\\\/\\\/lightweb.dev\\\/l\\\/svm-temp\\\/#\\\/schema\\\/logo\\\/image\\\/\",\"url\":\"https:\\\/\\\/lightweb.dev\\\/l\\\/svm-temp\\\/wp-content\\\/uploads\\\/2025\\\/02\\\/SvM-logo-Xtra-Centrerad-SVART.png\",\"contentUrl\":\"https:\\\/\\\/lightweb.dev\\\/l\\\/svm-temp\\\/wp-content\\\/uploads\\\/2025\\\/02\\\/SvM-logo-Xtra-Centrerad-SVART.png\",\"width\":300,\"height\":99,\"caption\":\"Melkerson y Nott SL\"},\"image\":{\"@id\":\"https:\\\/\\\/lightweb.dev\\\/l\\\/svm-temp\\\/#\\\/schema\\\/logo\\\/image\\\/\"},\"sameAs\":[\"https:\\\/\\\/www.facebook.com\\\/svenskamagasinet\",\"https:\\\/\\\/x.com\\\/SvenskaMagasine\"]},{\"@type\":\"Person\",\"@id\":\"https:\\\/\\\/lightweb.dev\\\/l\\\/svm-temp\\\/#\\\/schema\\\/person\\\/7a82b8a73d171d32360a564b6d03508e\",\"name\":\"Ola Josefsson\",\"description\":\"Bevakar Solkusten och Spanien sedan 1994.\",\"sameAs\":[\"https:\\\/\\\/lightweb.dev\\\/l\\\/svm-temp\"],\"url\":\"https:\\\/\\\/lightweb.dev\\\/l\\\/svm-temp\\\/reporter\\\/ola-josefsson\\\/\"}]}<\/script>\n<!-- \/ Yoast SEO Premium plugin. -->","yoast_head_json":{"title":"Se Sverige spela kvartsfinal i Madrid f\u00f6r 20 euro - Svenska Magasinet","robots":{"index":"noindex","follow":"follow","max-snippet":"max-snippet:-1","max-image-preview":"max-image-preview:large","max-video-preview":"max-video-preview:-1"},"og_locale":"sv_SE","og_type":"article","og_title":"Se Sverige spela kvartsfinal i Madrid f\u00f6r 20 euro","og_description":"F\u00f6r f\u00f6rsta g\u00e5ngen sedan 2011 spelar Sverige kvartsfinal i Davis Cup. Nu har du m\u00f6jligheten att se matchen direkt p\u00e5 plats i Madrid Arena f\u00f6r 20 euro. Kvartsfinalen, som best\u00e5r av tv\u00e5 singelmatcher och en dubbel, spelas torsdag 2 december klockan 16. Bl\u00e5gult m\u00f6ter det ryska f\u00f6rbundslaget. 3\u20130 mot Kanada och 1\u20132 mot Kazakstan r\u00e4ckte [&hellip;]","og_url":"https:\/\/lightweb.dev\/l\/svm-temp\/nyheter\/se-sverige-spela-kvartsfinal-i-madrid-for-20-euro\/","og_site_name":"Svenska Magasinet","article_publisher":"https:\/\/www.facebook.com\/svenskamagasinet","article_published_time":"2021-11-30T08:47:00+00:00","og_image":[{"width":500,"height":300,"url":"https:\/\/lightweb.dev\/l\/svm-temp\/wp-content\/uploads\/2022\/04\/se-sverige-spela-kvartsfinal-i-madrid-fr-20-euro.png","type":"image\/png"}],"author":"Ola Josefsson","twitter_card":"summary_large_image","twitter_creator":"@SvenskaMagasine","twitter_site":"@SvenskaMagasine","schema":{"@context":"https:\/\/schema.org","@graph":[{"@type":"Article","@id":"https:\/\/lightweb.dev\/l\/svm-temp\/nyheter\/se-sverige-spela-kvartsfinal-i-madrid-for-20-euro\/#article","isPartOf":{"@id":"https:\/\/lightweb.dev\/l\/svm-temp\/nyheter\/se-sverige-spela-kvartsfinal-i-madrid-for-20-euro\/"},"author":{"name":"Ola Josefsson","@id":"https:\/\/lightweb.dev\/l\/svm-temp\/#\/schema\/person\/7a82b8a73d171d32360a564b6d03508e"},"headline":"Se Sverige spela kvartsfinal i Madrid f\u00f6r 20 euro","datePublished":"2021-11-30T08:47:00+00:00","mainEntityOfPage":{"@id":"https:\/\/lightweb.dev\/l\/svm-temp\/nyheter\/se-sverige-spela-kvartsfinal-i-madrid-for-20-euro\/"},"wordCount":340,"commentCount":0,"publisher":{"@id":"https:\/\/lightweb.dev\/l\/svm-temp\/#organization"},"image":{"@id":"https:\/\/lightweb.dev\/l\/svm-temp\/nyheter\/se-sverige-spela-kvartsfinal-i-madrid-for-20-euro\/#primaryimage"},"thumbnailUrl":"https:\/\/lightweb.dev\/l\/svm-temp\/wp-content\/uploads\/2022\/04\/se-sverige-spela-kvartsfinal-i-madrid-fr-20-euro.png","articleSection":["Arkiv","Nyheter"],"inLanguage":"sv-SE"},{"@type":"WebPage","@id":"https:\/\/lightweb.dev\/l\/svm-temp\/nyheter\/se-sverige-spela-kvartsfinal-i-madrid-for-20-euro\/","url":"https:\/\/lightweb.dev\/l\/svm-temp\/nyheter\/se-sverige-spela-kvartsfinal-i-madrid-for-20-euro\/","name":"Se Sverige spela kvartsfinal i Madrid f\u00f6r 20 euro - Svenska Magasinet","isPartOf":{"@id":"https:\/\/lightweb.dev\/l\/svm-temp\/#website"},"primaryImageOfPage":{"@id":"https:\/\/lightweb.dev\/l\/svm-temp\/nyheter\/se-sverige-spela-kvartsfinal-i-madrid-for-20-euro\/#primaryimage"},"image":{"@id":"https:\/\/lightweb.dev\/l\/svm-temp\/nyheter\/se-sverige-spela-kvartsfinal-i-madrid-for-20-euro\/#primaryimage"},"thumbnailUrl":"https:\/\/lightweb.dev\/l\/svm-temp\/wp-content\/uploads\/2022\/04\/se-sverige-spela-kvartsfinal-i-madrid-fr-20-euro.png","datePublished":"2021-11-30T08:47:00+00:00","breadcrumb":{"@id":"https:\/\/lightweb.dev\/l\/svm-temp\/nyheter\/se-sverige-spela-kvartsfinal-i-madrid-for-20-euro\/#breadcrumb"},"inLanguage":"sv-SE","potentialAction":[{"@type":"ReadAction","target":["https:\/\/lightweb.dev\/l\/svm-temp\/nyheter\/se-sverige-spela-kvartsfinal-i-madrid-for-20-euro\/"]}]},{"@type":"ImageObject","inLanguage":"sv-SE","@id":"https:\/\/lightweb.dev\/l\/svm-temp\/nyheter\/se-sverige-spela-kvartsfinal-i-madrid-for-20-euro\/#primaryimage","url":"https:\/\/lightweb.dev\/l\/svm-temp\/wp-content\/uploads\/2022\/04\/se-sverige-spela-kvartsfinal-i-madrid-fr-20-euro.png","contentUrl":"https:\/\/lightweb.dev\/l\/svm-temp\/wp-content\/uploads\/2022\/04\/se-sverige-spela-kvartsfinal-i-madrid-fr-20-euro.png","width":500,"height":300},{"@type":"BreadcrumbList","@id":"https:\/\/lightweb.dev\/l\/svm-temp\/nyheter\/se-sverige-spela-kvartsfinal-i-madrid-for-20-euro\/#breadcrumb","itemListElement":[{"@type":"ListItem","position":1,"name":"Hem","item":"https:\/\/lightweb.dev\/l\/svm-temp\/"},{"@type":"ListItem","position":2,"name":"Se Sverige spela kvartsfinal i Madrid f\u00f6r 20 euro"}]},{"@type":"WebSite","@id":"https:\/\/lightweb.dev\/l\/svm-temp\/#website","url":"https:\/\/lightweb.dev\/l\/svm-temp\/","name":"Svenska Magasinet","description":"Dina Spanska nyheter p&aring; Svenska","publisher":{"@id":"https:\/\/lightweb.dev\/l\/svm-temp\/#organization"},"potentialAction":[{"@type":"SearchAction","target":{"@type":"EntryPoint","urlTemplate":"https:\/\/lightweb.dev\/l\/svm-temp\/?s={search_term_string}"},"query-input":{"@type":"PropertyValueSpecification","valueRequired":true,"valueName":"search_term_string"}}],"inLanguage":"sv-SE"},{"@type":"Organization","@id":"https:\/\/lightweb.dev\/l\/svm-temp\/#organization","name":"Melkerson y Nott SL","alternateName":"Svenska Magasinet","url":"https:\/\/lightweb.dev\/l\/svm-temp\/","logo":{"@type":"ImageObject","inLanguage":"sv-SE","@id":"https:\/\/lightweb.dev\/l\/svm-temp\/#\/schema\/logo\/image\/","url":"https:\/\/lightweb.dev\/l\/svm-temp\/wp-content\/uploads\/2025\/02\/SvM-logo-Xtra-Centrerad-SVART.png","contentUrl":"https:\/\/lightweb.dev\/l\/svm-temp\/wp-content\/uploads\/2025\/02\/SvM-logo-Xtra-Centrerad-SVART.png","width":300,"height":99,"caption":"Melkerson y Nott SL"},"image":{"@id":"https:\/\/lightweb.dev\/l\/svm-temp\/#\/schema\/logo\/image\/"},"sameAs":["https:\/\/www.facebook.com\/svenskamagasinet","https:\/\/x.com\/SvenskaMagasine"]},{"@type":"Person","@id":"https:\/\/lightweb.dev\/l\/svm-temp\/#\/schema\/person\/7a82b8a73d171d32360a564b6d03508e","name":"Ola Josefsson","description":"Bevakar Solkusten och Spanien sedan 1994.","sameAs":["https:\/\/lightweb.dev\/l\/svm-temp"],"url":"https:\/\/lightweb.dev\/l\/svm-temp\/reporter\/ola-josefsson\/"}]}},"_links":{"self":[{"href":"https:\/\/lightweb.dev\/l\/svm-temp\/wp-json\/wp\/v2\/posts\/1101","targetHints":{"allow":["GET"]}}],"collection":[{"href":"https:\/\/lightweb.dev\/l\/svm-temp\/wp-json\/wp\/v2\/posts"}],"about":[{"href":"https:\/\/lightweb.dev\/l\/svm-temp\/wp-json\/wp\/v2\/types\/post"}],"author":[{"embeddable":true,"href":"https:\/\/lightweb.dev\/l\/svm-temp\/wp-json\/wp\/v2\/users\/7"}],"replies":[{"embeddable":true,"href":"https:\/\/lightweb.dev\/l\/svm-temp\/wp-json\/wp\/v2\/comments?post=1101"}],"version-history":[{"count":0,"href":"https:\/\/lightweb.dev\/l\/svm-temp\/wp-json\/wp\/v2\/posts\/1101\/revisions"}],"wp:featuredmedia":[{"embeddable":true,"href":"https:\/\/lightweb.dev\/l\/svm-temp\/wp-json\/wp\/v2\/media\/1102"}],"wp:attachment":[{"href":"https:\/\/lightweb.dev\/l\/svm-temp\/wp-json\/wp\/v2\/media?parent=1101"}],"wp:term":[{"taxonomy":"category","embeddable":true,"href":"https:\/\/lightweb.dev\/l\/svm-temp\/wp-json\/wp\/v2\/categories?post=1101"},{"taxonomy":"post_tag","embeddable":true,"href":"https:\/\/lightweb.dev\/l\/svm-temp\/wp-json\/wp\/v2\/tags?post=1101"}],"curies":[{"name":"wp","href":"https:\/\/api.w.org\/{rel}","templated":true}]}}