{"id":11010,"date":"2021-11-25T09:56:00","date_gmt":"2021-11-25T08:56:00","guid":{"rendered":"https:\/\/lightweb.dev\/l\/svm-temp\/nyheter\/solkustsvensken-som-tillverkar-spanska-flaggor-infor-statsbesoket\/"},"modified":"2021-11-25T09:56:00","modified_gmt":"2021-11-25T08:56:00","slug":"solkustsvensken-som-tillverkar-spanska-flaggor-infor-statsbesoket","status":"publish","type":"post","link":"https:\/\/lightweb.dev\/l\/svm-temp\/nyheter\/solkustsvensken-som-tillverkar-spanska-flaggor-infor-statsbesoket\/","title":{"rendered":"Solkustsvensken som tillverkar spanska flaggor inf\u00f6r statsbes\u00f6ket"},"content":{"rendered":"<p> Stig Kvarnryd med semesterhus i Torremolinos och f\u00f6retaget Flagghuset Europa AB i \u00c5kersberga har haft br\u00e5da dagar inf\u00f6r statsbes\u00f6ket i Sverige d\u00e4r spanska kungaparet n\u00e4rvarar.<\/p>\n<p>&#8211; Vi \u00e4r en av f\u00e5 som tillverkar flaggor i Sverige idag. Flagghuset har anor fr\u00e5n slutet av 1800-talet med egen flaggproduktion, s\u00e4ger Stig Kvarnryd till Svenska Magasinet.<\/p>\n<p>Stig Kvarnryd har semesterhus i Torremolinos och det k\u00e4nns lite speciellt att f\u00e5 tillverka spanska flaggor inf\u00f6r statsbes\u00f6ket.<\/p>\n<p>&#8211; Att f\u00e5 tillverka den spanska flaggan f\u00e5r en att l\u00e4ngta till Solkusten med sol och v\u00e4rme. <\/p>\n<p>&#8211; V\u00e5ra s\u00f6mmerskor (bilden) har stor yrkesvana f\u00f6r att kunna producera flaggor inf\u00f6r statsbes\u00f6k. De st\u00f6rsta flaggorna m\u00e4ter 7&#215;5 meter eller 35 kvm. V\u00e5ra mont\u00f6rer monterar upp 42 flaggst\u00e4nger runt slottet vid statsbes\u00f6k f\u00f6r att sedan ta n\u00e4r n\u00e4r bes\u00f6ket \u00e4r klart.<\/p>\n<p>Bland annat har man tillverkat en sju meter stor spansk flagga plus montering av flaggst\u00e4nger runt Stockholm slott.<\/p>\n<p>&#8211; Vi syr och trycker alla typer av flaggor stora som sm\u00e5. Utvecklingen har g\u00e5tt fram\u00e5t. Det \u00e4r digitalt med textiltryck som g\u00e4ller idag. Till varje flagga beh\u00f6vs flaggst\u00e5ng som vi sj\u00e4lva tillverkar, eller via glasfiberproducenter.<\/p>\n<p>Stig Kvarnryd tog \u00f6ver verksamheten 2007 efter sin farbror som hade varit flaggmakare i \u00f6ver 40 \u00e5r. I dag bor han p\u00e5 Solkusten och flaggar med Andalusiens flagga.<\/p>\n<p>Den tidigare \u00e4garen \u00e4r Torsten Pettersson som m\u00e5nga k\u00e4nner, och en av eldsj\u00e4larna vid AHN Torremolinos.<\/p>\n<p>Stig kommer ocks\u00e5 med ett tips f\u00f6r dig som ska k\u00f6pa flagga.<\/p>\n<p>&#8211; Vill man ha en bra svensk flagga i Spanien s\u00e5 skall man v\u00e4lja en i v\u00e4vd polyester. Den h\u00e5ller mycket l\u00e4ngre i den spanska solen, s\u00e4ger Stig Kvarnryd avslutningsvis.<\/p>\n","protected":false},"excerpt":{"rendered":"<p>Stig Kvarnryd med semesterhus i Torremolinos och f\u00f6retaget Flagghuset Europa AB i \u00c5kersberga har haft br\u00e5da dagar inf\u00f6r statsbes\u00f6ket i Sverige d\u00e4r spanska kungaparet n\u00e4rvarar. &#8211; Vi \u00e4r en av f\u00e5 som tillverkar flaggor i Sverige idag. Flagghuset har anor fr\u00e5n slutet av 1800-talet med egen flaggproduktion, s\u00e4ger Stig Kvarnryd till Svenska Magasinet. Stig Kvarnryd [&hellip;]<\/p>\n","protected":false},"author":8,"featured_media":0,"comment_status":"open","ping_status":"open","sticky":false,"template":"","format":"standard","meta":{"_et_pb_use_builder":"","_et_pb_old_content":"","_et_gb_content_width":"","footnotes":""},"categories":[395,3],"tags":[],"class_list":["post-11010","post","type-post","status-publish","format-standard","hentry","category-arkiv-nyheter","category-nyheter"],"yoast_head":"<!-- This site is optimized with the Yoast SEO Premium plugin v26.2 (Yoast SEO v27.5) - https:\/\/yoast.com\/product\/yoast-seo-premium-wordpress\/ -->\n<title>Solkustsvensken som tillverkar spanska flaggor inf\u00f6r statsbes\u00f6ket - Svenska Magasinet<\/title>\n<meta name=\"robots\" content=\"noindex, follow, max-snippet:-1, max-image-preview:large, max-video-preview:-1\" \/>\n<meta property=\"og:locale\" content=\"sv_SE\" \/>\n<meta property=\"og:type\" content=\"article\" \/>\n<meta property=\"og:title\" content=\"Solkustsvensken som tillverkar spanska flaggor inf\u00f6r statsbes\u00f6ket\" \/>\n<meta property=\"og:description\" content=\"Stig Kvarnryd med semesterhus i Torremolinos och f\u00f6retaget Flagghuset Europa AB i \u00c5kersberga har haft br\u00e5da dagar inf\u00f6r statsbes\u00f6ket i Sverige d\u00e4r spanska kungaparet n\u00e4rvarar. &#8211; Vi \u00e4r en av f\u00e5 som tillverkar flaggor i Sverige idag. Flagghuset har anor fr\u00e5n slutet av 1800-talet med egen flaggproduktion, s\u00e4ger Stig Kvarnryd till Svenska Magasinet. Stig Kvarnryd [&hellip;]\" \/>\n<meta property=\"og:url\" content=\"https:\/\/lightweb.dev\/l\/svm-temp\/nyheter\/solkustsvensken-som-tillverkar-spanska-flaggor-infor-statsbesoket\/\" \/>\n<meta property=\"og:site_name\" content=\"Svenska Magasinet\" \/>\n<meta property=\"article:publisher\" content=\"https:\/\/www.facebook.com\/svenskamagasinet\" \/>\n<meta property=\"article:published_time\" content=\"2021-11-25T08:56:00+00:00\" \/>\n<meta name=\"author\" content=\"Redaktionen SvM\" \/>\n<meta name=\"twitter:card\" content=\"summary_large_image\" \/>\n<meta name=\"twitter:creator\" content=\"@SvenskaMagasine\" \/>\n<meta name=\"twitter:site\" content=\"@SvenskaMagasine\" \/>\n<script type=\"application\/ld+json\" class=\"yoast-schema-graph\">{\"@context\":\"https:\\\/\\\/schema.org\",\"@graph\":[{\"@type\":\"Article\",\"@id\":\"https:\\\/\\\/lightweb.dev\\\/l\\\/svm-temp\\\/nyheter\\\/solkustsvensken-som-tillverkar-spanska-flaggor-infor-statsbesoket\\\/#article\",\"isPartOf\":{\"@id\":\"https:\\\/\\\/lightweb.dev\\\/l\\\/svm-temp\\\/nyheter\\\/solkustsvensken-som-tillverkar-spanska-flaggor-infor-statsbesoket\\\/\"},\"author\":{\"name\":\"Redaktionen SvM\",\"@id\":\"https:\\\/\\\/lightweb.dev\\\/l\\\/svm-temp\\\/#\\\/schema\\\/person\\\/206a3bda5b607b0c25e1749191e4d837\"},\"headline\":\"Solkustsvensken som tillverkar spanska flaggor inf\u00f6r statsbes\u00f6ket\",\"datePublished\":\"2021-11-25T08:56:00+00:00\",\"mainEntityOfPage\":{\"@id\":\"https:\\\/\\\/lightweb.dev\\\/l\\\/svm-temp\\\/nyheter\\\/solkustsvensken-som-tillverkar-spanska-flaggor-infor-statsbesoket\\\/\"},\"wordCount\":321,\"commentCount\":0,\"publisher\":{\"@id\":\"https:\\\/\\\/lightweb.dev\\\/l\\\/svm-temp\\\/#organization\"},\"articleSection\":[\"Arkiv\",\"Nyheter\"],\"inLanguage\":\"sv-SE\"},{\"@type\":\"WebPage\",\"@id\":\"https:\\\/\\\/lightweb.dev\\\/l\\\/svm-temp\\\/nyheter\\\/solkustsvensken-som-tillverkar-spanska-flaggor-infor-statsbesoket\\\/\",\"url\":\"https:\\\/\\\/lightweb.dev\\\/l\\\/svm-temp\\\/nyheter\\\/solkustsvensken-som-tillverkar-spanska-flaggor-infor-statsbesoket\\\/\",\"name\":\"Solkustsvensken som tillverkar spanska flaggor inf\u00f6r statsbes\u00f6ket - Svenska Magasinet\",\"isPartOf\":{\"@id\":\"https:\\\/\\\/lightweb.dev\\\/l\\\/svm-temp\\\/#website\"},\"datePublished\":\"2021-11-25T08:56:00+00:00\",\"breadcrumb\":{\"@id\":\"https:\\\/\\\/lightweb.dev\\\/l\\\/svm-temp\\\/nyheter\\\/solkustsvensken-som-tillverkar-spanska-flaggor-infor-statsbesoket\\\/#breadcrumb\"},\"inLanguage\":\"sv-SE\",\"potentialAction\":[{\"@type\":\"ReadAction\",\"target\":[\"https:\\\/\\\/lightweb.dev\\\/l\\\/svm-temp\\\/nyheter\\\/solkustsvensken-som-tillverkar-spanska-flaggor-infor-statsbesoket\\\/\"]}]},{\"@type\":\"BreadcrumbList\",\"@id\":\"https:\\\/\\\/lightweb.dev\\\/l\\\/svm-temp\\\/nyheter\\\/solkustsvensken-som-tillverkar-spanska-flaggor-infor-statsbesoket\\\/#breadcrumb\",\"itemListElement\":[{\"@type\":\"ListItem\",\"position\":1,\"name\":\"Hem\",\"item\":\"https:\\\/\\\/lightweb.dev\\\/l\\\/svm-temp\\\/\"},{\"@type\":\"ListItem\",\"position\":2,\"name\":\"Solkustsvensken som tillverkar spanska flaggor inf\u00f6r statsbes\u00f6ket\"}]},{\"@type\":\"WebSite\",\"@id\":\"https:\\\/\\\/lightweb.dev\\\/l\\\/svm-temp\\\/#website\",\"url\":\"https:\\\/\\\/lightweb.dev\\\/l\\\/svm-temp\\\/\",\"name\":\"Svenska Magasinet\",\"description\":\"Dina Spanska nyheter p&aring; Svenska\",\"publisher\":{\"@id\":\"https:\\\/\\\/lightweb.dev\\\/l\\\/svm-temp\\\/#organization\"},\"potentialAction\":[{\"@type\":\"SearchAction\",\"target\":{\"@type\":\"EntryPoint\",\"urlTemplate\":\"https:\\\/\\\/lightweb.dev\\\/l\\\/svm-temp\\\/?s={search_term_string}\"},\"query-input\":{\"@type\":\"PropertyValueSpecification\",\"valueRequired\":true,\"valueName\":\"search_term_string\"}}],\"inLanguage\":\"sv-SE\"},{\"@type\":\"Organization\",\"@id\":\"https:\\\/\\\/lightweb.dev\\\/l\\\/svm-temp\\\/#organization\",\"name\":\"Melkerson y Nott SL\",\"alternateName\":\"Svenska Magasinet\",\"url\":\"https:\\\/\\\/lightweb.dev\\\/l\\\/svm-temp\\\/\",\"logo\":{\"@type\":\"ImageObject\",\"inLanguage\":\"sv-SE\",\"@id\":\"https:\\\/\\\/lightweb.dev\\\/l\\\/svm-temp\\\/#\\\/schema\\\/logo\\\/image\\\/\",\"url\":\"https:\\\/\\\/lightweb.dev\\\/l\\\/svm-temp\\\/wp-content\\\/uploads\\\/2025\\\/02\\\/SvM-logo-Xtra-Centrerad-SVART.png\",\"contentUrl\":\"https:\\\/\\\/lightweb.dev\\\/l\\\/svm-temp\\\/wp-content\\\/uploads\\\/2025\\\/02\\\/SvM-logo-Xtra-Centrerad-SVART.png\",\"width\":300,\"height\":99,\"caption\":\"Melkerson y Nott SL\"},\"image\":{\"@id\":\"https:\\\/\\\/lightweb.dev\\\/l\\\/svm-temp\\\/#\\\/schema\\\/logo\\\/image\\\/\"},\"sameAs\":[\"https:\\\/\\\/www.facebook.com\\\/svenskamagasinet\",\"https:\\\/\\\/x.com\\\/SvenskaMagasine\"]},{\"@type\":\"Person\",\"@id\":\"https:\\\/\\\/lightweb.dev\\\/l\\\/svm-temp\\\/#\\\/schema\\\/person\\\/206a3bda5b607b0c25e1749191e4d837\",\"name\":\"Redaktionen SvM\",\"description\":\"Redaktionen\",\"sameAs\":[\"https:\\\/\\\/lightweb.dev\\\/l\\\/svm-temp\"],\"url\":\"https:\\\/\\\/lightweb.dev\\\/l\\\/svm-temp\\\/reporter\\\/redaktionen\\\/\"}]}<\/script>\n<!-- \/ Yoast SEO Premium plugin. -->","yoast_head_json":{"title":"Solkustsvensken som tillverkar spanska flaggor inf\u00f6r statsbes\u00f6ket - Svenska Magasinet","robots":{"index":"noindex","follow":"follow","max-snippet":"max-snippet:-1","max-image-preview":"max-image-preview:large","max-video-preview":"max-video-preview:-1"},"og_locale":"sv_SE","og_type":"article","og_title":"Solkustsvensken som tillverkar spanska flaggor inf\u00f6r statsbes\u00f6ket","og_description":"Stig Kvarnryd med semesterhus i Torremolinos och f\u00f6retaget Flagghuset Europa AB i \u00c5kersberga har haft br\u00e5da dagar inf\u00f6r statsbes\u00f6ket i Sverige d\u00e4r spanska kungaparet n\u00e4rvarar. &#8211; Vi \u00e4r en av f\u00e5 som tillverkar flaggor i Sverige idag. Flagghuset har anor fr\u00e5n slutet av 1800-talet med egen flaggproduktion, s\u00e4ger Stig Kvarnryd till Svenska Magasinet. Stig Kvarnryd [&hellip;]","og_url":"https:\/\/lightweb.dev\/l\/svm-temp\/nyheter\/solkustsvensken-som-tillverkar-spanska-flaggor-infor-statsbesoket\/","og_site_name":"Svenska Magasinet","article_publisher":"https:\/\/www.facebook.com\/svenskamagasinet","article_published_time":"2021-11-25T08:56:00+00:00","author":"Redaktionen SvM","twitter_card":"summary_large_image","twitter_creator":"@SvenskaMagasine","twitter_site":"@SvenskaMagasine","schema":{"@context":"https:\/\/schema.org","@graph":[{"@type":"Article","@id":"https:\/\/lightweb.dev\/l\/svm-temp\/nyheter\/solkustsvensken-som-tillverkar-spanska-flaggor-infor-statsbesoket\/#article","isPartOf":{"@id":"https:\/\/lightweb.dev\/l\/svm-temp\/nyheter\/solkustsvensken-som-tillverkar-spanska-flaggor-infor-statsbesoket\/"},"author":{"name":"Redaktionen SvM","@id":"https:\/\/lightweb.dev\/l\/svm-temp\/#\/schema\/person\/206a3bda5b607b0c25e1749191e4d837"},"headline":"Solkustsvensken som tillverkar spanska flaggor inf\u00f6r statsbes\u00f6ket","datePublished":"2021-11-25T08:56:00+00:00","mainEntityOfPage":{"@id":"https:\/\/lightweb.dev\/l\/svm-temp\/nyheter\/solkustsvensken-som-tillverkar-spanska-flaggor-infor-statsbesoket\/"},"wordCount":321,"commentCount":0,"publisher":{"@id":"https:\/\/lightweb.dev\/l\/svm-temp\/#organization"},"articleSection":["Arkiv","Nyheter"],"inLanguage":"sv-SE"},{"@type":"WebPage","@id":"https:\/\/lightweb.dev\/l\/svm-temp\/nyheter\/solkustsvensken-som-tillverkar-spanska-flaggor-infor-statsbesoket\/","url":"https:\/\/lightweb.dev\/l\/svm-temp\/nyheter\/solkustsvensken-som-tillverkar-spanska-flaggor-infor-statsbesoket\/","name":"Solkustsvensken som tillverkar spanska flaggor inf\u00f6r statsbes\u00f6ket - Svenska Magasinet","isPartOf":{"@id":"https:\/\/lightweb.dev\/l\/svm-temp\/#website"},"datePublished":"2021-11-25T08:56:00+00:00","breadcrumb":{"@id":"https:\/\/lightweb.dev\/l\/svm-temp\/nyheter\/solkustsvensken-som-tillverkar-spanska-flaggor-infor-statsbesoket\/#breadcrumb"},"inLanguage":"sv-SE","potentialAction":[{"@type":"ReadAction","target":["https:\/\/lightweb.dev\/l\/svm-temp\/nyheter\/solkustsvensken-som-tillverkar-spanska-flaggor-infor-statsbesoket\/"]}]},{"@type":"BreadcrumbList","@id":"https:\/\/lightweb.dev\/l\/svm-temp\/nyheter\/solkustsvensken-som-tillverkar-spanska-flaggor-infor-statsbesoket\/#breadcrumb","itemListElement":[{"@type":"ListItem","position":1,"name":"Hem","item":"https:\/\/lightweb.dev\/l\/svm-temp\/"},{"@type":"ListItem","position":2,"name":"Solkustsvensken som tillverkar spanska flaggor inf\u00f6r statsbes\u00f6ket"}]},{"@type":"WebSite","@id":"https:\/\/lightweb.dev\/l\/svm-temp\/#website","url":"https:\/\/lightweb.dev\/l\/svm-temp\/","name":"Svenska Magasinet","description":"Dina Spanska nyheter p&aring; Svenska","publisher":{"@id":"https:\/\/lightweb.dev\/l\/svm-temp\/#organization"},"potentialAction":[{"@type":"SearchAction","target":{"@type":"EntryPoint","urlTemplate":"https:\/\/lightweb.dev\/l\/svm-temp\/?s={search_term_string}"},"query-input":{"@type":"PropertyValueSpecification","valueRequired":true,"valueName":"search_term_string"}}],"inLanguage":"sv-SE"},{"@type":"Organization","@id":"https:\/\/lightweb.dev\/l\/svm-temp\/#organization","name":"Melkerson y Nott SL","alternateName":"Svenska Magasinet","url":"https:\/\/lightweb.dev\/l\/svm-temp\/","logo":{"@type":"ImageObject","inLanguage":"sv-SE","@id":"https:\/\/lightweb.dev\/l\/svm-temp\/#\/schema\/logo\/image\/","url":"https:\/\/lightweb.dev\/l\/svm-temp\/wp-content\/uploads\/2025\/02\/SvM-logo-Xtra-Centrerad-SVART.png","contentUrl":"https:\/\/lightweb.dev\/l\/svm-temp\/wp-content\/uploads\/2025\/02\/SvM-logo-Xtra-Centrerad-SVART.png","width":300,"height":99,"caption":"Melkerson y Nott SL"},"image":{"@id":"https:\/\/lightweb.dev\/l\/svm-temp\/#\/schema\/logo\/image\/"},"sameAs":["https:\/\/www.facebook.com\/svenskamagasinet","https:\/\/x.com\/SvenskaMagasine"]},{"@type":"Person","@id":"https:\/\/lightweb.dev\/l\/svm-temp\/#\/schema\/person\/206a3bda5b607b0c25e1749191e4d837","name":"Redaktionen SvM","description":"Redaktionen","sameAs":["https:\/\/lightweb.dev\/l\/svm-temp"],"url":"https:\/\/lightweb.dev\/l\/svm-temp\/reporter\/redaktionen\/"}]}},"_links":{"self":[{"href":"https:\/\/lightweb.dev\/l\/svm-temp\/wp-json\/wp\/v2\/posts\/11010","targetHints":{"allow":["GET"]}}],"collection":[{"href":"https:\/\/lightweb.dev\/l\/svm-temp\/wp-json\/wp\/v2\/posts"}],"about":[{"href":"https:\/\/lightweb.dev\/l\/svm-temp\/wp-json\/wp\/v2\/types\/post"}],"author":[{"embeddable":true,"href":"https:\/\/lightweb.dev\/l\/svm-temp\/wp-json\/wp\/v2\/users\/8"}],"replies":[{"embeddable":true,"href":"https:\/\/lightweb.dev\/l\/svm-temp\/wp-json\/wp\/v2\/comments?post=11010"}],"version-history":[{"count":0,"href":"https:\/\/lightweb.dev\/l\/svm-temp\/wp-json\/wp\/v2\/posts\/11010\/revisions"}],"wp:attachment":[{"href":"https:\/\/lightweb.dev\/l\/svm-temp\/wp-json\/wp\/v2\/media?parent=11010"}],"wp:term":[{"taxonomy":"category","embeddable":true,"href":"https:\/\/lightweb.dev\/l\/svm-temp\/wp-json\/wp\/v2\/categories?post=11010"},{"taxonomy":"post_tag","embeddable":true,"href":"https:\/\/lightweb.dev\/l\/svm-temp\/wp-json\/wp\/v2\/tags?post=11010"}],"curies":[{"name":"wp","href":"https:\/\/api.w.org\/{rel}","templated":true}]}}