{"id":11016,"date":"2021-11-25T15:32:00","date_gmt":"2021-11-25T14:32:00","guid":{"rendered":"https:\/\/lightweb.dev\/l\/svm-temp\/nyheter\/solkusten-har-lagst-andel-vaccinerade\/"},"modified":"2021-11-25T15:32:00","modified_gmt":"2021-11-25T14:32:00","slug":"solkusten-har-lagst-andel-vaccinerade","status":"publish","type":"post","link":"https:\/\/lightweb.dev\/l\/svm-temp\/nyheter\/solkusten-har-lagst-andel-vaccinerade\/","title":{"rendered":"Solkusten har l\u00e4gst andel vaccinerade"},"content":{"rendered":"<p> Bara 62 procent av befolkningen i Fuengirola \u00e4r fullvaccinerade. Det g\u00f6r Fuengirola till den kommun med l\u00e4gst andel. I \u00e5ldergruppen 20 till 29 \u00e5r \u00e4r endast 55,9 procent fullvaccinerade. Det visar siffror \u00f6ver covidvaccineringen fram till 23 november fr\u00e5n IECA (Instituto de Estad\u00edstica y Cartograf\u00eda de Andaluc\u00eda).<br \/>\n Bland Andalusiens sjukv\u00e5rdsdistrikt har Costa del Sol l\u00e4gst andel vaccinerade. Det visar den genomg\u00e5ng som Diario SUR l\u00e5tit g\u00f6ra och som redovisas i fredagens nummer.<\/p>\n<p>68 procent av befolkningen i sjukv\u00e5rdsdistriktet Costa del Sol \u00e4r fullt vaccinerade. Det \u00e4r betydligt l\u00e4gre \u00e4n det andalusiska genomsnittet p\u00e5 80,5 eller genomsnittet f\u00f6r M\u00e1lagaprovinsen, 76, 2 procent. I Granadaprovinsen ligger snittet p\u00e5 81,5 procent.<\/p>\n<p>Det \u00e4r omkring 400.000 inv\u00e5nare \u00f6ver 12 \u00e5r som inte \u00e4r vaccinerade mot SARS-CoV-2 i Andalusien. Av dessa bor drygt h\u00e4lften i M\u00e1lagaprovinsen.<\/p>\n<p>Av samtliga \u00e5ldersgrupper \u00e4r de i trettio\u00e5rs\u00e5ldern mest ovilliga till att bli vaccinerade f\u00f6ljt av dem i tjugo\u00e5rs\u00e5ldern. H\u00f6gsta andel vaccinerade hittar vi hos 80+.<\/p>\n<p>I \u00e5ldersgruppen 12 till 19 \u00e5r \u00e4r 81,9 procent vaccinerade vilket \u00e4r mer \u00e4n bland tjugo- och trettio\u00e5rs\u00e5ldern. F\u00f6r\u00e4ldrar har spelat en viktig roll i att g\u00f6ra barnen medvetna om vaccinering.<\/p>\n<p>Att andelen vaccinerade \u00e4r l\u00e4gre p\u00e5 Costa del Sol beror p\u00e5 det stora antalet utl\u00e4nningar varav vissa inte vill bli vaccinerade. Och \u00e4ven om m\u00e5nga utl\u00e4nningar \u00e4r bosatta p\u00e5 Solkusten finns m\u00f6jligheten att en del har blivit vaccinerade i sina ursprungsl\u00e4nder och inte r\u00e4knas in i statistiken \u00f6ver administrerade doser p\u00e5 Solkusten.<\/p>\n<p>Fuengirola redovisar allts\u00e5 den l\u00e4gsta andelen vaccinerade. L\u00e4gre \u00e4n provinsens genomsnitt redovisar \u00e4ven Torremolinos med 68,6 procent f\u00f6ljt av Marbella och Benalm\u00e1dena med 72 och Estepona med 72,1 procent.<\/p>\n","protected":false},"excerpt":{"rendered":"<p>Bara 62 procent av befolkningen i Fuengirola \u00e4r fullvaccinerade. Det g\u00f6r Fuengirola till den kommun med l\u00e4gst andel. I \u00e5ldergruppen 20 till 29 \u00e5r \u00e4r endast 55,9 procent fullvaccinerade. Det visar siffror \u00f6ver covidvaccineringen fram till 23 november fr\u00e5n IECA (Instituto de Estad\u00edstica y Cartograf\u00eda de Andaluc\u00eda). Bland Andalusiens sjukv\u00e5rdsdistrikt har Costa del Sol l\u00e4gst [&hellip;]<\/p>\n","protected":false},"author":8,"featured_media":0,"comment_status":"open","ping_status":"open","sticky":false,"template":"","format":"standard","meta":{"_et_pb_use_builder":"","_et_pb_old_content":"","_et_gb_content_width":"","footnotes":""},"categories":[395,3],"tags":[],"class_list":["post-11016","post","type-post","status-publish","format-standard","hentry","category-arkiv-nyheter","category-nyheter"],"yoast_head":"<!-- This site is optimized with the Yoast SEO Premium plugin v26.2 (Yoast SEO v27.5) - https:\/\/yoast.com\/product\/yoast-seo-premium-wordpress\/ -->\n<title>Solkusten har l\u00e4gst andel vaccinerade - Svenska Magasinet<\/title>\n<meta name=\"robots\" content=\"noindex, follow, max-snippet:-1, max-image-preview:large, max-video-preview:-1\" \/>\n<meta property=\"og:locale\" content=\"sv_SE\" \/>\n<meta property=\"og:type\" content=\"article\" \/>\n<meta property=\"og:title\" content=\"Solkusten har l\u00e4gst andel vaccinerade\" \/>\n<meta property=\"og:description\" content=\"Bara 62 procent av befolkningen i Fuengirola \u00e4r fullvaccinerade. Det g\u00f6r Fuengirola till den kommun med l\u00e4gst andel. I \u00e5ldergruppen 20 till 29 \u00e5r \u00e4r endast 55,9 procent fullvaccinerade. Det visar siffror \u00f6ver covidvaccineringen fram till 23 november fr\u00e5n IECA (Instituto de Estad\u00edstica y Cartograf\u00eda de Andaluc\u00eda). Bland Andalusiens sjukv\u00e5rdsdistrikt har Costa del Sol l\u00e4gst [&hellip;]\" \/>\n<meta property=\"og:url\" content=\"https:\/\/lightweb.dev\/l\/svm-temp\/nyheter\/solkusten-har-lagst-andel-vaccinerade\/\" \/>\n<meta property=\"og:site_name\" content=\"Svenska Magasinet\" \/>\n<meta property=\"article:publisher\" content=\"https:\/\/www.facebook.com\/svenskamagasinet\" \/>\n<meta property=\"article:published_time\" content=\"2021-11-25T14:32:00+00:00\" \/>\n<meta name=\"author\" content=\"Redaktionen SvM\" \/>\n<meta name=\"twitter:card\" content=\"summary_large_image\" \/>\n<meta name=\"twitter:creator\" content=\"@SvenskaMagasine\" \/>\n<meta name=\"twitter:site\" content=\"@SvenskaMagasine\" \/>\n<script type=\"application\/ld+json\" class=\"yoast-schema-graph\">{\"@context\":\"https:\\\/\\\/schema.org\",\"@graph\":[{\"@type\":\"Article\",\"@id\":\"https:\\\/\\\/lightweb.dev\\\/l\\\/svm-temp\\\/nyheter\\\/solkusten-har-lagst-andel-vaccinerade\\\/#article\",\"isPartOf\":{\"@id\":\"https:\\\/\\\/lightweb.dev\\\/l\\\/svm-temp\\\/nyheter\\\/solkusten-har-lagst-andel-vaccinerade\\\/\"},\"author\":{\"name\":\"Redaktionen SvM\",\"@id\":\"https:\\\/\\\/lightweb.dev\\\/l\\\/svm-temp\\\/#\\\/schema\\\/person\\\/206a3bda5b607b0c25e1749191e4d837\"},\"headline\":\"Solkusten har l\u00e4gst andel vaccinerade\",\"datePublished\":\"2021-11-25T14:32:00+00:00\",\"mainEntityOfPage\":{\"@id\":\"https:\\\/\\\/lightweb.dev\\\/l\\\/svm-temp\\\/nyheter\\\/solkusten-har-lagst-andel-vaccinerade\\\/\"},\"wordCount\":295,\"commentCount\":0,\"publisher\":{\"@id\":\"https:\\\/\\\/lightweb.dev\\\/l\\\/svm-temp\\\/#organization\"},\"articleSection\":[\"Arkiv\",\"Nyheter\"],\"inLanguage\":\"sv-SE\"},{\"@type\":\"WebPage\",\"@id\":\"https:\\\/\\\/lightweb.dev\\\/l\\\/svm-temp\\\/nyheter\\\/solkusten-har-lagst-andel-vaccinerade\\\/\",\"url\":\"https:\\\/\\\/lightweb.dev\\\/l\\\/svm-temp\\\/nyheter\\\/solkusten-har-lagst-andel-vaccinerade\\\/\",\"name\":\"Solkusten har l\u00e4gst andel vaccinerade - Svenska Magasinet\",\"isPartOf\":{\"@id\":\"https:\\\/\\\/lightweb.dev\\\/l\\\/svm-temp\\\/#website\"},\"datePublished\":\"2021-11-25T14:32:00+00:00\",\"breadcrumb\":{\"@id\":\"https:\\\/\\\/lightweb.dev\\\/l\\\/svm-temp\\\/nyheter\\\/solkusten-har-lagst-andel-vaccinerade\\\/#breadcrumb\"},\"inLanguage\":\"sv-SE\",\"potentialAction\":[{\"@type\":\"ReadAction\",\"target\":[\"https:\\\/\\\/lightweb.dev\\\/l\\\/svm-temp\\\/nyheter\\\/solkusten-har-lagst-andel-vaccinerade\\\/\"]}]},{\"@type\":\"BreadcrumbList\",\"@id\":\"https:\\\/\\\/lightweb.dev\\\/l\\\/svm-temp\\\/nyheter\\\/solkusten-har-lagst-andel-vaccinerade\\\/#breadcrumb\",\"itemListElement\":[{\"@type\":\"ListItem\",\"position\":1,\"name\":\"Hem\",\"item\":\"https:\\\/\\\/lightweb.dev\\\/l\\\/svm-temp\\\/\"},{\"@type\":\"ListItem\",\"position\":2,\"name\":\"Solkusten har l\u00e4gst andel vaccinerade\"}]},{\"@type\":\"WebSite\",\"@id\":\"https:\\\/\\\/lightweb.dev\\\/l\\\/svm-temp\\\/#website\",\"url\":\"https:\\\/\\\/lightweb.dev\\\/l\\\/svm-temp\\\/\",\"name\":\"Svenska Magasinet\",\"description\":\"Dina Spanska nyheter p&aring; Svenska\",\"publisher\":{\"@id\":\"https:\\\/\\\/lightweb.dev\\\/l\\\/svm-temp\\\/#organization\"},\"potentialAction\":[{\"@type\":\"SearchAction\",\"target\":{\"@type\":\"EntryPoint\",\"urlTemplate\":\"https:\\\/\\\/lightweb.dev\\\/l\\\/svm-temp\\\/?s={search_term_string}\"},\"query-input\":{\"@type\":\"PropertyValueSpecification\",\"valueRequired\":true,\"valueName\":\"search_term_string\"}}],\"inLanguage\":\"sv-SE\"},{\"@type\":\"Organization\",\"@id\":\"https:\\\/\\\/lightweb.dev\\\/l\\\/svm-temp\\\/#organization\",\"name\":\"Melkerson y Nott SL\",\"alternateName\":\"Svenska Magasinet\",\"url\":\"https:\\\/\\\/lightweb.dev\\\/l\\\/svm-temp\\\/\",\"logo\":{\"@type\":\"ImageObject\",\"inLanguage\":\"sv-SE\",\"@id\":\"https:\\\/\\\/lightweb.dev\\\/l\\\/svm-temp\\\/#\\\/schema\\\/logo\\\/image\\\/\",\"url\":\"https:\\\/\\\/lightweb.dev\\\/l\\\/svm-temp\\\/wp-content\\\/uploads\\\/2025\\\/02\\\/SvM-logo-Xtra-Centrerad-SVART.png\",\"contentUrl\":\"https:\\\/\\\/lightweb.dev\\\/l\\\/svm-temp\\\/wp-content\\\/uploads\\\/2025\\\/02\\\/SvM-logo-Xtra-Centrerad-SVART.png\",\"width\":300,\"height\":99,\"caption\":\"Melkerson y Nott SL\"},\"image\":{\"@id\":\"https:\\\/\\\/lightweb.dev\\\/l\\\/svm-temp\\\/#\\\/schema\\\/logo\\\/image\\\/\"},\"sameAs\":[\"https:\\\/\\\/www.facebook.com\\\/svenskamagasinet\",\"https:\\\/\\\/x.com\\\/SvenskaMagasine\"]},{\"@type\":\"Person\",\"@id\":\"https:\\\/\\\/lightweb.dev\\\/l\\\/svm-temp\\\/#\\\/schema\\\/person\\\/206a3bda5b607b0c25e1749191e4d837\",\"name\":\"Redaktionen SvM\",\"description\":\"Redaktionen\",\"sameAs\":[\"https:\\\/\\\/lightweb.dev\\\/l\\\/svm-temp\"],\"url\":\"https:\\\/\\\/lightweb.dev\\\/l\\\/svm-temp\\\/reporter\\\/redaktionen\\\/\"}]}<\/script>\n<!-- \/ Yoast SEO Premium plugin. -->","yoast_head_json":{"title":"Solkusten har l\u00e4gst andel vaccinerade - Svenska Magasinet","robots":{"index":"noindex","follow":"follow","max-snippet":"max-snippet:-1","max-image-preview":"max-image-preview:large","max-video-preview":"max-video-preview:-1"},"og_locale":"sv_SE","og_type":"article","og_title":"Solkusten har l\u00e4gst andel vaccinerade","og_description":"Bara 62 procent av befolkningen i Fuengirola \u00e4r fullvaccinerade. Det g\u00f6r Fuengirola till den kommun med l\u00e4gst andel. I \u00e5ldergruppen 20 till 29 \u00e5r \u00e4r endast 55,9 procent fullvaccinerade. Det visar siffror \u00f6ver covidvaccineringen fram till 23 november fr\u00e5n IECA (Instituto de Estad\u00edstica y Cartograf\u00eda de Andaluc\u00eda). Bland Andalusiens sjukv\u00e5rdsdistrikt har Costa del Sol l\u00e4gst [&hellip;]","og_url":"https:\/\/lightweb.dev\/l\/svm-temp\/nyheter\/solkusten-har-lagst-andel-vaccinerade\/","og_site_name":"Svenska Magasinet","article_publisher":"https:\/\/www.facebook.com\/svenskamagasinet","article_published_time":"2021-11-25T14:32:00+00:00","author":"Redaktionen SvM","twitter_card":"summary_large_image","twitter_creator":"@SvenskaMagasine","twitter_site":"@SvenskaMagasine","schema":{"@context":"https:\/\/schema.org","@graph":[{"@type":"Article","@id":"https:\/\/lightweb.dev\/l\/svm-temp\/nyheter\/solkusten-har-lagst-andel-vaccinerade\/#article","isPartOf":{"@id":"https:\/\/lightweb.dev\/l\/svm-temp\/nyheter\/solkusten-har-lagst-andel-vaccinerade\/"},"author":{"name":"Redaktionen SvM","@id":"https:\/\/lightweb.dev\/l\/svm-temp\/#\/schema\/person\/206a3bda5b607b0c25e1749191e4d837"},"headline":"Solkusten har l\u00e4gst andel vaccinerade","datePublished":"2021-11-25T14:32:00+00:00","mainEntityOfPage":{"@id":"https:\/\/lightweb.dev\/l\/svm-temp\/nyheter\/solkusten-har-lagst-andel-vaccinerade\/"},"wordCount":295,"commentCount":0,"publisher":{"@id":"https:\/\/lightweb.dev\/l\/svm-temp\/#organization"},"articleSection":["Arkiv","Nyheter"],"inLanguage":"sv-SE"},{"@type":"WebPage","@id":"https:\/\/lightweb.dev\/l\/svm-temp\/nyheter\/solkusten-har-lagst-andel-vaccinerade\/","url":"https:\/\/lightweb.dev\/l\/svm-temp\/nyheter\/solkusten-har-lagst-andel-vaccinerade\/","name":"Solkusten har l\u00e4gst andel vaccinerade - Svenska Magasinet","isPartOf":{"@id":"https:\/\/lightweb.dev\/l\/svm-temp\/#website"},"datePublished":"2021-11-25T14:32:00+00:00","breadcrumb":{"@id":"https:\/\/lightweb.dev\/l\/svm-temp\/nyheter\/solkusten-har-lagst-andel-vaccinerade\/#breadcrumb"},"inLanguage":"sv-SE","potentialAction":[{"@type":"ReadAction","target":["https:\/\/lightweb.dev\/l\/svm-temp\/nyheter\/solkusten-har-lagst-andel-vaccinerade\/"]}]},{"@type":"BreadcrumbList","@id":"https:\/\/lightweb.dev\/l\/svm-temp\/nyheter\/solkusten-har-lagst-andel-vaccinerade\/#breadcrumb","itemListElement":[{"@type":"ListItem","position":1,"name":"Hem","item":"https:\/\/lightweb.dev\/l\/svm-temp\/"},{"@type":"ListItem","position":2,"name":"Solkusten har l\u00e4gst andel vaccinerade"}]},{"@type":"WebSite","@id":"https:\/\/lightweb.dev\/l\/svm-temp\/#website","url":"https:\/\/lightweb.dev\/l\/svm-temp\/","name":"Svenska Magasinet","description":"Dina Spanska nyheter p&aring; Svenska","publisher":{"@id":"https:\/\/lightweb.dev\/l\/svm-temp\/#organization"},"potentialAction":[{"@type":"SearchAction","target":{"@type":"EntryPoint","urlTemplate":"https:\/\/lightweb.dev\/l\/svm-temp\/?s={search_term_string}"},"query-input":{"@type":"PropertyValueSpecification","valueRequired":true,"valueName":"search_term_string"}}],"inLanguage":"sv-SE"},{"@type":"Organization","@id":"https:\/\/lightweb.dev\/l\/svm-temp\/#organization","name":"Melkerson y Nott SL","alternateName":"Svenska Magasinet","url":"https:\/\/lightweb.dev\/l\/svm-temp\/","logo":{"@type":"ImageObject","inLanguage":"sv-SE","@id":"https:\/\/lightweb.dev\/l\/svm-temp\/#\/schema\/logo\/image\/","url":"https:\/\/lightweb.dev\/l\/svm-temp\/wp-content\/uploads\/2025\/02\/SvM-logo-Xtra-Centrerad-SVART.png","contentUrl":"https:\/\/lightweb.dev\/l\/svm-temp\/wp-content\/uploads\/2025\/02\/SvM-logo-Xtra-Centrerad-SVART.png","width":300,"height":99,"caption":"Melkerson y Nott SL"},"image":{"@id":"https:\/\/lightweb.dev\/l\/svm-temp\/#\/schema\/logo\/image\/"},"sameAs":["https:\/\/www.facebook.com\/svenskamagasinet","https:\/\/x.com\/SvenskaMagasine"]},{"@type":"Person","@id":"https:\/\/lightweb.dev\/l\/svm-temp\/#\/schema\/person\/206a3bda5b607b0c25e1749191e4d837","name":"Redaktionen SvM","description":"Redaktionen","sameAs":["https:\/\/lightweb.dev\/l\/svm-temp"],"url":"https:\/\/lightweb.dev\/l\/svm-temp\/reporter\/redaktionen\/"}]}},"_links":{"self":[{"href":"https:\/\/lightweb.dev\/l\/svm-temp\/wp-json\/wp\/v2\/posts\/11016","targetHints":{"allow":["GET"]}}],"collection":[{"href":"https:\/\/lightweb.dev\/l\/svm-temp\/wp-json\/wp\/v2\/posts"}],"about":[{"href":"https:\/\/lightweb.dev\/l\/svm-temp\/wp-json\/wp\/v2\/types\/post"}],"author":[{"embeddable":true,"href":"https:\/\/lightweb.dev\/l\/svm-temp\/wp-json\/wp\/v2\/users\/8"}],"replies":[{"embeddable":true,"href":"https:\/\/lightweb.dev\/l\/svm-temp\/wp-json\/wp\/v2\/comments?post=11016"}],"version-history":[{"count":0,"href":"https:\/\/lightweb.dev\/l\/svm-temp\/wp-json\/wp\/v2\/posts\/11016\/revisions"}],"wp:attachment":[{"href":"https:\/\/lightweb.dev\/l\/svm-temp\/wp-json\/wp\/v2\/media?parent=11016"}],"wp:term":[{"taxonomy":"category","embeddable":true,"href":"https:\/\/lightweb.dev\/l\/svm-temp\/wp-json\/wp\/v2\/categories?post=11016"},{"taxonomy":"post_tag","embeddable":true,"href":"https:\/\/lightweb.dev\/l\/svm-temp\/wp-json\/wp\/v2\/tags?post=11016"}],"curies":[{"name":"wp","href":"https:\/\/api.w.org\/{rel}","templated":true}]}}