{"id":11018,"date":"2021-11-24T09:54:00","date_gmt":"2021-11-24T08:54:00","guid":{"rendered":"https:\/\/lightweb.dev\/l\/svm-temp\/nyheter\/ladies-european-tour-avslutar-pa-los-naranjos\/"},"modified":"2021-11-24T09:54:00","modified_gmt":"2021-11-24T08:54:00","slug":"ladies-european-tour-avslutar-pa-los-naranjos","status":"publish","type":"post","link":"https:\/\/lightweb.dev\/l\/svm-temp\/nyheter\/ladies-european-tour-avslutar-pa-los-naranjos\/","title":{"rendered":"Ladies European Tour avslutar p\u00e5 Los Naranjos"},"content":{"rendered":"<p> P\u00e5 torsdagen inleds den sista turneringen p\u00e5 \u00e5rets Ladies European Tour n\u00e4r Andaluc\u00eda Costa del Sol Open de Espa\u00f1a Femenino avg\u00f6rs p\u00e5 Los Naranjos i Marbella. Efter att Guadalmina arrangerade en lyckad turnering 2020 \u00e4r det dags f\u00f6r den k\u00e4nda Apelsinbanan i golfdalen Nueva Andalucia. Har du inte m\u00f6jlighet att se t\u00e4vlingen p\u00e5 plats blir det tre timmars direkts\u00e4ndning mellan torsdag till s\u00f6ndag fr\u00e5n 14.30 till 17.30 i den \u00f6ppna sportkanalen Teledeporte plus Movistar+Golf och Canal Sur. T\u00e4vlingen som spelas fr\u00e5n torsdag till s\u00f6ndag \u00e4r betydelsefull f\u00f6r b\u00e5de turism och golfn\u00e4ringen p\u00e5 kusten. Till \u00e5rets upplaga har prispengarna \u00f6kat till 250.000 euro.<\/p>\n<p>Spanska golff\u00f6rbundets ordf\u00f6rande, Gonzaga Escauriaza, gav stort ber\u00f6m till banan vid en presskonferens. Kvalit\u00e9n \u00e4r utm\u00e4rkt och samtliga institutioner som medverkar till att t\u00e4vlingen kan arrangeras har gjort ett utm\u00e4rkt arbete.<\/p>\n<p>Det blir ett bra startf\u00e4lt p\u00e5 Los Naranjos d\u00e4r blott 18-\u00e5riga Atthaya Thitikul fr\u00e5n Thailand kommer att bli det stora dragpl\u00e5stret. Hon \u00e4r den yngsta golfaren n\u00e5gonsin att vinna en professionell golfturnering. Hon var 14 \u00e5r, 4 m\u00e5nader och 19 dagar vid segern i Ladies European Thailand Championship som amat\u00f6r den 9 juli 2017.<\/p>\n<p>17 spanska spelare finns med i startf\u00e4ltet. Bland annat Carlota Ciganda som i \u00e5r gjorde sin femte Solheim Cup. M\u00e1lagaspelaren Ana Pel\u00e1ez \u00e4r en annan som kommer att f\u00f6ljas extra noga.<\/p>\n<p>D\u00e4remot s\u00e5 deltar inte hemmaspelaren Azahara Mu\u00f1oz som har gjort en paus i karri\u00e4ren eftersom hon v\u00e4ntar barn. N\u00e5gra andra Marbellaspelare som finns med fr\u00e5n torsdag \u00e4r Noem\u00ed Jim\u00e9nez och Laura G\u00f3mez.<\/p>\n<p>\u00c5tta svenska golfspelare finns med p\u00e5 Los Naranjos. Leaderboard hittar du H\u00c4R<\/p>\n","protected":false},"excerpt":{"rendered":"<p>P\u00e5 torsdagen inleds den sista turneringen p\u00e5 \u00e5rets Ladies European Tour n\u00e4r Andaluc\u00eda Costa del Sol Open de Espa\u00f1a Femenino avg\u00f6rs p\u00e5 Los Naranjos i Marbella. Efter att Guadalmina arrangerade en lyckad turnering 2020 \u00e4r det dags f\u00f6r den k\u00e4nda Apelsinbanan i golfdalen Nueva Andalucia. Har du inte m\u00f6jlighet att se t\u00e4vlingen p\u00e5 plats blir [&hellip;]<\/p>\n","protected":false},"author":8,"featured_media":0,"comment_status":"open","ping_status":"open","sticky":false,"template":"","format":"standard","meta":{"_et_pb_use_builder":"","_et_pb_old_content":"","_et_gb_content_width":"","footnotes":""},"categories":[395,3],"tags":[],"class_list":["post-11018","post","type-post","status-publish","format-standard","hentry","category-arkiv-nyheter","category-nyheter"],"yoast_head":"<!-- This site is optimized with the Yoast SEO Premium plugin v26.2 (Yoast SEO v27.5) - https:\/\/yoast.com\/product\/yoast-seo-premium-wordpress\/ -->\n<title>Ladies European Tour avslutar p\u00e5 Los Naranjos - Svenska Magasinet<\/title>\n<meta name=\"robots\" content=\"noindex, follow, max-snippet:-1, max-image-preview:large, max-video-preview:-1\" \/>\n<meta property=\"og:locale\" content=\"sv_SE\" \/>\n<meta property=\"og:type\" content=\"article\" \/>\n<meta property=\"og:title\" content=\"Ladies European Tour avslutar p\u00e5 Los Naranjos\" \/>\n<meta property=\"og:description\" content=\"P\u00e5 torsdagen inleds den sista turneringen p\u00e5 \u00e5rets Ladies European Tour n\u00e4r Andaluc\u00eda Costa del Sol Open de Espa\u00f1a Femenino avg\u00f6rs p\u00e5 Los Naranjos i Marbella. Efter att Guadalmina arrangerade en lyckad turnering 2020 \u00e4r det dags f\u00f6r den k\u00e4nda Apelsinbanan i golfdalen Nueva Andalucia. Har du inte m\u00f6jlighet att se t\u00e4vlingen p\u00e5 plats blir [&hellip;]\" \/>\n<meta property=\"og:url\" content=\"https:\/\/lightweb.dev\/l\/svm-temp\/nyheter\/ladies-european-tour-avslutar-pa-los-naranjos\/\" \/>\n<meta property=\"og:site_name\" content=\"Svenska Magasinet\" \/>\n<meta property=\"article:publisher\" content=\"https:\/\/www.facebook.com\/svenskamagasinet\" \/>\n<meta property=\"article:published_time\" content=\"2021-11-24T08:54:00+00:00\" \/>\n<meta name=\"author\" content=\"Redaktionen SvM\" \/>\n<meta name=\"twitter:card\" content=\"summary_large_image\" \/>\n<meta name=\"twitter:creator\" content=\"@SvenskaMagasine\" \/>\n<meta name=\"twitter:site\" content=\"@SvenskaMagasine\" \/>\n<script type=\"application\/ld+json\" class=\"yoast-schema-graph\">{\"@context\":\"https:\\\/\\\/schema.org\",\"@graph\":[{\"@type\":\"Article\",\"@id\":\"https:\\\/\\\/lightweb.dev\\\/l\\\/svm-temp\\\/nyheter\\\/ladies-european-tour-avslutar-pa-los-naranjos\\\/#article\",\"isPartOf\":{\"@id\":\"https:\\\/\\\/lightweb.dev\\\/l\\\/svm-temp\\\/nyheter\\\/ladies-european-tour-avslutar-pa-los-naranjos\\\/\"},\"author\":{\"name\":\"Redaktionen SvM\",\"@id\":\"https:\\\/\\\/lightweb.dev\\\/l\\\/svm-temp\\\/#\\\/schema\\\/person\\\/206a3bda5b607b0c25e1749191e4d837\"},\"headline\":\"Ladies European Tour avslutar p\u00e5 Los Naranjos\",\"datePublished\":\"2021-11-24T08:54:00+00:00\",\"mainEntityOfPage\":{\"@id\":\"https:\\\/\\\/lightweb.dev\\\/l\\\/svm-temp\\\/nyheter\\\/ladies-european-tour-avslutar-pa-los-naranjos\\\/\"},\"wordCount\":305,\"commentCount\":0,\"publisher\":{\"@id\":\"https:\\\/\\\/lightweb.dev\\\/l\\\/svm-temp\\\/#organization\"},\"articleSection\":[\"Arkiv\",\"Nyheter\"],\"inLanguage\":\"sv-SE\"},{\"@type\":\"WebPage\",\"@id\":\"https:\\\/\\\/lightweb.dev\\\/l\\\/svm-temp\\\/nyheter\\\/ladies-european-tour-avslutar-pa-los-naranjos\\\/\",\"url\":\"https:\\\/\\\/lightweb.dev\\\/l\\\/svm-temp\\\/nyheter\\\/ladies-european-tour-avslutar-pa-los-naranjos\\\/\",\"name\":\"Ladies European Tour avslutar p\u00e5 Los Naranjos - Svenska Magasinet\",\"isPartOf\":{\"@id\":\"https:\\\/\\\/lightweb.dev\\\/l\\\/svm-temp\\\/#website\"},\"datePublished\":\"2021-11-24T08:54:00+00:00\",\"breadcrumb\":{\"@id\":\"https:\\\/\\\/lightweb.dev\\\/l\\\/svm-temp\\\/nyheter\\\/ladies-european-tour-avslutar-pa-los-naranjos\\\/#breadcrumb\"},\"inLanguage\":\"sv-SE\",\"potentialAction\":[{\"@type\":\"ReadAction\",\"target\":[\"https:\\\/\\\/lightweb.dev\\\/l\\\/svm-temp\\\/nyheter\\\/ladies-european-tour-avslutar-pa-los-naranjos\\\/\"]}]},{\"@type\":\"BreadcrumbList\",\"@id\":\"https:\\\/\\\/lightweb.dev\\\/l\\\/svm-temp\\\/nyheter\\\/ladies-european-tour-avslutar-pa-los-naranjos\\\/#breadcrumb\",\"itemListElement\":[{\"@type\":\"ListItem\",\"position\":1,\"name\":\"Hem\",\"item\":\"https:\\\/\\\/lightweb.dev\\\/l\\\/svm-temp\\\/\"},{\"@type\":\"ListItem\",\"position\":2,\"name\":\"Ladies European Tour avslutar p\u00e5 Los Naranjos\"}]},{\"@type\":\"WebSite\",\"@id\":\"https:\\\/\\\/lightweb.dev\\\/l\\\/svm-temp\\\/#website\",\"url\":\"https:\\\/\\\/lightweb.dev\\\/l\\\/svm-temp\\\/\",\"name\":\"Svenska Magasinet\",\"description\":\"Dina Spanska nyheter p&aring; Svenska\",\"publisher\":{\"@id\":\"https:\\\/\\\/lightweb.dev\\\/l\\\/svm-temp\\\/#organization\"},\"potentialAction\":[{\"@type\":\"SearchAction\",\"target\":{\"@type\":\"EntryPoint\",\"urlTemplate\":\"https:\\\/\\\/lightweb.dev\\\/l\\\/svm-temp\\\/?s={search_term_string}\"},\"query-input\":{\"@type\":\"PropertyValueSpecification\",\"valueRequired\":true,\"valueName\":\"search_term_string\"}}],\"inLanguage\":\"sv-SE\"},{\"@type\":\"Organization\",\"@id\":\"https:\\\/\\\/lightweb.dev\\\/l\\\/svm-temp\\\/#organization\",\"name\":\"Melkerson y Nott SL\",\"alternateName\":\"Svenska Magasinet\",\"url\":\"https:\\\/\\\/lightweb.dev\\\/l\\\/svm-temp\\\/\",\"logo\":{\"@type\":\"ImageObject\",\"inLanguage\":\"sv-SE\",\"@id\":\"https:\\\/\\\/lightweb.dev\\\/l\\\/svm-temp\\\/#\\\/schema\\\/logo\\\/image\\\/\",\"url\":\"https:\\\/\\\/lightweb.dev\\\/l\\\/svm-temp\\\/wp-content\\\/uploads\\\/2025\\\/02\\\/SvM-logo-Xtra-Centrerad-SVART.png\",\"contentUrl\":\"https:\\\/\\\/lightweb.dev\\\/l\\\/svm-temp\\\/wp-content\\\/uploads\\\/2025\\\/02\\\/SvM-logo-Xtra-Centrerad-SVART.png\",\"width\":300,\"height\":99,\"caption\":\"Melkerson y Nott SL\"},\"image\":{\"@id\":\"https:\\\/\\\/lightweb.dev\\\/l\\\/svm-temp\\\/#\\\/schema\\\/logo\\\/image\\\/\"},\"sameAs\":[\"https:\\\/\\\/www.facebook.com\\\/svenskamagasinet\",\"https:\\\/\\\/x.com\\\/SvenskaMagasine\"]},{\"@type\":\"Person\",\"@id\":\"https:\\\/\\\/lightweb.dev\\\/l\\\/svm-temp\\\/#\\\/schema\\\/person\\\/206a3bda5b607b0c25e1749191e4d837\",\"name\":\"Redaktionen SvM\",\"description\":\"Redaktionen\",\"sameAs\":[\"https:\\\/\\\/lightweb.dev\\\/l\\\/svm-temp\"],\"url\":\"https:\\\/\\\/lightweb.dev\\\/l\\\/svm-temp\\\/reporter\\\/redaktionen\\\/\"}]}<\/script>\n<!-- \/ Yoast SEO Premium plugin. -->","yoast_head_json":{"title":"Ladies European Tour avslutar p\u00e5 Los Naranjos - Svenska Magasinet","robots":{"index":"noindex","follow":"follow","max-snippet":"max-snippet:-1","max-image-preview":"max-image-preview:large","max-video-preview":"max-video-preview:-1"},"og_locale":"sv_SE","og_type":"article","og_title":"Ladies European Tour avslutar p\u00e5 Los Naranjos","og_description":"P\u00e5 torsdagen inleds den sista turneringen p\u00e5 \u00e5rets Ladies European Tour n\u00e4r Andaluc\u00eda Costa del Sol Open de Espa\u00f1a Femenino avg\u00f6rs p\u00e5 Los Naranjos i Marbella. Efter att Guadalmina arrangerade en lyckad turnering 2020 \u00e4r det dags f\u00f6r den k\u00e4nda Apelsinbanan i golfdalen Nueva Andalucia. Har du inte m\u00f6jlighet att se t\u00e4vlingen p\u00e5 plats blir [&hellip;]","og_url":"https:\/\/lightweb.dev\/l\/svm-temp\/nyheter\/ladies-european-tour-avslutar-pa-los-naranjos\/","og_site_name":"Svenska Magasinet","article_publisher":"https:\/\/www.facebook.com\/svenskamagasinet","article_published_time":"2021-11-24T08:54:00+00:00","author":"Redaktionen SvM","twitter_card":"summary_large_image","twitter_creator":"@SvenskaMagasine","twitter_site":"@SvenskaMagasine","schema":{"@context":"https:\/\/schema.org","@graph":[{"@type":"Article","@id":"https:\/\/lightweb.dev\/l\/svm-temp\/nyheter\/ladies-european-tour-avslutar-pa-los-naranjos\/#article","isPartOf":{"@id":"https:\/\/lightweb.dev\/l\/svm-temp\/nyheter\/ladies-european-tour-avslutar-pa-los-naranjos\/"},"author":{"name":"Redaktionen SvM","@id":"https:\/\/lightweb.dev\/l\/svm-temp\/#\/schema\/person\/206a3bda5b607b0c25e1749191e4d837"},"headline":"Ladies European Tour avslutar p\u00e5 Los Naranjos","datePublished":"2021-11-24T08:54:00+00:00","mainEntityOfPage":{"@id":"https:\/\/lightweb.dev\/l\/svm-temp\/nyheter\/ladies-european-tour-avslutar-pa-los-naranjos\/"},"wordCount":305,"commentCount":0,"publisher":{"@id":"https:\/\/lightweb.dev\/l\/svm-temp\/#organization"},"articleSection":["Arkiv","Nyheter"],"inLanguage":"sv-SE"},{"@type":"WebPage","@id":"https:\/\/lightweb.dev\/l\/svm-temp\/nyheter\/ladies-european-tour-avslutar-pa-los-naranjos\/","url":"https:\/\/lightweb.dev\/l\/svm-temp\/nyheter\/ladies-european-tour-avslutar-pa-los-naranjos\/","name":"Ladies European Tour avslutar p\u00e5 Los Naranjos - Svenska Magasinet","isPartOf":{"@id":"https:\/\/lightweb.dev\/l\/svm-temp\/#website"},"datePublished":"2021-11-24T08:54:00+00:00","breadcrumb":{"@id":"https:\/\/lightweb.dev\/l\/svm-temp\/nyheter\/ladies-european-tour-avslutar-pa-los-naranjos\/#breadcrumb"},"inLanguage":"sv-SE","potentialAction":[{"@type":"ReadAction","target":["https:\/\/lightweb.dev\/l\/svm-temp\/nyheter\/ladies-european-tour-avslutar-pa-los-naranjos\/"]}]},{"@type":"BreadcrumbList","@id":"https:\/\/lightweb.dev\/l\/svm-temp\/nyheter\/ladies-european-tour-avslutar-pa-los-naranjos\/#breadcrumb","itemListElement":[{"@type":"ListItem","position":1,"name":"Hem","item":"https:\/\/lightweb.dev\/l\/svm-temp\/"},{"@type":"ListItem","position":2,"name":"Ladies European Tour avslutar p\u00e5 Los Naranjos"}]},{"@type":"WebSite","@id":"https:\/\/lightweb.dev\/l\/svm-temp\/#website","url":"https:\/\/lightweb.dev\/l\/svm-temp\/","name":"Svenska Magasinet","description":"Dina Spanska nyheter p&aring; Svenska","publisher":{"@id":"https:\/\/lightweb.dev\/l\/svm-temp\/#organization"},"potentialAction":[{"@type":"SearchAction","target":{"@type":"EntryPoint","urlTemplate":"https:\/\/lightweb.dev\/l\/svm-temp\/?s={search_term_string}"},"query-input":{"@type":"PropertyValueSpecification","valueRequired":true,"valueName":"search_term_string"}}],"inLanguage":"sv-SE"},{"@type":"Organization","@id":"https:\/\/lightweb.dev\/l\/svm-temp\/#organization","name":"Melkerson y Nott SL","alternateName":"Svenska Magasinet","url":"https:\/\/lightweb.dev\/l\/svm-temp\/","logo":{"@type":"ImageObject","inLanguage":"sv-SE","@id":"https:\/\/lightweb.dev\/l\/svm-temp\/#\/schema\/logo\/image\/","url":"https:\/\/lightweb.dev\/l\/svm-temp\/wp-content\/uploads\/2025\/02\/SvM-logo-Xtra-Centrerad-SVART.png","contentUrl":"https:\/\/lightweb.dev\/l\/svm-temp\/wp-content\/uploads\/2025\/02\/SvM-logo-Xtra-Centrerad-SVART.png","width":300,"height":99,"caption":"Melkerson y Nott SL"},"image":{"@id":"https:\/\/lightweb.dev\/l\/svm-temp\/#\/schema\/logo\/image\/"},"sameAs":["https:\/\/www.facebook.com\/svenskamagasinet","https:\/\/x.com\/SvenskaMagasine"]},{"@type":"Person","@id":"https:\/\/lightweb.dev\/l\/svm-temp\/#\/schema\/person\/206a3bda5b607b0c25e1749191e4d837","name":"Redaktionen SvM","description":"Redaktionen","sameAs":["https:\/\/lightweb.dev\/l\/svm-temp"],"url":"https:\/\/lightweb.dev\/l\/svm-temp\/reporter\/redaktionen\/"}]}},"_links":{"self":[{"href":"https:\/\/lightweb.dev\/l\/svm-temp\/wp-json\/wp\/v2\/posts\/11018","targetHints":{"allow":["GET"]}}],"collection":[{"href":"https:\/\/lightweb.dev\/l\/svm-temp\/wp-json\/wp\/v2\/posts"}],"about":[{"href":"https:\/\/lightweb.dev\/l\/svm-temp\/wp-json\/wp\/v2\/types\/post"}],"author":[{"embeddable":true,"href":"https:\/\/lightweb.dev\/l\/svm-temp\/wp-json\/wp\/v2\/users\/8"}],"replies":[{"embeddable":true,"href":"https:\/\/lightweb.dev\/l\/svm-temp\/wp-json\/wp\/v2\/comments?post=11018"}],"version-history":[{"count":0,"href":"https:\/\/lightweb.dev\/l\/svm-temp\/wp-json\/wp\/v2\/posts\/11018\/revisions"}],"wp:attachment":[{"href":"https:\/\/lightweb.dev\/l\/svm-temp\/wp-json\/wp\/v2\/media?parent=11018"}],"wp:term":[{"taxonomy":"category","embeddable":true,"href":"https:\/\/lightweb.dev\/l\/svm-temp\/wp-json\/wp\/v2\/categories?post=11018"},{"taxonomy":"post_tag","embeddable":true,"href":"https:\/\/lightweb.dev\/l\/svm-temp\/wp-json\/wp\/v2\/tags?post=11018"}],"curies":[{"name":"wp","href":"https:\/\/api.w.org\/{rel}","templated":true}]}}