{"id":11020,"date":"2021-11-24T10:33:00","date_gmt":"2021-11-24T09:33:00","guid":{"rendered":"https:\/\/lightweb.dev\/l\/svm-temp\/nyheter\/205-nya-mantalsskrivna-svenskar-i-marbella\/"},"modified":"2021-11-24T10:33:00","modified_gmt":"2021-11-24T09:33:00","slug":"205-nya-mantalsskrivna-svenskar-i-marbella","status":"publish","type":"post","link":"https:\/\/lightweb.dev\/l\/svm-temp\/nyheter\/205-nya-mantalsskrivna-svenskar-i-marbella\/","title":{"rendered":"205 nya mantalsskrivna svenskar i Marbella"},"content":{"rendered":"<p> Sedan pandemin startade har \u00f6ver 4.000 utl\u00e4nningar varav 205 svenskar mantalsskrivet sig i Marbella. Det \u00e4r i huvudsak europ\u00e9er som har valt att bos\u00e4tta sig i Marbella och f\u00f6r f\u00f6rsta g\u00e5ngen ligger Storbritannien (1.416) f\u00f6re Marocko p\u00e5 listan \u00f6ver nya mantalsskrivna utl\u00e4nningar. Det \u00e4r Diario SUR som p\u00e5 onsdagen ber\u00e4ttar om den stora inflyttningen av utl\u00e4nningar till Marbella under perioden mars 2020 till november 2021. Antalet mantalsskrivna utl\u00e4nningar i Marbella \u00f6kade med 4.101 fr\u00e5n 40.745 till 44.846.<\/p>\n<p>Vaccinationskampanjen mot coronaviruset och att allt fler v\u00e4ljer att distansarbete pekas ut som huvudsk\u00e4len enligt Remedios Bocanegra vid utl\u00e4nningarnas delegation i Marbella.<\/p>\n<p>F\u00f6r att bli vaccinerad mot covid-19 s\u00e5 kr\u00e4vs det att vara mantalsskriven. I samband med att vaccinationen drog ig\u00e5ng inledde kommunen en informationskampanj med budskapet f\u00f6r att bli vaccinerad mot covid \u00e4r det n\u00f6dv\u00e4ndigt att du \u00e4r \u201dempadronado\u201d det vill s\u00e4ga mantalsskriven.<\/p>\n<p>Mantalsskrivna som inte har den allm\u00e4nna socialf\u00f6rs\u00e4kringen kan kontakta sin n\u00e4rmaste v\u00e5rdcentral, centro de salud, f\u00f6r att d\u00e4r fylla i ett formul\u00e4r f\u00f6r att f\u00e5 tillg\u00e5ng till covidvaccin.<\/p>\n<p>M\u00e4klare i Marbella bekr\u00e4ftar bilden av att allt fler utl\u00e4nningar v\u00e4ljer att flytta till Marbella. H\u00e4r finns b\u00e5de spanska och utl\u00e4ndska skolor och det \u00e4r endast 40 minuters bilv\u00e4g fr\u00e5n flygplatsen.<\/p>\n<p>F\u00f6rutom 205 nyinflyttade svenskar rapporteras det om 80 norska medborgare.<\/p>\n<p>Antalet ryska mantalsskrivna medborgare \u00f6kar med 454 fr\u00e5n 2.228 till 2.682.<\/p>\n","protected":false},"excerpt":{"rendered":"<p>Sedan pandemin startade har \u00f6ver 4.000 utl\u00e4nningar varav 205 svenskar mantalsskrivet sig i Marbella. Det \u00e4r i huvudsak europ\u00e9er som har valt att bos\u00e4tta sig i Marbella och f\u00f6r f\u00f6rsta g\u00e5ngen ligger Storbritannien (1.416) f\u00f6re Marocko p\u00e5 listan \u00f6ver nya mantalsskrivna utl\u00e4nningar. Det \u00e4r Diario SUR som p\u00e5 onsdagen ber\u00e4ttar om den stora inflyttningen av [&hellip;]<\/p>\n","protected":false},"author":8,"featured_media":0,"comment_status":"open","ping_status":"open","sticky":false,"template":"","format":"standard","meta":{"_et_pb_use_builder":"","_et_pb_old_content":"","_et_gb_content_width":"","footnotes":""},"categories":[395,3],"tags":[],"class_list":["post-11020","post","type-post","status-publish","format-standard","hentry","category-arkiv-nyheter","category-nyheter"],"yoast_head":"<!-- This site is optimized with the Yoast SEO Premium plugin v26.2 (Yoast SEO v27.5) - https:\/\/yoast.com\/product\/yoast-seo-premium-wordpress\/ -->\n<title>205 nya mantalsskrivna svenskar i Marbella - Svenska Magasinet<\/title>\n<meta name=\"robots\" content=\"noindex, follow, max-snippet:-1, max-image-preview:large, max-video-preview:-1\" \/>\n<meta property=\"og:locale\" content=\"sv_SE\" \/>\n<meta property=\"og:type\" content=\"article\" \/>\n<meta property=\"og:title\" content=\"205 nya mantalsskrivna svenskar i Marbella\" \/>\n<meta property=\"og:description\" content=\"Sedan pandemin startade har \u00f6ver 4.000 utl\u00e4nningar varav 205 svenskar mantalsskrivet sig i Marbella. Det \u00e4r i huvudsak europ\u00e9er som har valt att bos\u00e4tta sig i Marbella och f\u00f6r f\u00f6rsta g\u00e5ngen ligger Storbritannien (1.416) f\u00f6re Marocko p\u00e5 listan \u00f6ver nya mantalsskrivna utl\u00e4nningar. Det \u00e4r Diario SUR som p\u00e5 onsdagen ber\u00e4ttar om den stora inflyttningen av [&hellip;]\" \/>\n<meta property=\"og:url\" content=\"https:\/\/lightweb.dev\/l\/svm-temp\/nyheter\/205-nya-mantalsskrivna-svenskar-i-marbella\/\" \/>\n<meta property=\"og:site_name\" content=\"Svenska Magasinet\" \/>\n<meta property=\"article:publisher\" content=\"https:\/\/www.facebook.com\/svenskamagasinet\" \/>\n<meta property=\"article:published_time\" content=\"2021-11-24T09:33:00+00:00\" \/>\n<meta name=\"author\" content=\"Redaktionen SvM\" \/>\n<meta name=\"twitter:card\" content=\"summary_large_image\" \/>\n<meta name=\"twitter:creator\" content=\"@SvenskaMagasine\" \/>\n<meta name=\"twitter:site\" content=\"@SvenskaMagasine\" \/>\n<script type=\"application\/ld+json\" class=\"yoast-schema-graph\">{\"@context\":\"https:\\\/\\\/schema.org\",\"@graph\":[{\"@type\":\"Article\",\"@id\":\"https:\\\/\\\/lightweb.dev\\\/l\\\/svm-temp\\\/nyheter\\\/205-nya-mantalsskrivna-svenskar-i-marbella\\\/#article\",\"isPartOf\":{\"@id\":\"https:\\\/\\\/lightweb.dev\\\/l\\\/svm-temp\\\/nyheter\\\/205-nya-mantalsskrivna-svenskar-i-marbella\\\/\"},\"author\":{\"name\":\"Redaktionen SvM\",\"@id\":\"https:\\\/\\\/lightweb.dev\\\/l\\\/svm-temp\\\/#\\\/schema\\\/person\\\/206a3bda5b607b0c25e1749191e4d837\"},\"headline\":\"205 nya mantalsskrivna svenskar i Marbella\",\"datePublished\":\"2021-11-24T09:33:00+00:00\",\"mainEntityOfPage\":{\"@id\":\"https:\\\/\\\/lightweb.dev\\\/l\\\/svm-temp\\\/nyheter\\\/205-nya-mantalsskrivna-svenskar-i-marbella\\\/\"},\"wordCount\":255,\"commentCount\":0,\"publisher\":{\"@id\":\"https:\\\/\\\/lightweb.dev\\\/l\\\/svm-temp\\\/#organization\"},\"articleSection\":[\"Arkiv\",\"Nyheter\"],\"inLanguage\":\"sv-SE\"},{\"@type\":\"WebPage\",\"@id\":\"https:\\\/\\\/lightweb.dev\\\/l\\\/svm-temp\\\/nyheter\\\/205-nya-mantalsskrivna-svenskar-i-marbella\\\/\",\"url\":\"https:\\\/\\\/lightweb.dev\\\/l\\\/svm-temp\\\/nyheter\\\/205-nya-mantalsskrivna-svenskar-i-marbella\\\/\",\"name\":\"205 nya mantalsskrivna svenskar i Marbella - Svenska Magasinet\",\"isPartOf\":{\"@id\":\"https:\\\/\\\/lightweb.dev\\\/l\\\/svm-temp\\\/#website\"},\"datePublished\":\"2021-11-24T09:33:00+00:00\",\"breadcrumb\":{\"@id\":\"https:\\\/\\\/lightweb.dev\\\/l\\\/svm-temp\\\/nyheter\\\/205-nya-mantalsskrivna-svenskar-i-marbella\\\/#breadcrumb\"},\"inLanguage\":\"sv-SE\",\"potentialAction\":[{\"@type\":\"ReadAction\",\"target\":[\"https:\\\/\\\/lightweb.dev\\\/l\\\/svm-temp\\\/nyheter\\\/205-nya-mantalsskrivna-svenskar-i-marbella\\\/\"]}]},{\"@type\":\"BreadcrumbList\",\"@id\":\"https:\\\/\\\/lightweb.dev\\\/l\\\/svm-temp\\\/nyheter\\\/205-nya-mantalsskrivna-svenskar-i-marbella\\\/#breadcrumb\",\"itemListElement\":[{\"@type\":\"ListItem\",\"position\":1,\"name\":\"Hem\",\"item\":\"https:\\\/\\\/lightweb.dev\\\/l\\\/svm-temp\\\/\"},{\"@type\":\"ListItem\",\"position\":2,\"name\":\"205 nya mantalsskrivna svenskar i Marbella\"}]},{\"@type\":\"WebSite\",\"@id\":\"https:\\\/\\\/lightweb.dev\\\/l\\\/svm-temp\\\/#website\",\"url\":\"https:\\\/\\\/lightweb.dev\\\/l\\\/svm-temp\\\/\",\"name\":\"Svenska Magasinet\",\"description\":\"Dina Spanska nyheter p&aring; Svenska\",\"publisher\":{\"@id\":\"https:\\\/\\\/lightweb.dev\\\/l\\\/svm-temp\\\/#organization\"},\"potentialAction\":[{\"@type\":\"SearchAction\",\"target\":{\"@type\":\"EntryPoint\",\"urlTemplate\":\"https:\\\/\\\/lightweb.dev\\\/l\\\/svm-temp\\\/?s={search_term_string}\"},\"query-input\":{\"@type\":\"PropertyValueSpecification\",\"valueRequired\":true,\"valueName\":\"search_term_string\"}}],\"inLanguage\":\"sv-SE\"},{\"@type\":\"Organization\",\"@id\":\"https:\\\/\\\/lightweb.dev\\\/l\\\/svm-temp\\\/#organization\",\"name\":\"Melkerson y Nott SL\",\"alternateName\":\"Svenska Magasinet\",\"url\":\"https:\\\/\\\/lightweb.dev\\\/l\\\/svm-temp\\\/\",\"logo\":{\"@type\":\"ImageObject\",\"inLanguage\":\"sv-SE\",\"@id\":\"https:\\\/\\\/lightweb.dev\\\/l\\\/svm-temp\\\/#\\\/schema\\\/logo\\\/image\\\/\",\"url\":\"https:\\\/\\\/lightweb.dev\\\/l\\\/svm-temp\\\/wp-content\\\/uploads\\\/2025\\\/02\\\/SvM-logo-Xtra-Centrerad-SVART.png\",\"contentUrl\":\"https:\\\/\\\/lightweb.dev\\\/l\\\/svm-temp\\\/wp-content\\\/uploads\\\/2025\\\/02\\\/SvM-logo-Xtra-Centrerad-SVART.png\",\"width\":300,\"height\":99,\"caption\":\"Melkerson y Nott SL\"},\"image\":{\"@id\":\"https:\\\/\\\/lightweb.dev\\\/l\\\/svm-temp\\\/#\\\/schema\\\/logo\\\/image\\\/\"},\"sameAs\":[\"https:\\\/\\\/www.facebook.com\\\/svenskamagasinet\",\"https:\\\/\\\/x.com\\\/SvenskaMagasine\"]},{\"@type\":\"Person\",\"@id\":\"https:\\\/\\\/lightweb.dev\\\/l\\\/svm-temp\\\/#\\\/schema\\\/person\\\/206a3bda5b607b0c25e1749191e4d837\",\"name\":\"Redaktionen SvM\",\"description\":\"Redaktionen\",\"sameAs\":[\"https:\\\/\\\/lightweb.dev\\\/l\\\/svm-temp\"],\"url\":\"https:\\\/\\\/lightweb.dev\\\/l\\\/svm-temp\\\/reporter\\\/redaktionen\\\/\"}]}<\/script>\n<!-- \/ Yoast SEO Premium plugin. -->","yoast_head_json":{"title":"205 nya mantalsskrivna svenskar i Marbella - Svenska Magasinet","robots":{"index":"noindex","follow":"follow","max-snippet":"max-snippet:-1","max-image-preview":"max-image-preview:large","max-video-preview":"max-video-preview:-1"},"og_locale":"sv_SE","og_type":"article","og_title":"205 nya mantalsskrivna svenskar i Marbella","og_description":"Sedan pandemin startade har \u00f6ver 4.000 utl\u00e4nningar varav 205 svenskar mantalsskrivet sig i Marbella. Det \u00e4r i huvudsak europ\u00e9er som har valt att bos\u00e4tta sig i Marbella och f\u00f6r f\u00f6rsta g\u00e5ngen ligger Storbritannien (1.416) f\u00f6re Marocko p\u00e5 listan \u00f6ver nya mantalsskrivna utl\u00e4nningar. Det \u00e4r Diario SUR som p\u00e5 onsdagen ber\u00e4ttar om den stora inflyttningen av [&hellip;]","og_url":"https:\/\/lightweb.dev\/l\/svm-temp\/nyheter\/205-nya-mantalsskrivna-svenskar-i-marbella\/","og_site_name":"Svenska Magasinet","article_publisher":"https:\/\/www.facebook.com\/svenskamagasinet","article_published_time":"2021-11-24T09:33:00+00:00","author":"Redaktionen SvM","twitter_card":"summary_large_image","twitter_creator":"@SvenskaMagasine","twitter_site":"@SvenskaMagasine","schema":{"@context":"https:\/\/schema.org","@graph":[{"@type":"Article","@id":"https:\/\/lightweb.dev\/l\/svm-temp\/nyheter\/205-nya-mantalsskrivna-svenskar-i-marbella\/#article","isPartOf":{"@id":"https:\/\/lightweb.dev\/l\/svm-temp\/nyheter\/205-nya-mantalsskrivna-svenskar-i-marbella\/"},"author":{"name":"Redaktionen SvM","@id":"https:\/\/lightweb.dev\/l\/svm-temp\/#\/schema\/person\/206a3bda5b607b0c25e1749191e4d837"},"headline":"205 nya mantalsskrivna svenskar i Marbella","datePublished":"2021-11-24T09:33:00+00:00","mainEntityOfPage":{"@id":"https:\/\/lightweb.dev\/l\/svm-temp\/nyheter\/205-nya-mantalsskrivna-svenskar-i-marbella\/"},"wordCount":255,"commentCount":0,"publisher":{"@id":"https:\/\/lightweb.dev\/l\/svm-temp\/#organization"},"articleSection":["Arkiv","Nyheter"],"inLanguage":"sv-SE"},{"@type":"WebPage","@id":"https:\/\/lightweb.dev\/l\/svm-temp\/nyheter\/205-nya-mantalsskrivna-svenskar-i-marbella\/","url":"https:\/\/lightweb.dev\/l\/svm-temp\/nyheter\/205-nya-mantalsskrivna-svenskar-i-marbella\/","name":"205 nya mantalsskrivna svenskar i Marbella - Svenska Magasinet","isPartOf":{"@id":"https:\/\/lightweb.dev\/l\/svm-temp\/#website"},"datePublished":"2021-11-24T09:33:00+00:00","breadcrumb":{"@id":"https:\/\/lightweb.dev\/l\/svm-temp\/nyheter\/205-nya-mantalsskrivna-svenskar-i-marbella\/#breadcrumb"},"inLanguage":"sv-SE","potentialAction":[{"@type":"ReadAction","target":["https:\/\/lightweb.dev\/l\/svm-temp\/nyheter\/205-nya-mantalsskrivna-svenskar-i-marbella\/"]}]},{"@type":"BreadcrumbList","@id":"https:\/\/lightweb.dev\/l\/svm-temp\/nyheter\/205-nya-mantalsskrivna-svenskar-i-marbella\/#breadcrumb","itemListElement":[{"@type":"ListItem","position":1,"name":"Hem","item":"https:\/\/lightweb.dev\/l\/svm-temp\/"},{"@type":"ListItem","position":2,"name":"205 nya mantalsskrivna svenskar i Marbella"}]},{"@type":"WebSite","@id":"https:\/\/lightweb.dev\/l\/svm-temp\/#website","url":"https:\/\/lightweb.dev\/l\/svm-temp\/","name":"Svenska Magasinet","description":"Dina Spanska nyheter p&aring; Svenska","publisher":{"@id":"https:\/\/lightweb.dev\/l\/svm-temp\/#organization"},"potentialAction":[{"@type":"SearchAction","target":{"@type":"EntryPoint","urlTemplate":"https:\/\/lightweb.dev\/l\/svm-temp\/?s={search_term_string}"},"query-input":{"@type":"PropertyValueSpecification","valueRequired":true,"valueName":"search_term_string"}}],"inLanguage":"sv-SE"},{"@type":"Organization","@id":"https:\/\/lightweb.dev\/l\/svm-temp\/#organization","name":"Melkerson y Nott SL","alternateName":"Svenska Magasinet","url":"https:\/\/lightweb.dev\/l\/svm-temp\/","logo":{"@type":"ImageObject","inLanguage":"sv-SE","@id":"https:\/\/lightweb.dev\/l\/svm-temp\/#\/schema\/logo\/image\/","url":"https:\/\/lightweb.dev\/l\/svm-temp\/wp-content\/uploads\/2025\/02\/SvM-logo-Xtra-Centrerad-SVART.png","contentUrl":"https:\/\/lightweb.dev\/l\/svm-temp\/wp-content\/uploads\/2025\/02\/SvM-logo-Xtra-Centrerad-SVART.png","width":300,"height":99,"caption":"Melkerson y Nott SL"},"image":{"@id":"https:\/\/lightweb.dev\/l\/svm-temp\/#\/schema\/logo\/image\/"},"sameAs":["https:\/\/www.facebook.com\/svenskamagasinet","https:\/\/x.com\/SvenskaMagasine"]},{"@type":"Person","@id":"https:\/\/lightweb.dev\/l\/svm-temp\/#\/schema\/person\/206a3bda5b607b0c25e1749191e4d837","name":"Redaktionen SvM","description":"Redaktionen","sameAs":["https:\/\/lightweb.dev\/l\/svm-temp"],"url":"https:\/\/lightweb.dev\/l\/svm-temp\/reporter\/redaktionen\/"}]}},"_links":{"self":[{"href":"https:\/\/lightweb.dev\/l\/svm-temp\/wp-json\/wp\/v2\/posts\/11020","targetHints":{"allow":["GET"]}}],"collection":[{"href":"https:\/\/lightweb.dev\/l\/svm-temp\/wp-json\/wp\/v2\/posts"}],"about":[{"href":"https:\/\/lightweb.dev\/l\/svm-temp\/wp-json\/wp\/v2\/types\/post"}],"author":[{"embeddable":true,"href":"https:\/\/lightweb.dev\/l\/svm-temp\/wp-json\/wp\/v2\/users\/8"}],"replies":[{"embeddable":true,"href":"https:\/\/lightweb.dev\/l\/svm-temp\/wp-json\/wp\/v2\/comments?post=11020"}],"version-history":[{"count":0,"href":"https:\/\/lightweb.dev\/l\/svm-temp\/wp-json\/wp\/v2\/posts\/11020\/revisions"}],"wp:attachment":[{"href":"https:\/\/lightweb.dev\/l\/svm-temp\/wp-json\/wp\/v2\/media?parent=11020"}],"wp:term":[{"taxonomy":"category","embeddable":true,"href":"https:\/\/lightweb.dev\/l\/svm-temp\/wp-json\/wp\/v2\/categories?post=11020"},{"taxonomy":"post_tag","embeddable":true,"href":"https:\/\/lightweb.dev\/l\/svm-temp\/wp-json\/wp\/v2\/tags?post=11020"}],"curies":[{"name":"wp","href":"https:\/\/api.w.org\/{rel}","templated":true}]}}