{"id":11022,"date":"2021-11-24T11:13:00","date_gmt":"2021-11-24T10:13:00","guid":{"rendered":"https:\/\/lightweb.dev\/l\/svm-temp\/nyheter\/nya-regler-for-eus-vaccinpass-ar-pa-gang\/"},"modified":"2021-11-24T11:13:00","modified_gmt":"2021-11-24T10:13:00","slug":"nya-regler-for-eus-vaccinpass-ar-pa-gang","status":"publish","type":"post","link":"https:\/\/lightweb.dev\/l\/svm-temp\/nyheter\/nya-regler-for-eus-vaccinpass-ar-pa-gang\/","title":{"rendered":"Nya regler f\u00f6r EU:s vaccinpass \u00e4r p\u00e5 g\u00e5ng"},"content":{"rendered":"<p> En p\u00e5fyllnadsdos f\u00f6r personer \u00f6ver 60 och v\u00e5rdpersonal. D\u00e4remot blir det inga nya coronarestriktioner med tids- eller kapacitetsbegr\u00e4nsningar vid serveringsst\u00e4llen, diskotek, spelhallar, biografer och nattklubbar eftersom det inte finns n\u00e5gon \u00f6verenskommelse mellan h\u00e4lsodepartementet och regionerna. Det meddelar Spaniens h\u00e4lsov\u00e5rdsminister Carolina Darias.<\/p>\n<p>Spaniens m\u00e5l \u00e4r att skruva upp vaccinationstakten s\u00e5 att en p\u00e5fyllnadsdos kan administreras till personer mellan 60 till 69 \u00e5r och till v\u00e5rdpersonal. M\u00e5let \u00e4r att hela befolkningen ska f\u00e5 en p\u00e5fyllnadsdos av Pfizer eller Moderna. I f\u00f6rsta hand prioritera de riskgrupper.<\/p>\n<p>Det \u00e4r m\u00e5nga spekulationer och fr\u00e5gor inf\u00f6r p\u00e5fyllnadsdosen. Exempelvis hur den tredje dosen registreras i EU:s vaccinpass. I nul\u00e4get \u00e4r ingenting klart.<\/p>\n<p>EU:s h\u00e4lsokommission\u00e4r Stella Kyriakides v\u00e4ntas inom n\u00e5gra dagar komma med f\u00f6rslag p\u00e5 hur unionens vaccinpass ska anpassas n\u00e4r allt fler l\u00e4nder ger sina medborgare en ytterligare dos av covid-19-vaccinet.<\/p>\n<p>Bra, tycker EU-minister Hans Dahlgren (S).<br \/>\n&#8211; Det kommer ett f\u00f6rslag fr\u00e5n kommissionen i n\u00e4rtid om hur man ska utveckla de h\u00e4r covidbevisen s\u00e5 att de ger utrymme f\u00f6r att registrera de h\u00e4r p\u00e5fyllnadsdoserna som m\u00e5nga redan har tagit, men ocks\u00e5 om hur man ska se p\u00e5 en l\u00e4mplig tidsrymd f\u00f6r hur l\u00e4nge de ska g\u00e4lla, s\u00e4ger Dahlgren till nyhetsbyr\u00e5n TT.<\/p>\n<p>Dahlgren \u00e4r tveksam till \u00d6sterrikes f\u00f6rslag p\u00e5 att inf\u00f6ra obligatorisk vaccinering fr\u00e5n och med den 1 februari.<\/p>\n<p>&#8211; Jag \u00e4r nog tveksam till om man kan tvinga en m\u00e4nniska att bli vaccinerad. Men det visar ju p\u00e5 n\u00f6dv\u00e4ndigheten av att ocks\u00e5 hantera det h\u00e4r med desinformation och falska nyheter som sprids om vad som h\u00e4nder n\u00e4r man blir vaccinerad. Det \u00e4r r\u00e4tta v\u00e4gen att g\u00e5, s\u00e4ger Dahlgren i Bryssel.<\/p>\n<p>(Foto. Comisi\u00f3n Europea)<\/p>\n","protected":false},"excerpt":{"rendered":"<p>En p\u00e5fyllnadsdos f\u00f6r personer \u00f6ver 60 och v\u00e5rdpersonal. D\u00e4remot blir det inga nya coronarestriktioner med tids- eller kapacitetsbegr\u00e4nsningar vid serveringsst\u00e4llen, diskotek, spelhallar, biografer och nattklubbar eftersom det inte finns n\u00e5gon \u00f6verenskommelse mellan h\u00e4lsodepartementet och regionerna. Det meddelar Spaniens h\u00e4lsov\u00e5rdsminister Carolina Darias. Spaniens m\u00e5l \u00e4r att skruva upp vaccinationstakten s\u00e5 att en p\u00e5fyllnadsdos kan administreras till [&hellip;]<\/p>\n","protected":false},"author":8,"featured_media":0,"comment_status":"open","ping_status":"open","sticky":false,"template":"","format":"standard","meta":{"_et_pb_use_builder":"","_et_pb_old_content":"","_et_gb_content_width":"","footnotes":""},"categories":[395,3],"tags":[],"class_list":["post-11022","post","type-post","status-publish","format-standard","hentry","category-arkiv-nyheter","category-nyheter"],"yoast_head":"<!-- This site is optimized with the Yoast SEO Premium plugin v26.2 (Yoast SEO v27.5) - https:\/\/yoast.com\/product\/yoast-seo-premium-wordpress\/ -->\n<title>Nya regler f\u00f6r EU:s vaccinpass \u00e4r p\u00e5 g\u00e5ng - Svenska Magasinet<\/title>\n<meta name=\"robots\" content=\"noindex, follow, max-snippet:-1, max-image-preview:large, max-video-preview:-1\" \/>\n<meta property=\"og:locale\" content=\"sv_SE\" \/>\n<meta property=\"og:type\" content=\"article\" \/>\n<meta property=\"og:title\" content=\"Nya regler f\u00f6r EU:s vaccinpass \u00e4r p\u00e5 g\u00e5ng\" \/>\n<meta property=\"og:description\" content=\"En p\u00e5fyllnadsdos f\u00f6r personer \u00f6ver 60 och v\u00e5rdpersonal. D\u00e4remot blir det inga nya coronarestriktioner med tids- eller kapacitetsbegr\u00e4nsningar vid serveringsst\u00e4llen, diskotek, spelhallar, biografer och nattklubbar eftersom det inte finns n\u00e5gon \u00f6verenskommelse mellan h\u00e4lsodepartementet och regionerna. Det meddelar Spaniens h\u00e4lsov\u00e5rdsminister Carolina Darias. Spaniens m\u00e5l \u00e4r att skruva upp vaccinationstakten s\u00e5 att en p\u00e5fyllnadsdos kan administreras till [&hellip;]\" \/>\n<meta property=\"og:url\" content=\"https:\/\/lightweb.dev\/l\/svm-temp\/nyheter\/nya-regler-for-eus-vaccinpass-ar-pa-gang\/\" \/>\n<meta property=\"og:site_name\" content=\"Svenska Magasinet\" \/>\n<meta property=\"article:publisher\" content=\"https:\/\/www.facebook.com\/svenskamagasinet\" \/>\n<meta property=\"article:published_time\" content=\"2021-11-24T10:13:00+00:00\" \/>\n<meta name=\"author\" content=\"Redaktionen SvM\" \/>\n<meta name=\"twitter:card\" content=\"summary_large_image\" \/>\n<meta name=\"twitter:creator\" content=\"@SvenskaMagasine\" \/>\n<meta name=\"twitter:site\" content=\"@SvenskaMagasine\" \/>\n<script type=\"application\/ld+json\" class=\"yoast-schema-graph\">{\"@context\":\"https:\\\/\\\/schema.org\",\"@graph\":[{\"@type\":\"Article\",\"@id\":\"https:\\\/\\\/lightweb.dev\\\/l\\\/svm-temp\\\/nyheter\\\/nya-regler-for-eus-vaccinpass-ar-pa-gang\\\/#article\",\"isPartOf\":{\"@id\":\"https:\\\/\\\/lightweb.dev\\\/l\\\/svm-temp\\\/nyheter\\\/nya-regler-for-eus-vaccinpass-ar-pa-gang\\\/\"},\"author\":{\"name\":\"Redaktionen SvM\",\"@id\":\"https:\\\/\\\/lightweb.dev\\\/l\\\/svm-temp\\\/#\\\/schema\\\/person\\\/206a3bda5b607b0c25e1749191e4d837\"},\"headline\":\"Nya regler f\u00f6r EU:s vaccinpass \u00e4r p\u00e5 g\u00e5ng\",\"datePublished\":\"2021-11-24T10:13:00+00:00\",\"mainEntityOfPage\":{\"@id\":\"https:\\\/\\\/lightweb.dev\\\/l\\\/svm-temp\\\/nyheter\\\/nya-regler-for-eus-vaccinpass-ar-pa-gang\\\/\"},\"wordCount\":332,\"commentCount\":0,\"publisher\":{\"@id\":\"https:\\\/\\\/lightweb.dev\\\/l\\\/svm-temp\\\/#organization\"},\"articleSection\":[\"Arkiv\",\"Nyheter\"],\"inLanguage\":\"sv-SE\"},{\"@type\":\"WebPage\",\"@id\":\"https:\\\/\\\/lightweb.dev\\\/l\\\/svm-temp\\\/nyheter\\\/nya-regler-for-eus-vaccinpass-ar-pa-gang\\\/\",\"url\":\"https:\\\/\\\/lightweb.dev\\\/l\\\/svm-temp\\\/nyheter\\\/nya-regler-for-eus-vaccinpass-ar-pa-gang\\\/\",\"name\":\"Nya regler f\u00f6r EU:s vaccinpass \u00e4r p\u00e5 g\u00e5ng - Svenska Magasinet\",\"isPartOf\":{\"@id\":\"https:\\\/\\\/lightweb.dev\\\/l\\\/svm-temp\\\/#website\"},\"datePublished\":\"2021-11-24T10:13:00+00:00\",\"breadcrumb\":{\"@id\":\"https:\\\/\\\/lightweb.dev\\\/l\\\/svm-temp\\\/nyheter\\\/nya-regler-for-eus-vaccinpass-ar-pa-gang\\\/#breadcrumb\"},\"inLanguage\":\"sv-SE\",\"potentialAction\":[{\"@type\":\"ReadAction\",\"target\":[\"https:\\\/\\\/lightweb.dev\\\/l\\\/svm-temp\\\/nyheter\\\/nya-regler-for-eus-vaccinpass-ar-pa-gang\\\/\"]}]},{\"@type\":\"BreadcrumbList\",\"@id\":\"https:\\\/\\\/lightweb.dev\\\/l\\\/svm-temp\\\/nyheter\\\/nya-regler-for-eus-vaccinpass-ar-pa-gang\\\/#breadcrumb\",\"itemListElement\":[{\"@type\":\"ListItem\",\"position\":1,\"name\":\"Hem\",\"item\":\"https:\\\/\\\/lightweb.dev\\\/l\\\/svm-temp\\\/\"},{\"@type\":\"ListItem\",\"position\":2,\"name\":\"Nya regler f\u00f6r EU:s vaccinpass \u00e4r p\u00e5 g\u00e5ng\"}]},{\"@type\":\"WebSite\",\"@id\":\"https:\\\/\\\/lightweb.dev\\\/l\\\/svm-temp\\\/#website\",\"url\":\"https:\\\/\\\/lightweb.dev\\\/l\\\/svm-temp\\\/\",\"name\":\"Svenska Magasinet\",\"description\":\"Dina Spanska nyheter p&aring; Svenska\",\"publisher\":{\"@id\":\"https:\\\/\\\/lightweb.dev\\\/l\\\/svm-temp\\\/#organization\"},\"potentialAction\":[{\"@type\":\"SearchAction\",\"target\":{\"@type\":\"EntryPoint\",\"urlTemplate\":\"https:\\\/\\\/lightweb.dev\\\/l\\\/svm-temp\\\/?s={search_term_string}\"},\"query-input\":{\"@type\":\"PropertyValueSpecification\",\"valueRequired\":true,\"valueName\":\"search_term_string\"}}],\"inLanguage\":\"sv-SE\"},{\"@type\":\"Organization\",\"@id\":\"https:\\\/\\\/lightweb.dev\\\/l\\\/svm-temp\\\/#organization\",\"name\":\"Melkerson y Nott SL\",\"alternateName\":\"Svenska Magasinet\",\"url\":\"https:\\\/\\\/lightweb.dev\\\/l\\\/svm-temp\\\/\",\"logo\":{\"@type\":\"ImageObject\",\"inLanguage\":\"sv-SE\",\"@id\":\"https:\\\/\\\/lightweb.dev\\\/l\\\/svm-temp\\\/#\\\/schema\\\/logo\\\/image\\\/\",\"url\":\"https:\\\/\\\/lightweb.dev\\\/l\\\/svm-temp\\\/wp-content\\\/uploads\\\/2025\\\/02\\\/SvM-logo-Xtra-Centrerad-SVART.png\",\"contentUrl\":\"https:\\\/\\\/lightweb.dev\\\/l\\\/svm-temp\\\/wp-content\\\/uploads\\\/2025\\\/02\\\/SvM-logo-Xtra-Centrerad-SVART.png\",\"width\":300,\"height\":99,\"caption\":\"Melkerson y Nott SL\"},\"image\":{\"@id\":\"https:\\\/\\\/lightweb.dev\\\/l\\\/svm-temp\\\/#\\\/schema\\\/logo\\\/image\\\/\"},\"sameAs\":[\"https:\\\/\\\/www.facebook.com\\\/svenskamagasinet\",\"https:\\\/\\\/x.com\\\/SvenskaMagasine\"]},{\"@type\":\"Person\",\"@id\":\"https:\\\/\\\/lightweb.dev\\\/l\\\/svm-temp\\\/#\\\/schema\\\/person\\\/206a3bda5b607b0c25e1749191e4d837\",\"name\":\"Redaktionen SvM\",\"description\":\"Redaktionen\",\"sameAs\":[\"https:\\\/\\\/lightweb.dev\\\/l\\\/svm-temp\"],\"url\":\"https:\\\/\\\/lightweb.dev\\\/l\\\/svm-temp\\\/reporter\\\/redaktionen\\\/\"}]}<\/script>\n<!-- \/ Yoast SEO Premium plugin. -->","yoast_head_json":{"title":"Nya regler f\u00f6r EU:s vaccinpass \u00e4r p\u00e5 g\u00e5ng - Svenska Magasinet","robots":{"index":"noindex","follow":"follow","max-snippet":"max-snippet:-1","max-image-preview":"max-image-preview:large","max-video-preview":"max-video-preview:-1"},"og_locale":"sv_SE","og_type":"article","og_title":"Nya regler f\u00f6r EU:s vaccinpass \u00e4r p\u00e5 g\u00e5ng","og_description":"En p\u00e5fyllnadsdos f\u00f6r personer \u00f6ver 60 och v\u00e5rdpersonal. D\u00e4remot blir det inga nya coronarestriktioner med tids- eller kapacitetsbegr\u00e4nsningar vid serveringsst\u00e4llen, diskotek, spelhallar, biografer och nattklubbar eftersom det inte finns n\u00e5gon \u00f6verenskommelse mellan h\u00e4lsodepartementet och regionerna. Det meddelar Spaniens h\u00e4lsov\u00e5rdsminister Carolina Darias. Spaniens m\u00e5l \u00e4r att skruva upp vaccinationstakten s\u00e5 att en p\u00e5fyllnadsdos kan administreras till [&hellip;]","og_url":"https:\/\/lightweb.dev\/l\/svm-temp\/nyheter\/nya-regler-for-eus-vaccinpass-ar-pa-gang\/","og_site_name":"Svenska Magasinet","article_publisher":"https:\/\/www.facebook.com\/svenskamagasinet","article_published_time":"2021-11-24T10:13:00+00:00","author":"Redaktionen SvM","twitter_card":"summary_large_image","twitter_creator":"@SvenskaMagasine","twitter_site":"@SvenskaMagasine","schema":{"@context":"https:\/\/schema.org","@graph":[{"@type":"Article","@id":"https:\/\/lightweb.dev\/l\/svm-temp\/nyheter\/nya-regler-for-eus-vaccinpass-ar-pa-gang\/#article","isPartOf":{"@id":"https:\/\/lightweb.dev\/l\/svm-temp\/nyheter\/nya-regler-for-eus-vaccinpass-ar-pa-gang\/"},"author":{"name":"Redaktionen SvM","@id":"https:\/\/lightweb.dev\/l\/svm-temp\/#\/schema\/person\/206a3bda5b607b0c25e1749191e4d837"},"headline":"Nya regler f\u00f6r EU:s vaccinpass \u00e4r p\u00e5 g\u00e5ng","datePublished":"2021-11-24T10:13:00+00:00","mainEntityOfPage":{"@id":"https:\/\/lightweb.dev\/l\/svm-temp\/nyheter\/nya-regler-for-eus-vaccinpass-ar-pa-gang\/"},"wordCount":332,"commentCount":0,"publisher":{"@id":"https:\/\/lightweb.dev\/l\/svm-temp\/#organization"},"articleSection":["Arkiv","Nyheter"],"inLanguage":"sv-SE"},{"@type":"WebPage","@id":"https:\/\/lightweb.dev\/l\/svm-temp\/nyheter\/nya-regler-for-eus-vaccinpass-ar-pa-gang\/","url":"https:\/\/lightweb.dev\/l\/svm-temp\/nyheter\/nya-regler-for-eus-vaccinpass-ar-pa-gang\/","name":"Nya regler f\u00f6r EU:s vaccinpass \u00e4r p\u00e5 g\u00e5ng - Svenska Magasinet","isPartOf":{"@id":"https:\/\/lightweb.dev\/l\/svm-temp\/#website"},"datePublished":"2021-11-24T10:13:00+00:00","breadcrumb":{"@id":"https:\/\/lightweb.dev\/l\/svm-temp\/nyheter\/nya-regler-for-eus-vaccinpass-ar-pa-gang\/#breadcrumb"},"inLanguage":"sv-SE","potentialAction":[{"@type":"ReadAction","target":["https:\/\/lightweb.dev\/l\/svm-temp\/nyheter\/nya-regler-for-eus-vaccinpass-ar-pa-gang\/"]}]},{"@type":"BreadcrumbList","@id":"https:\/\/lightweb.dev\/l\/svm-temp\/nyheter\/nya-regler-for-eus-vaccinpass-ar-pa-gang\/#breadcrumb","itemListElement":[{"@type":"ListItem","position":1,"name":"Hem","item":"https:\/\/lightweb.dev\/l\/svm-temp\/"},{"@type":"ListItem","position":2,"name":"Nya regler f\u00f6r EU:s vaccinpass \u00e4r p\u00e5 g\u00e5ng"}]},{"@type":"WebSite","@id":"https:\/\/lightweb.dev\/l\/svm-temp\/#website","url":"https:\/\/lightweb.dev\/l\/svm-temp\/","name":"Svenska Magasinet","description":"Dina Spanska nyheter p&aring; Svenska","publisher":{"@id":"https:\/\/lightweb.dev\/l\/svm-temp\/#organization"},"potentialAction":[{"@type":"SearchAction","target":{"@type":"EntryPoint","urlTemplate":"https:\/\/lightweb.dev\/l\/svm-temp\/?s={search_term_string}"},"query-input":{"@type":"PropertyValueSpecification","valueRequired":true,"valueName":"search_term_string"}}],"inLanguage":"sv-SE"},{"@type":"Organization","@id":"https:\/\/lightweb.dev\/l\/svm-temp\/#organization","name":"Melkerson y Nott SL","alternateName":"Svenska Magasinet","url":"https:\/\/lightweb.dev\/l\/svm-temp\/","logo":{"@type":"ImageObject","inLanguage":"sv-SE","@id":"https:\/\/lightweb.dev\/l\/svm-temp\/#\/schema\/logo\/image\/","url":"https:\/\/lightweb.dev\/l\/svm-temp\/wp-content\/uploads\/2025\/02\/SvM-logo-Xtra-Centrerad-SVART.png","contentUrl":"https:\/\/lightweb.dev\/l\/svm-temp\/wp-content\/uploads\/2025\/02\/SvM-logo-Xtra-Centrerad-SVART.png","width":300,"height":99,"caption":"Melkerson y Nott SL"},"image":{"@id":"https:\/\/lightweb.dev\/l\/svm-temp\/#\/schema\/logo\/image\/"},"sameAs":["https:\/\/www.facebook.com\/svenskamagasinet","https:\/\/x.com\/SvenskaMagasine"]},{"@type":"Person","@id":"https:\/\/lightweb.dev\/l\/svm-temp\/#\/schema\/person\/206a3bda5b607b0c25e1749191e4d837","name":"Redaktionen SvM","description":"Redaktionen","sameAs":["https:\/\/lightweb.dev\/l\/svm-temp"],"url":"https:\/\/lightweb.dev\/l\/svm-temp\/reporter\/redaktionen\/"}]}},"_links":{"self":[{"href":"https:\/\/lightweb.dev\/l\/svm-temp\/wp-json\/wp\/v2\/posts\/11022","targetHints":{"allow":["GET"]}}],"collection":[{"href":"https:\/\/lightweb.dev\/l\/svm-temp\/wp-json\/wp\/v2\/posts"}],"about":[{"href":"https:\/\/lightweb.dev\/l\/svm-temp\/wp-json\/wp\/v2\/types\/post"}],"author":[{"embeddable":true,"href":"https:\/\/lightweb.dev\/l\/svm-temp\/wp-json\/wp\/v2\/users\/8"}],"replies":[{"embeddable":true,"href":"https:\/\/lightweb.dev\/l\/svm-temp\/wp-json\/wp\/v2\/comments?post=11022"}],"version-history":[{"count":0,"href":"https:\/\/lightweb.dev\/l\/svm-temp\/wp-json\/wp\/v2\/posts\/11022\/revisions"}],"wp:attachment":[{"href":"https:\/\/lightweb.dev\/l\/svm-temp\/wp-json\/wp\/v2\/media?parent=11022"}],"wp:term":[{"taxonomy":"category","embeddable":true,"href":"https:\/\/lightweb.dev\/l\/svm-temp\/wp-json\/wp\/v2\/categories?post=11022"},{"taxonomy":"post_tag","embeddable":true,"href":"https:\/\/lightweb.dev\/l\/svm-temp\/wp-json\/wp\/v2\/tags?post=11022"}],"curies":[{"name":"wp","href":"https:\/\/api.w.org\/{rel}","templated":true}]}}