{"id":11024,"date":"2021-11-24T15:14:00","date_gmt":"2021-11-24T14:14:00","guid":{"rendered":"https:\/\/lightweb.dev\/l\/svm-temp\/nyheter\/almunecar-kor-reklamkampanj-i-goteborg\/"},"modified":"2021-11-24T15:14:00","modified_gmt":"2021-11-24T14:14:00","slug":"almunecar-kor-reklamkampanj-i-goteborg","status":"publish","type":"post","link":"https:\/\/lightweb.dev\/l\/svm-temp\/nyheter\/almunecar-kor-reklamkampanj-i-goteborg\/","title":{"rendered":"Almu\u00f1\u00e9car k\u00f6r reklamkampanj i G\u00f6teborg"},"content":{"rendered":"<p> P\u00e5 fyra stora bildsk\u00e4rmar i centrala G\u00f6teborg s\u00e4nds filmklipp fr\u00e5n Almu\u00f1\u00e9car och La Herradura p\u00e5 Costa Tropical. P\u00e5 varje sk\u00e4rm visas reklam vid 720 tillf\u00e4llen om dagen. Enligt pressmeddelandet fr\u00e5n kommunen \u00e4r G\u00f6teborg den stad i Sverige varifr\u00e5n en majoritet av turisterna kommer.<br \/>\n &#8211; Det \u00e4r en viktig kampanj eftersom det inte bara g\u00e4ller att locka turister fr\u00e5n Spanien utan \u00e4ven internationella turister, s\u00e4ger vice borgm\u00e4staren och kommunalr\u00e5det f\u00f6r turism och str\u00e4nder, Daniel Barbero.<\/p>\n<p>De nordiska l\u00e4nderna st\u00e5r f\u00f6r cirka 20 procent av antalet turister fr\u00e5n utlandet som bes\u00f6ker Almu\u00f1\u00e9car kommun. Det \u00e4r en viktig marknad under l\u00e5gs\u00e4song och vinterhalv\u00e5ret.<\/p>\n<p>Almu\u00f1\u00e9car har under \u00e5ret genomf\u00f6rt reklamkampanjer i London och tagit emot journalister fr\u00e5n Norge. Nu ligger fokus p\u00e5 Sverige.<\/p>\n<p>Turistn\u00e4ringen har \u00e4ven tr\u00e4ffat Emanuel Karlsson, vd f\u00f6r Rolfs Flyg &#038; Buss och Solresor.<\/p>\n<p>Bildtext: P\u00e5 storbildssk\u00e4rmen vid Fr\u00f6lundas hockeytempel Scandinavium visas reklamfilmen om Almu\u00f1\u00e9car 720 g\u00e5nger om dagen.<\/p>\n<p>L\u00e4s mer:<br \/>\nLa Herradura: En h\u00e4stsko vid havet<\/p>\n<p>Svenskar lockas av tropisk vinter i Sydspanien<\/p>\n<p>H\u00f6g trivselfaktor p\u00e5 Costa Tropical: \u201dEfter \u00e5tta \u00e5r p\u00e5 Cypern fick det bli n\u00e5got nytt\u201d<\/p>\n","protected":false},"excerpt":{"rendered":"<p>P\u00e5 fyra stora bildsk\u00e4rmar i centrala G\u00f6teborg s\u00e4nds filmklipp fr\u00e5n Almu\u00f1\u00e9car och La Herradura p\u00e5 Costa Tropical. P\u00e5 varje sk\u00e4rm visas reklam vid 720 tillf\u00e4llen om dagen. Enligt pressmeddelandet fr\u00e5n kommunen \u00e4r G\u00f6teborg den stad i Sverige varifr\u00e5n en majoritet av turisterna kommer. &#8211; Det \u00e4r en viktig kampanj eftersom det inte bara g\u00e4ller att [&hellip;]<\/p>\n","protected":false},"author":8,"featured_media":0,"comment_status":"open","ping_status":"open","sticky":false,"template":"","format":"standard","meta":{"_et_pb_use_builder":"","_et_pb_old_content":"","_et_gb_content_width":"","footnotes":""},"categories":[395,3],"tags":[],"class_list":["post-11024","post","type-post","status-publish","format-standard","hentry","category-arkiv-nyheter","category-nyheter"],"yoast_head":"<!-- This site is optimized with the Yoast SEO Premium plugin v26.2 (Yoast SEO v27.5) - https:\/\/yoast.com\/product\/yoast-seo-premium-wordpress\/ -->\n<title>Almu\u00f1\u00e9car k\u00f6r reklamkampanj i G\u00f6teborg - Svenska Magasinet<\/title>\n<meta name=\"robots\" content=\"noindex, follow, max-snippet:-1, max-image-preview:large, max-video-preview:-1\" \/>\n<meta property=\"og:locale\" content=\"sv_SE\" \/>\n<meta property=\"og:type\" content=\"article\" \/>\n<meta property=\"og:title\" content=\"Almu\u00f1\u00e9car k\u00f6r reklamkampanj i G\u00f6teborg\" \/>\n<meta property=\"og:description\" content=\"P\u00e5 fyra stora bildsk\u00e4rmar i centrala G\u00f6teborg s\u00e4nds filmklipp fr\u00e5n Almu\u00f1\u00e9car och La Herradura p\u00e5 Costa Tropical. P\u00e5 varje sk\u00e4rm visas reklam vid 720 tillf\u00e4llen om dagen. Enligt pressmeddelandet fr\u00e5n kommunen \u00e4r G\u00f6teborg den stad i Sverige varifr\u00e5n en majoritet av turisterna kommer. &#8211; Det \u00e4r en viktig kampanj eftersom det inte bara g\u00e4ller att [&hellip;]\" \/>\n<meta property=\"og:url\" content=\"https:\/\/lightweb.dev\/l\/svm-temp\/nyheter\/almunecar-kor-reklamkampanj-i-goteborg\/\" \/>\n<meta property=\"og:site_name\" content=\"Svenska Magasinet\" \/>\n<meta property=\"article:publisher\" content=\"https:\/\/www.facebook.com\/svenskamagasinet\" \/>\n<meta property=\"article:published_time\" content=\"2021-11-24T14:14:00+00:00\" \/>\n<meta name=\"author\" content=\"Redaktionen SvM\" \/>\n<meta name=\"twitter:card\" content=\"summary_large_image\" \/>\n<meta name=\"twitter:creator\" content=\"@SvenskaMagasine\" \/>\n<meta name=\"twitter:site\" content=\"@SvenskaMagasine\" \/>\n<script type=\"application\/ld+json\" class=\"yoast-schema-graph\">{\"@context\":\"https:\\\/\\\/schema.org\",\"@graph\":[{\"@type\":\"Article\",\"@id\":\"https:\\\/\\\/lightweb.dev\\\/l\\\/svm-temp\\\/nyheter\\\/almunecar-kor-reklamkampanj-i-goteborg\\\/#article\",\"isPartOf\":{\"@id\":\"https:\\\/\\\/lightweb.dev\\\/l\\\/svm-temp\\\/nyheter\\\/almunecar-kor-reklamkampanj-i-goteborg\\\/\"},\"author\":{\"name\":\"Redaktionen SvM\",\"@id\":\"https:\\\/\\\/lightweb.dev\\\/l\\\/svm-temp\\\/#\\\/schema\\\/person\\\/206a3bda5b607b0c25e1749191e4d837\"},\"headline\":\"Almu\u00f1\u00e9car k\u00f6r reklamkampanj i G\u00f6teborg\",\"datePublished\":\"2021-11-24T14:14:00+00:00\",\"mainEntityOfPage\":{\"@id\":\"https:\\\/\\\/lightweb.dev\\\/l\\\/svm-temp\\\/nyheter\\\/almunecar-kor-reklamkampanj-i-goteborg\\\/\"},\"wordCount\":222,\"commentCount\":0,\"publisher\":{\"@id\":\"https:\\\/\\\/lightweb.dev\\\/l\\\/svm-temp\\\/#organization\"},\"articleSection\":[\"Arkiv\",\"Nyheter\"],\"inLanguage\":\"sv-SE\"},{\"@type\":\"WebPage\",\"@id\":\"https:\\\/\\\/lightweb.dev\\\/l\\\/svm-temp\\\/nyheter\\\/almunecar-kor-reklamkampanj-i-goteborg\\\/\",\"url\":\"https:\\\/\\\/lightweb.dev\\\/l\\\/svm-temp\\\/nyheter\\\/almunecar-kor-reklamkampanj-i-goteborg\\\/\",\"name\":\"Almu\u00f1\u00e9car k\u00f6r reklamkampanj i G\u00f6teborg - Svenska Magasinet\",\"isPartOf\":{\"@id\":\"https:\\\/\\\/lightweb.dev\\\/l\\\/svm-temp\\\/#website\"},\"datePublished\":\"2021-11-24T14:14:00+00:00\",\"breadcrumb\":{\"@id\":\"https:\\\/\\\/lightweb.dev\\\/l\\\/svm-temp\\\/nyheter\\\/almunecar-kor-reklamkampanj-i-goteborg\\\/#breadcrumb\"},\"inLanguage\":\"sv-SE\",\"potentialAction\":[{\"@type\":\"ReadAction\",\"target\":[\"https:\\\/\\\/lightweb.dev\\\/l\\\/svm-temp\\\/nyheter\\\/almunecar-kor-reklamkampanj-i-goteborg\\\/\"]}]},{\"@type\":\"BreadcrumbList\",\"@id\":\"https:\\\/\\\/lightweb.dev\\\/l\\\/svm-temp\\\/nyheter\\\/almunecar-kor-reklamkampanj-i-goteborg\\\/#breadcrumb\",\"itemListElement\":[{\"@type\":\"ListItem\",\"position\":1,\"name\":\"Hem\",\"item\":\"https:\\\/\\\/lightweb.dev\\\/l\\\/svm-temp\\\/\"},{\"@type\":\"ListItem\",\"position\":2,\"name\":\"Almu\u00f1\u00e9car k\u00f6r reklamkampanj i G\u00f6teborg\"}]},{\"@type\":\"WebSite\",\"@id\":\"https:\\\/\\\/lightweb.dev\\\/l\\\/svm-temp\\\/#website\",\"url\":\"https:\\\/\\\/lightweb.dev\\\/l\\\/svm-temp\\\/\",\"name\":\"Svenska Magasinet\",\"description\":\"Dina Spanska nyheter p&aring; Svenska\",\"publisher\":{\"@id\":\"https:\\\/\\\/lightweb.dev\\\/l\\\/svm-temp\\\/#organization\"},\"potentialAction\":[{\"@type\":\"SearchAction\",\"target\":{\"@type\":\"EntryPoint\",\"urlTemplate\":\"https:\\\/\\\/lightweb.dev\\\/l\\\/svm-temp\\\/?s={search_term_string}\"},\"query-input\":{\"@type\":\"PropertyValueSpecification\",\"valueRequired\":true,\"valueName\":\"search_term_string\"}}],\"inLanguage\":\"sv-SE\"},{\"@type\":\"Organization\",\"@id\":\"https:\\\/\\\/lightweb.dev\\\/l\\\/svm-temp\\\/#organization\",\"name\":\"Melkerson y Nott SL\",\"alternateName\":\"Svenska Magasinet\",\"url\":\"https:\\\/\\\/lightweb.dev\\\/l\\\/svm-temp\\\/\",\"logo\":{\"@type\":\"ImageObject\",\"inLanguage\":\"sv-SE\",\"@id\":\"https:\\\/\\\/lightweb.dev\\\/l\\\/svm-temp\\\/#\\\/schema\\\/logo\\\/image\\\/\",\"url\":\"https:\\\/\\\/lightweb.dev\\\/l\\\/svm-temp\\\/wp-content\\\/uploads\\\/2025\\\/02\\\/SvM-logo-Xtra-Centrerad-SVART.png\",\"contentUrl\":\"https:\\\/\\\/lightweb.dev\\\/l\\\/svm-temp\\\/wp-content\\\/uploads\\\/2025\\\/02\\\/SvM-logo-Xtra-Centrerad-SVART.png\",\"width\":300,\"height\":99,\"caption\":\"Melkerson y Nott SL\"},\"image\":{\"@id\":\"https:\\\/\\\/lightweb.dev\\\/l\\\/svm-temp\\\/#\\\/schema\\\/logo\\\/image\\\/\"},\"sameAs\":[\"https:\\\/\\\/www.facebook.com\\\/svenskamagasinet\",\"https:\\\/\\\/x.com\\\/SvenskaMagasine\"]},{\"@type\":\"Person\",\"@id\":\"https:\\\/\\\/lightweb.dev\\\/l\\\/svm-temp\\\/#\\\/schema\\\/person\\\/206a3bda5b607b0c25e1749191e4d837\",\"name\":\"Redaktionen SvM\",\"description\":\"Redaktionen\",\"sameAs\":[\"https:\\\/\\\/lightweb.dev\\\/l\\\/svm-temp\"],\"url\":\"https:\\\/\\\/lightweb.dev\\\/l\\\/svm-temp\\\/reporter\\\/redaktionen\\\/\"}]}<\/script>\n<!-- \/ Yoast SEO Premium plugin. -->","yoast_head_json":{"title":"Almu\u00f1\u00e9car k\u00f6r reklamkampanj i G\u00f6teborg - Svenska Magasinet","robots":{"index":"noindex","follow":"follow","max-snippet":"max-snippet:-1","max-image-preview":"max-image-preview:large","max-video-preview":"max-video-preview:-1"},"og_locale":"sv_SE","og_type":"article","og_title":"Almu\u00f1\u00e9car k\u00f6r reklamkampanj i G\u00f6teborg","og_description":"P\u00e5 fyra stora bildsk\u00e4rmar i centrala G\u00f6teborg s\u00e4nds filmklipp fr\u00e5n Almu\u00f1\u00e9car och La Herradura p\u00e5 Costa Tropical. P\u00e5 varje sk\u00e4rm visas reklam vid 720 tillf\u00e4llen om dagen. Enligt pressmeddelandet fr\u00e5n kommunen \u00e4r G\u00f6teborg den stad i Sverige varifr\u00e5n en majoritet av turisterna kommer. &#8211; Det \u00e4r en viktig kampanj eftersom det inte bara g\u00e4ller att [&hellip;]","og_url":"https:\/\/lightweb.dev\/l\/svm-temp\/nyheter\/almunecar-kor-reklamkampanj-i-goteborg\/","og_site_name":"Svenska Magasinet","article_publisher":"https:\/\/www.facebook.com\/svenskamagasinet","article_published_time":"2021-11-24T14:14:00+00:00","author":"Redaktionen SvM","twitter_card":"summary_large_image","twitter_creator":"@SvenskaMagasine","twitter_site":"@SvenskaMagasine","schema":{"@context":"https:\/\/schema.org","@graph":[{"@type":"Article","@id":"https:\/\/lightweb.dev\/l\/svm-temp\/nyheter\/almunecar-kor-reklamkampanj-i-goteborg\/#article","isPartOf":{"@id":"https:\/\/lightweb.dev\/l\/svm-temp\/nyheter\/almunecar-kor-reklamkampanj-i-goteborg\/"},"author":{"name":"Redaktionen SvM","@id":"https:\/\/lightweb.dev\/l\/svm-temp\/#\/schema\/person\/206a3bda5b607b0c25e1749191e4d837"},"headline":"Almu\u00f1\u00e9car k\u00f6r reklamkampanj i G\u00f6teborg","datePublished":"2021-11-24T14:14:00+00:00","mainEntityOfPage":{"@id":"https:\/\/lightweb.dev\/l\/svm-temp\/nyheter\/almunecar-kor-reklamkampanj-i-goteborg\/"},"wordCount":222,"commentCount":0,"publisher":{"@id":"https:\/\/lightweb.dev\/l\/svm-temp\/#organization"},"articleSection":["Arkiv","Nyheter"],"inLanguage":"sv-SE"},{"@type":"WebPage","@id":"https:\/\/lightweb.dev\/l\/svm-temp\/nyheter\/almunecar-kor-reklamkampanj-i-goteborg\/","url":"https:\/\/lightweb.dev\/l\/svm-temp\/nyheter\/almunecar-kor-reklamkampanj-i-goteborg\/","name":"Almu\u00f1\u00e9car k\u00f6r reklamkampanj i G\u00f6teborg - Svenska Magasinet","isPartOf":{"@id":"https:\/\/lightweb.dev\/l\/svm-temp\/#website"},"datePublished":"2021-11-24T14:14:00+00:00","breadcrumb":{"@id":"https:\/\/lightweb.dev\/l\/svm-temp\/nyheter\/almunecar-kor-reklamkampanj-i-goteborg\/#breadcrumb"},"inLanguage":"sv-SE","potentialAction":[{"@type":"ReadAction","target":["https:\/\/lightweb.dev\/l\/svm-temp\/nyheter\/almunecar-kor-reklamkampanj-i-goteborg\/"]}]},{"@type":"BreadcrumbList","@id":"https:\/\/lightweb.dev\/l\/svm-temp\/nyheter\/almunecar-kor-reklamkampanj-i-goteborg\/#breadcrumb","itemListElement":[{"@type":"ListItem","position":1,"name":"Hem","item":"https:\/\/lightweb.dev\/l\/svm-temp\/"},{"@type":"ListItem","position":2,"name":"Almu\u00f1\u00e9car k\u00f6r reklamkampanj i G\u00f6teborg"}]},{"@type":"WebSite","@id":"https:\/\/lightweb.dev\/l\/svm-temp\/#website","url":"https:\/\/lightweb.dev\/l\/svm-temp\/","name":"Svenska Magasinet","description":"Dina Spanska nyheter p&aring; Svenska","publisher":{"@id":"https:\/\/lightweb.dev\/l\/svm-temp\/#organization"},"potentialAction":[{"@type":"SearchAction","target":{"@type":"EntryPoint","urlTemplate":"https:\/\/lightweb.dev\/l\/svm-temp\/?s={search_term_string}"},"query-input":{"@type":"PropertyValueSpecification","valueRequired":true,"valueName":"search_term_string"}}],"inLanguage":"sv-SE"},{"@type":"Organization","@id":"https:\/\/lightweb.dev\/l\/svm-temp\/#organization","name":"Melkerson y Nott SL","alternateName":"Svenska Magasinet","url":"https:\/\/lightweb.dev\/l\/svm-temp\/","logo":{"@type":"ImageObject","inLanguage":"sv-SE","@id":"https:\/\/lightweb.dev\/l\/svm-temp\/#\/schema\/logo\/image\/","url":"https:\/\/lightweb.dev\/l\/svm-temp\/wp-content\/uploads\/2025\/02\/SvM-logo-Xtra-Centrerad-SVART.png","contentUrl":"https:\/\/lightweb.dev\/l\/svm-temp\/wp-content\/uploads\/2025\/02\/SvM-logo-Xtra-Centrerad-SVART.png","width":300,"height":99,"caption":"Melkerson y Nott SL"},"image":{"@id":"https:\/\/lightweb.dev\/l\/svm-temp\/#\/schema\/logo\/image\/"},"sameAs":["https:\/\/www.facebook.com\/svenskamagasinet","https:\/\/x.com\/SvenskaMagasine"]},{"@type":"Person","@id":"https:\/\/lightweb.dev\/l\/svm-temp\/#\/schema\/person\/206a3bda5b607b0c25e1749191e4d837","name":"Redaktionen SvM","description":"Redaktionen","sameAs":["https:\/\/lightweb.dev\/l\/svm-temp"],"url":"https:\/\/lightweb.dev\/l\/svm-temp\/reporter\/redaktionen\/"}]}},"_links":{"self":[{"href":"https:\/\/lightweb.dev\/l\/svm-temp\/wp-json\/wp\/v2\/posts\/11024","targetHints":{"allow":["GET"]}}],"collection":[{"href":"https:\/\/lightweb.dev\/l\/svm-temp\/wp-json\/wp\/v2\/posts"}],"about":[{"href":"https:\/\/lightweb.dev\/l\/svm-temp\/wp-json\/wp\/v2\/types\/post"}],"author":[{"embeddable":true,"href":"https:\/\/lightweb.dev\/l\/svm-temp\/wp-json\/wp\/v2\/users\/8"}],"replies":[{"embeddable":true,"href":"https:\/\/lightweb.dev\/l\/svm-temp\/wp-json\/wp\/v2\/comments?post=11024"}],"version-history":[{"count":0,"href":"https:\/\/lightweb.dev\/l\/svm-temp\/wp-json\/wp\/v2\/posts\/11024\/revisions"}],"wp:attachment":[{"href":"https:\/\/lightweb.dev\/l\/svm-temp\/wp-json\/wp\/v2\/media?parent=11024"}],"wp:term":[{"taxonomy":"category","embeddable":true,"href":"https:\/\/lightweb.dev\/l\/svm-temp\/wp-json\/wp\/v2\/categories?post=11024"},{"taxonomy":"post_tag","embeddable":true,"href":"https:\/\/lightweb.dev\/l\/svm-temp\/wp-json\/wp\/v2\/tags?post=11024"}],"curies":[{"name":"wp","href":"https:\/\/api.w.org\/{rel}","templated":true}]}}