{"id":1103,"date":"2021-11-30T10:20:00","date_gmt":"2021-11-30T09:20:00","guid":{"rendered":"https:\/\/lightweb.dev\/l\/svm-temp\/tva-vuxna-och-tva-barn-doda-efter-brand-i-overgiven-fastighet\/"},"modified":"2021-11-30T10:20:00","modified_gmt":"2021-11-30T09:20:00","slug":"tva-vuxna-och-tva-barn-doda-efter-brand-i-overgiven-fastighet","status":"publish","type":"post","link":"https:\/\/lightweb.dev\/l\/svm-temp\/nyheter\/tva-vuxna-och-tva-barn-doda-efter-brand-i-overgiven-fastighet\/","title":{"rendered":"Tv\u00e5 vuxna och tv\u00e5 barn d\u00f6da efter brand i \u00f6vergiven fastighet"},"content":{"rendered":"<p> Fyra personer avled varav tv\u00e5 barn, 1 och 3 \u00e5r gamla, efter en brand i en \u00f6vergiven fastighet i Barcelona tidigt p\u00e5 tisdagsmorgonen. Fyra personer uppges ha f\u00e5tt r\u00f6kskador och f\u00f6rts till sjukhus. Tillst\u00e5ndet uppges vara allvarligt.<br \/>\n Det r\u00f6r sig om en \u00f6vergiven fastighet, nummer 20 p\u00e5 plaza Tetu\u00e1n (bilden) i Barcelona, som tidigare var bankkontor, skriver dagstidningen ABC.<\/p>\n<p>Branden startade strax f\u00f6re klockan 06 i morse p\u00e5 bottenv\u00e5ningen. \u00c0ngel L\u00f3pez, chef vid r\u00e4ddningstj\u00e4nsten, s\u00e4ger att samtal kom in klockan 5.56 om att n\u00e5gon sett r\u00f6k och l\u00e5gor sl\u00e5 ut fr\u00e5n bottenv\u00e5ningen i fastigheten.<\/p>\n<p>N\u00e4r brandf\u00f6rsvaret kom till platsen fann de totalt \u00e5tta personer i en \u00f6ppen innerg\u00e5rd p\u00e5 insidan av fastigheten. Fyra av dem var d\u00f6da, varav tv\u00e5 barn. Det r\u00f6r sig om en familj. En 40-\u00e5rig pappa ursprungligen fr\u00e5n Pakistan och mamman, 39, fr\u00e5n Rum\u00e4nien. Barnen som omkom \u00e4r 3 \u00e5r, och den minste var under ett \u00e5r gammal.<\/p>\n<p>I nul\u00e4get finns det inga uppgifter p\u00e5 vad som orsakat branden. Den regionala polisk\u00e5ren Mossos d&#39;Esquadra utreder h\u00e4ndelsen.<\/p>\n","protected":false},"excerpt":{"rendered":"<p>Fyra personer avled varav tv\u00e5 barn, 1 och 3 \u00e5r gamla, efter en brand i en \u00f6vergiven fastighet i Barcelona tidigt p\u00e5 tisdagsmorgonen. Fyra personer uppges ha f\u00e5tt r\u00f6kskador och f\u00f6rts till sjukhus. Tillst\u00e5ndet uppges vara allvarligt. Det r\u00f6r sig om en \u00f6vergiven fastighet, nummer 20 p\u00e5 plaza Tetu\u00e1n (bilden) i Barcelona, som tidigare var [&hellip;]<\/p>\n","protected":false},"author":7,"featured_media":1104,"comment_status":"open","ping_status":"open","sticky":false,"template":"","format":"standard","meta":{"_et_pb_use_builder":"","_et_pb_old_content":"","_et_gb_content_width":"","footnotes":""},"categories":[395,3],"tags":[],"class_list":["post-1103","post","type-post","status-publish","format-standard","has-post-thumbnail","hentry","category-arkiv-nyheter","category-nyheter"],"yoast_head":"<!-- This site is optimized with the Yoast SEO Premium plugin v26.2 (Yoast SEO v27.5) - https:\/\/yoast.com\/product\/yoast-seo-premium-wordpress\/ -->\n<title>Tv\u00e5 vuxna och tv\u00e5 barn d\u00f6da efter brand i \u00f6vergiven fastighet - Svenska Magasinet<\/title>\n<meta name=\"robots\" content=\"noindex, follow, max-snippet:-1, max-image-preview:large, max-video-preview:-1\" \/>\n<meta property=\"og:locale\" content=\"sv_SE\" \/>\n<meta property=\"og:type\" content=\"article\" \/>\n<meta property=\"og:title\" content=\"Tv\u00e5 vuxna och tv\u00e5 barn d\u00f6da efter brand i \u00f6vergiven fastighet\" \/>\n<meta property=\"og:description\" content=\"Fyra personer avled varav tv\u00e5 barn, 1 och 3 \u00e5r gamla, efter en brand i en \u00f6vergiven fastighet i Barcelona tidigt p\u00e5 tisdagsmorgonen. Fyra personer uppges ha f\u00e5tt r\u00f6kskador och f\u00f6rts till sjukhus. Tillst\u00e5ndet uppges vara allvarligt. Det r\u00f6r sig om en \u00f6vergiven fastighet, nummer 20 p\u00e5 plaza Tetu\u00e1n (bilden) i Barcelona, som tidigare var [&hellip;]\" \/>\n<meta property=\"og:url\" content=\"https:\/\/lightweb.dev\/l\/svm-temp\/nyheter\/tva-vuxna-och-tva-barn-doda-efter-brand-i-overgiven-fastighet\/\" \/>\n<meta property=\"og:site_name\" content=\"Svenska Magasinet\" \/>\n<meta property=\"article:publisher\" content=\"https:\/\/www.facebook.com\/svenskamagasinet\" \/>\n<meta property=\"article:published_time\" content=\"2021-11-30T09:20:00+00:00\" \/>\n<meta property=\"og:image\" content=\"https:\/\/lightweb.dev\/l\/svm-temp\/wp-content\/uploads\/2022\/04\/tv-vuxna-och-tv-barn-dda-efter-brand-i-vergiven-fastighet.png\" \/>\n\t<meta property=\"og:image:width\" content=\"500\" \/>\n\t<meta property=\"og:image:height\" content=\"300\" \/>\n\t<meta property=\"og:image:type\" content=\"image\/png\" \/>\n<meta name=\"author\" content=\"Ola Josefsson\" \/>\n<meta name=\"twitter:card\" content=\"summary_large_image\" \/>\n<meta name=\"twitter:creator\" content=\"@SvenskaMagasine\" \/>\n<meta name=\"twitter:site\" content=\"@SvenskaMagasine\" \/>\n<script type=\"application\/ld+json\" class=\"yoast-schema-graph\">{\"@context\":\"https:\\\/\\\/schema.org\",\"@graph\":[{\"@type\":\"Article\",\"@id\":\"https:\\\/\\\/lightweb.dev\\\/l\\\/svm-temp\\\/nyheter\\\/tva-vuxna-och-tva-barn-doda-efter-brand-i-overgiven-fastighet\\\/#article\",\"isPartOf\":{\"@id\":\"https:\\\/\\\/lightweb.dev\\\/l\\\/svm-temp\\\/nyheter\\\/tva-vuxna-och-tva-barn-doda-efter-brand-i-overgiven-fastighet\\\/\"},\"author\":{\"name\":\"Ola Josefsson\",\"@id\":\"https:\\\/\\\/lightweb.dev\\\/l\\\/svm-temp\\\/#\\\/schema\\\/person\\\/7a82b8a73d171d32360a564b6d03508e\"},\"headline\":\"Tv\u00e5 vuxna och tv\u00e5 barn d\u00f6da efter brand i \u00f6vergiven fastighet\",\"datePublished\":\"2021-11-30T09:20:00+00:00\",\"mainEntityOfPage\":{\"@id\":\"https:\\\/\\\/lightweb.dev\\\/l\\\/svm-temp\\\/nyheter\\\/tva-vuxna-och-tva-barn-doda-efter-brand-i-overgiven-fastighet\\\/\"},\"wordCount\":204,\"commentCount\":0,\"publisher\":{\"@id\":\"https:\\\/\\\/lightweb.dev\\\/l\\\/svm-temp\\\/#organization\"},\"image\":{\"@id\":\"https:\\\/\\\/lightweb.dev\\\/l\\\/svm-temp\\\/nyheter\\\/tva-vuxna-och-tva-barn-doda-efter-brand-i-overgiven-fastighet\\\/#primaryimage\"},\"thumbnailUrl\":\"https:\\\/\\\/lightweb.dev\\\/l\\\/svm-temp\\\/wp-content\\\/uploads\\\/2022\\\/04\\\/tv-vuxna-och-tv-barn-dda-efter-brand-i-vergiven-fastighet.png\",\"articleSection\":[\"Arkiv\",\"Nyheter\"],\"inLanguage\":\"sv-SE\"},{\"@type\":\"WebPage\",\"@id\":\"https:\\\/\\\/lightweb.dev\\\/l\\\/svm-temp\\\/nyheter\\\/tva-vuxna-och-tva-barn-doda-efter-brand-i-overgiven-fastighet\\\/\",\"url\":\"https:\\\/\\\/lightweb.dev\\\/l\\\/svm-temp\\\/nyheter\\\/tva-vuxna-och-tva-barn-doda-efter-brand-i-overgiven-fastighet\\\/\",\"name\":\"Tv\u00e5 vuxna och tv\u00e5 barn d\u00f6da efter brand i \u00f6vergiven fastighet - Svenska Magasinet\",\"isPartOf\":{\"@id\":\"https:\\\/\\\/lightweb.dev\\\/l\\\/svm-temp\\\/#website\"},\"primaryImageOfPage\":{\"@id\":\"https:\\\/\\\/lightweb.dev\\\/l\\\/svm-temp\\\/nyheter\\\/tva-vuxna-och-tva-barn-doda-efter-brand-i-overgiven-fastighet\\\/#primaryimage\"},\"image\":{\"@id\":\"https:\\\/\\\/lightweb.dev\\\/l\\\/svm-temp\\\/nyheter\\\/tva-vuxna-och-tva-barn-doda-efter-brand-i-overgiven-fastighet\\\/#primaryimage\"},\"thumbnailUrl\":\"https:\\\/\\\/lightweb.dev\\\/l\\\/svm-temp\\\/wp-content\\\/uploads\\\/2022\\\/04\\\/tv-vuxna-och-tv-barn-dda-efter-brand-i-vergiven-fastighet.png\",\"datePublished\":\"2021-11-30T09:20:00+00:00\",\"breadcrumb\":{\"@id\":\"https:\\\/\\\/lightweb.dev\\\/l\\\/svm-temp\\\/nyheter\\\/tva-vuxna-och-tva-barn-doda-efter-brand-i-overgiven-fastighet\\\/#breadcrumb\"},\"inLanguage\":\"sv-SE\",\"potentialAction\":[{\"@type\":\"ReadAction\",\"target\":[\"https:\\\/\\\/lightweb.dev\\\/l\\\/svm-temp\\\/nyheter\\\/tva-vuxna-och-tva-barn-doda-efter-brand-i-overgiven-fastighet\\\/\"]}]},{\"@type\":\"ImageObject\",\"inLanguage\":\"sv-SE\",\"@id\":\"https:\\\/\\\/lightweb.dev\\\/l\\\/svm-temp\\\/nyheter\\\/tva-vuxna-och-tva-barn-doda-efter-brand-i-overgiven-fastighet\\\/#primaryimage\",\"url\":\"https:\\\/\\\/lightweb.dev\\\/l\\\/svm-temp\\\/wp-content\\\/uploads\\\/2022\\\/04\\\/tv-vuxna-och-tv-barn-dda-efter-brand-i-vergiven-fastighet.png\",\"contentUrl\":\"https:\\\/\\\/lightweb.dev\\\/l\\\/svm-temp\\\/wp-content\\\/uploads\\\/2022\\\/04\\\/tv-vuxna-och-tv-barn-dda-efter-brand-i-vergiven-fastighet.png\",\"width\":500,\"height\":300},{\"@type\":\"BreadcrumbList\",\"@id\":\"https:\\\/\\\/lightweb.dev\\\/l\\\/svm-temp\\\/nyheter\\\/tva-vuxna-och-tva-barn-doda-efter-brand-i-overgiven-fastighet\\\/#breadcrumb\",\"itemListElement\":[{\"@type\":\"ListItem\",\"position\":1,\"name\":\"Hem\",\"item\":\"https:\\\/\\\/lightweb.dev\\\/l\\\/svm-temp\\\/\"},{\"@type\":\"ListItem\",\"position\":2,\"name\":\"Tv\u00e5 vuxna och tv\u00e5 barn d\u00f6da efter brand i \u00f6vergiven fastighet\"}]},{\"@type\":\"WebSite\",\"@id\":\"https:\\\/\\\/lightweb.dev\\\/l\\\/svm-temp\\\/#website\",\"url\":\"https:\\\/\\\/lightweb.dev\\\/l\\\/svm-temp\\\/\",\"name\":\"Svenska Magasinet\",\"description\":\"Dina Spanska nyheter p&aring; Svenska\",\"publisher\":{\"@id\":\"https:\\\/\\\/lightweb.dev\\\/l\\\/svm-temp\\\/#organization\"},\"potentialAction\":[{\"@type\":\"SearchAction\",\"target\":{\"@type\":\"EntryPoint\",\"urlTemplate\":\"https:\\\/\\\/lightweb.dev\\\/l\\\/svm-temp\\\/?s={search_term_string}\"},\"query-input\":{\"@type\":\"PropertyValueSpecification\",\"valueRequired\":true,\"valueName\":\"search_term_string\"}}],\"inLanguage\":\"sv-SE\"},{\"@type\":\"Organization\",\"@id\":\"https:\\\/\\\/lightweb.dev\\\/l\\\/svm-temp\\\/#organization\",\"name\":\"Melkerson y Nott SL\",\"alternateName\":\"Svenska Magasinet\",\"url\":\"https:\\\/\\\/lightweb.dev\\\/l\\\/svm-temp\\\/\",\"logo\":{\"@type\":\"ImageObject\",\"inLanguage\":\"sv-SE\",\"@id\":\"https:\\\/\\\/lightweb.dev\\\/l\\\/svm-temp\\\/#\\\/schema\\\/logo\\\/image\\\/\",\"url\":\"https:\\\/\\\/lightweb.dev\\\/l\\\/svm-temp\\\/wp-content\\\/uploads\\\/2025\\\/02\\\/SvM-logo-Xtra-Centrerad-SVART.png\",\"contentUrl\":\"https:\\\/\\\/lightweb.dev\\\/l\\\/svm-temp\\\/wp-content\\\/uploads\\\/2025\\\/02\\\/SvM-logo-Xtra-Centrerad-SVART.png\",\"width\":300,\"height\":99,\"caption\":\"Melkerson y Nott SL\"},\"image\":{\"@id\":\"https:\\\/\\\/lightweb.dev\\\/l\\\/svm-temp\\\/#\\\/schema\\\/logo\\\/image\\\/\"},\"sameAs\":[\"https:\\\/\\\/www.facebook.com\\\/svenskamagasinet\",\"https:\\\/\\\/x.com\\\/SvenskaMagasine\"]},{\"@type\":\"Person\",\"@id\":\"https:\\\/\\\/lightweb.dev\\\/l\\\/svm-temp\\\/#\\\/schema\\\/person\\\/7a82b8a73d171d32360a564b6d03508e\",\"name\":\"Ola Josefsson\",\"description\":\"Bevakar Solkusten och Spanien sedan 1994.\",\"sameAs\":[\"https:\\\/\\\/lightweb.dev\\\/l\\\/svm-temp\"],\"url\":\"https:\\\/\\\/lightweb.dev\\\/l\\\/svm-temp\\\/reporter\\\/ola-josefsson\\\/\"}]}<\/script>\n<!-- \/ Yoast SEO Premium plugin. -->","yoast_head_json":{"title":"Tv\u00e5 vuxna och tv\u00e5 barn d\u00f6da efter brand i \u00f6vergiven fastighet - Svenska Magasinet","robots":{"index":"noindex","follow":"follow","max-snippet":"max-snippet:-1","max-image-preview":"max-image-preview:large","max-video-preview":"max-video-preview:-1"},"og_locale":"sv_SE","og_type":"article","og_title":"Tv\u00e5 vuxna och tv\u00e5 barn d\u00f6da efter brand i \u00f6vergiven fastighet","og_description":"Fyra personer avled varav tv\u00e5 barn, 1 och 3 \u00e5r gamla, efter en brand i en \u00f6vergiven fastighet i Barcelona tidigt p\u00e5 tisdagsmorgonen. Fyra personer uppges ha f\u00e5tt r\u00f6kskador och f\u00f6rts till sjukhus. Tillst\u00e5ndet uppges vara allvarligt. Det r\u00f6r sig om en \u00f6vergiven fastighet, nummer 20 p\u00e5 plaza Tetu\u00e1n (bilden) i Barcelona, som tidigare var [&hellip;]","og_url":"https:\/\/lightweb.dev\/l\/svm-temp\/nyheter\/tva-vuxna-och-tva-barn-doda-efter-brand-i-overgiven-fastighet\/","og_site_name":"Svenska Magasinet","article_publisher":"https:\/\/www.facebook.com\/svenskamagasinet","article_published_time":"2021-11-30T09:20:00+00:00","og_image":[{"width":500,"height":300,"url":"https:\/\/lightweb.dev\/l\/svm-temp\/wp-content\/uploads\/2022\/04\/tv-vuxna-och-tv-barn-dda-efter-brand-i-vergiven-fastighet.png","type":"image\/png"}],"author":"Ola Josefsson","twitter_card":"summary_large_image","twitter_creator":"@SvenskaMagasine","twitter_site":"@SvenskaMagasine","schema":{"@context":"https:\/\/schema.org","@graph":[{"@type":"Article","@id":"https:\/\/lightweb.dev\/l\/svm-temp\/nyheter\/tva-vuxna-och-tva-barn-doda-efter-brand-i-overgiven-fastighet\/#article","isPartOf":{"@id":"https:\/\/lightweb.dev\/l\/svm-temp\/nyheter\/tva-vuxna-och-tva-barn-doda-efter-brand-i-overgiven-fastighet\/"},"author":{"name":"Ola Josefsson","@id":"https:\/\/lightweb.dev\/l\/svm-temp\/#\/schema\/person\/7a82b8a73d171d32360a564b6d03508e"},"headline":"Tv\u00e5 vuxna och tv\u00e5 barn d\u00f6da efter brand i \u00f6vergiven fastighet","datePublished":"2021-11-30T09:20:00+00:00","mainEntityOfPage":{"@id":"https:\/\/lightweb.dev\/l\/svm-temp\/nyheter\/tva-vuxna-och-tva-barn-doda-efter-brand-i-overgiven-fastighet\/"},"wordCount":204,"commentCount":0,"publisher":{"@id":"https:\/\/lightweb.dev\/l\/svm-temp\/#organization"},"image":{"@id":"https:\/\/lightweb.dev\/l\/svm-temp\/nyheter\/tva-vuxna-och-tva-barn-doda-efter-brand-i-overgiven-fastighet\/#primaryimage"},"thumbnailUrl":"https:\/\/lightweb.dev\/l\/svm-temp\/wp-content\/uploads\/2022\/04\/tv-vuxna-och-tv-barn-dda-efter-brand-i-vergiven-fastighet.png","articleSection":["Arkiv","Nyheter"],"inLanguage":"sv-SE"},{"@type":"WebPage","@id":"https:\/\/lightweb.dev\/l\/svm-temp\/nyheter\/tva-vuxna-och-tva-barn-doda-efter-brand-i-overgiven-fastighet\/","url":"https:\/\/lightweb.dev\/l\/svm-temp\/nyheter\/tva-vuxna-och-tva-barn-doda-efter-brand-i-overgiven-fastighet\/","name":"Tv\u00e5 vuxna och tv\u00e5 barn d\u00f6da efter brand i \u00f6vergiven fastighet - Svenska Magasinet","isPartOf":{"@id":"https:\/\/lightweb.dev\/l\/svm-temp\/#website"},"primaryImageOfPage":{"@id":"https:\/\/lightweb.dev\/l\/svm-temp\/nyheter\/tva-vuxna-och-tva-barn-doda-efter-brand-i-overgiven-fastighet\/#primaryimage"},"image":{"@id":"https:\/\/lightweb.dev\/l\/svm-temp\/nyheter\/tva-vuxna-och-tva-barn-doda-efter-brand-i-overgiven-fastighet\/#primaryimage"},"thumbnailUrl":"https:\/\/lightweb.dev\/l\/svm-temp\/wp-content\/uploads\/2022\/04\/tv-vuxna-och-tv-barn-dda-efter-brand-i-vergiven-fastighet.png","datePublished":"2021-11-30T09:20:00+00:00","breadcrumb":{"@id":"https:\/\/lightweb.dev\/l\/svm-temp\/nyheter\/tva-vuxna-och-tva-barn-doda-efter-brand-i-overgiven-fastighet\/#breadcrumb"},"inLanguage":"sv-SE","potentialAction":[{"@type":"ReadAction","target":["https:\/\/lightweb.dev\/l\/svm-temp\/nyheter\/tva-vuxna-och-tva-barn-doda-efter-brand-i-overgiven-fastighet\/"]}]},{"@type":"ImageObject","inLanguage":"sv-SE","@id":"https:\/\/lightweb.dev\/l\/svm-temp\/nyheter\/tva-vuxna-och-tva-barn-doda-efter-brand-i-overgiven-fastighet\/#primaryimage","url":"https:\/\/lightweb.dev\/l\/svm-temp\/wp-content\/uploads\/2022\/04\/tv-vuxna-och-tv-barn-dda-efter-brand-i-vergiven-fastighet.png","contentUrl":"https:\/\/lightweb.dev\/l\/svm-temp\/wp-content\/uploads\/2022\/04\/tv-vuxna-och-tv-barn-dda-efter-brand-i-vergiven-fastighet.png","width":500,"height":300},{"@type":"BreadcrumbList","@id":"https:\/\/lightweb.dev\/l\/svm-temp\/nyheter\/tva-vuxna-och-tva-barn-doda-efter-brand-i-overgiven-fastighet\/#breadcrumb","itemListElement":[{"@type":"ListItem","position":1,"name":"Hem","item":"https:\/\/lightweb.dev\/l\/svm-temp\/"},{"@type":"ListItem","position":2,"name":"Tv\u00e5 vuxna och tv\u00e5 barn d\u00f6da efter brand i \u00f6vergiven fastighet"}]},{"@type":"WebSite","@id":"https:\/\/lightweb.dev\/l\/svm-temp\/#website","url":"https:\/\/lightweb.dev\/l\/svm-temp\/","name":"Svenska Magasinet","description":"Dina Spanska nyheter p&aring; Svenska","publisher":{"@id":"https:\/\/lightweb.dev\/l\/svm-temp\/#organization"},"potentialAction":[{"@type":"SearchAction","target":{"@type":"EntryPoint","urlTemplate":"https:\/\/lightweb.dev\/l\/svm-temp\/?s={search_term_string}"},"query-input":{"@type":"PropertyValueSpecification","valueRequired":true,"valueName":"search_term_string"}}],"inLanguage":"sv-SE"},{"@type":"Organization","@id":"https:\/\/lightweb.dev\/l\/svm-temp\/#organization","name":"Melkerson y Nott SL","alternateName":"Svenska Magasinet","url":"https:\/\/lightweb.dev\/l\/svm-temp\/","logo":{"@type":"ImageObject","inLanguage":"sv-SE","@id":"https:\/\/lightweb.dev\/l\/svm-temp\/#\/schema\/logo\/image\/","url":"https:\/\/lightweb.dev\/l\/svm-temp\/wp-content\/uploads\/2025\/02\/SvM-logo-Xtra-Centrerad-SVART.png","contentUrl":"https:\/\/lightweb.dev\/l\/svm-temp\/wp-content\/uploads\/2025\/02\/SvM-logo-Xtra-Centrerad-SVART.png","width":300,"height":99,"caption":"Melkerson y Nott SL"},"image":{"@id":"https:\/\/lightweb.dev\/l\/svm-temp\/#\/schema\/logo\/image\/"},"sameAs":["https:\/\/www.facebook.com\/svenskamagasinet","https:\/\/x.com\/SvenskaMagasine"]},{"@type":"Person","@id":"https:\/\/lightweb.dev\/l\/svm-temp\/#\/schema\/person\/7a82b8a73d171d32360a564b6d03508e","name":"Ola Josefsson","description":"Bevakar Solkusten och Spanien sedan 1994.","sameAs":["https:\/\/lightweb.dev\/l\/svm-temp"],"url":"https:\/\/lightweb.dev\/l\/svm-temp\/reporter\/ola-josefsson\/"}]}},"_links":{"self":[{"href":"https:\/\/lightweb.dev\/l\/svm-temp\/wp-json\/wp\/v2\/posts\/1103","targetHints":{"allow":["GET"]}}],"collection":[{"href":"https:\/\/lightweb.dev\/l\/svm-temp\/wp-json\/wp\/v2\/posts"}],"about":[{"href":"https:\/\/lightweb.dev\/l\/svm-temp\/wp-json\/wp\/v2\/types\/post"}],"author":[{"embeddable":true,"href":"https:\/\/lightweb.dev\/l\/svm-temp\/wp-json\/wp\/v2\/users\/7"}],"replies":[{"embeddable":true,"href":"https:\/\/lightweb.dev\/l\/svm-temp\/wp-json\/wp\/v2\/comments?post=1103"}],"version-history":[{"count":0,"href":"https:\/\/lightweb.dev\/l\/svm-temp\/wp-json\/wp\/v2\/posts\/1103\/revisions"}],"wp:featuredmedia":[{"embeddable":true,"href":"https:\/\/lightweb.dev\/l\/svm-temp\/wp-json\/wp\/v2\/media\/1104"}],"wp:attachment":[{"href":"https:\/\/lightweb.dev\/l\/svm-temp\/wp-json\/wp\/v2\/media?parent=1103"}],"wp:term":[{"taxonomy":"category","embeddable":true,"href":"https:\/\/lightweb.dev\/l\/svm-temp\/wp-json\/wp\/v2\/categories?post=1103"},{"taxonomy":"post_tag","embeddable":true,"href":"https:\/\/lightweb.dev\/l\/svm-temp\/wp-json\/wp\/v2\/tags?post=1103"}],"curies":[{"name":"wp","href":"https:\/\/api.w.org\/{rel}","templated":true}]}}