{"id":11032,"date":"2021-11-23T15:25:00","date_gmt":"2021-11-23T14:25:00","guid":{"rendered":"https:\/\/lightweb.dev\/l\/svm-temp\/nyheter\/covidpass-till-serveringsstallen-splittrar-regionerna\/"},"modified":"2021-11-23T15:25:00","modified_gmt":"2021-11-23T14:25:00","slug":"covidpass-till-serveringsstallen-splittrar-regionerna","status":"publish","type":"post","link":"https:\/\/lightweb.dev\/l\/svm-temp\/nyheter\/covidpass-till-serveringsstallen-splittrar-regionerna\/","title":{"rendered":"Covidpass till serveringsst\u00e4llen splittrar regionerna"},"content":{"rendered":"<p> Sedan mitten av oktober har antalet smittade med coronaviruset SARS-CoV-2 \u00f6kat i Spanien. F\u00f6rutom att antalet smittade forts\u00e4tter att \u00f6ka s\u00e5 accelererar frekvensen. I fredags rapporterades 9.800 nya smittade. Under m\u00e5ndagen rapporterades 16.000 nya fall. Det \u00e4r en uppg\u00e5ng med 62 procent.<\/p>\n<p>M\u00e5ndagen den 15 november l\u00e5g incidenstalet p\u00e5 112 smittade per 100.000 inv\u00e5nare. Idag tisdag \u00e4r incidensen 139. I mitten p\u00e5 oktober var incidenstalet cirka 40.<\/p>\n<p>Covidpass som krav f\u00f6r att bes\u00f6ka serveringsst\u00e4llen, diskotek och nattklubbar diskuteras dagligen. Ig\u00e5r kom beslut fr\u00e5n Baskiens regionala domstol som s\u00e4ger nej till f\u00f6rslaget.<\/p>\n<p>Folkh\u00e4lsov\u00e5rden Consejer\u00eda de Salud i Baskien f\u00f6resl\u00e5r covidpass som krav till serveringsst\u00e4llen, diskotek och nattklubbar med mer \u00e4n 50 bes\u00f6kare och n\u00e4r incidenstalet ligger \u00f6ver 150.<\/p>\n<p>Baskien redovisar n\u00e4stan det dubbla, 254, som det nationella genomsnittet. Trots det s\u00e5 avvisade domstolen f\u00f6rslaget.<\/p>\n<p>Flera europeiska l\u00e4nder har sagt ja till ett obligatoriskt covidpass. Det har \u00e4ven godk\u00e4nts av de regionala domstolarna i Galicien, Balearerna och Katalonien. \u00c4ven La Rioja, Valenciaregionen och Navarra har bett de regionala domstolarna att ge gr\u00f6nt ljus till covidpasset som ska vara en brandv\u00e4gg mot pandemin.<\/p>\n<p>Det \u00e4r endast Madrid som meddelat att de inte t\u00e4nker begr\u00e4nsa tillg\u00e5ngen till serveringsst\u00e4llen med krav p\u00e5 covidpass.<\/p>\n<p>L\u00e4nder i Europa har senaste tiden skakats av v\u00e5ldsamma protester mot nedst\u00e4ngningspolitik och planer p\u00e5 vaccinkrav f\u00f6r att bes\u00f6ka serveringsst\u00e4llen.<\/p>\n<p>Folkh\u00e4lsokommissionen i Spanien tittar i nul\u00e4get p\u00e5 att inf\u00f6ra vissa covidrestriktioner p\u00e5 serveringsst\u00e4llen. N\u00e5got beslut finns inte i nul\u00e4get. Det som diskuteras \u00e4r att st\u00e4nga barer och restauranger fr\u00e5n klockan 23 och nattklubbar fr\u00e5n klockan 01 i omr\u00e5den med medelh\u00f6g risk och med h\u00f6gt sjukhustryck.<\/p>\n<p>Gr\u00e4nsen skulle g\u00e5 vid incidenstalet 100 fall per 100.000 inv\u00e5nare och om antalet covidpatienter samtidigt \u00f6kar p\u00e5 sjukhus och intensivv\u00e5rdsavdelningar (UCI).<\/p>\n<p>Spanien har incidenstalet 132,19 vilket \u00e4r klart \u00f6ver 100. D\u00e4remot \u00e4r antalet covidpatienter vid sjukhusen bara 2,33 procent. Vid intensivv\u00e5rdsavdelningarna st\u00e5r covidpatienter f\u00f6r 5,70 procent. <\/p>\n<p>Andalusien redovisar incidenstalet 73 fall per 100.000 inv\u00e5nare p\u00e5 tisdagen. I sjukv\u00e5rdsdistriktet Costa del Sol ligger incidensen p\u00e5 100,6 och i Axarqu\u00eda 47.<\/p>\n<p>Den regionala Folkh\u00e4lsov\u00e5rden i Andalusien meddelar att fr\u00e5n nu kan inv\u00e5nare mellan 65 till 69 \u00e5r best\u00e4lla tid f\u00f6r p\u00e5fyllnadsdosen av covidvaccin via:<br \/>\nClicSalud+<br \/>\nTelefon och appen Salud Responde<br \/>\nAppen Salud Andaluc\u00eda<br \/>\nCentro de Salud<\/p>\n","protected":false},"excerpt":{"rendered":"<p>Sedan mitten av oktober har antalet smittade med coronaviruset SARS-CoV-2 \u00f6kat i Spanien. F\u00f6rutom att antalet smittade forts\u00e4tter att \u00f6ka s\u00e5 accelererar frekvensen. I fredags rapporterades 9.800 nya smittade. Under m\u00e5ndagen rapporterades 16.000 nya fall. Det \u00e4r en uppg\u00e5ng med 62 procent. M\u00e5ndagen den 15 november l\u00e5g incidenstalet p\u00e5 112 smittade per 100.000 inv\u00e5nare. Idag [&hellip;]<\/p>\n","protected":false},"author":8,"featured_media":0,"comment_status":"open","ping_status":"open","sticky":false,"template":"","format":"standard","meta":{"_et_pb_use_builder":"","_et_pb_old_content":"","_et_gb_content_width":"","footnotes":""},"categories":[395,3],"tags":[],"class_list":["post-11032","post","type-post","status-publish","format-standard","hentry","category-arkiv-nyheter","category-nyheter"],"yoast_head":"<!-- This site is optimized with the Yoast SEO Premium plugin v26.2 (Yoast SEO v27.5) - https:\/\/yoast.com\/product\/yoast-seo-premium-wordpress\/ -->\n<title>Covidpass till serveringsst\u00e4llen splittrar regionerna - Svenska Magasinet<\/title>\n<meta name=\"robots\" content=\"noindex, follow, max-snippet:-1, max-image-preview:large, max-video-preview:-1\" \/>\n<meta property=\"og:locale\" content=\"sv_SE\" \/>\n<meta property=\"og:type\" content=\"article\" \/>\n<meta property=\"og:title\" content=\"Covidpass till serveringsst\u00e4llen splittrar regionerna\" \/>\n<meta property=\"og:description\" content=\"Sedan mitten av oktober har antalet smittade med coronaviruset SARS-CoV-2 \u00f6kat i Spanien. F\u00f6rutom att antalet smittade forts\u00e4tter att \u00f6ka s\u00e5 accelererar frekvensen. I fredags rapporterades 9.800 nya smittade. Under m\u00e5ndagen rapporterades 16.000 nya fall. Det \u00e4r en uppg\u00e5ng med 62 procent. M\u00e5ndagen den 15 november l\u00e5g incidenstalet p\u00e5 112 smittade per 100.000 inv\u00e5nare. Idag [&hellip;]\" \/>\n<meta property=\"og:url\" content=\"https:\/\/lightweb.dev\/l\/svm-temp\/nyheter\/covidpass-till-serveringsstallen-splittrar-regionerna\/\" \/>\n<meta property=\"og:site_name\" content=\"Svenska Magasinet\" \/>\n<meta property=\"article:publisher\" content=\"https:\/\/www.facebook.com\/svenskamagasinet\" \/>\n<meta property=\"article:published_time\" content=\"2021-11-23T14:25:00+00:00\" \/>\n<meta name=\"author\" content=\"Redaktionen SvM\" \/>\n<meta name=\"twitter:card\" content=\"summary_large_image\" \/>\n<meta name=\"twitter:creator\" content=\"@SvenskaMagasine\" \/>\n<meta name=\"twitter:site\" content=\"@SvenskaMagasine\" \/>\n<script type=\"application\/ld+json\" class=\"yoast-schema-graph\">{\"@context\":\"https:\\\/\\\/schema.org\",\"@graph\":[{\"@type\":\"Article\",\"@id\":\"https:\\\/\\\/lightweb.dev\\\/l\\\/svm-temp\\\/nyheter\\\/covidpass-till-serveringsstallen-splittrar-regionerna\\\/#article\",\"isPartOf\":{\"@id\":\"https:\\\/\\\/lightweb.dev\\\/l\\\/svm-temp\\\/nyheter\\\/covidpass-till-serveringsstallen-splittrar-regionerna\\\/\"},\"author\":{\"name\":\"Redaktionen SvM\",\"@id\":\"https:\\\/\\\/lightweb.dev\\\/l\\\/svm-temp\\\/#\\\/schema\\\/person\\\/206a3bda5b607b0c25e1749191e4d837\"},\"headline\":\"Covidpass till serveringsst\u00e4llen splittrar regionerna\",\"datePublished\":\"2021-11-23T14:25:00+00:00\",\"mainEntityOfPage\":{\"@id\":\"https:\\\/\\\/lightweb.dev\\\/l\\\/svm-temp\\\/nyheter\\\/covidpass-till-serveringsstallen-splittrar-regionerna\\\/\"},\"wordCount\":416,\"commentCount\":0,\"publisher\":{\"@id\":\"https:\\\/\\\/lightweb.dev\\\/l\\\/svm-temp\\\/#organization\"},\"articleSection\":[\"Arkiv\",\"Nyheter\"],\"inLanguage\":\"sv-SE\"},{\"@type\":\"WebPage\",\"@id\":\"https:\\\/\\\/lightweb.dev\\\/l\\\/svm-temp\\\/nyheter\\\/covidpass-till-serveringsstallen-splittrar-regionerna\\\/\",\"url\":\"https:\\\/\\\/lightweb.dev\\\/l\\\/svm-temp\\\/nyheter\\\/covidpass-till-serveringsstallen-splittrar-regionerna\\\/\",\"name\":\"Covidpass till serveringsst\u00e4llen splittrar regionerna - Svenska Magasinet\",\"isPartOf\":{\"@id\":\"https:\\\/\\\/lightweb.dev\\\/l\\\/svm-temp\\\/#website\"},\"datePublished\":\"2021-11-23T14:25:00+00:00\",\"breadcrumb\":{\"@id\":\"https:\\\/\\\/lightweb.dev\\\/l\\\/svm-temp\\\/nyheter\\\/covidpass-till-serveringsstallen-splittrar-regionerna\\\/#breadcrumb\"},\"inLanguage\":\"sv-SE\",\"potentialAction\":[{\"@type\":\"ReadAction\",\"target\":[\"https:\\\/\\\/lightweb.dev\\\/l\\\/svm-temp\\\/nyheter\\\/covidpass-till-serveringsstallen-splittrar-regionerna\\\/\"]}]},{\"@type\":\"BreadcrumbList\",\"@id\":\"https:\\\/\\\/lightweb.dev\\\/l\\\/svm-temp\\\/nyheter\\\/covidpass-till-serveringsstallen-splittrar-regionerna\\\/#breadcrumb\",\"itemListElement\":[{\"@type\":\"ListItem\",\"position\":1,\"name\":\"Hem\",\"item\":\"https:\\\/\\\/lightweb.dev\\\/l\\\/svm-temp\\\/\"},{\"@type\":\"ListItem\",\"position\":2,\"name\":\"Covidpass till serveringsst\u00e4llen splittrar regionerna\"}]},{\"@type\":\"WebSite\",\"@id\":\"https:\\\/\\\/lightweb.dev\\\/l\\\/svm-temp\\\/#website\",\"url\":\"https:\\\/\\\/lightweb.dev\\\/l\\\/svm-temp\\\/\",\"name\":\"Svenska Magasinet\",\"description\":\"Dina Spanska nyheter p&aring; Svenska\",\"publisher\":{\"@id\":\"https:\\\/\\\/lightweb.dev\\\/l\\\/svm-temp\\\/#organization\"},\"potentialAction\":[{\"@type\":\"SearchAction\",\"target\":{\"@type\":\"EntryPoint\",\"urlTemplate\":\"https:\\\/\\\/lightweb.dev\\\/l\\\/svm-temp\\\/?s={search_term_string}\"},\"query-input\":{\"@type\":\"PropertyValueSpecification\",\"valueRequired\":true,\"valueName\":\"search_term_string\"}}],\"inLanguage\":\"sv-SE\"},{\"@type\":\"Organization\",\"@id\":\"https:\\\/\\\/lightweb.dev\\\/l\\\/svm-temp\\\/#organization\",\"name\":\"Melkerson y Nott SL\",\"alternateName\":\"Svenska Magasinet\",\"url\":\"https:\\\/\\\/lightweb.dev\\\/l\\\/svm-temp\\\/\",\"logo\":{\"@type\":\"ImageObject\",\"inLanguage\":\"sv-SE\",\"@id\":\"https:\\\/\\\/lightweb.dev\\\/l\\\/svm-temp\\\/#\\\/schema\\\/logo\\\/image\\\/\",\"url\":\"https:\\\/\\\/lightweb.dev\\\/l\\\/svm-temp\\\/wp-content\\\/uploads\\\/2025\\\/02\\\/SvM-logo-Xtra-Centrerad-SVART.png\",\"contentUrl\":\"https:\\\/\\\/lightweb.dev\\\/l\\\/svm-temp\\\/wp-content\\\/uploads\\\/2025\\\/02\\\/SvM-logo-Xtra-Centrerad-SVART.png\",\"width\":300,\"height\":99,\"caption\":\"Melkerson y Nott SL\"},\"image\":{\"@id\":\"https:\\\/\\\/lightweb.dev\\\/l\\\/svm-temp\\\/#\\\/schema\\\/logo\\\/image\\\/\"},\"sameAs\":[\"https:\\\/\\\/www.facebook.com\\\/svenskamagasinet\",\"https:\\\/\\\/x.com\\\/SvenskaMagasine\"]},{\"@type\":\"Person\",\"@id\":\"https:\\\/\\\/lightweb.dev\\\/l\\\/svm-temp\\\/#\\\/schema\\\/person\\\/206a3bda5b607b0c25e1749191e4d837\",\"name\":\"Redaktionen SvM\",\"description\":\"Redaktionen\",\"sameAs\":[\"https:\\\/\\\/lightweb.dev\\\/l\\\/svm-temp\"],\"url\":\"https:\\\/\\\/lightweb.dev\\\/l\\\/svm-temp\\\/reporter\\\/redaktionen\\\/\"}]}<\/script>\n<!-- \/ Yoast SEO Premium plugin. -->","yoast_head_json":{"title":"Covidpass till serveringsst\u00e4llen splittrar regionerna - Svenska Magasinet","robots":{"index":"noindex","follow":"follow","max-snippet":"max-snippet:-1","max-image-preview":"max-image-preview:large","max-video-preview":"max-video-preview:-1"},"og_locale":"sv_SE","og_type":"article","og_title":"Covidpass till serveringsst\u00e4llen splittrar regionerna","og_description":"Sedan mitten av oktober har antalet smittade med coronaviruset SARS-CoV-2 \u00f6kat i Spanien. F\u00f6rutom att antalet smittade forts\u00e4tter att \u00f6ka s\u00e5 accelererar frekvensen. I fredags rapporterades 9.800 nya smittade. Under m\u00e5ndagen rapporterades 16.000 nya fall. Det \u00e4r en uppg\u00e5ng med 62 procent. M\u00e5ndagen den 15 november l\u00e5g incidenstalet p\u00e5 112 smittade per 100.000 inv\u00e5nare. Idag [&hellip;]","og_url":"https:\/\/lightweb.dev\/l\/svm-temp\/nyheter\/covidpass-till-serveringsstallen-splittrar-regionerna\/","og_site_name":"Svenska Magasinet","article_publisher":"https:\/\/www.facebook.com\/svenskamagasinet","article_published_time":"2021-11-23T14:25:00+00:00","author":"Redaktionen SvM","twitter_card":"summary_large_image","twitter_creator":"@SvenskaMagasine","twitter_site":"@SvenskaMagasine","schema":{"@context":"https:\/\/schema.org","@graph":[{"@type":"Article","@id":"https:\/\/lightweb.dev\/l\/svm-temp\/nyheter\/covidpass-till-serveringsstallen-splittrar-regionerna\/#article","isPartOf":{"@id":"https:\/\/lightweb.dev\/l\/svm-temp\/nyheter\/covidpass-till-serveringsstallen-splittrar-regionerna\/"},"author":{"name":"Redaktionen SvM","@id":"https:\/\/lightweb.dev\/l\/svm-temp\/#\/schema\/person\/206a3bda5b607b0c25e1749191e4d837"},"headline":"Covidpass till serveringsst\u00e4llen splittrar regionerna","datePublished":"2021-11-23T14:25:00+00:00","mainEntityOfPage":{"@id":"https:\/\/lightweb.dev\/l\/svm-temp\/nyheter\/covidpass-till-serveringsstallen-splittrar-regionerna\/"},"wordCount":416,"commentCount":0,"publisher":{"@id":"https:\/\/lightweb.dev\/l\/svm-temp\/#organization"},"articleSection":["Arkiv","Nyheter"],"inLanguage":"sv-SE"},{"@type":"WebPage","@id":"https:\/\/lightweb.dev\/l\/svm-temp\/nyheter\/covidpass-till-serveringsstallen-splittrar-regionerna\/","url":"https:\/\/lightweb.dev\/l\/svm-temp\/nyheter\/covidpass-till-serveringsstallen-splittrar-regionerna\/","name":"Covidpass till serveringsst\u00e4llen splittrar regionerna - Svenska Magasinet","isPartOf":{"@id":"https:\/\/lightweb.dev\/l\/svm-temp\/#website"},"datePublished":"2021-11-23T14:25:00+00:00","breadcrumb":{"@id":"https:\/\/lightweb.dev\/l\/svm-temp\/nyheter\/covidpass-till-serveringsstallen-splittrar-regionerna\/#breadcrumb"},"inLanguage":"sv-SE","potentialAction":[{"@type":"ReadAction","target":["https:\/\/lightweb.dev\/l\/svm-temp\/nyheter\/covidpass-till-serveringsstallen-splittrar-regionerna\/"]}]},{"@type":"BreadcrumbList","@id":"https:\/\/lightweb.dev\/l\/svm-temp\/nyheter\/covidpass-till-serveringsstallen-splittrar-regionerna\/#breadcrumb","itemListElement":[{"@type":"ListItem","position":1,"name":"Hem","item":"https:\/\/lightweb.dev\/l\/svm-temp\/"},{"@type":"ListItem","position":2,"name":"Covidpass till serveringsst\u00e4llen splittrar regionerna"}]},{"@type":"WebSite","@id":"https:\/\/lightweb.dev\/l\/svm-temp\/#website","url":"https:\/\/lightweb.dev\/l\/svm-temp\/","name":"Svenska Magasinet","description":"Dina Spanska nyheter p&aring; Svenska","publisher":{"@id":"https:\/\/lightweb.dev\/l\/svm-temp\/#organization"},"potentialAction":[{"@type":"SearchAction","target":{"@type":"EntryPoint","urlTemplate":"https:\/\/lightweb.dev\/l\/svm-temp\/?s={search_term_string}"},"query-input":{"@type":"PropertyValueSpecification","valueRequired":true,"valueName":"search_term_string"}}],"inLanguage":"sv-SE"},{"@type":"Organization","@id":"https:\/\/lightweb.dev\/l\/svm-temp\/#organization","name":"Melkerson y Nott SL","alternateName":"Svenska Magasinet","url":"https:\/\/lightweb.dev\/l\/svm-temp\/","logo":{"@type":"ImageObject","inLanguage":"sv-SE","@id":"https:\/\/lightweb.dev\/l\/svm-temp\/#\/schema\/logo\/image\/","url":"https:\/\/lightweb.dev\/l\/svm-temp\/wp-content\/uploads\/2025\/02\/SvM-logo-Xtra-Centrerad-SVART.png","contentUrl":"https:\/\/lightweb.dev\/l\/svm-temp\/wp-content\/uploads\/2025\/02\/SvM-logo-Xtra-Centrerad-SVART.png","width":300,"height":99,"caption":"Melkerson y Nott SL"},"image":{"@id":"https:\/\/lightweb.dev\/l\/svm-temp\/#\/schema\/logo\/image\/"},"sameAs":["https:\/\/www.facebook.com\/svenskamagasinet","https:\/\/x.com\/SvenskaMagasine"]},{"@type":"Person","@id":"https:\/\/lightweb.dev\/l\/svm-temp\/#\/schema\/person\/206a3bda5b607b0c25e1749191e4d837","name":"Redaktionen SvM","description":"Redaktionen","sameAs":["https:\/\/lightweb.dev\/l\/svm-temp"],"url":"https:\/\/lightweb.dev\/l\/svm-temp\/reporter\/redaktionen\/"}]}},"_links":{"self":[{"href":"https:\/\/lightweb.dev\/l\/svm-temp\/wp-json\/wp\/v2\/posts\/11032","targetHints":{"allow":["GET"]}}],"collection":[{"href":"https:\/\/lightweb.dev\/l\/svm-temp\/wp-json\/wp\/v2\/posts"}],"about":[{"href":"https:\/\/lightweb.dev\/l\/svm-temp\/wp-json\/wp\/v2\/types\/post"}],"author":[{"embeddable":true,"href":"https:\/\/lightweb.dev\/l\/svm-temp\/wp-json\/wp\/v2\/users\/8"}],"replies":[{"embeddable":true,"href":"https:\/\/lightweb.dev\/l\/svm-temp\/wp-json\/wp\/v2\/comments?post=11032"}],"version-history":[{"count":0,"href":"https:\/\/lightweb.dev\/l\/svm-temp\/wp-json\/wp\/v2\/posts\/11032\/revisions"}],"wp:attachment":[{"href":"https:\/\/lightweb.dev\/l\/svm-temp\/wp-json\/wp\/v2\/media?parent=11032"}],"wp:term":[{"taxonomy":"category","embeddable":true,"href":"https:\/\/lightweb.dev\/l\/svm-temp\/wp-json\/wp\/v2\/categories?post=11032"},{"taxonomy":"post_tag","embeddable":true,"href":"https:\/\/lightweb.dev\/l\/svm-temp\/wp-json\/wp\/v2\/tags?post=11032"}],"curies":[{"name":"wp","href":"https:\/\/api.w.org\/{rel}","templated":true}]}}