{"id":1105,"date":"2021-11-30T10:51:00","date_gmt":"2021-11-30T09:51:00","guid":{"rendered":"https:\/\/lightweb.dev\/l\/svm-temp\/stor-forodelse-efter-branden-vid-maro\/"},"modified":"2021-11-30T10:51:00","modified_gmt":"2021-11-30T09:51:00","slug":"stor-forodelse-efter-branden-vid-maro","status":"publish","type":"post","link":"https:\/\/lightweb.dev\/l\/svm-temp\/nyheter\/stor-forodelse-efter-branden-vid-maro\/","title":{"rendered":"Stor f\u00f6r\u00f6delse efter branden vid Maro"},"content":{"rendered":"<p> Branden vid Maro i Nerja kommun p\u00e5verkade ett 36,6 hektar stort omr\u00e5de varav 2,6 hektar av den skyddade naturparken. F\u00f6rlusterna ber\u00e4knas till minst 300.000. 14 v\u00e4xthus har p\u00e5verkats varav h\u00e4lften \u00e4r helt nedbr\u00e4nda. Flera g\u00e5rdar p\u00e5 landet har p\u00e5verkats liksom ett hundratal familjer fr\u00e5n i huvudsak Maro men \u00e4ven fr\u00e5n Nerja.<br \/>\n Lantbrukskooperativet Coamar s\u00e4ger att tidpunkten f\u00f6r branden var olycklig. Den br\u00f6t ut strax f\u00f6re sk\u00f6rden av avokado och b\u00f6nor.<\/p>\n<p>Branden startade i s\u00f6ndags f\u00f6rmiddag i samband med att en person br\u00e4nde tr\u00e4dg\u00e5rdsavfall. Den friska vinden i kombination med den torra terr\u00e4ngen gjorde att elden spred sig hastigt, enligt brandbek\u00e4mpningsmyndighet Infoca och provinsens brandf\u00f6rsvar.<\/p>\n<p>Efter 20 timmars sl\u00e4ckningsarbete var branden under kontroll. G\u00e5rdar, v\u00e4xthus, buskmarker och odlingar som arrenderades av Sociedad Azucarera Larios S. L. som \u00e4ger marken var f\u00f6rst\u00f6rt.<\/p>\n<p>En av de drabbade \u00e4r den ansvarige vid lantbrukskooperativet Coamar, Jos\u00e9 Moreno, som f\u00f6rlorade ett helt v\u00e4xthus.<\/p>\n<p>&#8211; V\u00e4xthuset var v\u00e4rt 6.000 euro. L\u00e4gg till sk\u00f6rden av b\u00f6nor s\u00e5 blir det ytterligare mellan 4.000 till 5.000 euro, s\u00e4ger Moreno till Diario SUR.<\/p>\n<p>Det kommer att ta tid f\u00f6r vegetation och odlingar att \u00e5terh\u00e4mta sig efter branden.<\/p>\n<p>Ett f\u00f6retag som hyr ut kajaker p\u00e5 stranden nedanf\u00f6r Maro drabbades ocks\u00e5 d\u00e5 utrustning v\u00e4rd 60.000 euro f\u00f6rst\u00f6rdes.<\/p>\n<p>Som Svenska Magasinet ber\u00e4ttade under g\u00e5rdagen har en man i 70-\u00e5rs\u00e5ldern, n\u00e4rmare best\u00e4mt 74 \u00e5r, erk\u00e4nt att han orsakat branden. Han k\u00e4nner sig mycket ledsen och till\u00e4gger att han inte trodde att branden skulle f\u00e5 s\u00e5dan spridning trots den friska vinden.<\/p>\n<p>(Bild: Google Earth-Infoca)<\/p>\n","protected":false},"excerpt":{"rendered":"<p>Branden vid Maro i Nerja kommun p\u00e5verkade ett 36,6 hektar stort omr\u00e5de varav 2,6 hektar av den skyddade naturparken. F\u00f6rlusterna ber\u00e4knas till minst 300.000. 14 v\u00e4xthus har p\u00e5verkats varav h\u00e4lften \u00e4r helt nedbr\u00e4nda. Flera g\u00e5rdar p\u00e5 landet har p\u00e5verkats liksom ett hundratal familjer fr\u00e5n i huvudsak Maro men \u00e4ven fr\u00e5n Nerja. Lantbrukskooperativet Coamar s\u00e4ger att [&hellip;]<\/p>\n","protected":false},"author":7,"featured_media":1106,"comment_status":"open","ping_status":"open","sticky":false,"template":"","format":"standard","meta":{"_et_pb_use_builder":"","_et_pb_old_content":"","_et_gb_content_width":"","footnotes":""},"categories":[395,3],"tags":[],"class_list":["post-1105","post","type-post","status-publish","format-standard","has-post-thumbnail","hentry","category-arkiv-nyheter","category-nyheter"],"yoast_head":"<!-- This site is optimized with the Yoast SEO Premium plugin v26.2 (Yoast SEO v27.5) - https:\/\/yoast.com\/product\/yoast-seo-premium-wordpress\/ -->\n<title>Stor f\u00f6r\u00f6delse efter branden vid Maro - Svenska Magasinet<\/title>\n<meta name=\"robots\" content=\"noindex, follow, max-snippet:-1, max-image-preview:large, max-video-preview:-1\" \/>\n<meta property=\"og:locale\" content=\"sv_SE\" \/>\n<meta property=\"og:type\" content=\"article\" \/>\n<meta property=\"og:title\" content=\"Stor f\u00f6r\u00f6delse efter branden vid Maro\" \/>\n<meta property=\"og:description\" content=\"Branden vid Maro i Nerja kommun p\u00e5verkade ett 36,6 hektar stort omr\u00e5de varav 2,6 hektar av den skyddade naturparken. F\u00f6rlusterna ber\u00e4knas till minst 300.000. 14 v\u00e4xthus har p\u00e5verkats varav h\u00e4lften \u00e4r helt nedbr\u00e4nda. Flera g\u00e5rdar p\u00e5 landet har p\u00e5verkats liksom ett hundratal familjer fr\u00e5n i huvudsak Maro men \u00e4ven fr\u00e5n Nerja. Lantbrukskooperativet Coamar s\u00e4ger att [&hellip;]\" \/>\n<meta property=\"og:url\" content=\"https:\/\/lightweb.dev\/l\/svm-temp\/nyheter\/stor-forodelse-efter-branden-vid-maro\/\" \/>\n<meta property=\"og:site_name\" content=\"Svenska Magasinet\" \/>\n<meta property=\"article:publisher\" content=\"https:\/\/www.facebook.com\/svenskamagasinet\" \/>\n<meta property=\"article:published_time\" content=\"2021-11-30T09:51:00+00:00\" \/>\n<meta property=\"og:image\" content=\"https:\/\/lightweb.dev\/l\/svm-temp\/wp-content\/uploads\/2022\/04\/stor-frdelse-efter-branden-vid-maro.png\" \/>\n\t<meta property=\"og:image:width\" content=\"500\" \/>\n\t<meta property=\"og:image:height\" content=\"301\" \/>\n\t<meta property=\"og:image:type\" content=\"image\/png\" \/>\n<meta name=\"author\" content=\"Ola Josefsson\" \/>\n<meta name=\"twitter:card\" content=\"summary_large_image\" \/>\n<meta name=\"twitter:creator\" content=\"@SvenskaMagasine\" \/>\n<meta name=\"twitter:site\" content=\"@SvenskaMagasine\" \/>\n<script type=\"application\/ld+json\" class=\"yoast-schema-graph\">{\"@context\":\"https:\\\/\\\/schema.org\",\"@graph\":[{\"@type\":\"Article\",\"@id\":\"https:\\\/\\\/lightweb.dev\\\/l\\\/svm-temp\\\/nyheter\\\/stor-forodelse-efter-branden-vid-maro\\\/#article\",\"isPartOf\":{\"@id\":\"https:\\\/\\\/lightweb.dev\\\/l\\\/svm-temp\\\/nyheter\\\/stor-forodelse-efter-branden-vid-maro\\\/\"},\"author\":{\"name\":\"Ola Josefsson\",\"@id\":\"https:\\\/\\\/lightweb.dev\\\/l\\\/svm-temp\\\/#\\\/schema\\\/person\\\/7a82b8a73d171d32360a564b6d03508e\"},\"headline\":\"Stor f\u00f6r\u00f6delse efter branden vid Maro\",\"datePublished\":\"2021-11-30T09:51:00+00:00\",\"mainEntityOfPage\":{\"@id\":\"https:\\\/\\\/lightweb.dev\\\/l\\\/svm-temp\\\/nyheter\\\/stor-forodelse-efter-branden-vid-maro\\\/\"},\"wordCount\":302,\"commentCount\":0,\"publisher\":{\"@id\":\"https:\\\/\\\/lightweb.dev\\\/l\\\/svm-temp\\\/#organization\"},\"image\":{\"@id\":\"https:\\\/\\\/lightweb.dev\\\/l\\\/svm-temp\\\/nyheter\\\/stor-forodelse-efter-branden-vid-maro\\\/#primaryimage\"},\"thumbnailUrl\":\"https:\\\/\\\/lightweb.dev\\\/l\\\/svm-temp\\\/wp-content\\\/uploads\\\/2022\\\/04\\\/stor-frdelse-efter-branden-vid-maro.png\",\"articleSection\":[\"Arkiv\",\"Nyheter\"],\"inLanguage\":\"sv-SE\"},{\"@type\":\"WebPage\",\"@id\":\"https:\\\/\\\/lightweb.dev\\\/l\\\/svm-temp\\\/nyheter\\\/stor-forodelse-efter-branden-vid-maro\\\/\",\"url\":\"https:\\\/\\\/lightweb.dev\\\/l\\\/svm-temp\\\/nyheter\\\/stor-forodelse-efter-branden-vid-maro\\\/\",\"name\":\"Stor f\u00f6r\u00f6delse efter branden vid Maro - Svenska Magasinet\",\"isPartOf\":{\"@id\":\"https:\\\/\\\/lightweb.dev\\\/l\\\/svm-temp\\\/#website\"},\"primaryImageOfPage\":{\"@id\":\"https:\\\/\\\/lightweb.dev\\\/l\\\/svm-temp\\\/nyheter\\\/stor-forodelse-efter-branden-vid-maro\\\/#primaryimage\"},\"image\":{\"@id\":\"https:\\\/\\\/lightweb.dev\\\/l\\\/svm-temp\\\/nyheter\\\/stor-forodelse-efter-branden-vid-maro\\\/#primaryimage\"},\"thumbnailUrl\":\"https:\\\/\\\/lightweb.dev\\\/l\\\/svm-temp\\\/wp-content\\\/uploads\\\/2022\\\/04\\\/stor-frdelse-efter-branden-vid-maro.png\",\"datePublished\":\"2021-11-30T09:51:00+00:00\",\"breadcrumb\":{\"@id\":\"https:\\\/\\\/lightweb.dev\\\/l\\\/svm-temp\\\/nyheter\\\/stor-forodelse-efter-branden-vid-maro\\\/#breadcrumb\"},\"inLanguage\":\"sv-SE\",\"potentialAction\":[{\"@type\":\"ReadAction\",\"target\":[\"https:\\\/\\\/lightweb.dev\\\/l\\\/svm-temp\\\/nyheter\\\/stor-forodelse-efter-branden-vid-maro\\\/\"]}]},{\"@type\":\"ImageObject\",\"inLanguage\":\"sv-SE\",\"@id\":\"https:\\\/\\\/lightweb.dev\\\/l\\\/svm-temp\\\/nyheter\\\/stor-forodelse-efter-branden-vid-maro\\\/#primaryimage\",\"url\":\"https:\\\/\\\/lightweb.dev\\\/l\\\/svm-temp\\\/wp-content\\\/uploads\\\/2022\\\/04\\\/stor-frdelse-efter-branden-vid-maro.png\",\"contentUrl\":\"https:\\\/\\\/lightweb.dev\\\/l\\\/svm-temp\\\/wp-content\\\/uploads\\\/2022\\\/04\\\/stor-frdelse-efter-branden-vid-maro.png\",\"width\":500,\"height\":301},{\"@type\":\"BreadcrumbList\",\"@id\":\"https:\\\/\\\/lightweb.dev\\\/l\\\/svm-temp\\\/nyheter\\\/stor-forodelse-efter-branden-vid-maro\\\/#breadcrumb\",\"itemListElement\":[{\"@type\":\"ListItem\",\"position\":1,\"name\":\"Hem\",\"item\":\"https:\\\/\\\/lightweb.dev\\\/l\\\/svm-temp\\\/\"},{\"@type\":\"ListItem\",\"position\":2,\"name\":\"Stor f\u00f6r\u00f6delse efter branden vid Maro\"}]},{\"@type\":\"WebSite\",\"@id\":\"https:\\\/\\\/lightweb.dev\\\/l\\\/svm-temp\\\/#website\",\"url\":\"https:\\\/\\\/lightweb.dev\\\/l\\\/svm-temp\\\/\",\"name\":\"Svenska Magasinet\",\"description\":\"Dina Spanska nyheter p&aring; Svenska\",\"publisher\":{\"@id\":\"https:\\\/\\\/lightweb.dev\\\/l\\\/svm-temp\\\/#organization\"},\"potentialAction\":[{\"@type\":\"SearchAction\",\"target\":{\"@type\":\"EntryPoint\",\"urlTemplate\":\"https:\\\/\\\/lightweb.dev\\\/l\\\/svm-temp\\\/?s={search_term_string}\"},\"query-input\":{\"@type\":\"PropertyValueSpecification\",\"valueRequired\":true,\"valueName\":\"search_term_string\"}}],\"inLanguage\":\"sv-SE\"},{\"@type\":\"Organization\",\"@id\":\"https:\\\/\\\/lightweb.dev\\\/l\\\/svm-temp\\\/#organization\",\"name\":\"Melkerson y Nott SL\",\"alternateName\":\"Svenska Magasinet\",\"url\":\"https:\\\/\\\/lightweb.dev\\\/l\\\/svm-temp\\\/\",\"logo\":{\"@type\":\"ImageObject\",\"inLanguage\":\"sv-SE\",\"@id\":\"https:\\\/\\\/lightweb.dev\\\/l\\\/svm-temp\\\/#\\\/schema\\\/logo\\\/image\\\/\",\"url\":\"https:\\\/\\\/lightweb.dev\\\/l\\\/svm-temp\\\/wp-content\\\/uploads\\\/2025\\\/02\\\/SvM-logo-Xtra-Centrerad-SVART.png\",\"contentUrl\":\"https:\\\/\\\/lightweb.dev\\\/l\\\/svm-temp\\\/wp-content\\\/uploads\\\/2025\\\/02\\\/SvM-logo-Xtra-Centrerad-SVART.png\",\"width\":300,\"height\":99,\"caption\":\"Melkerson y Nott SL\"},\"image\":{\"@id\":\"https:\\\/\\\/lightweb.dev\\\/l\\\/svm-temp\\\/#\\\/schema\\\/logo\\\/image\\\/\"},\"sameAs\":[\"https:\\\/\\\/www.facebook.com\\\/svenskamagasinet\",\"https:\\\/\\\/x.com\\\/SvenskaMagasine\"]},{\"@type\":\"Person\",\"@id\":\"https:\\\/\\\/lightweb.dev\\\/l\\\/svm-temp\\\/#\\\/schema\\\/person\\\/7a82b8a73d171d32360a564b6d03508e\",\"name\":\"Ola Josefsson\",\"description\":\"Bevakar Solkusten och Spanien sedan 1994.\",\"sameAs\":[\"https:\\\/\\\/lightweb.dev\\\/l\\\/svm-temp\"],\"url\":\"https:\\\/\\\/lightweb.dev\\\/l\\\/svm-temp\\\/reporter\\\/ola-josefsson\\\/\"}]}<\/script>\n<!-- \/ Yoast SEO Premium plugin. -->","yoast_head_json":{"title":"Stor f\u00f6r\u00f6delse efter branden vid Maro - Svenska Magasinet","robots":{"index":"noindex","follow":"follow","max-snippet":"max-snippet:-1","max-image-preview":"max-image-preview:large","max-video-preview":"max-video-preview:-1"},"og_locale":"sv_SE","og_type":"article","og_title":"Stor f\u00f6r\u00f6delse efter branden vid Maro","og_description":"Branden vid Maro i Nerja kommun p\u00e5verkade ett 36,6 hektar stort omr\u00e5de varav 2,6 hektar av den skyddade naturparken. F\u00f6rlusterna ber\u00e4knas till minst 300.000. 14 v\u00e4xthus har p\u00e5verkats varav h\u00e4lften \u00e4r helt nedbr\u00e4nda. Flera g\u00e5rdar p\u00e5 landet har p\u00e5verkats liksom ett hundratal familjer fr\u00e5n i huvudsak Maro men \u00e4ven fr\u00e5n Nerja. Lantbrukskooperativet Coamar s\u00e4ger att [&hellip;]","og_url":"https:\/\/lightweb.dev\/l\/svm-temp\/nyheter\/stor-forodelse-efter-branden-vid-maro\/","og_site_name":"Svenska Magasinet","article_publisher":"https:\/\/www.facebook.com\/svenskamagasinet","article_published_time":"2021-11-30T09:51:00+00:00","og_image":[{"width":500,"height":301,"url":"https:\/\/lightweb.dev\/l\/svm-temp\/wp-content\/uploads\/2022\/04\/stor-frdelse-efter-branden-vid-maro.png","type":"image\/png"}],"author":"Ola Josefsson","twitter_card":"summary_large_image","twitter_creator":"@SvenskaMagasine","twitter_site":"@SvenskaMagasine","schema":{"@context":"https:\/\/schema.org","@graph":[{"@type":"Article","@id":"https:\/\/lightweb.dev\/l\/svm-temp\/nyheter\/stor-forodelse-efter-branden-vid-maro\/#article","isPartOf":{"@id":"https:\/\/lightweb.dev\/l\/svm-temp\/nyheter\/stor-forodelse-efter-branden-vid-maro\/"},"author":{"name":"Ola Josefsson","@id":"https:\/\/lightweb.dev\/l\/svm-temp\/#\/schema\/person\/7a82b8a73d171d32360a564b6d03508e"},"headline":"Stor f\u00f6r\u00f6delse efter branden vid Maro","datePublished":"2021-11-30T09:51:00+00:00","mainEntityOfPage":{"@id":"https:\/\/lightweb.dev\/l\/svm-temp\/nyheter\/stor-forodelse-efter-branden-vid-maro\/"},"wordCount":302,"commentCount":0,"publisher":{"@id":"https:\/\/lightweb.dev\/l\/svm-temp\/#organization"},"image":{"@id":"https:\/\/lightweb.dev\/l\/svm-temp\/nyheter\/stor-forodelse-efter-branden-vid-maro\/#primaryimage"},"thumbnailUrl":"https:\/\/lightweb.dev\/l\/svm-temp\/wp-content\/uploads\/2022\/04\/stor-frdelse-efter-branden-vid-maro.png","articleSection":["Arkiv","Nyheter"],"inLanguage":"sv-SE"},{"@type":"WebPage","@id":"https:\/\/lightweb.dev\/l\/svm-temp\/nyheter\/stor-forodelse-efter-branden-vid-maro\/","url":"https:\/\/lightweb.dev\/l\/svm-temp\/nyheter\/stor-forodelse-efter-branden-vid-maro\/","name":"Stor f\u00f6r\u00f6delse efter branden vid Maro - Svenska Magasinet","isPartOf":{"@id":"https:\/\/lightweb.dev\/l\/svm-temp\/#website"},"primaryImageOfPage":{"@id":"https:\/\/lightweb.dev\/l\/svm-temp\/nyheter\/stor-forodelse-efter-branden-vid-maro\/#primaryimage"},"image":{"@id":"https:\/\/lightweb.dev\/l\/svm-temp\/nyheter\/stor-forodelse-efter-branden-vid-maro\/#primaryimage"},"thumbnailUrl":"https:\/\/lightweb.dev\/l\/svm-temp\/wp-content\/uploads\/2022\/04\/stor-frdelse-efter-branden-vid-maro.png","datePublished":"2021-11-30T09:51:00+00:00","breadcrumb":{"@id":"https:\/\/lightweb.dev\/l\/svm-temp\/nyheter\/stor-forodelse-efter-branden-vid-maro\/#breadcrumb"},"inLanguage":"sv-SE","potentialAction":[{"@type":"ReadAction","target":["https:\/\/lightweb.dev\/l\/svm-temp\/nyheter\/stor-forodelse-efter-branden-vid-maro\/"]}]},{"@type":"ImageObject","inLanguage":"sv-SE","@id":"https:\/\/lightweb.dev\/l\/svm-temp\/nyheter\/stor-forodelse-efter-branden-vid-maro\/#primaryimage","url":"https:\/\/lightweb.dev\/l\/svm-temp\/wp-content\/uploads\/2022\/04\/stor-frdelse-efter-branden-vid-maro.png","contentUrl":"https:\/\/lightweb.dev\/l\/svm-temp\/wp-content\/uploads\/2022\/04\/stor-frdelse-efter-branden-vid-maro.png","width":500,"height":301},{"@type":"BreadcrumbList","@id":"https:\/\/lightweb.dev\/l\/svm-temp\/nyheter\/stor-forodelse-efter-branden-vid-maro\/#breadcrumb","itemListElement":[{"@type":"ListItem","position":1,"name":"Hem","item":"https:\/\/lightweb.dev\/l\/svm-temp\/"},{"@type":"ListItem","position":2,"name":"Stor f\u00f6r\u00f6delse efter branden vid Maro"}]},{"@type":"WebSite","@id":"https:\/\/lightweb.dev\/l\/svm-temp\/#website","url":"https:\/\/lightweb.dev\/l\/svm-temp\/","name":"Svenska Magasinet","description":"Dina Spanska nyheter p&aring; Svenska","publisher":{"@id":"https:\/\/lightweb.dev\/l\/svm-temp\/#organization"},"potentialAction":[{"@type":"SearchAction","target":{"@type":"EntryPoint","urlTemplate":"https:\/\/lightweb.dev\/l\/svm-temp\/?s={search_term_string}"},"query-input":{"@type":"PropertyValueSpecification","valueRequired":true,"valueName":"search_term_string"}}],"inLanguage":"sv-SE"},{"@type":"Organization","@id":"https:\/\/lightweb.dev\/l\/svm-temp\/#organization","name":"Melkerson y Nott SL","alternateName":"Svenska Magasinet","url":"https:\/\/lightweb.dev\/l\/svm-temp\/","logo":{"@type":"ImageObject","inLanguage":"sv-SE","@id":"https:\/\/lightweb.dev\/l\/svm-temp\/#\/schema\/logo\/image\/","url":"https:\/\/lightweb.dev\/l\/svm-temp\/wp-content\/uploads\/2025\/02\/SvM-logo-Xtra-Centrerad-SVART.png","contentUrl":"https:\/\/lightweb.dev\/l\/svm-temp\/wp-content\/uploads\/2025\/02\/SvM-logo-Xtra-Centrerad-SVART.png","width":300,"height":99,"caption":"Melkerson y Nott SL"},"image":{"@id":"https:\/\/lightweb.dev\/l\/svm-temp\/#\/schema\/logo\/image\/"},"sameAs":["https:\/\/www.facebook.com\/svenskamagasinet","https:\/\/x.com\/SvenskaMagasine"]},{"@type":"Person","@id":"https:\/\/lightweb.dev\/l\/svm-temp\/#\/schema\/person\/7a82b8a73d171d32360a564b6d03508e","name":"Ola Josefsson","description":"Bevakar Solkusten och Spanien sedan 1994.","sameAs":["https:\/\/lightweb.dev\/l\/svm-temp"],"url":"https:\/\/lightweb.dev\/l\/svm-temp\/reporter\/ola-josefsson\/"}]}},"_links":{"self":[{"href":"https:\/\/lightweb.dev\/l\/svm-temp\/wp-json\/wp\/v2\/posts\/1105","targetHints":{"allow":["GET"]}}],"collection":[{"href":"https:\/\/lightweb.dev\/l\/svm-temp\/wp-json\/wp\/v2\/posts"}],"about":[{"href":"https:\/\/lightweb.dev\/l\/svm-temp\/wp-json\/wp\/v2\/types\/post"}],"author":[{"embeddable":true,"href":"https:\/\/lightweb.dev\/l\/svm-temp\/wp-json\/wp\/v2\/users\/7"}],"replies":[{"embeddable":true,"href":"https:\/\/lightweb.dev\/l\/svm-temp\/wp-json\/wp\/v2\/comments?post=1105"}],"version-history":[{"count":0,"href":"https:\/\/lightweb.dev\/l\/svm-temp\/wp-json\/wp\/v2\/posts\/1105\/revisions"}],"wp:featuredmedia":[{"embeddable":true,"href":"https:\/\/lightweb.dev\/l\/svm-temp\/wp-json\/wp\/v2\/media\/1106"}],"wp:attachment":[{"href":"https:\/\/lightweb.dev\/l\/svm-temp\/wp-json\/wp\/v2\/media?parent=1105"}],"wp:term":[{"taxonomy":"category","embeddable":true,"href":"https:\/\/lightweb.dev\/l\/svm-temp\/wp-json\/wp\/v2\/categories?post=1105"},{"taxonomy":"post_tag","embeddable":true,"href":"https:\/\/lightweb.dev\/l\/svm-temp\/wp-json\/wp\/v2\/tags?post=1105"}],"curies":[{"name":"wp","href":"https:\/\/api.w.org\/{rel}","templated":true}]}}