{"id":1111,"date":"2021-11-29T10:05:00","date_gmt":"2021-11-29T09:05:00","guid":{"rendered":"https:\/\/lightweb.dev\/l\/svm-temp\/eldning-av-tradgardsavfall-orsakade-brand-vid-nerja\/"},"modified":"2021-11-29T10:05:00","modified_gmt":"2021-11-29T09:05:00","slug":"eldning-av-tradgardsavfall-orsakade-brand-vid-nerja","status":"publish","type":"post","link":"https:\/\/lightweb.dev\/l\/svm-temp\/nyheter\/eldning-av-tradgardsavfall-orsakade-brand-vid-nerja\/","title":{"rendered":"Eldning av tr\u00e4dg\u00e5rdsavfall orsakade brand vid Nerja"},"content":{"rendered":"<p> Klockan 06.30 i morse meddelade brandbek\u00e4mpningsmyndigheten att branden vid Maro-Cerro Gordo i Nerja kommun var under kontroll. Branden startade vid tiotiden p\u00e5 s\u00f6ndagen vid en g\u00e5rd i samband med f\u00f6rbr\u00e4nning av tr\u00e4dg\u00e5rdsavfall.<br \/>\n P\u00e5 m\u00e5ndagen forts\u00e4tter eftersl\u00e4ckningsarbetet. 21 brandm\u00e4n deltar i arbetet skriver brandbek\u00e4mpningsmyndigheter Infoca p\u00e5 Twitter. Under s\u00f6ndagen deltog \u00e4ven helikoptrar i sl\u00e4ckningsarbetet.<\/p>\n<p>P\u00e5 grund av den friska vinden och den torra terr\u00e4ngen var branden sv\u00e5r att f\u00e5 under kontroll. Branden hotade n\u00e5gra kringliggande g\u00e5rdar.<\/p>\n<p>Enligt uppgifter ska upp till tolv hektar brandh\u00e4rjats. Det r\u00f6r sig i huvudsak om avokado- och cherimoyaodlingar och v\u00e4xthus vid n\u00e5gra g\u00e5rdar n\u00e4ra Maro.<\/p>\n<p>Diario SUR skriver att en 70-\u00e5rig man har erk\u00e4nt att han orsakat branden. Han k\u00e4nner sig mycket ledsen och till\u00e4gger att han inte trodde att branden skulle f\u00e5 s\u00e5dan spridning trots den friska vinden.<\/p>\n<p>Det \u00e4r inte f\u00f6rsta g\u00e5ngen omr\u00e5det drabbas av brand. I april brandh\u00e4rjades fyra hektar omr\u00e5de efter att en svensk kvinna den g\u00e5ngen br\u00e4nt tr\u00e4dg\u00e5rdsavfall. N\u00e5got som Svenska Magasinet ber\u00e4ttade om.<\/p>\n<p>(Foto: Infoca)<\/p>\n","protected":false},"excerpt":{"rendered":"<p>Klockan 06.30 i morse meddelade brandbek\u00e4mpningsmyndigheten att branden vid Maro-Cerro Gordo i Nerja kommun var under kontroll. Branden startade vid tiotiden p\u00e5 s\u00f6ndagen vid en g\u00e5rd i samband med f\u00f6rbr\u00e4nning av tr\u00e4dg\u00e5rdsavfall. P\u00e5 m\u00e5ndagen forts\u00e4tter eftersl\u00e4ckningsarbetet. 21 brandm\u00e4n deltar i arbetet skriver brandbek\u00e4mpningsmyndigheter Infoca p\u00e5 Twitter. Under s\u00f6ndagen deltog \u00e4ven helikoptrar i sl\u00e4ckningsarbetet. P\u00e5 grund [&hellip;]<\/p>\n","protected":false},"author":7,"featured_media":1112,"comment_status":"open","ping_status":"open","sticky":false,"template":"","format":"standard","meta":{"_et_pb_use_builder":"","_et_pb_old_content":"","_et_gb_content_width":"","footnotes":""},"categories":[395,3],"tags":[],"class_list":["post-1111","post","type-post","status-publish","format-standard","has-post-thumbnail","hentry","category-arkiv-nyheter","category-nyheter"],"yoast_head":"<!-- This site is optimized with the Yoast SEO Premium plugin v26.2 (Yoast SEO v27.5) - https:\/\/yoast.com\/product\/yoast-seo-premium-wordpress\/ -->\n<title>Eldning av tr\u00e4dg\u00e5rdsavfall orsakade brand vid Nerja - Svenska Magasinet<\/title>\n<meta name=\"robots\" content=\"noindex, follow, max-snippet:-1, max-image-preview:large, max-video-preview:-1\" \/>\n<meta property=\"og:locale\" content=\"sv_SE\" \/>\n<meta property=\"og:type\" content=\"article\" \/>\n<meta property=\"og:title\" content=\"Eldning av tr\u00e4dg\u00e5rdsavfall orsakade brand vid Nerja\" \/>\n<meta property=\"og:description\" content=\"Klockan 06.30 i morse meddelade brandbek\u00e4mpningsmyndigheten att branden vid Maro-Cerro Gordo i Nerja kommun var under kontroll. Branden startade vid tiotiden p\u00e5 s\u00f6ndagen vid en g\u00e5rd i samband med f\u00f6rbr\u00e4nning av tr\u00e4dg\u00e5rdsavfall. P\u00e5 m\u00e5ndagen forts\u00e4tter eftersl\u00e4ckningsarbetet. 21 brandm\u00e4n deltar i arbetet skriver brandbek\u00e4mpningsmyndigheter Infoca p\u00e5 Twitter. Under s\u00f6ndagen deltog \u00e4ven helikoptrar i sl\u00e4ckningsarbetet. P\u00e5 grund [&hellip;]\" \/>\n<meta property=\"og:url\" content=\"https:\/\/lightweb.dev\/l\/svm-temp\/nyheter\/eldning-av-tradgardsavfall-orsakade-brand-vid-nerja\/\" \/>\n<meta property=\"og:site_name\" content=\"Svenska Magasinet\" \/>\n<meta property=\"article:publisher\" content=\"https:\/\/www.facebook.com\/svenskamagasinet\" \/>\n<meta property=\"article:published_time\" content=\"2021-11-29T09:05:00+00:00\" \/>\n<meta property=\"og:image\" content=\"https:\/\/lightweb.dev\/l\/svm-temp\/wp-content\/uploads\/2022\/04\/eldning-av-trdgrdsavfall-orsakade-brand-vid-nerja.png\" \/>\n\t<meta property=\"og:image:width\" content=\"500\" \/>\n\t<meta property=\"og:image:height\" content=\"300\" \/>\n\t<meta property=\"og:image:type\" content=\"image\/png\" \/>\n<meta name=\"author\" content=\"Ola Josefsson\" \/>\n<meta name=\"twitter:card\" content=\"summary_large_image\" \/>\n<meta name=\"twitter:creator\" content=\"@SvenskaMagasine\" \/>\n<meta name=\"twitter:site\" content=\"@SvenskaMagasine\" \/>\n<script type=\"application\/ld+json\" class=\"yoast-schema-graph\">{\"@context\":\"https:\\\/\\\/schema.org\",\"@graph\":[{\"@type\":\"Article\",\"@id\":\"https:\\\/\\\/lightweb.dev\\\/l\\\/svm-temp\\\/nyheter\\\/eldning-av-tradgardsavfall-orsakade-brand-vid-nerja\\\/#article\",\"isPartOf\":{\"@id\":\"https:\\\/\\\/lightweb.dev\\\/l\\\/svm-temp\\\/nyheter\\\/eldning-av-tradgardsavfall-orsakade-brand-vid-nerja\\\/\"},\"author\":{\"name\":\"Ola Josefsson\",\"@id\":\"https:\\\/\\\/lightweb.dev\\\/l\\\/svm-temp\\\/#\\\/schema\\\/person\\\/7a82b8a73d171d32360a564b6d03508e\"},\"headline\":\"Eldning av tr\u00e4dg\u00e5rdsavfall orsakade brand vid Nerja\",\"datePublished\":\"2021-11-29T09:05:00+00:00\",\"mainEntityOfPage\":{\"@id\":\"https:\\\/\\\/lightweb.dev\\\/l\\\/svm-temp\\\/nyheter\\\/eldning-av-tradgardsavfall-orsakade-brand-vid-nerja\\\/\"},\"wordCount\":212,\"commentCount\":0,\"publisher\":{\"@id\":\"https:\\\/\\\/lightweb.dev\\\/l\\\/svm-temp\\\/#organization\"},\"image\":{\"@id\":\"https:\\\/\\\/lightweb.dev\\\/l\\\/svm-temp\\\/nyheter\\\/eldning-av-tradgardsavfall-orsakade-brand-vid-nerja\\\/#primaryimage\"},\"thumbnailUrl\":\"https:\\\/\\\/lightweb.dev\\\/l\\\/svm-temp\\\/wp-content\\\/uploads\\\/2022\\\/04\\\/eldning-av-trdgrdsavfall-orsakade-brand-vid-nerja.png\",\"articleSection\":[\"Arkiv\",\"Nyheter\"],\"inLanguage\":\"sv-SE\"},{\"@type\":\"WebPage\",\"@id\":\"https:\\\/\\\/lightweb.dev\\\/l\\\/svm-temp\\\/nyheter\\\/eldning-av-tradgardsavfall-orsakade-brand-vid-nerja\\\/\",\"url\":\"https:\\\/\\\/lightweb.dev\\\/l\\\/svm-temp\\\/nyheter\\\/eldning-av-tradgardsavfall-orsakade-brand-vid-nerja\\\/\",\"name\":\"Eldning av tr\u00e4dg\u00e5rdsavfall orsakade brand vid Nerja - Svenska Magasinet\",\"isPartOf\":{\"@id\":\"https:\\\/\\\/lightweb.dev\\\/l\\\/svm-temp\\\/#website\"},\"primaryImageOfPage\":{\"@id\":\"https:\\\/\\\/lightweb.dev\\\/l\\\/svm-temp\\\/nyheter\\\/eldning-av-tradgardsavfall-orsakade-brand-vid-nerja\\\/#primaryimage\"},\"image\":{\"@id\":\"https:\\\/\\\/lightweb.dev\\\/l\\\/svm-temp\\\/nyheter\\\/eldning-av-tradgardsavfall-orsakade-brand-vid-nerja\\\/#primaryimage\"},\"thumbnailUrl\":\"https:\\\/\\\/lightweb.dev\\\/l\\\/svm-temp\\\/wp-content\\\/uploads\\\/2022\\\/04\\\/eldning-av-trdgrdsavfall-orsakade-brand-vid-nerja.png\",\"datePublished\":\"2021-11-29T09:05:00+00:00\",\"breadcrumb\":{\"@id\":\"https:\\\/\\\/lightweb.dev\\\/l\\\/svm-temp\\\/nyheter\\\/eldning-av-tradgardsavfall-orsakade-brand-vid-nerja\\\/#breadcrumb\"},\"inLanguage\":\"sv-SE\",\"potentialAction\":[{\"@type\":\"ReadAction\",\"target\":[\"https:\\\/\\\/lightweb.dev\\\/l\\\/svm-temp\\\/nyheter\\\/eldning-av-tradgardsavfall-orsakade-brand-vid-nerja\\\/\"]}]},{\"@type\":\"ImageObject\",\"inLanguage\":\"sv-SE\",\"@id\":\"https:\\\/\\\/lightweb.dev\\\/l\\\/svm-temp\\\/nyheter\\\/eldning-av-tradgardsavfall-orsakade-brand-vid-nerja\\\/#primaryimage\",\"url\":\"https:\\\/\\\/lightweb.dev\\\/l\\\/svm-temp\\\/wp-content\\\/uploads\\\/2022\\\/04\\\/eldning-av-trdgrdsavfall-orsakade-brand-vid-nerja.png\",\"contentUrl\":\"https:\\\/\\\/lightweb.dev\\\/l\\\/svm-temp\\\/wp-content\\\/uploads\\\/2022\\\/04\\\/eldning-av-trdgrdsavfall-orsakade-brand-vid-nerja.png\",\"width\":500,\"height\":300},{\"@type\":\"BreadcrumbList\",\"@id\":\"https:\\\/\\\/lightweb.dev\\\/l\\\/svm-temp\\\/nyheter\\\/eldning-av-tradgardsavfall-orsakade-brand-vid-nerja\\\/#breadcrumb\",\"itemListElement\":[{\"@type\":\"ListItem\",\"position\":1,\"name\":\"Hem\",\"item\":\"https:\\\/\\\/lightweb.dev\\\/l\\\/svm-temp\\\/\"},{\"@type\":\"ListItem\",\"position\":2,\"name\":\"Eldning av tr\u00e4dg\u00e5rdsavfall orsakade brand vid Nerja\"}]},{\"@type\":\"WebSite\",\"@id\":\"https:\\\/\\\/lightweb.dev\\\/l\\\/svm-temp\\\/#website\",\"url\":\"https:\\\/\\\/lightweb.dev\\\/l\\\/svm-temp\\\/\",\"name\":\"Svenska Magasinet\",\"description\":\"Dina Spanska nyheter p&aring; Svenska\",\"publisher\":{\"@id\":\"https:\\\/\\\/lightweb.dev\\\/l\\\/svm-temp\\\/#organization\"},\"potentialAction\":[{\"@type\":\"SearchAction\",\"target\":{\"@type\":\"EntryPoint\",\"urlTemplate\":\"https:\\\/\\\/lightweb.dev\\\/l\\\/svm-temp\\\/?s={search_term_string}\"},\"query-input\":{\"@type\":\"PropertyValueSpecification\",\"valueRequired\":true,\"valueName\":\"search_term_string\"}}],\"inLanguage\":\"sv-SE\"},{\"@type\":\"Organization\",\"@id\":\"https:\\\/\\\/lightweb.dev\\\/l\\\/svm-temp\\\/#organization\",\"name\":\"Melkerson y Nott SL\",\"alternateName\":\"Svenska Magasinet\",\"url\":\"https:\\\/\\\/lightweb.dev\\\/l\\\/svm-temp\\\/\",\"logo\":{\"@type\":\"ImageObject\",\"inLanguage\":\"sv-SE\",\"@id\":\"https:\\\/\\\/lightweb.dev\\\/l\\\/svm-temp\\\/#\\\/schema\\\/logo\\\/image\\\/\",\"url\":\"https:\\\/\\\/lightweb.dev\\\/l\\\/svm-temp\\\/wp-content\\\/uploads\\\/2025\\\/02\\\/SvM-logo-Xtra-Centrerad-SVART.png\",\"contentUrl\":\"https:\\\/\\\/lightweb.dev\\\/l\\\/svm-temp\\\/wp-content\\\/uploads\\\/2025\\\/02\\\/SvM-logo-Xtra-Centrerad-SVART.png\",\"width\":300,\"height\":99,\"caption\":\"Melkerson y Nott SL\"},\"image\":{\"@id\":\"https:\\\/\\\/lightweb.dev\\\/l\\\/svm-temp\\\/#\\\/schema\\\/logo\\\/image\\\/\"},\"sameAs\":[\"https:\\\/\\\/www.facebook.com\\\/svenskamagasinet\",\"https:\\\/\\\/x.com\\\/SvenskaMagasine\"]},{\"@type\":\"Person\",\"@id\":\"https:\\\/\\\/lightweb.dev\\\/l\\\/svm-temp\\\/#\\\/schema\\\/person\\\/7a82b8a73d171d32360a564b6d03508e\",\"name\":\"Ola Josefsson\",\"description\":\"Bevakar Solkusten och Spanien sedan 1994.\",\"sameAs\":[\"https:\\\/\\\/lightweb.dev\\\/l\\\/svm-temp\"],\"url\":\"https:\\\/\\\/lightweb.dev\\\/l\\\/svm-temp\\\/reporter\\\/ola-josefsson\\\/\"}]}<\/script>\n<!-- \/ Yoast SEO Premium plugin. -->","yoast_head_json":{"title":"Eldning av tr\u00e4dg\u00e5rdsavfall orsakade brand vid Nerja - Svenska Magasinet","robots":{"index":"noindex","follow":"follow","max-snippet":"max-snippet:-1","max-image-preview":"max-image-preview:large","max-video-preview":"max-video-preview:-1"},"og_locale":"sv_SE","og_type":"article","og_title":"Eldning av tr\u00e4dg\u00e5rdsavfall orsakade brand vid Nerja","og_description":"Klockan 06.30 i morse meddelade brandbek\u00e4mpningsmyndigheten att branden vid Maro-Cerro Gordo i Nerja kommun var under kontroll. Branden startade vid tiotiden p\u00e5 s\u00f6ndagen vid en g\u00e5rd i samband med f\u00f6rbr\u00e4nning av tr\u00e4dg\u00e5rdsavfall. P\u00e5 m\u00e5ndagen forts\u00e4tter eftersl\u00e4ckningsarbetet. 21 brandm\u00e4n deltar i arbetet skriver brandbek\u00e4mpningsmyndigheter Infoca p\u00e5 Twitter. Under s\u00f6ndagen deltog \u00e4ven helikoptrar i sl\u00e4ckningsarbetet. P\u00e5 grund [&hellip;]","og_url":"https:\/\/lightweb.dev\/l\/svm-temp\/nyheter\/eldning-av-tradgardsavfall-orsakade-brand-vid-nerja\/","og_site_name":"Svenska Magasinet","article_publisher":"https:\/\/www.facebook.com\/svenskamagasinet","article_published_time":"2021-11-29T09:05:00+00:00","og_image":[{"width":500,"height":300,"url":"https:\/\/lightweb.dev\/l\/svm-temp\/wp-content\/uploads\/2022\/04\/eldning-av-trdgrdsavfall-orsakade-brand-vid-nerja.png","type":"image\/png"}],"author":"Ola Josefsson","twitter_card":"summary_large_image","twitter_creator":"@SvenskaMagasine","twitter_site":"@SvenskaMagasine","schema":{"@context":"https:\/\/schema.org","@graph":[{"@type":"Article","@id":"https:\/\/lightweb.dev\/l\/svm-temp\/nyheter\/eldning-av-tradgardsavfall-orsakade-brand-vid-nerja\/#article","isPartOf":{"@id":"https:\/\/lightweb.dev\/l\/svm-temp\/nyheter\/eldning-av-tradgardsavfall-orsakade-brand-vid-nerja\/"},"author":{"name":"Ola Josefsson","@id":"https:\/\/lightweb.dev\/l\/svm-temp\/#\/schema\/person\/7a82b8a73d171d32360a564b6d03508e"},"headline":"Eldning av tr\u00e4dg\u00e5rdsavfall orsakade brand vid Nerja","datePublished":"2021-11-29T09:05:00+00:00","mainEntityOfPage":{"@id":"https:\/\/lightweb.dev\/l\/svm-temp\/nyheter\/eldning-av-tradgardsavfall-orsakade-brand-vid-nerja\/"},"wordCount":212,"commentCount":0,"publisher":{"@id":"https:\/\/lightweb.dev\/l\/svm-temp\/#organization"},"image":{"@id":"https:\/\/lightweb.dev\/l\/svm-temp\/nyheter\/eldning-av-tradgardsavfall-orsakade-brand-vid-nerja\/#primaryimage"},"thumbnailUrl":"https:\/\/lightweb.dev\/l\/svm-temp\/wp-content\/uploads\/2022\/04\/eldning-av-trdgrdsavfall-orsakade-brand-vid-nerja.png","articleSection":["Arkiv","Nyheter"],"inLanguage":"sv-SE"},{"@type":"WebPage","@id":"https:\/\/lightweb.dev\/l\/svm-temp\/nyheter\/eldning-av-tradgardsavfall-orsakade-brand-vid-nerja\/","url":"https:\/\/lightweb.dev\/l\/svm-temp\/nyheter\/eldning-av-tradgardsavfall-orsakade-brand-vid-nerja\/","name":"Eldning av tr\u00e4dg\u00e5rdsavfall orsakade brand vid Nerja - Svenska Magasinet","isPartOf":{"@id":"https:\/\/lightweb.dev\/l\/svm-temp\/#website"},"primaryImageOfPage":{"@id":"https:\/\/lightweb.dev\/l\/svm-temp\/nyheter\/eldning-av-tradgardsavfall-orsakade-brand-vid-nerja\/#primaryimage"},"image":{"@id":"https:\/\/lightweb.dev\/l\/svm-temp\/nyheter\/eldning-av-tradgardsavfall-orsakade-brand-vid-nerja\/#primaryimage"},"thumbnailUrl":"https:\/\/lightweb.dev\/l\/svm-temp\/wp-content\/uploads\/2022\/04\/eldning-av-trdgrdsavfall-orsakade-brand-vid-nerja.png","datePublished":"2021-11-29T09:05:00+00:00","breadcrumb":{"@id":"https:\/\/lightweb.dev\/l\/svm-temp\/nyheter\/eldning-av-tradgardsavfall-orsakade-brand-vid-nerja\/#breadcrumb"},"inLanguage":"sv-SE","potentialAction":[{"@type":"ReadAction","target":["https:\/\/lightweb.dev\/l\/svm-temp\/nyheter\/eldning-av-tradgardsavfall-orsakade-brand-vid-nerja\/"]}]},{"@type":"ImageObject","inLanguage":"sv-SE","@id":"https:\/\/lightweb.dev\/l\/svm-temp\/nyheter\/eldning-av-tradgardsavfall-orsakade-brand-vid-nerja\/#primaryimage","url":"https:\/\/lightweb.dev\/l\/svm-temp\/wp-content\/uploads\/2022\/04\/eldning-av-trdgrdsavfall-orsakade-brand-vid-nerja.png","contentUrl":"https:\/\/lightweb.dev\/l\/svm-temp\/wp-content\/uploads\/2022\/04\/eldning-av-trdgrdsavfall-orsakade-brand-vid-nerja.png","width":500,"height":300},{"@type":"BreadcrumbList","@id":"https:\/\/lightweb.dev\/l\/svm-temp\/nyheter\/eldning-av-tradgardsavfall-orsakade-brand-vid-nerja\/#breadcrumb","itemListElement":[{"@type":"ListItem","position":1,"name":"Hem","item":"https:\/\/lightweb.dev\/l\/svm-temp\/"},{"@type":"ListItem","position":2,"name":"Eldning av tr\u00e4dg\u00e5rdsavfall orsakade brand vid Nerja"}]},{"@type":"WebSite","@id":"https:\/\/lightweb.dev\/l\/svm-temp\/#website","url":"https:\/\/lightweb.dev\/l\/svm-temp\/","name":"Svenska Magasinet","description":"Dina Spanska nyheter p&aring; Svenska","publisher":{"@id":"https:\/\/lightweb.dev\/l\/svm-temp\/#organization"},"potentialAction":[{"@type":"SearchAction","target":{"@type":"EntryPoint","urlTemplate":"https:\/\/lightweb.dev\/l\/svm-temp\/?s={search_term_string}"},"query-input":{"@type":"PropertyValueSpecification","valueRequired":true,"valueName":"search_term_string"}}],"inLanguage":"sv-SE"},{"@type":"Organization","@id":"https:\/\/lightweb.dev\/l\/svm-temp\/#organization","name":"Melkerson y Nott SL","alternateName":"Svenska Magasinet","url":"https:\/\/lightweb.dev\/l\/svm-temp\/","logo":{"@type":"ImageObject","inLanguage":"sv-SE","@id":"https:\/\/lightweb.dev\/l\/svm-temp\/#\/schema\/logo\/image\/","url":"https:\/\/lightweb.dev\/l\/svm-temp\/wp-content\/uploads\/2025\/02\/SvM-logo-Xtra-Centrerad-SVART.png","contentUrl":"https:\/\/lightweb.dev\/l\/svm-temp\/wp-content\/uploads\/2025\/02\/SvM-logo-Xtra-Centrerad-SVART.png","width":300,"height":99,"caption":"Melkerson y Nott SL"},"image":{"@id":"https:\/\/lightweb.dev\/l\/svm-temp\/#\/schema\/logo\/image\/"},"sameAs":["https:\/\/www.facebook.com\/svenskamagasinet","https:\/\/x.com\/SvenskaMagasine"]},{"@type":"Person","@id":"https:\/\/lightweb.dev\/l\/svm-temp\/#\/schema\/person\/7a82b8a73d171d32360a564b6d03508e","name":"Ola Josefsson","description":"Bevakar Solkusten och Spanien sedan 1994.","sameAs":["https:\/\/lightweb.dev\/l\/svm-temp"],"url":"https:\/\/lightweb.dev\/l\/svm-temp\/reporter\/ola-josefsson\/"}]}},"_links":{"self":[{"href":"https:\/\/lightweb.dev\/l\/svm-temp\/wp-json\/wp\/v2\/posts\/1111","targetHints":{"allow":["GET"]}}],"collection":[{"href":"https:\/\/lightweb.dev\/l\/svm-temp\/wp-json\/wp\/v2\/posts"}],"about":[{"href":"https:\/\/lightweb.dev\/l\/svm-temp\/wp-json\/wp\/v2\/types\/post"}],"author":[{"embeddable":true,"href":"https:\/\/lightweb.dev\/l\/svm-temp\/wp-json\/wp\/v2\/users\/7"}],"replies":[{"embeddable":true,"href":"https:\/\/lightweb.dev\/l\/svm-temp\/wp-json\/wp\/v2\/comments?post=1111"}],"version-history":[{"count":0,"href":"https:\/\/lightweb.dev\/l\/svm-temp\/wp-json\/wp\/v2\/posts\/1111\/revisions"}],"wp:featuredmedia":[{"embeddable":true,"href":"https:\/\/lightweb.dev\/l\/svm-temp\/wp-json\/wp\/v2\/media\/1112"}],"wp:attachment":[{"href":"https:\/\/lightweb.dev\/l\/svm-temp\/wp-json\/wp\/v2\/media?parent=1111"}],"wp:term":[{"taxonomy":"category","embeddable":true,"href":"https:\/\/lightweb.dev\/l\/svm-temp\/wp-json\/wp\/v2\/categories?post=1111"},{"taxonomy":"post_tag","embeddable":true,"href":"https:\/\/lightweb.dev\/l\/svm-temp\/wp-json\/wp\/v2\/tags?post=1111"}],"curies":[{"name":"wp","href":"https:\/\/api.w.org\/{rel}","templated":true}]}}