{"id":1113,"date":"2021-11-29T10:59:00","date_gmt":"2021-11-29T09:59:00","guid":{"rendered":"https:\/\/lightweb.dev\/l\/svm-temp\/svenskar-lurade-pa-fotbollsbiljetter-i-sevilla\/"},"modified":"2021-11-29T10:59:00","modified_gmt":"2021-11-29T09:59:00","slug":"svenskar-lurade-pa-fotbollsbiljetter-i-sevilla","status":"publish","type":"post","link":"https:\/\/lightweb.dev\/l\/svm-temp\/nyheter\/svenskar-lurade-pa-fotbollsbiljetter-i-sevilla\/","title":{"rendered":"Svenskar lurade p\u00e5 fotbollsbiljetter i Sevilla"},"content":{"rendered":"<p> Dottern skulle \u00f6verraska sin pappa i Estepona p\u00e5 Fars dag med fotbollsbiljetter till VM-kvalm\u00f6tet mellan Spanien-Sverige i Sevilla. \u00c4ven om matchresultatet var ganska v\u00e4ntat s\u00e5 blev upplevelsen n\u00e5got helt annat \u00e4n vad vi hoppats p\u00e5, s\u00e4ger G\u00f6ran Sundberg. Tillsammans med dottern och m\u00e5gen blev de lurade p\u00e5 biljettk\u00f6pet och anm\u00e4ler Viagogo till Allm\u00e4nna reklamationsn\u00e4mnden (ARN). Svenska Magasinet har tagit del av skriftv\u00e4xlingen mellan dottern och Viagogo som svarar p\u00e5 reklamationen att de inte \u00e5terbetalar biljetterna eftersom de levererades i tid och var giltiga.<\/p>\n<p>Dottern k\u00f6pte biljetter via Viagogo. Samtidigt bokade de flygbiljetter fr\u00e5n Sverige till M\u00e1laga, och hotellrum i Sevilla.<\/p>\n<p>Dagen f\u00f6re matchstart tog de bilen fr\u00e5n Estepona till Sevilla och hotellet d\u00e4r tv\u00e5 hotellrum var bokade fr\u00e5n l\u00f6rdag till m\u00e5ndag.<\/p>\n<p>Gula v\u00e4ggen<br \/>\n&#8211; P\u00e5 matchdagen tog vi oss till ett st\u00e4lle d\u00e4r svenska supportergruppen Gula v\u00e4ggen samlats. Vi var p\u00e5 plats vid arenan ett par timmar innan matchstart och letade oss fram till ing\u00e5ng 12 d\u00e4r vi skulle ta oss in, enligt biljetterna, s\u00e4ger G\u00f6ran Sundberg till Svenska Magasinet.<\/p>\n<p>De digitala biljetterna son dottern k\u00f6pte av Viagogo fungerade dock inte vid avl\u00e4sningen vid entr\u00e9n. Efter mycket tjafs med personalen och FIFA-representanter blev de h\u00e4nvisade till ing\u00e5ng 14. Denna var dock st\u00e4ngd.<br \/>\nTillbaka till 12:an igen och samma procedur utan framg\u00e5ng.<\/p>\n<p>Enligt G\u00f6ran Sundberg var det inga volont\u00e4rer p\u00e5 arenan som f\u00f6rstod engelska.<\/p>\n<p>&#8211; Till slut fick vi hj\u00e4lp av en svensk FIFA-representant som f\u00f6ljde med till en informationsdisk utanf\u00f6r arenan. V\u00e4l d\u00e4r fick vi besked om att flera entr\u00e9er var st\u00e4ngda p\u00e5 grund av renovering och h\u00e4nvisades d\u00e5 till ing\u00e5ng 14.<\/p>\n<p>Skrik och poliser<br \/>\nVid avspark stod m\u00e4ngder av supportrar, i huvudsak spanjorer, vid ing\u00e5ng 14 och f\u00f6rs\u00f6kte ta sig in utan framg\u00e5ng. Det var uppror med skrikande supportrar och massor av poliser. Efter ett tag \u00f6ppnas angr\u00e4nsande d\u00f6rrar vid sidan om insl\u00e4ppssp\u00e4rrarna och en del publik lyckas ta sig in.<\/p>\n<p>&#8211; Vi hinner dock inte med in utan stoppas bryskt. Efter \u00e4nnu mera skrik och br\u00e5k bland publiken \u00f6ppnar man \u00e5ter d\u00f6rrarna vid sidan om och alla rusar in.<\/p>\n<p>G\u00f6ran med dotter och m\u00e5g tar sig upp p\u00e5 l\u00e4ktaren och visar sina biljetter. Men i st\u00e4llet f\u00f6r att f\u00e5 tillg\u00e5ng till sina bokade platser h\u00e4nvisas de till s\u00e4mre platser \u00e4n vad de betalat f\u00f6r. Det var platser h\u00f6gre upp och vid h\u00f6rnflaggan.<br \/>\n&#8211; D\u00e5 st\u00e5r matchklockan p\u00e5 drygt 25 min.<\/p>\n<p>V\u00e4grar<br \/>\nViagogo v\u00e4grar att betala n\u00e5gon form av ers\u00e4ttning d\u00e5 de p\u00e5st\u00e5r att biljetterna \u00e4r levererade i tid och de var giltiga.<\/p>\n<p>&#8211; Vi har f\u00f6rst\u00e5else f\u00f6r att f\u00f6retaget inte kan p\u00e5verka arrang\u00f6rens arrangemang, men i detta fall har Viagogo som k\u00f6pare r\u00e4tt att f\u00e5 pengarna tillbaka fr\u00e5n spanska fotbollsf\u00f6rbundet. Men de v\u00e4grar i sin tur att \u00e5terbetala detta till sina kunder, vi som faktiskt drabbades av arrang\u00f6rens misstag. <\/p>\n<p>Dottern har nu anm\u00e4lt detta till ARN.<\/p>\n<p>&#8211; Vi f\u00e5r se om de v\u00e4ljer att g\u00e5 vidare med \u00e4rendet, s\u00e4ger G\u00f6ran Sundberg avslutningsvis.<\/p>\n<p>Missade du f\u00f6rsta kvarten av Spanien-Sverige? D\u00e5 f\u00e5r du tillbaka pengarna<\/p>\n","protected":false},"excerpt":{"rendered":"<p>Dottern skulle \u00f6verraska sin pappa i Estepona p\u00e5 Fars dag med fotbollsbiljetter till VM-kvalm\u00f6tet mellan Spanien-Sverige i Sevilla. \u00c4ven om matchresultatet var ganska v\u00e4ntat s\u00e5 blev upplevelsen n\u00e5got helt annat \u00e4n vad vi hoppats p\u00e5, s\u00e4ger G\u00f6ran Sundberg. Tillsammans med dottern och m\u00e5gen blev de lurade p\u00e5 biljettk\u00f6pet och anm\u00e4ler Viagogo till Allm\u00e4nna reklamationsn\u00e4mnden (ARN). [&hellip;]<\/p>\n","protected":false},"author":7,"featured_media":0,"comment_status":"open","ping_status":"open","sticky":false,"template":"","format":"standard","meta":{"_et_pb_use_builder":"","_et_pb_old_content":"","_et_gb_content_width":"","footnotes":""},"categories":[395,3],"tags":[],"class_list":["post-1113","post","type-post","status-publish","format-standard","hentry","category-arkiv-nyheter","category-nyheter"],"yoast_head":"<!-- This site is optimized with the Yoast SEO Premium plugin v26.2 (Yoast SEO v27.5) - https:\/\/yoast.com\/product\/yoast-seo-premium-wordpress\/ -->\n<title>Svenskar lurade p\u00e5 fotbollsbiljetter i Sevilla - Svenska Magasinet<\/title>\n<meta name=\"robots\" content=\"noindex, follow, max-snippet:-1, max-image-preview:large, max-video-preview:-1\" \/>\n<meta property=\"og:locale\" content=\"sv_SE\" \/>\n<meta property=\"og:type\" content=\"article\" \/>\n<meta property=\"og:title\" content=\"Svenskar lurade p\u00e5 fotbollsbiljetter i Sevilla\" \/>\n<meta property=\"og:description\" content=\"Dottern skulle \u00f6verraska sin pappa i Estepona p\u00e5 Fars dag med fotbollsbiljetter till VM-kvalm\u00f6tet mellan Spanien-Sverige i Sevilla. \u00c4ven om matchresultatet var ganska v\u00e4ntat s\u00e5 blev upplevelsen n\u00e5got helt annat \u00e4n vad vi hoppats p\u00e5, s\u00e4ger G\u00f6ran Sundberg. Tillsammans med dottern och m\u00e5gen blev de lurade p\u00e5 biljettk\u00f6pet och anm\u00e4ler Viagogo till Allm\u00e4nna reklamationsn\u00e4mnden (ARN). [&hellip;]\" \/>\n<meta property=\"og:url\" content=\"https:\/\/lightweb.dev\/l\/svm-temp\/nyheter\/svenskar-lurade-pa-fotbollsbiljetter-i-sevilla\/\" \/>\n<meta property=\"og:site_name\" content=\"Svenska Magasinet\" \/>\n<meta property=\"article:publisher\" content=\"https:\/\/www.facebook.com\/svenskamagasinet\" \/>\n<meta property=\"article:published_time\" content=\"2021-11-29T09:59:00+00:00\" \/>\n<meta name=\"author\" content=\"Ola Josefsson\" \/>\n<meta name=\"twitter:card\" content=\"summary_large_image\" \/>\n<meta name=\"twitter:creator\" content=\"@SvenskaMagasine\" \/>\n<meta name=\"twitter:site\" content=\"@SvenskaMagasine\" \/>\n<script type=\"application\/ld+json\" class=\"yoast-schema-graph\">{\"@context\":\"https:\\\/\\\/schema.org\",\"@graph\":[{\"@type\":\"Article\",\"@id\":\"https:\\\/\\\/lightweb.dev\\\/l\\\/svm-temp\\\/nyheter\\\/svenskar-lurade-pa-fotbollsbiljetter-i-sevilla\\\/#article\",\"isPartOf\":{\"@id\":\"https:\\\/\\\/lightweb.dev\\\/l\\\/svm-temp\\\/nyheter\\\/svenskar-lurade-pa-fotbollsbiljetter-i-sevilla\\\/\"},\"author\":{\"name\":\"Ola Josefsson\",\"@id\":\"https:\\\/\\\/lightweb.dev\\\/l\\\/svm-temp\\\/#\\\/schema\\\/person\\\/7a82b8a73d171d32360a564b6d03508e\"},\"headline\":\"Svenskar lurade p\u00e5 fotbollsbiljetter i Sevilla\",\"datePublished\":\"2021-11-29T09:59:00+00:00\",\"mainEntityOfPage\":{\"@id\":\"https:\\\/\\\/lightweb.dev\\\/l\\\/svm-temp\\\/nyheter\\\/svenskar-lurade-pa-fotbollsbiljetter-i-sevilla\\\/\"},\"wordCount\":591,\"commentCount\":0,\"publisher\":{\"@id\":\"https:\\\/\\\/lightweb.dev\\\/l\\\/svm-temp\\\/#organization\"},\"articleSection\":[\"Arkiv\",\"Nyheter\"],\"inLanguage\":\"sv-SE\"},{\"@type\":\"WebPage\",\"@id\":\"https:\\\/\\\/lightweb.dev\\\/l\\\/svm-temp\\\/nyheter\\\/svenskar-lurade-pa-fotbollsbiljetter-i-sevilla\\\/\",\"url\":\"https:\\\/\\\/lightweb.dev\\\/l\\\/svm-temp\\\/nyheter\\\/svenskar-lurade-pa-fotbollsbiljetter-i-sevilla\\\/\",\"name\":\"Svenskar lurade p\u00e5 fotbollsbiljetter i Sevilla - Svenska Magasinet\",\"isPartOf\":{\"@id\":\"https:\\\/\\\/lightweb.dev\\\/l\\\/svm-temp\\\/#website\"},\"datePublished\":\"2021-11-29T09:59:00+00:00\",\"breadcrumb\":{\"@id\":\"https:\\\/\\\/lightweb.dev\\\/l\\\/svm-temp\\\/nyheter\\\/svenskar-lurade-pa-fotbollsbiljetter-i-sevilla\\\/#breadcrumb\"},\"inLanguage\":\"sv-SE\",\"potentialAction\":[{\"@type\":\"ReadAction\",\"target\":[\"https:\\\/\\\/lightweb.dev\\\/l\\\/svm-temp\\\/nyheter\\\/svenskar-lurade-pa-fotbollsbiljetter-i-sevilla\\\/\"]}]},{\"@type\":\"BreadcrumbList\",\"@id\":\"https:\\\/\\\/lightweb.dev\\\/l\\\/svm-temp\\\/nyheter\\\/svenskar-lurade-pa-fotbollsbiljetter-i-sevilla\\\/#breadcrumb\",\"itemListElement\":[{\"@type\":\"ListItem\",\"position\":1,\"name\":\"Hem\",\"item\":\"https:\\\/\\\/lightweb.dev\\\/l\\\/svm-temp\\\/\"},{\"@type\":\"ListItem\",\"position\":2,\"name\":\"Svenskar lurade p\u00e5 fotbollsbiljetter i Sevilla\"}]},{\"@type\":\"WebSite\",\"@id\":\"https:\\\/\\\/lightweb.dev\\\/l\\\/svm-temp\\\/#website\",\"url\":\"https:\\\/\\\/lightweb.dev\\\/l\\\/svm-temp\\\/\",\"name\":\"Svenska Magasinet\",\"description\":\"Dina Spanska nyheter p&aring; Svenska\",\"publisher\":{\"@id\":\"https:\\\/\\\/lightweb.dev\\\/l\\\/svm-temp\\\/#organization\"},\"potentialAction\":[{\"@type\":\"SearchAction\",\"target\":{\"@type\":\"EntryPoint\",\"urlTemplate\":\"https:\\\/\\\/lightweb.dev\\\/l\\\/svm-temp\\\/?s={search_term_string}\"},\"query-input\":{\"@type\":\"PropertyValueSpecification\",\"valueRequired\":true,\"valueName\":\"search_term_string\"}}],\"inLanguage\":\"sv-SE\"},{\"@type\":\"Organization\",\"@id\":\"https:\\\/\\\/lightweb.dev\\\/l\\\/svm-temp\\\/#organization\",\"name\":\"Melkerson y Nott SL\",\"alternateName\":\"Svenska Magasinet\",\"url\":\"https:\\\/\\\/lightweb.dev\\\/l\\\/svm-temp\\\/\",\"logo\":{\"@type\":\"ImageObject\",\"inLanguage\":\"sv-SE\",\"@id\":\"https:\\\/\\\/lightweb.dev\\\/l\\\/svm-temp\\\/#\\\/schema\\\/logo\\\/image\\\/\",\"url\":\"https:\\\/\\\/lightweb.dev\\\/l\\\/svm-temp\\\/wp-content\\\/uploads\\\/2025\\\/02\\\/SvM-logo-Xtra-Centrerad-SVART.png\",\"contentUrl\":\"https:\\\/\\\/lightweb.dev\\\/l\\\/svm-temp\\\/wp-content\\\/uploads\\\/2025\\\/02\\\/SvM-logo-Xtra-Centrerad-SVART.png\",\"width\":300,\"height\":99,\"caption\":\"Melkerson y Nott SL\"},\"image\":{\"@id\":\"https:\\\/\\\/lightweb.dev\\\/l\\\/svm-temp\\\/#\\\/schema\\\/logo\\\/image\\\/\"},\"sameAs\":[\"https:\\\/\\\/www.facebook.com\\\/svenskamagasinet\",\"https:\\\/\\\/x.com\\\/SvenskaMagasine\"]},{\"@type\":\"Person\",\"@id\":\"https:\\\/\\\/lightweb.dev\\\/l\\\/svm-temp\\\/#\\\/schema\\\/person\\\/7a82b8a73d171d32360a564b6d03508e\",\"name\":\"Ola Josefsson\",\"description\":\"Bevakar Solkusten och Spanien sedan 1994.\",\"sameAs\":[\"https:\\\/\\\/lightweb.dev\\\/l\\\/svm-temp\"],\"url\":\"https:\\\/\\\/lightweb.dev\\\/l\\\/svm-temp\\\/reporter\\\/ola-josefsson\\\/\"}]}<\/script>\n<!-- \/ Yoast SEO Premium plugin. -->","yoast_head_json":{"title":"Svenskar lurade p\u00e5 fotbollsbiljetter i Sevilla - Svenska Magasinet","robots":{"index":"noindex","follow":"follow","max-snippet":"max-snippet:-1","max-image-preview":"max-image-preview:large","max-video-preview":"max-video-preview:-1"},"og_locale":"sv_SE","og_type":"article","og_title":"Svenskar lurade p\u00e5 fotbollsbiljetter i Sevilla","og_description":"Dottern skulle \u00f6verraska sin pappa i Estepona p\u00e5 Fars dag med fotbollsbiljetter till VM-kvalm\u00f6tet mellan Spanien-Sverige i Sevilla. \u00c4ven om matchresultatet var ganska v\u00e4ntat s\u00e5 blev upplevelsen n\u00e5got helt annat \u00e4n vad vi hoppats p\u00e5, s\u00e4ger G\u00f6ran Sundberg. Tillsammans med dottern och m\u00e5gen blev de lurade p\u00e5 biljettk\u00f6pet och anm\u00e4ler Viagogo till Allm\u00e4nna reklamationsn\u00e4mnden (ARN). [&hellip;]","og_url":"https:\/\/lightweb.dev\/l\/svm-temp\/nyheter\/svenskar-lurade-pa-fotbollsbiljetter-i-sevilla\/","og_site_name":"Svenska Magasinet","article_publisher":"https:\/\/www.facebook.com\/svenskamagasinet","article_published_time":"2021-11-29T09:59:00+00:00","author":"Ola Josefsson","twitter_card":"summary_large_image","twitter_creator":"@SvenskaMagasine","twitter_site":"@SvenskaMagasine","schema":{"@context":"https:\/\/schema.org","@graph":[{"@type":"Article","@id":"https:\/\/lightweb.dev\/l\/svm-temp\/nyheter\/svenskar-lurade-pa-fotbollsbiljetter-i-sevilla\/#article","isPartOf":{"@id":"https:\/\/lightweb.dev\/l\/svm-temp\/nyheter\/svenskar-lurade-pa-fotbollsbiljetter-i-sevilla\/"},"author":{"name":"Ola Josefsson","@id":"https:\/\/lightweb.dev\/l\/svm-temp\/#\/schema\/person\/7a82b8a73d171d32360a564b6d03508e"},"headline":"Svenskar lurade p\u00e5 fotbollsbiljetter i Sevilla","datePublished":"2021-11-29T09:59:00+00:00","mainEntityOfPage":{"@id":"https:\/\/lightweb.dev\/l\/svm-temp\/nyheter\/svenskar-lurade-pa-fotbollsbiljetter-i-sevilla\/"},"wordCount":591,"commentCount":0,"publisher":{"@id":"https:\/\/lightweb.dev\/l\/svm-temp\/#organization"},"articleSection":["Arkiv","Nyheter"],"inLanguage":"sv-SE"},{"@type":"WebPage","@id":"https:\/\/lightweb.dev\/l\/svm-temp\/nyheter\/svenskar-lurade-pa-fotbollsbiljetter-i-sevilla\/","url":"https:\/\/lightweb.dev\/l\/svm-temp\/nyheter\/svenskar-lurade-pa-fotbollsbiljetter-i-sevilla\/","name":"Svenskar lurade p\u00e5 fotbollsbiljetter i Sevilla - Svenska Magasinet","isPartOf":{"@id":"https:\/\/lightweb.dev\/l\/svm-temp\/#website"},"datePublished":"2021-11-29T09:59:00+00:00","breadcrumb":{"@id":"https:\/\/lightweb.dev\/l\/svm-temp\/nyheter\/svenskar-lurade-pa-fotbollsbiljetter-i-sevilla\/#breadcrumb"},"inLanguage":"sv-SE","potentialAction":[{"@type":"ReadAction","target":["https:\/\/lightweb.dev\/l\/svm-temp\/nyheter\/svenskar-lurade-pa-fotbollsbiljetter-i-sevilla\/"]}]},{"@type":"BreadcrumbList","@id":"https:\/\/lightweb.dev\/l\/svm-temp\/nyheter\/svenskar-lurade-pa-fotbollsbiljetter-i-sevilla\/#breadcrumb","itemListElement":[{"@type":"ListItem","position":1,"name":"Hem","item":"https:\/\/lightweb.dev\/l\/svm-temp\/"},{"@type":"ListItem","position":2,"name":"Svenskar lurade p\u00e5 fotbollsbiljetter i Sevilla"}]},{"@type":"WebSite","@id":"https:\/\/lightweb.dev\/l\/svm-temp\/#website","url":"https:\/\/lightweb.dev\/l\/svm-temp\/","name":"Svenska Magasinet","description":"Dina Spanska nyheter p&aring; Svenska","publisher":{"@id":"https:\/\/lightweb.dev\/l\/svm-temp\/#organization"},"potentialAction":[{"@type":"SearchAction","target":{"@type":"EntryPoint","urlTemplate":"https:\/\/lightweb.dev\/l\/svm-temp\/?s={search_term_string}"},"query-input":{"@type":"PropertyValueSpecification","valueRequired":true,"valueName":"search_term_string"}}],"inLanguage":"sv-SE"},{"@type":"Organization","@id":"https:\/\/lightweb.dev\/l\/svm-temp\/#organization","name":"Melkerson y Nott SL","alternateName":"Svenska Magasinet","url":"https:\/\/lightweb.dev\/l\/svm-temp\/","logo":{"@type":"ImageObject","inLanguage":"sv-SE","@id":"https:\/\/lightweb.dev\/l\/svm-temp\/#\/schema\/logo\/image\/","url":"https:\/\/lightweb.dev\/l\/svm-temp\/wp-content\/uploads\/2025\/02\/SvM-logo-Xtra-Centrerad-SVART.png","contentUrl":"https:\/\/lightweb.dev\/l\/svm-temp\/wp-content\/uploads\/2025\/02\/SvM-logo-Xtra-Centrerad-SVART.png","width":300,"height":99,"caption":"Melkerson y Nott SL"},"image":{"@id":"https:\/\/lightweb.dev\/l\/svm-temp\/#\/schema\/logo\/image\/"},"sameAs":["https:\/\/www.facebook.com\/svenskamagasinet","https:\/\/x.com\/SvenskaMagasine"]},{"@type":"Person","@id":"https:\/\/lightweb.dev\/l\/svm-temp\/#\/schema\/person\/7a82b8a73d171d32360a564b6d03508e","name":"Ola Josefsson","description":"Bevakar Solkusten och Spanien sedan 1994.","sameAs":["https:\/\/lightweb.dev\/l\/svm-temp"],"url":"https:\/\/lightweb.dev\/l\/svm-temp\/reporter\/ola-josefsson\/"}]}},"_links":{"self":[{"href":"https:\/\/lightweb.dev\/l\/svm-temp\/wp-json\/wp\/v2\/posts\/1113","targetHints":{"allow":["GET"]}}],"collection":[{"href":"https:\/\/lightweb.dev\/l\/svm-temp\/wp-json\/wp\/v2\/posts"}],"about":[{"href":"https:\/\/lightweb.dev\/l\/svm-temp\/wp-json\/wp\/v2\/types\/post"}],"author":[{"embeddable":true,"href":"https:\/\/lightweb.dev\/l\/svm-temp\/wp-json\/wp\/v2\/users\/7"}],"replies":[{"embeddable":true,"href":"https:\/\/lightweb.dev\/l\/svm-temp\/wp-json\/wp\/v2\/comments?post=1113"}],"version-history":[{"count":0,"href":"https:\/\/lightweb.dev\/l\/svm-temp\/wp-json\/wp\/v2\/posts\/1113\/revisions"}],"wp:attachment":[{"href":"https:\/\/lightweb.dev\/l\/svm-temp\/wp-json\/wp\/v2\/media?parent=1113"}],"wp:term":[{"taxonomy":"category","embeddable":true,"href":"https:\/\/lightweb.dev\/l\/svm-temp\/wp-json\/wp\/v2\/categories?post=1113"},{"taxonomy":"post_tag","embeddable":true,"href":"https:\/\/lightweb.dev\/l\/svm-temp\/wp-json\/wp\/v2\/tags?post=1113"}],"curies":[{"name":"wp","href":"https:\/\/api.w.org\/{rel}","templated":true}]}}