{"id":12108,"date":"2021-05-25T10:31:00","date_gmt":"2021-05-25T08:31:00","guid":{"rendered":"https:\/\/lightweb.dev\/l\/svm-temp\/nyheter\/kvinna-riskerar-18-ars-fangelse-for-sju-brander-i-mijas-costa\/"},"modified":"2021-05-25T10:31:00","modified_gmt":"2021-05-25T08:31:00","slug":"kvinna-riskerar-18-ars-fangelse-for-sju-brander-i-mijas-costa","status":"publish","type":"post","link":"https:\/\/lightweb.dev\/l\/svm-temp\/nyheter\/kvinna-riskerar-18-ars-fangelse-for-sju-brander-i-mijas-costa\/","title":{"rendered":"Kvinna riskerar 18-\u00e5rs f\u00e4ngelse f\u00f6r sju br\u00e4nder i Mijas Costa"},"content":{"rendered":"<p> Under veckan inleds en r\u00e4tteg\u00e5ng mot en 50-\u00e5rig kvinna och spansk medborgare som riskerar 18 \u00e5rs f\u00e4ngelse f\u00f6r att ha orsakat sju br\u00e4nder p\u00e5 mindre \u00e4n en m\u00e5nad. Enligt \u00e5klagaren har kvinnan anv\u00e4nt sig av l\u00e4ttant\u00e4ndliga material.<\/p>\n<p> Det var mellan den 19 juli och 14 augusti 2015 som inte mindre \u00e4n sju br\u00e4nder uppstod i omr\u00e5det Calanova i Mijas Costa. Enligt \u00e5talat ska kvinnan ha anv\u00e4nt sig av grillkol och t\u00e4ndv\u00e4tska.<\/p>\n<p>Svenska Magasinet ber\u00e4ttade den 17 augusti 2015 att kvinnan hade gripits.<\/p>\n<p>Det var i huvudsak obebyggd mark som \u00e4gs av Riviera Internacional som drabbades. Strax intill l\u00e5g bostadshus som hotades om br\u00e4nderna hade spridit sig.<\/p>\n<p>F\u00f6rutom att kvinnan riskerar att d\u00f6mas till 18 \u00e5rs f\u00e4ngelse kan hon \u00e4ven bli d\u00f6md att betala en avgift p\u00e5 13.459 euro f\u00f6r brandbek\u00e4mpningen, skriver Diario SUR p\u00e5 tisdagen.<\/p>\n<p>(Foto: @bomberosdemijas)<\/p>\n","protected":false},"excerpt":{"rendered":"<p>Under veckan inleds en r\u00e4tteg\u00e5ng mot en 50-\u00e5rig kvinna och spansk medborgare som riskerar 18 \u00e5rs f\u00e4ngelse f\u00f6r att ha orsakat sju br\u00e4nder p\u00e5 mindre \u00e4n en m\u00e5nad. Enligt \u00e5klagaren har kvinnan anv\u00e4nt sig av l\u00e4ttant\u00e4ndliga material. Det var mellan den 19 juli och 14 augusti 2015 som inte mindre \u00e4n sju br\u00e4nder uppstod i [&hellip;]<\/p>\n","protected":false},"author":8,"featured_media":12109,"comment_status":"open","ping_status":"open","sticky":false,"template":"","format":"standard","meta":{"_et_pb_use_builder":"","_et_pb_old_content":"","_et_gb_content_width":"","footnotes":""},"categories":[395,3],"tags":[],"class_list":["post-12108","post","type-post","status-publish","format-standard","has-post-thumbnail","hentry","category-arkiv-nyheter","category-nyheter"],"yoast_head":"<!-- This site is optimized with the Yoast SEO Premium plugin v26.2 (Yoast SEO v27.5) - https:\/\/yoast.com\/product\/yoast-seo-premium-wordpress\/ -->\n<title>Kvinna riskerar 18-\u00e5rs f\u00e4ngelse f\u00f6r sju br\u00e4nder i Mijas Costa - Svenska Magasinet<\/title>\n<meta name=\"robots\" content=\"noindex, follow, max-snippet:-1, max-image-preview:large, max-video-preview:-1\" \/>\n<meta property=\"og:locale\" content=\"sv_SE\" \/>\n<meta property=\"og:type\" content=\"article\" \/>\n<meta property=\"og:title\" content=\"Kvinna riskerar 18-\u00e5rs f\u00e4ngelse f\u00f6r sju br\u00e4nder i Mijas Costa\" \/>\n<meta property=\"og:description\" content=\"Under veckan inleds en r\u00e4tteg\u00e5ng mot en 50-\u00e5rig kvinna och spansk medborgare som riskerar 18 \u00e5rs f\u00e4ngelse f\u00f6r att ha orsakat sju br\u00e4nder p\u00e5 mindre \u00e4n en m\u00e5nad. Enligt \u00e5klagaren har kvinnan anv\u00e4nt sig av l\u00e4ttant\u00e4ndliga material. Det var mellan den 19 juli och 14 augusti 2015 som inte mindre \u00e4n sju br\u00e4nder uppstod i [&hellip;]\" \/>\n<meta property=\"og:url\" content=\"https:\/\/lightweb.dev\/l\/svm-temp\/nyheter\/kvinna-riskerar-18-ars-fangelse-for-sju-brander-i-mijas-costa\/\" \/>\n<meta property=\"og:site_name\" content=\"Svenska Magasinet\" \/>\n<meta property=\"article:publisher\" content=\"https:\/\/www.facebook.com\/svenskamagasinet\" \/>\n<meta property=\"article:published_time\" content=\"2021-05-25T08:31:00+00:00\" \/>\n<meta property=\"og:image\" content=\"https:\/\/lightweb.dev\/l\/svm-temp\/wp-content\/uploads\/2022\/06\/kvinna-riskerar-18ars-fangelse-for-sju-brander-i-mijas-costa.png\" \/>\n\t<meta property=\"og:image:width\" content=\"500\" \/>\n\t<meta property=\"og:image:height\" content=\"300\" \/>\n\t<meta property=\"og:image:type\" content=\"image\/png\" \/>\n<meta name=\"author\" content=\"Redaktionen SvM\" \/>\n<meta name=\"twitter:card\" content=\"summary_large_image\" \/>\n<meta name=\"twitter:creator\" content=\"@SvenskaMagasine\" \/>\n<meta name=\"twitter:site\" content=\"@SvenskaMagasine\" \/>\n<script type=\"application\/ld+json\" class=\"yoast-schema-graph\">{\"@context\":\"https:\\\/\\\/schema.org\",\"@graph\":[{\"@type\":\"Article\",\"@id\":\"https:\\\/\\\/lightweb.dev\\\/l\\\/svm-temp\\\/nyheter\\\/kvinna-riskerar-18-ars-fangelse-for-sju-brander-i-mijas-costa\\\/#article\",\"isPartOf\":{\"@id\":\"https:\\\/\\\/lightweb.dev\\\/l\\\/svm-temp\\\/nyheter\\\/kvinna-riskerar-18-ars-fangelse-for-sju-brander-i-mijas-costa\\\/\"},\"author\":{\"name\":\"Redaktionen SvM\",\"@id\":\"https:\\\/\\\/lightweb.dev\\\/l\\\/svm-temp\\\/#\\\/schema\\\/person\\\/206a3bda5b607b0c25e1749191e4d837\"},\"headline\":\"Kvinna riskerar 18-\u00e5rs f\u00e4ngelse f\u00f6r sju br\u00e4nder i Mijas Costa\",\"datePublished\":\"2021-05-25T08:31:00+00:00\",\"mainEntityOfPage\":{\"@id\":\"https:\\\/\\\/lightweb.dev\\\/l\\\/svm-temp\\\/nyheter\\\/kvinna-riskerar-18-ars-fangelse-for-sju-brander-i-mijas-costa\\\/\"},\"wordCount\":167,\"commentCount\":0,\"publisher\":{\"@id\":\"https:\\\/\\\/lightweb.dev\\\/l\\\/svm-temp\\\/#organization\"},\"image\":{\"@id\":\"https:\\\/\\\/lightweb.dev\\\/l\\\/svm-temp\\\/nyheter\\\/kvinna-riskerar-18-ars-fangelse-for-sju-brander-i-mijas-costa\\\/#primaryimage\"},\"thumbnailUrl\":\"https:\\\/\\\/lightweb.dev\\\/l\\\/svm-temp\\\/wp-content\\\/uploads\\\/2022\\\/06\\\/kvinna-riskerar-18ars-fangelse-for-sju-brander-i-mijas-costa.png\",\"articleSection\":[\"Arkiv\",\"Nyheter\"],\"inLanguage\":\"sv-SE\"},{\"@type\":\"WebPage\",\"@id\":\"https:\\\/\\\/lightweb.dev\\\/l\\\/svm-temp\\\/nyheter\\\/kvinna-riskerar-18-ars-fangelse-for-sju-brander-i-mijas-costa\\\/\",\"url\":\"https:\\\/\\\/lightweb.dev\\\/l\\\/svm-temp\\\/nyheter\\\/kvinna-riskerar-18-ars-fangelse-for-sju-brander-i-mijas-costa\\\/\",\"name\":\"Kvinna riskerar 18-\u00e5rs f\u00e4ngelse f\u00f6r sju br\u00e4nder i Mijas Costa - Svenska Magasinet\",\"isPartOf\":{\"@id\":\"https:\\\/\\\/lightweb.dev\\\/l\\\/svm-temp\\\/#website\"},\"primaryImageOfPage\":{\"@id\":\"https:\\\/\\\/lightweb.dev\\\/l\\\/svm-temp\\\/nyheter\\\/kvinna-riskerar-18-ars-fangelse-for-sju-brander-i-mijas-costa\\\/#primaryimage\"},\"image\":{\"@id\":\"https:\\\/\\\/lightweb.dev\\\/l\\\/svm-temp\\\/nyheter\\\/kvinna-riskerar-18-ars-fangelse-for-sju-brander-i-mijas-costa\\\/#primaryimage\"},\"thumbnailUrl\":\"https:\\\/\\\/lightweb.dev\\\/l\\\/svm-temp\\\/wp-content\\\/uploads\\\/2022\\\/06\\\/kvinna-riskerar-18ars-fangelse-for-sju-brander-i-mijas-costa.png\",\"datePublished\":\"2021-05-25T08:31:00+00:00\",\"breadcrumb\":{\"@id\":\"https:\\\/\\\/lightweb.dev\\\/l\\\/svm-temp\\\/nyheter\\\/kvinna-riskerar-18-ars-fangelse-for-sju-brander-i-mijas-costa\\\/#breadcrumb\"},\"inLanguage\":\"sv-SE\",\"potentialAction\":[{\"@type\":\"ReadAction\",\"target\":[\"https:\\\/\\\/lightweb.dev\\\/l\\\/svm-temp\\\/nyheter\\\/kvinna-riskerar-18-ars-fangelse-for-sju-brander-i-mijas-costa\\\/\"]}]},{\"@type\":\"ImageObject\",\"inLanguage\":\"sv-SE\",\"@id\":\"https:\\\/\\\/lightweb.dev\\\/l\\\/svm-temp\\\/nyheter\\\/kvinna-riskerar-18-ars-fangelse-for-sju-brander-i-mijas-costa\\\/#primaryimage\",\"url\":\"https:\\\/\\\/lightweb.dev\\\/l\\\/svm-temp\\\/wp-content\\\/uploads\\\/2022\\\/06\\\/kvinna-riskerar-18ars-fangelse-for-sju-brander-i-mijas-costa.png\",\"contentUrl\":\"https:\\\/\\\/lightweb.dev\\\/l\\\/svm-temp\\\/wp-content\\\/uploads\\\/2022\\\/06\\\/kvinna-riskerar-18ars-fangelse-for-sju-brander-i-mijas-costa.png\",\"width\":500,\"height\":300},{\"@type\":\"BreadcrumbList\",\"@id\":\"https:\\\/\\\/lightweb.dev\\\/l\\\/svm-temp\\\/nyheter\\\/kvinna-riskerar-18-ars-fangelse-for-sju-brander-i-mijas-costa\\\/#breadcrumb\",\"itemListElement\":[{\"@type\":\"ListItem\",\"position\":1,\"name\":\"Hem\",\"item\":\"https:\\\/\\\/lightweb.dev\\\/l\\\/svm-temp\\\/\"},{\"@type\":\"ListItem\",\"position\":2,\"name\":\"Kvinna riskerar 18-\u00e5rs f\u00e4ngelse f\u00f6r sju br\u00e4nder i Mijas Costa\"}]},{\"@type\":\"WebSite\",\"@id\":\"https:\\\/\\\/lightweb.dev\\\/l\\\/svm-temp\\\/#website\",\"url\":\"https:\\\/\\\/lightweb.dev\\\/l\\\/svm-temp\\\/\",\"name\":\"Svenska Magasinet\",\"description\":\"Dina Spanska nyheter p&aring; Svenska\",\"publisher\":{\"@id\":\"https:\\\/\\\/lightweb.dev\\\/l\\\/svm-temp\\\/#organization\"},\"potentialAction\":[{\"@type\":\"SearchAction\",\"target\":{\"@type\":\"EntryPoint\",\"urlTemplate\":\"https:\\\/\\\/lightweb.dev\\\/l\\\/svm-temp\\\/?s={search_term_string}\"},\"query-input\":{\"@type\":\"PropertyValueSpecification\",\"valueRequired\":true,\"valueName\":\"search_term_string\"}}],\"inLanguage\":\"sv-SE\"},{\"@type\":\"Organization\",\"@id\":\"https:\\\/\\\/lightweb.dev\\\/l\\\/svm-temp\\\/#organization\",\"name\":\"Melkerson y Nott SL\",\"alternateName\":\"Svenska Magasinet\",\"url\":\"https:\\\/\\\/lightweb.dev\\\/l\\\/svm-temp\\\/\",\"logo\":{\"@type\":\"ImageObject\",\"inLanguage\":\"sv-SE\",\"@id\":\"https:\\\/\\\/lightweb.dev\\\/l\\\/svm-temp\\\/#\\\/schema\\\/logo\\\/image\\\/\",\"url\":\"https:\\\/\\\/lightweb.dev\\\/l\\\/svm-temp\\\/wp-content\\\/uploads\\\/2025\\\/02\\\/SvM-logo-Xtra-Centrerad-SVART.png\",\"contentUrl\":\"https:\\\/\\\/lightweb.dev\\\/l\\\/svm-temp\\\/wp-content\\\/uploads\\\/2025\\\/02\\\/SvM-logo-Xtra-Centrerad-SVART.png\",\"width\":300,\"height\":99,\"caption\":\"Melkerson y Nott SL\"},\"image\":{\"@id\":\"https:\\\/\\\/lightweb.dev\\\/l\\\/svm-temp\\\/#\\\/schema\\\/logo\\\/image\\\/\"},\"sameAs\":[\"https:\\\/\\\/www.facebook.com\\\/svenskamagasinet\",\"https:\\\/\\\/x.com\\\/SvenskaMagasine\"]},{\"@type\":\"Person\",\"@id\":\"https:\\\/\\\/lightweb.dev\\\/l\\\/svm-temp\\\/#\\\/schema\\\/person\\\/206a3bda5b607b0c25e1749191e4d837\",\"name\":\"Redaktionen SvM\",\"description\":\"Redaktionen\",\"sameAs\":[\"https:\\\/\\\/lightweb.dev\\\/l\\\/svm-temp\"],\"url\":\"https:\\\/\\\/lightweb.dev\\\/l\\\/svm-temp\\\/reporter\\\/redaktionen\\\/\"}]}<\/script>\n<!-- \/ Yoast SEO Premium plugin. -->","yoast_head_json":{"title":"Kvinna riskerar 18-\u00e5rs f\u00e4ngelse f\u00f6r sju br\u00e4nder i Mijas Costa - Svenska Magasinet","robots":{"index":"noindex","follow":"follow","max-snippet":"max-snippet:-1","max-image-preview":"max-image-preview:large","max-video-preview":"max-video-preview:-1"},"og_locale":"sv_SE","og_type":"article","og_title":"Kvinna riskerar 18-\u00e5rs f\u00e4ngelse f\u00f6r sju br\u00e4nder i Mijas Costa","og_description":"Under veckan inleds en r\u00e4tteg\u00e5ng mot en 50-\u00e5rig kvinna och spansk medborgare som riskerar 18 \u00e5rs f\u00e4ngelse f\u00f6r att ha orsakat sju br\u00e4nder p\u00e5 mindre \u00e4n en m\u00e5nad. Enligt \u00e5klagaren har kvinnan anv\u00e4nt sig av l\u00e4ttant\u00e4ndliga material. Det var mellan den 19 juli och 14 augusti 2015 som inte mindre \u00e4n sju br\u00e4nder uppstod i [&hellip;]","og_url":"https:\/\/lightweb.dev\/l\/svm-temp\/nyheter\/kvinna-riskerar-18-ars-fangelse-for-sju-brander-i-mijas-costa\/","og_site_name":"Svenska Magasinet","article_publisher":"https:\/\/www.facebook.com\/svenskamagasinet","article_published_time":"2021-05-25T08:31:00+00:00","og_image":[{"width":500,"height":300,"url":"https:\/\/lightweb.dev\/l\/svm-temp\/wp-content\/uploads\/2022\/06\/kvinna-riskerar-18ars-fangelse-for-sju-brander-i-mijas-costa.png","type":"image\/png"}],"author":"Redaktionen SvM","twitter_card":"summary_large_image","twitter_creator":"@SvenskaMagasine","twitter_site":"@SvenskaMagasine","schema":{"@context":"https:\/\/schema.org","@graph":[{"@type":"Article","@id":"https:\/\/lightweb.dev\/l\/svm-temp\/nyheter\/kvinna-riskerar-18-ars-fangelse-for-sju-brander-i-mijas-costa\/#article","isPartOf":{"@id":"https:\/\/lightweb.dev\/l\/svm-temp\/nyheter\/kvinna-riskerar-18-ars-fangelse-for-sju-brander-i-mijas-costa\/"},"author":{"name":"Redaktionen SvM","@id":"https:\/\/lightweb.dev\/l\/svm-temp\/#\/schema\/person\/206a3bda5b607b0c25e1749191e4d837"},"headline":"Kvinna riskerar 18-\u00e5rs f\u00e4ngelse f\u00f6r sju br\u00e4nder i Mijas Costa","datePublished":"2021-05-25T08:31:00+00:00","mainEntityOfPage":{"@id":"https:\/\/lightweb.dev\/l\/svm-temp\/nyheter\/kvinna-riskerar-18-ars-fangelse-for-sju-brander-i-mijas-costa\/"},"wordCount":167,"commentCount":0,"publisher":{"@id":"https:\/\/lightweb.dev\/l\/svm-temp\/#organization"},"image":{"@id":"https:\/\/lightweb.dev\/l\/svm-temp\/nyheter\/kvinna-riskerar-18-ars-fangelse-for-sju-brander-i-mijas-costa\/#primaryimage"},"thumbnailUrl":"https:\/\/lightweb.dev\/l\/svm-temp\/wp-content\/uploads\/2022\/06\/kvinna-riskerar-18ars-fangelse-for-sju-brander-i-mijas-costa.png","articleSection":["Arkiv","Nyheter"],"inLanguage":"sv-SE"},{"@type":"WebPage","@id":"https:\/\/lightweb.dev\/l\/svm-temp\/nyheter\/kvinna-riskerar-18-ars-fangelse-for-sju-brander-i-mijas-costa\/","url":"https:\/\/lightweb.dev\/l\/svm-temp\/nyheter\/kvinna-riskerar-18-ars-fangelse-for-sju-brander-i-mijas-costa\/","name":"Kvinna riskerar 18-\u00e5rs f\u00e4ngelse f\u00f6r sju br\u00e4nder i Mijas Costa - Svenska Magasinet","isPartOf":{"@id":"https:\/\/lightweb.dev\/l\/svm-temp\/#website"},"primaryImageOfPage":{"@id":"https:\/\/lightweb.dev\/l\/svm-temp\/nyheter\/kvinna-riskerar-18-ars-fangelse-for-sju-brander-i-mijas-costa\/#primaryimage"},"image":{"@id":"https:\/\/lightweb.dev\/l\/svm-temp\/nyheter\/kvinna-riskerar-18-ars-fangelse-for-sju-brander-i-mijas-costa\/#primaryimage"},"thumbnailUrl":"https:\/\/lightweb.dev\/l\/svm-temp\/wp-content\/uploads\/2022\/06\/kvinna-riskerar-18ars-fangelse-for-sju-brander-i-mijas-costa.png","datePublished":"2021-05-25T08:31:00+00:00","breadcrumb":{"@id":"https:\/\/lightweb.dev\/l\/svm-temp\/nyheter\/kvinna-riskerar-18-ars-fangelse-for-sju-brander-i-mijas-costa\/#breadcrumb"},"inLanguage":"sv-SE","potentialAction":[{"@type":"ReadAction","target":["https:\/\/lightweb.dev\/l\/svm-temp\/nyheter\/kvinna-riskerar-18-ars-fangelse-for-sju-brander-i-mijas-costa\/"]}]},{"@type":"ImageObject","inLanguage":"sv-SE","@id":"https:\/\/lightweb.dev\/l\/svm-temp\/nyheter\/kvinna-riskerar-18-ars-fangelse-for-sju-brander-i-mijas-costa\/#primaryimage","url":"https:\/\/lightweb.dev\/l\/svm-temp\/wp-content\/uploads\/2022\/06\/kvinna-riskerar-18ars-fangelse-for-sju-brander-i-mijas-costa.png","contentUrl":"https:\/\/lightweb.dev\/l\/svm-temp\/wp-content\/uploads\/2022\/06\/kvinna-riskerar-18ars-fangelse-for-sju-brander-i-mijas-costa.png","width":500,"height":300},{"@type":"BreadcrumbList","@id":"https:\/\/lightweb.dev\/l\/svm-temp\/nyheter\/kvinna-riskerar-18-ars-fangelse-for-sju-brander-i-mijas-costa\/#breadcrumb","itemListElement":[{"@type":"ListItem","position":1,"name":"Hem","item":"https:\/\/lightweb.dev\/l\/svm-temp\/"},{"@type":"ListItem","position":2,"name":"Kvinna riskerar 18-\u00e5rs f\u00e4ngelse f\u00f6r sju br\u00e4nder i Mijas Costa"}]},{"@type":"WebSite","@id":"https:\/\/lightweb.dev\/l\/svm-temp\/#website","url":"https:\/\/lightweb.dev\/l\/svm-temp\/","name":"Svenska Magasinet","description":"Dina Spanska nyheter p&aring; Svenska","publisher":{"@id":"https:\/\/lightweb.dev\/l\/svm-temp\/#organization"},"potentialAction":[{"@type":"SearchAction","target":{"@type":"EntryPoint","urlTemplate":"https:\/\/lightweb.dev\/l\/svm-temp\/?s={search_term_string}"},"query-input":{"@type":"PropertyValueSpecification","valueRequired":true,"valueName":"search_term_string"}}],"inLanguage":"sv-SE"},{"@type":"Organization","@id":"https:\/\/lightweb.dev\/l\/svm-temp\/#organization","name":"Melkerson y Nott SL","alternateName":"Svenska Magasinet","url":"https:\/\/lightweb.dev\/l\/svm-temp\/","logo":{"@type":"ImageObject","inLanguage":"sv-SE","@id":"https:\/\/lightweb.dev\/l\/svm-temp\/#\/schema\/logo\/image\/","url":"https:\/\/lightweb.dev\/l\/svm-temp\/wp-content\/uploads\/2025\/02\/SvM-logo-Xtra-Centrerad-SVART.png","contentUrl":"https:\/\/lightweb.dev\/l\/svm-temp\/wp-content\/uploads\/2025\/02\/SvM-logo-Xtra-Centrerad-SVART.png","width":300,"height":99,"caption":"Melkerson y Nott SL"},"image":{"@id":"https:\/\/lightweb.dev\/l\/svm-temp\/#\/schema\/logo\/image\/"},"sameAs":["https:\/\/www.facebook.com\/svenskamagasinet","https:\/\/x.com\/SvenskaMagasine"]},{"@type":"Person","@id":"https:\/\/lightweb.dev\/l\/svm-temp\/#\/schema\/person\/206a3bda5b607b0c25e1749191e4d837","name":"Redaktionen SvM","description":"Redaktionen","sameAs":["https:\/\/lightweb.dev\/l\/svm-temp"],"url":"https:\/\/lightweb.dev\/l\/svm-temp\/reporter\/redaktionen\/"}]}},"_links":{"self":[{"href":"https:\/\/lightweb.dev\/l\/svm-temp\/wp-json\/wp\/v2\/posts\/12108","targetHints":{"allow":["GET"]}}],"collection":[{"href":"https:\/\/lightweb.dev\/l\/svm-temp\/wp-json\/wp\/v2\/posts"}],"about":[{"href":"https:\/\/lightweb.dev\/l\/svm-temp\/wp-json\/wp\/v2\/types\/post"}],"author":[{"embeddable":true,"href":"https:\/\/lightweb.dev\/l\/svm-temp\/wp-json\/wp\/v2\/users\/8"}],"replies":[{"embeddable":true,"href":"https:\/\/lightweb.dev\/l\/svm-temp\/wp-json\/wp\/v2\/comments?post=12108"}],"version-history":[{"count":0,"href":"https:\/\/lightweb.dev\/l\/svm-temp\/wp-json\/wp\/v2\/posts\/12108\/revisions"}],"wp:featuredmedia":[{"embeddable":true,"href":"https:\/\/lightweb.dev\/l\/svm-temp\/wp-json\/wp\/v2\/media\/12109"}],"wp:attachment":[{"href":"https:\/\/lightweb.dev\/l\/svm-temp\/wp-json\/wp\/v2\/media?parent=12108"}],"wp:term":[{"taxonomy":"category","embeddable":true,"href":"https:\/\/lightweb.dev\/l\/svm-temp\/wp-json\/wp\/v2\/categories?post=12108"},{"taxonomy":"post_tag","embeddable":true,"href":"https:\/\/lightweb.dev\/l\/svm-temp\/wp-json\/wp\/v2\/tags?post=12108"}],"curies":[{"name":"wp","href":"https:\/\/api.w.org\/{rel}","templated":true}]}}