{"id":12122,"date":"2021-05-21T13:44:00","date_gmt":"2021-05-21T11:44:00","guid":{"rendered":"https:\/\/lightweb.dev\/l\/svm-temp\/nyheter\/klart-med-vaccinpass-fran-1-juli\/"},"modified":"2021-05-21T13:44:00","modified_gmt":"2021-05-21T11:44:00","slug":"klart-med-vaccinpass-fran-1-juli","status":"publish","type":"post","link":"https:\/\/lightweb.dev\/l\/svm-temp\/nyheter\/klart-med-vaccinpass-fran-1-juli\/","title":{"rendered":"Klart med vaccinpass fr\u00e5n 1 juli"},"content":{"rendered":"<p> Turister som \u00e4r vaccinerade till 100 procent med doser som godk\u00e4nts av Europeiska l\u00e4kemedelsmyndigheten (EMA) och V\u00e4rldsh\u00e4lsoorganisationen (WHO) kommer inte att bel\u00e4ggas med n\u00e5gra restriktioner fr\u00e5n den 7 juni. Det ber\u00e4ttade den spanska regeringschefen Pedro S\u00e1nchez i samband med att han presenterade det digitala vaccinpasset f\u00f6r resor som godk\u00e4ndes p\u00e5 torsdagen av EU.<\/p>\n<p> &#8211; Fr\u00e5n och med den 7 juni kan turister som har slutf\u00f6rt vaccinationen resa till Spanien oavsett vilket land de kommer fr\u00e5n. P\u00e5 s\u00e5 vis kan \u00e4ven turister fr\u00e5n USA eller Latinamerika resa till Spanien.<\/p>\n<p>Det var en mycket n\u00f6jd regeringschef som framtr\u00e4dde vid den stora turistm\u00e4ssan Fitur i Madrid p\u00e5 fredagen.<\/p>\n<p>Vaccinpass<br \/>\nIg\u00e5r kom beskedet att EU \u00e4r \u00f6verens om digitala vaccinpass som g\u00f6r det m\u00f6jligt att resa fritt mellan EU:s l\u00e4nder i sommar. Dagens besked fr\u00e5n Pedro S\u00e1nchez att Spanien fr\u00e5n 7 juni dessutom v\u00e4lkomnar alla som \u00e4r fullvaccinerade gl\u00e4der den viktiga turistindustrin.<\/p>\n<p>N\u00e4r det g\u00e4ller vaccinpasset f\u00f6r covid-19 i EU har det varit en del sv\u00e5rl\u00f6sta fr\u00e5gor som f\u00f6rst m\u00e5ste l\u00f6sas. \u00d6verenskommelsen n\u00e5ddes efter utdragna f\u00f6rhandlingar.<\/p>\n<p>&#8211; Efter en l\u00e5ng dag har vi \u00e4ntligen n\u00e5tt en \u00f6verenskommelse, meddelade den spanske ledamoten Juan Fernando L\u00f3pez Aguilar n\u00e4r han gav beskedet vid en presskonferens.<\/p>\n<p>Fyra friheterna<br \/>\nF\u00f6r EU som bygger p\u00e5 de fyra friheterna; tj\u00e4nster, kapital, varor och m\u00e4nniskor \u00e4r \u00f6verenskommelsen om digitala vaccinpass ett viktigt steg mot att \u00e5terstarta den fria r\u00f6rligheten s\u00e5 s\u00e4kert som m\u00f6jligt samtidigt som det ger en klarhet och best\u00e4mdhet f\u00f6r medborgarna.<\/p>\n<p>\u201dCovid-19-certifikatet\u201d som det heter ska lanseras i slutet av juni och fungera fr\u00e5n den 1 juli. Det ska inneh\u00e5lla uppgifter om EU-resen\u00e4rers vaccinationsstatus, om man har haft covid-19 tidigare och om man har antikroppar.<\/p>\n<p>Det finns en klausul i \u00f6verenskommelsen. Att enskilda medlemsl\u00e4nder kan inf\u00f6ra reserestriktioner och \u00e4ven kr\u00e4va karant\u00e4n f\u00f6r dem med vaccinpass om det kan motiveras.<\/p>\n<p>\u201dCovid-19-certifikatet\u201d ska kunna f\u00e5s b\u00e5de digitalt och p\u00e5 papper, och vara gratis.<\/p>\n<p>Enligt \u00f6verenskommelsen skjuter EU ocks\u00e5 till 100 miljoner euro f\u00f6r att h\u00e5lla ner priserna p\u00e5 PCR-tester.<\/p>\n<p>Fr\u00e5n 24 maj<br \/>\nSpanien publicerade p\u00e5 fredagen den officiella bulletinen d\u00e4r det framkommer att fr\u00e5n m\u00e5ndag den 24 maj kan turister fr\u00e5n Storbritannien, Nordirland, Australien, Israel, Japan, Nya Zeeland, Rwanda, Singapore, Sydkorea, Thailand, Kina, Macao och Hongkong resa till Spanien utan att beh\u00f6va g\u00f6ra PCR-test.<\/p>\n<p>Det g\u00e4ller \u00e4ven f\u00f6r EU-resen\u00e4rer som kommer fr\u00e5n s\u00e4kra omr\u00e5den.<\/p>\n<p>D\u00e4remot g\u00e4ller fortsatt ett h\u00f6gst 72 timmar gammalt negativt PCR-test f\u00f6r resen\u00e4rer som kommer fr\u00e5n omr\u00e5den med f\u00e4rgerna orange, r\u00f6da eller m\u00f6rk f\u00e4rg d\u00e4r smittrisken bed\u00f6ms vara stor. Det baseras p\u00e5 Europeiska smittskyddscentret ECDC:s bed\u00f6mningar.<\/p>\n<p>Det g\u00e4ller exempelvis resen\u00e4rer fr\u00e5n Sverige som m\u00e5ste visa negativt PCR-test.<\/p>\n<p>Fr\u00e5n den 7 juni kan fullvaccinerade svenskar resa till Spanien utan att beh\u00f6va g\u00f6ra PCR-test (l\u00e4s mer h\u00e4r).<\/p>\n<p>&#8211; Det \u00e4r en glad nyhet f\u00f6r oss alla och inte minst f\u00f6r turistsektorn efter alla m\u00e5nader vi upplevt, sa S\u00e1nchez n\u00e4r han framtr\u00e4dde vid turistmyndigheten Turespa\u00f1a utst\u00e4llning vid Fitur.<\/p>\n","protected":false},"excerpt":{"rendered":"<p>Turister som \u00e4r vaccinerade till 100 procent med doser som godk\u00e4nts av Europeiska l\u00e4kemedelsmyndigheten (EMA) och V\u00e4rldsh\u00e4lsoorganisationen (WHO) kommer inte att bel\u00e4ggas med n\u00e5gra restriktioner fr\u00e5n den 7 juni. Det ber\u00e4ttade den spanska regeringschefen Pedro S\u00e1nchez i samband med att han presenterade det digitala vaccinpasset f\u00f6r resor som godk\u00e4ndes p\u00e5 torsdagen av EU. &#8211; Fr\u00e5n [&hellip;]<\/p>\n","protected":false},"author":8,"featured_media":12123,"comment_status":"open","ping_status":"open","sticky":false,"template":"","format":"standard","meta":{"_et_pb_use_builder":"","_et_pb_old_content":"","_et_gb_content_width":"","footnotes":""},"categories":[395,3],"tags":[],"class_list":["post-12122","post","type-post","status-publish","format-standard","has-post-thumbnail","hentry","category-arkiv-nyheter","category-nyheter"],"yoast_head":"<!-- This site is optimized with the Yoast SEO Premium plugin v26.2 (Yoast SEO v27.5) - https:\/\/yoast.com\/product\/yoast-seo-premium-wordpress\/ -->\n<title>Klart med vaccinpass fr\u00e5n 1 juli - Svenska Magasinet<\/title>\n<meta name=\"robots\" content=\"noindex, follow, max-snippet:-1, max-image-preview:large, max-video-preview:-1\" \/>\n<meta property=\"og:locale\" content=\"sv_SE\" \/>\n<meta property=\"og:type\" content=\"article\" \/>\n<meta property=\"og:title\" content=\"Klart med vaccinpass fr\u00e5n 1 juli\" \/>\n<meta property=\"og:description\" content=\"Turister som \u00e4r vaccinerade till 100 procent med doser som godk\u00e4nts av Europeiska l\u00e4kemedelsmyndigheten (EMA) och V\u00e4rldsh\u00e4lsoorganisationen (WHO) kommer inte att bel\u00e4ggas med n\u00e5gra restriktioner fr\u00e5n den 7 juni. Det ber\u00e4ttade den spanska regeringschefen Pedro S\u00e1nchez i samband med att han presenterade det digitala vaccinpasset f\u00f6r resor som godk\u00e4ndes p\u00e5 torsdagen av EU. &#8211; Fr\u00e5n [&hellip;]\" \/>\n<meta property=\"og:url\" content=\"https:\/\/lightweb.dev\/l\/svm-temp\/nyheter\/klart-med-vaccinpass-fran-1-juli\/\" \/>\n<meta property=\"og:site_name\" content=\"Svenska Magasinet\" \/>\n<meta property=\"article:publisher\" content=\"https:\/\/www.facebook.com\/svenskamagasinet\" \/>\n<meta property=\"article:published_time\" content=\"2021-05-21T11:44:00+00:00\" \/>\n<meta property=\"og:image\" content=\"https:\/\/lightweb.dev\/l\/svm-temp\/wp-content\/uploads\/2022\/06\/klart-med-vaccinpass-fran-1-juli.png\" \/>\n\t<meta property=\"og:image:width\" content=\"500\" \/>\n\t<meta property=\"og:image:height\" content=\"300\" \/>\n\t<meta property=\"og:image:type\" content=\"image\/png\" \/>\n<meta name=\"author\" content=\"Redaktionen SvM\" \/>\n<meta name=\"twitter:card\" content=\"summary_large_image\" \/>\n<meta name=\"twitter:creator\" content=\"@SvenskaMagasine\" \/>\n<meta name=\"twitter:site\" content=\"@SvenskaMagasine\" \/>\n<script type=\"application\/ld+json\" class=\"yoast-schema-graph\">{\"@context\":\"https:\\\/\\\/schema.org\",\"@graph\":[{\"@type\":\"Article\",\"@id\":\"https:\\\/\\\/lightweb.dev\\\/l\\\/svm-temp\\\/nyheter\\\/klart-med-vaccinpass-fran-1-juli\\\/#article\",\"isPartOf\":{\"@id\":\"https:\\\/\\\/lightweb.dev\\\/l\\\/svm-temp\\\/nyheter\\\/klart-med-vaccinpass-fran-1-juli\\\/\"},\"author\":{\"name\":\"Redaktionen SvM\",\"@id\":\"https:\\\/\\\/lightweb.dev\\\/l\\\/svm-temp\\\/#\\\/schema\\\/person\\\/206a3bda5b607b0c25e1749191e4d837\"},\"headline\":\"Klart med vaccinpass fr\u00e5n 1 juli\",\"datePublished\":\"2021-05-21T11:44:00+00:00\",\"mainEntityOfPage\":{\"@id\":\"https:\\\/\\\/lightweb.dev\\\/l\\\/svm-temp\\\/nyheter\\\/klart-med-vaccinpass-fran-1-juli\\\/\"},\"wordCount\":582,\"commentCount\":0,\"publisher\":{\"@id\":\"https:\\\/\\\/lightweb.dev\\\/l\\\/svm-temp\\\/#organization\"},\"image\":{\"@id\":\"https:\\\/\\\/lightweb.dev\\\/l\\\/svm-temp\\\/nyheter\\\/klart-med-vaccinpass-fran-1-juli\\\/#primaryimage\"},\"thumbnailUrl\":\"https:\\\/\\\/lightweb.dev\\\/l\\\/svm-temp\\\/wp-content\\\/uploads\\\/2022\\\/06\\\/klart-med-vaccinpass-fran-1-juli.png\",\"articleSection\":[\"Arkiv\",\"Nyheter\"],\"inLanguage\":\"sv-SE\"},{\"@type\":\"WebPage\",\"@id\":\"https:\\\/\\\/lightweb.dev\\\/l\\\/svm-temp\\\/nyheter\\\/klart-med-vaccinpass-fran-1-juli\\\/\",\"url\":\"https:\\\/\\\/lightweb.dev\\\/l\\\/svm-temp\\\/nyheter\\\/klart-med-vaccinpass-fran-1-juli\\\/\",\"name\":\"Klart med vaccinpass fr\u00e5n 1 juli - Svenska Magasinet\",\"isPartOf\":{\"@id\":\"https:\\\/\\\/lightweb.dev\\\/l\\\/svm-temp\\\/#website\"},\"primaryImageOfPage\":{\"@id\":\"https:\\\/\\\/lightweb.dev\\\/l\\\/svm-temp\\\/nyheter\\\/klart-med-vaccinpass-fran-1-juli\\\/#primaryimage\"},\"image\":{\"@id\":\"https:\\\/\\\/lightweb.dev\\\/l\\\/svm-temp\\\/nyheter\\\/klart-med-vaccinpass-fran-1-juli\\\/#primaryimage\"},\"thumbnailUrl\":\"https:\\\/\\\/lightweb.dev\\\/l\\\/svm-temp\\\/wp-content\\\/uploads\\\/2022\\\/06\\\/klart-med-vaccinpass-fran-1-juli.png\",\"datePublished\":\"2021-05-21T11:44:00+00:00\",\"breadcrumb\":{\"@id\":\"https:\\\/\\\/lightweb.dev\\\/l\\\/svm-temp\\\/nyheter\\\/klart-med-vaccinpass-fran-1-juli\\\/#breadcrumb\"},\"inLanguage\":\"sv-SE\",\"potentialAction\":[{\"@type\":\"ReadAction\",\"target\":[\"https:\\\/\\\/lightweb.dev\\\/l\\\/svm-temp\\\/nyheter\\\/klart-med-vaccinpass-fran-1-juli\\\/\"]}]},{\"@type\":\"ImageObject\",\"inLanguage\":\"sv-SE\",\"@id\":\"https:\\\/\\\/lightweb.dev\\\/l\\\/svm-temp\\\/nyheter\\\/klart-med-vaccinpass-fran-1-juli\\\/#primaryimage\",\"url\":\"https:\\\/\\\/lightweb.dev\\\/l\\\/svm-temp\\\/wp-content\\\/uploads\\\/2022\\\/06\\\/klart-med-vaccinpass-fran-1-juli.png\",\"contentUrl\":\"https:\\\/\\\/lightweb.dev\\\/l\\\/svm-temp\\\/wp-content\\\/uploads\\\/2022\\\/06\\\/klart-med-vaccinpass-fran-1-juli.png\",\"width\":500,\"height\":300},{\"@type\":\"BreadcrumbList\",\"@id\":\"https:\\\/\\\/lightweb.dev\\\/l\\\/svm-temp\\\/nyheter\\\/klart-med-vaccinpass-fran-1-juli\\\/#breadcrumb\",\"itemListElement\":[{\"@type\":\"ListItem\",\"position\":1,\"name\":\"Hem\",\"item\":\"https:\\\/\\\/lightweb.dev\\\/l\\\/svm-temp\\\/\"},{\"@type\":\"ListItem\",\"position\":2,\"name\":\"Klart med vaccinpass fr\u00e5n 1 juli\"}]},{\"@type\":\"WebSite\",\"@id\":\"https:\\\/\\\/lightweb.dev\\\/l\\\/svm-temp\\\/#website\",\"url\":\"https:\\\/\\\/lightweb.dev\\\/l\\\/svm-temp\\\/\",\"name\":\"Svenska Magasinet\",\"description\":\"Dina Spanska nyheter p&aring; Svenska\",\"publisher\":{\"@id\":\"https:\\\/\\\/lightweb.dev\\\/l\\\/svm-temp\\\/#organization\"},\"potentialAction\":[{\"@type\":\"SearchAction\",\"target\":{\"@type\":\"EntryPoint\",\"urlTemplate\":\"https:\\\/\\\/lightweb.dev\\\/l\\\/svm-temp\\\/?s={search_term_string}\"},\"query-input\":{\"@type\":\"PropertyValueSpecification\",\"valueRequired\":true,\"valueName\":\"search_term_string\"}}],\"inLanguage\":\"sv-SE\"},{\"@type\":\"Organization\",\"@id\":\"https:\\\/\\\/lightweb.dev\\\/l\\\/svm-temp\\\/#organization\",\"name\":\"Melkerson y Nott SL\",\"alternateName\":\"Svenska Magasinet\",\"url\":\"https:\\\/\\\/lightweb.dev\\\/l\\\/svm-temp\\\/\",\"logo\":{\"@type\":\"ImageObject\",\"inLanguage\":\"sv-SE\",\"@id\":\"https:\\\/\\\/lightweb.dev\\\/l\\\/svm-temp\\\/#\\\/schema\\\/logo\\\/image\\\/\",\"url\":\"https:\\\/\\\/lightweb.dev\\\/l\\\/svm-temp\\\/wp-content\\\/uploads\\\/2025\\\/02\\\/SvM-logo-Xtra-Centrerad-SVART.png\",\"contentUrl\":\"https:\\\/\\\/lightweb.dev\\\/l\\\/svm-temp\\\/wp-content\\\/uploads\\\/2025\\\/02\\\/SvM-logo-Xtra-Centrerad-SVART.png\",\"width\":300,\"height\":99,\"caption\":\"Melkerson y Nott SL\"},\"image\":{\"@id\":\"https:\\\/\\\/lightweb.dev\\\/l\\\/svm-temp\\\/#\\\/schema\\\/logo\\\/image\\\/\"},\"sameAs\":[\"https:\\\/\\\/www.facebook.com\\\/svenskamagasinet\",\"https:\\\/\\\/x.com\\\/SvenskaMagasine\"]},{\"@type\":\"Person\",\"@id\":\"https:\\\/\\\/lightweb.dev\\\/l\\\/svm-temp\\\/#\\\/schema\\\/person\\\/206a3bda5b607b0c25e1749191e4d837\",\"name\":\"Redaktionen SvM\",\"description\":\"Redaktionen\",\"sameAs\":[\"https:\\\/\\\/lightweb.dev\\\/l\\\/svm-temp\"],\"url\":\"https:\\\/\\\/lightweb.dev\\\/l\\\/svm-temp\\\/reporter\\\/redaktionen\\\/\"}]}<\/script>\n<!-- \/ Yoast SEO Premium plugin. -->","yoast_head_json":{"title":"Klart med vaccinpass fr\u00e5n 1 juli - Svenska Magasinet","robots":{"index":"noindex","follow":"follow","max-snippet":"max-snippet:-1","max-image-preview":"max-image-preview:large","max-video-preview":"max-video-preview:-1"},"og_locale":"sv_SE","og_type":"article","og_title":"Klart med vaccinpass fr\u00e5n 1 juli","og_description":"Turister som \u00e4r vaccinerade till 100 procent med doser som godk\u00e4nts av Europeiska l\u00e4kemedelsmyndigheten (EMA) och V\u00e4rldsh\u00e4lsoorganisationen (WHO) kommer inte att bel\u00e4ggas med n\u00e5gra restriktioner fr\u00e5n den 7 juni. Det ber\u00e4ttade den spanska regeringschefen Pedro S\u00e1nchez i samband med att han presenterade det digitala vaccinpasset f\u00f6r resor som godk\u00e4ndes p\u00e5 torsdagen av EU. &#8211; Fr\u00e5n [&hellip;]","og_url":"https:\/\/lightweb.dev\/l\/svm-temp\/nyheter\/klart-med-vaccinpass-fran-1-juli\/","og_site_name":"Svenska Magasinet","article_publisher":"https:\/\/www.facebook.com\/svenskamagasinet","article_published_time":"2021-05-21T11:44:00+00:00","og_image":[{"width":500,"height":300,"url":"https:\/\/lightweb.dev\/l\/svm-temp\/wp-content\/uploads\/2022\/06\/klart-med-vaccinpass-fran-1-juli.png","type":"image\/png"}],"author":"Redaktionen SvM","twitter_card":"summary_large_image","twitter_creator":"@SvenskaMagasine","twitter_site":"@SvenskaMagasine","schema":{"@context":"https:\/\/schema.org","@graph":[{"@type":"Article","@id":"https:\/\/lightweb.dev\/l\/svm-temp\/nyheter\/klart-med-vaccinpass-fran-1-juli\/#article","isPartOf":{"@id":"https:\/\/lightweb.dev\/l\/svm-temp\/nyheter\/klart-med-vaccinpass-fran-1-juli\/"},"author":{"name":"Redaktionen SvM","@id":"https:\/\/lightweb.dev\/l\/svm-temp\/#\/schema\/person\/206a3bda5b607b0c25e1749191e4d837"},"headline":"Klart med vaccinpass fr\u00e5n 1 juli","datePublished":"2021-05-21T11:44:00+00:00","mainEntityOfPage":{"@id":"https:\/\/lightweb.dev\/l\/svm-temp\/nyheter\/klart-med-vaccinpass-fran-1-juli\/"},"wordCount":582,"commentCount":0,"publisher":{"@id":"https:\/\/lightweb.dev\/l\/svm-temp\/#organization"},"image":{"@id":"https:\/\/lightweb.dev\/l\/svm-temp\/nyheter\/klart-med-vaccinpass-fran-1-juli\/#primaryimage"},"thumbnailUrl":"https:\/\/lightweb.dev\/l\/svm-temp\/wp-content\/uploads\/2022\/06\/klart-med-vaccinpass-fran-1-juli.png","articleSection":["Arkiv","Nyheter"],"inLanguage":"sv-SE"},{"@type":"WebPage","@id":"https:\/\/lightweb.dev\/l\/svm-temp\/nyheter\/klart-med-vaccinpass-fran-1-juli\/","url":"https:\/\/lightweb.dev\/l\/svm-temp\/nyheter\/klart-med-vaccinpass-fran-1-juli\/","name":"Klart med vaccinpass fr\u00e5n 1 juli - Svenska Magasinet","isPartOf":{"@id":"https:\/\/lightweb.dev\/l\/svm-temp\/#website"},"primaryImageOfPage":{"@id":"https:\/\/lightweb.dev\/l\/svm-temp\/nyheter\/klart-med-vaccinpass-fran-1-juli\/#primaryimage"},"image":{"@id":"https:\/\/lightweb.dev\/l\/svm-temp\/nyheter\/klart-med-vaccinpass-fran-1-juli\/#primaryimage"},"thumbnailUrl":"https:\/\/lightweb.dev\/l\/svm-temp\/wp-content\/uploads\/2022\/06\/klart-med-vaccinpass-fran-1-juli.png","datePublished":"2021-05-21T11:44:00+00:00","breadcrumb":{"@id":"https:\/\/lightweb.dev\/l\/svm-temp\/nyheter\/klart-med-vaccinpass-fran-1-juli\/#breadcrumb"},"inLanguage":"sv-SE","potentialAction":[{"@type":"ReadAction","target":["https:\/\/lightweb.dev\/l\/svm-temp\/nyheter\/klart-med-vaccinpass-fran-1-juli\/"]}]},{"@type":"ImageObject","inLanguage":"sv-SE","@id":"https:\/\/lightweb.dev\/l\/svm-temp\/nyheter\/klart-med-vaccinpass-fran-1-juli\/#primaryimage","url":"https:\/\/lightweb.dev\/l\/svm-temp\/wp-content\/uploads\/2022\/06\/klart-med-vaccinpass-fran-1-juli.png","contentUrl":"https:\/\/lightweb.dev\/l\/svm-temp\/wp-content\/uploads\/2022\/06\/klart-med-vaccinpass-fran-1-juli.png","width":500,"height":300},{"@type":"BreadcrumbList","@id":"https:\/\/lightweb.dev\/l\/svm-temp\/nyheter\/klart-med-vaccinpass-fran-1-juli\/#breadcrumb","itemListElement":[{"@type":"ListItem","position":1,"name":"Hem","item":"https:\/\/lightweb.dev\/l\/svm-temp\/"},{"@type":"ListItem","position":2,"name":"Klart med vaccinpass fr\u00e5n 1 juli"}]},{"@type":"WebSite","@id":"https:\/\/lightweb.dev\/l\/svm-temp\/#website","url":"https:\/\/lightweb.dev\/l\/svm-temp\/","name":"Svenska Magasinet","description":"Dina Spanska nyheter p&aring; Svenska","publisher":{"@id":"https:\/\/lightweb.dev\/l\/svm-temp\/#organization"},"potentialAction":[{"@type":"SearchAction","target":{"@type":"EntryPoint","urlTemplate":"https:\/\/lightweb.dev\/l\/svm-temp\/?s={search_term_string}"},"query-input":{"@type":"PropertyValueSpecification","valueRequired":true,"valueName":"search_term_string"}}],"inLanguage":"sv-SE"},{"@type":"Organization","@id":"https:\/\/lightweb.dev\/l\/svm-temp\/#organization","name":"Melkerson y Nott SL","alternateName":"Svenska Magasinet","url":"https:\/\/lightweb.dev\/l\/svm-temp\/","logo":{"@type":"ImageObject","inLanguage":"sv-SE","@id":"https:\/\/lightweb.dev\/l\/svm-temp\/#\/schema\/logo\/image\/","url":"https:\/\/lightweb.dev\/l\/svm-temp\/wp-content\/uploads\/2025\/02\/SvM-logo-Xtra-Centrerad-SVART.png","contentUrl":"https:\/\/lightweb.dev\/l\/svm-temp\/wp-content\/uploads\/2025\/02\/SvM-logo-Xtra-Centrerad-SVART.png","width":300,"height":99,"caption":"Melkerson y Nott SL"},"image":{"@id":"https:\/\/lightweb.dev\/l\/svm-temp\/#\/schema\/logo\/image\/"},"sameAs":["https:\/\/www.facebook.com\/svenskamagasinet","https:\/\/x.com\/SvenskaMagasine"]},{"@type":"Person","@id":"https:\/\/lightweb.dev\/l\/svm-temp\/#\/schema\/person\/206a3bda5b607b0c25e1749191e4d837","name":"Redaktionen SvM","description":"Redaktionen","sameAs":["https:\/\/lightweb.dev\/l\/svm-temp"],"url":"https:\/\/lightweb.dev\/l\/svm-temp\/reporter\/redaktionen\/"}]}},"_links":{"self":[{"href":"https:\/\/lightweb.dev\/l\/svm-temp\/wp-json\/wp\/v2\/posts\/12122","targetHints":{"allow":["GET"]}}],"collection":[{"href":"https:\/\/lightweb.dev\/l\/svm-temp\/wp-json\/wp\/v2\/posts"}],"about":[{"href":"https:\/\/lightweb.dev\/l\/svm-temp\/wp-json\/wp\/v2\/types\/post"}],"author":[{"embeddable":true,"href":"https:\/\/lightweb.dev\/l\/svm-temp\/wp-json\/wp\/v2\/users\/8"}],"replies":[{"embeddable":true,"href":"https:\/\/lightweb.dev\/l\/svm-temp\/wp-json\/wp\/v2\/comments?post=12122"}],"version-history":[{"count":0,"href":"https:\/\/lightweb.dev\/l\/svm-temp\/wp-json\/wp\/v2\/posts\/12122\/revisions"}],"wp:featuredmedia":[{"embeddable":true,"href":"https:\/\/lightweb.dev\/l\/svm-temp\/wp-json\/wp\/v2\/media\/12123"}],"wp:attachment":[{"href":"https:\/\/lightweb.dev\/l\/svm-temp\/wp-json\/wp\/v2\/media?parent=12122"}],"wp:term":[{"taxonomy":"category","embeddable":true,"href":"https:\/\/lightweb.dev\/l\/svm-temp\/wp-json\/wp\/v2\/categories?post=12122"},{"taxonomy":"post_tag","embeddable":true,"href":"https:\/\/lightweb.dev\/l\/svm-temp\/wp-json\/wp\/v2\/tags?post=12122"}],"curies":[{"name":"wp","href":"https:\/\/api.w.org\/{rel}","templated":true}]}}