{"id":12124,"date":"2021-05-21T15:10:00","date_gmt":"2021-05-21T13:10:00","guid":{"rendered":"https:\/\/lightweb.dev\/l\/svm-temp\/nyheter\/rektorsbyte-pa-svenska-skolan-costa-del-sol\/"},"modified":"2024-04-25T13:31:47","modified_gmt":"2024-04-25T11:31:47","slug":"rektorsbyte-pa-svenska-skolan-costa-del-sol","status":"publish","type":"post","link":"https:\/\/lightweb.dev\/l\/svm-temp\/nyheter\/rektorsbyte-pa-svenska-skolan-costa-del-sol\/","title":{"rendered":"Rektorsbyte p\u00e5 Svenska Skolan Costa del Sol"},"content":{"rendered":"<p><strong>Efter fem \u00e5rs tj\u00e4nst har Mattias Kerttu valt att s\u00e4ga upp sig som rektor p\u00e5 Svenska Skolan Costa del Sol f\u00f6r att tillsammans med sin familj flytta tillbaka till Sverige.<\/strong><\/p>\n<p><strong>Beslutet l\u00e4mnade han till styrelsen s\u00e5 sent som i m\u00e5ndags.<\/strong><\/p>\n<p>Mattias Kerttu har varit en viktig del i att utveckla och sj\u00f6s\u00e4tta den nya ledningsorganisation p\u00e5 skolan. Organisation \u00e4r nu p\u00e5 plats och fungerar mycket bra, skriver styrelsen f\u00f6r Svenska Skolan i ett pressmeddelande.<\/p>\n<p>Nu blir det styrelsens ansvar att rekrytera en ny rektor. En process som redan har p\u00e5b\u00f6rjats med hj\u00e4lp och st\u00f6d fr\u00e5n Mattias Kerttu och Per Hvid-Hansen, f\u00f6reningschef.<\/p>\n<p>&#8211; S\u00e5v\u00e4l Mattias som jag sj\u00e4lv b\u00f6rjade v\u00e5ra anst\u00e4llningar p\u00e5 skolan f\u00f6r snart fem \u00e5r sedan, med uppdraget att verkst\u00e4lla en ny skolledning med ett delat ledarskap. Det delade ledarskapet inneb\u00e4r att rektor kan \u00e4gna sig \u00e5t pedagogiska skolfr\u00e5gor och f\u00f6reningschefen ansvarar f\u00f6r ekonomi och supportfunktioner, s\u00e4ger Per Hvid-Hansen och till\u00e4gger:<\/p>\n<p>&#8211; Vi har hela tiden haft en kontinuerlig dialog d\u00e4r vi snabbt kunnat l\u00f6sa de \u00e4renden som hamnar i gr\u00e4nslandet mellan v\u00e5ra ansvarsomr\u00e5den. Jag vill tacka Mattias f\u00f6r ett mycket gott samarbete och ett mycket v\u00e4l utf\u00f6rt arbete under de fem \u00e5ren vi fick gl\u00e4djen att ha honom som en medarbetare p\u00e5 skolan.<\/p>\n<p>Den avg\u00e5ende rektorn Mattias Kerttu \u00e4r mycket n\u00f6jd med de fem \u00e5ren p\u00e5 Costa del Sol och resultatet. Den svenska skolan i Fuengirola \u00e4r Sveriges st\u00f6rsta utlandsskola.<\/p>\n<p>&#8211; Enligt mig ocks\u00e5 den b\u00e4sta resultatm\u00e4ssigt utifr\u00e5n den information som finns tillg\u00e4nglig, s\u00e4ger Mattias Kerttu.<\/p>\n<p>Han betonar det arbete som utf\u00f6rts. Det finns nu en transparens i det som h\u00e4nder, ett elevh\u00e4lsoteam som fungerar effektivt och att skolan har 100 procent beh\u00f6riga l\u00e4rare samt att oms\u00e4ttningen av personal sjunkit ordentligt.<\/p>\n<p>Mattias vill vara tydlig med att han trivts v\u00e4ldigt bra med verksamheten och att f\u00f6rtroende mellan honom och styrelsen har varit \u00f6msesidigt. Fem \u00e5r \u00e4r en l\u00e5ng tid och nu \u00e4r det dags att ta h\u00e4nsyn till familjen, s\u00e4ger Mattias Kerttu i en skriven kommentar i pressmeddelandet.<\/p>\n<p>Svenska Skolan r\u00e4knar med att vi \u00e4r i slutskedet p\u00e5 COVID-pandemin med inarbetade rutiner f\u00f6r smittf\u00f6rebyggande \u00e5tg\u00e4rder och med utsikten att det redan till n\u00e4sta verksamhets\u00e5r finns fler elever \u00e4n n\u00e5gonsin p\u00e5 skolan. Skolans har en v\u00e4l fungerande organisation med m\u00e5nga duktiga och beh\u00f6riga pedagoger som borgar f\u00f6r att undervisningen skall fungera \u00e4ven n\u00e4sta verksamhets\u00e5r. Prioriteringen f\u00f6r en tid fram\u00f6ver blir att s\u00e4kra upp en smidig \u00f6verg\u00e5ng fr\u00e5n Mattias till n\u00e4sta rektor.<\/p>\n","protected":false},"excerpt":{"rendered":"<p>Efter fem \u00e5rs tj\u00e4nst har Mattias Kerttu valt att s\u00e4ga upp sig som rektor p\u00e5 Svenska Skolan Costa del Sol f\u00f6r att tillsammans med sin familj flytta tillbaka till Sverige. Beslutet l\u00e4mnade han till styrelsen s\u00e5 sent som i m\u00e5ndags. Mattias Kerttu har varit en viktig del i att utveckla och sj\u00f6s\u00e4tta den nya ledningsorganisation [&hellip;]<\/p>\n","protected":false},"author":7,"featured_media":12125,"comment_status":"open","ping_status":"open","sticky":false,"template":"","format":"standard","meta":{"_et_pb_use_builder":"","_et_pb_old_content":"","_et_gb_content_width":"","footnotes":""},"categories":[395,3],"tags":[],"class_list":["post-12124","post","type-post","status-publish","format-standard","has-post-thumbnail","hentry","category-arkiv-nyheter","category-nyheter"],"yoast_head":"<!-- This site is optimized with the Yoast SEO Premium plugin v26.2 (Yoast SEO v27.5) - https:\/\/yoast.com\/product\/yoast-seo-premium-wordpress\/ -->\n<title>Rektorsbyte p\u00e5 Svenska Skolan Costa del Sol - Svenska Magasinet<\/title>\n<meta name=\"robots\" content=\"noindex, follow, max-snippet:-1, max-image-preview:large, max-video-preview:-1\" \/>\n<meta property=\"og:locale\" content=\"sv_SE\" \/>\n<meta property=\"og:type\" content=\"article\" \/>\n<meta property=\"og:title\" content=\"Rektorsbyte p\u00e5 Svenska Skolan Costa del Sol\" \/>\n<meta property=\"og:description\" content=\"Efter fem \u00e5rs tj\u00e4nst har Mattias Kerttu valt att s\u00e4ga upp sig som rektor p\u00e5 Svenska Skolan Costa del Sol f\u00f6r att tillsammans med sin familj flytta tillbaka till Sverige. Beslutet l\u00e4mnade han till styrelsen s\u00e5 sent som i m\u00e5ndags. Mattias Kerttu har varit en viktig del i att utveckla och sj\u00f6s\u00e4tta den nya ledningsorganisation [&hellip;]\" \/>\n<meta property=\"og:url\" content=\"https:\/\/lightweb.dev\/l\/svm-temp\/nyheter\/rektorsbyte-pa-svenska-skolan-costa-del-sol\/\" \/>\n<meta property=\"og:site_name\" content=\"Svenska Magasinet\" \/>\n<meta property=\"article:publisher\" content=\"https:\/\/www.facebook.com\/svenskamagasinet\" \/>\n<meta property=\"article:published_time\" content=\"2021-05-21T13:10:00+00:00\" \/>\n<meta property=\"article:modified_time\" content=\"2024-04-25T11:31:47+00:00\" \/>\n<meta property=\"og:image\" content=\"https:\/\/lightweb.dev\/l\/svm-temp\/wp-content\/uploads\/2022\/06\/rektorsbyte-pa-svenska-skolan-costa-del-sol.png\" \/>\n\t<meta property=\"og:image:width\" content=\"500\" \/>\n\t<meta property=\"og:image:height\" content=\"300\" \/>\n\t<meta property=\"og:image:type\" content=\"image\/png\" \/>\n<meta name=\"author\" content=\"Ola Josefsson\" \/>\n<meta name=\"twitter:card\" content=\"summary_large_image\" \/>\n<meta name=\"twitter:creator\" content=\"@SvenskaMagasine\" \/>\n<meta name=\"twitter:site\" content=\"@SvenskaMagasine\" \/>\n<script type=\"application\/ld+json\" class=\"yoast-schema-graph\">{\"@context\":\"https:\\\/\\\/schema.org\",\"@graph\":[{\"@type\":\"Article\",\"@id\":\"https:\\\/\\\/lightweb.dev\\\/l\\\/svm-temp\\\/nyheter\\\/rektorsbyte-pa-svenska-skolan-costa-del-sol\\\/#article\",\"isPartOf\":{\"@id\":\"https:\\\/\\\/lightweb.dev\\\/l\\\/svm-temp\\\/nyheter\\\/rektorsbyte-pa-svenska-skolan-costa-del-sol\\\/\"},\"author\":{\"name\":\"Ola Josefsson\",\"@id\":\"https:\\\/\\\/lightweb.dev\\\/l\\\/svm-temp\\\/#\\\/schema\\\/person\\\/7a82b8a73d171d32360a564b6d03508e\"},\"headline\":\"Rektorsbyte p\u00e5 Svenska Skolan Costa del Sol\",\"datePublished\":\"2021-05-21T13:10:00+00:00\",\"dateModified\":\"2024-04-25T11:31:47+00:00\",\"mainEntityOfPage\":{\"@id\":\"https:\\\/\\\/lightweb.dev\\\/l\\\/svm-temp\\\/nyheter\\\/rektorsbyte-pa-svenska-skolan-costa-del-sol\\\/\"},\"wordCount\":483,\"commentCount\":0,\"publisher\":{\"@id\":\"https:\\\/\\\/lightweb.dev\\\/l\\\/svm-temp\\\/#organization\"},\"image\":{\"@id\":\"https:\\\/\\\/lightweb.dev\\\/l\\\/svm-temp\\\/nyheter\\\/rektorsbyte-pa-svenska-skolan-costa-del-sol\\\/#primaryimage\"},\"thumbnailUrl\":\"https:\\\/\\\/lightweb.dev\\\/l\\\/svm-temp\\\/wp-content\\\/uploads\\\/2022\\\/06\\\/rektorsbyte-pa-svenska-skolan-costa-del-sol.png\",\"articleSection\":[\"Arkiv\",\"Nyheter\"],\"inLanguage\":\"sv-SE\"},{\"@type\":\"WebPage\",\"@id\":\"https:\\\/\\\/lightweb.dev\\\/l\\\/svm-temp\\\/nyheter\\\/rektorsbyte-pa-svenska-skolan-costa-del-sol\\\/\",\"url\":\"https:\\\/\\\/lightweb.dev\\\/l\\\/svm-temp\\\/nyheter\\\/rektorsbyte-pa-svenska-skolan-costa-del-sol\\\/\",\"name\":\"Rektorsbyte p\u00e5 Svenska Skolan Costa del Sol - Svenska Magasinet\",\"isPartOf\":{\"@id\":\"https:\\\/\\\/lightweb.dev\\\/l\\\/svm-temp\\\/#website\"},\"primaryImageOfPage\":{\"@id\":\"https:\\\/\\\/lightweb.dev\\\/l\\\/svm-temp\\\/nyheter\\\/rektorsbyte-pa-svenska-skolan-costa-del-sol\\\/#primaryimage\"},\"image\":{\"@id\":\"https:\\\/\\\/lightweb.dev\\\/l\\\/svm-temp\\\/nyheter\\\/rektorsbyte-pa-svenska-skolan-costa-del-sol\\\/#primaryimage\"},\"thumbnailUrl\":\"https:\\\/\\\/lightweb.dev\\\/l\\\/svm-temp\\\/wp-content\\\/uploads\\\/2022\\\/06\\\/rektorsbyte-pa-svenska-skolan-costa-del-sol.png\",\"datePublished\":\"2021-05-21T13:10:00+00:00\",\"dateModified\":\"2024-04-25T11:31:47+00:00\",\"breadcrumb\":{\"@id\":\"https:\\\/\\\/lightweb.dev\\\/l\\\/svm-temp\\\/nyheter\\\/rektorsbyte-pa-svenska-skolan-costa-del-sol\\\/#breadcrumb\"},\"inLanguage\":\"sv-SE\",\"potentialAction\":[{\"@type\":\"ReadAction\",\"target\":[\"https:\\\/\\\/lightweb.dev\\\/l\\\/svm-temp\\\/nyheter\\\/rektorsbyte-pa-svenska-skolan-costa-del-sol\\\/\"]}]},{\"@type\":\"ImageObject\",\"inLanguage\":\"sv-SE\",\"@id\":\"https:\\\/\\\/lightweb.dev\\\/l\\\/svm-temp\\\/nyheter\\\/rektorsbyte-pa-svenska-skolan-costa-del-sol\\\/#primaryimage\",\"url\":\"https:\\\/\\\/lightweb.dev\\\/l\\\/svm-temp\\\/wp-content\\\/uploads\\\/2022\\\/06\\\/rektorsbyte-pa-svenska-skolan-costa-del-sol.png\",\"contentUrl\":\"https:\\\/\\\/lightweb.dev\\\/l\\\/svm-temp\\\/wp-content\\\/uploads\\\/2022\\\/06\\\/rektorsbyte-pa-svenska-skolan-costa-del-sol.png\",\"width\":500,\"height\":300},{\"@type\":\"BreadcrumbList\",\"@id\":\"https:\\\/\\\/lightweb.dev\\\/l\\\/svm-temp\\\/nyheter\\\/rektorsbyte-pa-svenska-skolan-costa-del-sol\\\/#breadcrumb\",\"itemListElement\":[{\"@type\":\"ListItem\",\"position\":1,\"name\":\"Hem\",\"item\":\"https:\\\/\\\/lightweb.dev\\\/l\\\/svm-temp\\\/\"},{\"@type\":\"ListItem\",\"position\":2,\"name\":\"Rektorsbyte p\u00e5 Svenska Skolan Costa del Sol\"}]},{\"@type\":\"WebSite\",\"@id\":\"https:\\\/\\\/lightweb.dev\\\/l\\\/svm-temp\\\/#website\",\"url\":\"https:\\\/\\\/lightweb.dev\\\/l\\\/svm-temp\\\/\",\"name\":\"Svenska Magasinet\",\"description\":\"Dina Spanska nyheter p&aring; Svenska\",\"publisher\":{\"@id\":\"https:\\\/\\\/lightweb.dev\\\/l\\\/svm-temp\\\/#organization\"},\"potentialAction\":[{\"@type\":\"SearchAction\",\"target\":{\"@type\":\"EntryPoint\",\"urlTemplate\":\"https:\\\/\\\/lightweb.dev\\\/l\\\/svm-temp\\\/?s={search_term_string}\"},\"query-input\":{\"@type\":\"PropertyValueSpecification\",\"valueRequired\":true,\"valueName\":\"search_term_string\"}}],\"inLanguage\":\"sv-SE\"},{\"@type\":\"Organization\",\"@id\":\"https:\\\/\\\/lightweb.dev\\\/l\\\/svm-temp\\\/#organization\",\"name\":\"Melkerson y Nott SL\",\"alternateName\":\"Svenska Magasinet\",\"url\":\"https:\\\/\\\/lightweb.dev\\\/l\\\/svm-temp\\\/\",\"logo\":{\"@type\":\"ImageObject\",\"inLanguage\":\"sv-SE\",\"@id\":\"https:\\\/\\\/lightweb.dev\\\/l\\\/svm-temp\\\/#\\\/schema\\\/logo\\\/image\\\/\",\"url\":\"https:\\\/\\\/lightweb.dev\\\/l\\\/svm-temp\\\/wp-content\\\/uploads\\\/2025\\\/02\\\/SvM-logo-Xtra-Centrerad-SVART.png\",\"contentUrl\":\"https:\\\/\\\/lightweb.dev\\\/l\\\/svm-temp\\\/wp-content\\\/uploads\\\/2025\\\/02\\\/SvM-logo-Xtra-Centrerad-SVART.png\",\"width\":300,\"height\":99,\"caption\":\"Melkerson y Nott SL\"},\"image\":{\"@id\":\"https:\\\/\\\/lightweb.dev\\\/l\\\/svm-temp\\\/#\\\/schema\\\/logo\\\/image\\\/\"},\"sameAs\":[\"https:\\\/\\\/www.facebook.com\\\/svenskamagasinet\",\"https:\\\/\\\/x.com\\\/SvenskaMagasine\"]},{\"@type\":\"Person\",\"@id\":\"https:\\\/\\\/lightweb.dev\\\/l\\\/svm-temp\\\/#\\\/schema\\\/person\\\/7a82b8a73d171d32360a564b6d03508e\",\"name\":\"Ola Josefsson\",\"description\":\"Bevakar Solkusten och Spanien sedan 1994.\",\"sameAs\":[\"https:\\\/\\\/lightweb.dev\\\/l\\\/svm-temp\"],\"url\":\"https:\\\/\\\/lightweb.dev\\\/l\\\/svm-temp\\\/reporter\\\/ola-josefsson\\\/\"}]}<\/script>\n<!-- \/ Yoast SEO Premium plugin. -->","yoast_head_json":{"title":"Rektorsbyte p\u00e5 Svenska Skolan Costa del Sol - Svenska Magasinet","robots":{"index":"noindex","follow":"follow","max-snippet":"max-snippet:-1","max-image-preview":"max-image-preview:large","max-video-preview":"max-video-preview:-1"},"og_locale":"sv_SE","og_type":"article","og_title":"Rektorsbyte p\u00e5 Svenska Skolan Costa del Sol","og_description":"Efter fem \u00e5rs tj\u00e4nst har Mattias Kerttu valt att s\u00e4ga upp sig som rektor p\u00e5 Svenska Skolan Costa del Sol f\u00f6r att tillsammans med sin familj flytta tillbaka till Sverige. Beslutet l\u00e4mnade han till styrelsen s\u00e5 sent som i m\u00e5ndags. Mattias Kerttu har varit en viktig del i att utveckla och sj\u00f6s\u00e4tta den nya ledningsorganisation [&hellip;]","og_url":"https:\/\/lightweb.dev\/l\/svm-temp\/nyheter\/rektorsbyte-pa-svenska-skolan-costa-del-sol\/","og_site_name":"Svenska Magasinet","article_publisher":"https:\/\/www.facebook.com\/svenskamagasinet","article_published_time":"2021-05-21T13:10:00+00:00","article_modified_time":"2024-04-25T11:31:47+00:00","og_image":[{"width":500,"height":300,"url":"https:\/\/lightweb.dev\/l\/svm-temp\/wp-content\/uploads\/2022\/06\/rektorsbyte-pa-svenska-skolan-costa-del-sol.png","type":"image\/png"}],"author":"Ola Josefsson","twitter_card":"summary_large_image","twitter_creator":"@SvenskaMagasine","twitter_site":"@SvenskaMagasine","schema":{"@context":"https:\/\/schema.org","@graph":[{"@type":"Article","@id":"https:\/\/lightweb.dev\/l\/svm-temp\/nyheter\/rektorsbyte-pa-svenska-skolan-costa-del-sol\/#article","isPartOf":{"@id":"https:\/\/lightweb.dev\/l\/svm-temp\/nyheter\/rektorsbyte-pa-svenska-skolan-costa-del-sol\/"},"author":{"name":"Ola Josefsson","@id":"https:\/\/lightweb.dev\/l\/svm-temp\/#\/schema\/person\/7a82b8a73d171d32360a564b6d03508e"},"headline":"Rektorsbyte p\u00e5 Svenska Skolan Costa del Sol","datePublished":"2021-05-21T13:10:00+00:00","dateModified":"2024-04-25T11:31:47+00:00","mainEntityOfPage":{"@id":"https:\/\/lightweb.dev\/l\/svm-temp\/nyheter\/rektorsbyte-pa-svenska-skolan-costa-del-sol\/"},"wordCount":483,"commentCount":0,"publisher":{"@id":"https:\/\/lightweb.dev\/l\/svm-temp\/#organization"},"image":{"@id":"https:\/\/lightweb.dev\/l\/svm-temp\/nyheter\/rektorsbyte-pa-svenska-skolan-costa-del-sol\/#primaryimage"},"thumbnailUrl":"https:\/\/lightweb.dev\/l\/svm-temp\/wp-content\/uploads\/2022\/06\/rektorsbyte-pa-svenska-skolan-costa-del-sol.png","articleSection":["Arkiv","Nyheter"],"inLanguage":"sv-SE"},{"@type":"WebPage","@id":"https:\/\/lightweb.dev\/l\/svm-temp\/nyheter\/rektorsbyte-pa-svenska-skolan-costa-del-sol\/","url":"https:\/\/lightweb.dev\/l\/svm-temp\/nyheter\/rektorsbyte-pa-svenska-skolan-costa-del-sol\/","name":"Rektorsbyte p\u00e5 Svenska Skolan Costa del Sol - Svenska Magasinet","isPartOf":{"@id":"https:\/\/lightweb.dev\/l\/svm-temp\/#website"},"primaryImageOfPage":{"@id":"https:\/\/lightweb.dev\/l\/svm-temp\/nyheter\/rektorsbyte-pa-svenska-skolan-costa-del-sol\/#primaryimage"},"image":{"@id":"https:\/\/lightweb.dev\/l\/svm-temp\/nyheter\/rektorsbyte-pa-svenska-skolan-costa-del-sol\/#primaryimage"},"thumbnailUrl":"https:\/\/lightweb.dev\/l\/svm-temp\/wp-content\/uploads\/2022\/06\/rektorsbyte-pa-svenska-skolan-costa-del-sol.png","datePublished":"2021-05-21T13:10:00+00:00","dateModified":"2024-04-25T11:31:47+00:00","breadcrumb":{"@id":"https:\/\/lightweb.dev\/l\/svm-temp\/nyheter\/rektorsbyte-pa-svenska-skolan-costa-del-sol\/#breadcrumb"},"inLanguage":"sv-SE","potentialAction":[{"@type":"ReadAction","target":["https:\/\/lightweb.dev\/l\/svm-temp\/nyheter\/rektorsbyte-pa-svenska-skolan-costa-del-sol\/"]}]},{"@type":"ImageObject","inLanguage":"sv-SE","@id":"https:\/\/lightweb.dev\/l\/svm-temp\/nyheter\/rektorsbyte-pa-svenska-skolan-costa-del-sol\/#primaryimage","url":"https:\/\/lightweb.dev\/l\/svm-temp\/wp-content\/uploads\/2022\/06\/rektorsbyte-pa-svenska-skolan-costa-del-sol.png","contentUrl":"https:\/\/lightweb.dev\/l\/svm-temp\/wp-content\/uploads\/2022\/06\/rektorsbyte-pa-svenska-skolan-costa-del-sol.png","width":500,"height":300},{"@type":"BreadcrumbList","@id":"https:\/\/lightweb.dev\/l\/svm-temp\/nyheter\/rektorsbyte-pa-svenska-skolan-costa-del-sol\/#breadcrumb","itemListElement":[{"@type":"ListItem","position":1,"name":"Hem","item":"https:\/\/lightweb.dev\/l\/svm-temp\/"},{"@type":"ListItem","position":2,"name":"Rektorsbyte p\u00e5 Svenska Skolan Costa del Sol"}]},{"@type":"WebSite","@id":"https:\/\/lightweb.dev\/l\/svm-temp\/#website","url":"https:\/\/lightweb.dev\/l\/svm-temp\/","name":"Svenska Magasinet","description":"Dina Spanska nyheter p&aring; Svenska","publisher":{"@id":"https:\/\/lightweb.dev\/l\/svm-temp\/#organization"},"potentialAction":[{"@type":"SearchAction","target":{"@type":"EntryPoint","urlTemplate":"https:\/\/lightweb.dev\/l\/svm-temp\/?s={search_term_string}"},"query-input":{"@type":"PropertyValueSpecification","valueRequired":true,"valueName":"search_term_string"}}],"inLanguage":"sv-SE"},{"@type":"Organization","@id":"https:\/\/lightweb.dev\/l\/svm-temp\/#organization","name":"Melkerson y Nott SL","alternateName":"Svenska Magasinet","url":"https:\/\/lightweb.dev\/l\/svm-temp\/","logo":{"@type":"ImageObject","inLanguage":"sv-SE","@id":"https:\/\/lightweb.dev\/l\/svm-temp\/#\/schema\/logo\/image\/","url":"https:\/\/lightweb.dev\/l\/svm-temp\/wp-content\/uploads\/2025\/02\/SvM-logo-Xtra-Centrerad-SVART.png","contentUrl":"https:\/\/lightweb.dev\/l\/svm-temp\/wp-content\/uploads\/2025\/02\/SvM-logo-Xtra-Centrerad-SVART.png","width":300,"height":99,"caption":"Melkerson y Nott SL"},"image":{"@id":"https:\/\/lightweb.dev\/l\/svm-temp\/#\/schema\/logo\/image\/"},"sameAs":["https:\/\/www.facebook.com\/svenskamagasinet","https:\/\/x.com\/SvenskaMagasine"]},{"@type":"Person","@id":"https:\/\/lightweb.dev\/l\/svm-temp\/#\/schema\/person\/7a82b8a73d171d32360a564b6d03508e","name":"Ola Josefsson","description":"Bevakar Solkusten och Spanien sedan 1994.","sameAs":["https:\/\/lightweb.dev\/l\/svm-temp"],"url":"https:\/\/lightweb.dev\/l\/svm-temp\/reporter\/ola-josefsson\/"}]}},"_links":{"self":[{"href":"https:\/\/lightweb.dev\/l\/svm-temp\/wp-json\/wp\/v2\/posts\/12124","targetHints":{"allow":["GET"]}}],"collection":[{"href":"https:\/\/lightweb.dev\/l\/svm-temp\/wp-json\/wp\/v2\/posts"}],"about":[{"href":"https:\/\/lightweb.dev\/l\/svm-temp\/wp-json\/wp\/v2\/types\/post"}],"author":[{"embeddable":true,"href":"https:\/\/lightweb.dev\/l\/svm-temp\/wp-json\/wp\/v2\/users\/7"}],"replies":[{"embeddable":true,"href":"https:\/\/lightweb.dev\/l\/svm-temp\/wp-json\/wp\/v2\/comments?post=12124"}],"version-history":[{"count":0,"href":"https:\/\/lightweb.dev\/l\/svm-temp\/wp-json\/wp\/v2\/posts\/12124\/revisions"}],"wp:featuredmedia":[{"embeddable":true,"href":"https:\/\/lightweb.dev\/l\/svm-temp\/wp-json\/wp\/v2\/media\/12125"}],"wp:attachment":[{"href":"https:\/\/lightweb.dev\/l\/svm-temp\/wp-json\/wp\/v2\/media?parent=12124"}],"wp:term":[{"taxonomy":"category","embeddable":true,"href":"https:\/\/lightweb.dev\/l\/svm-temp\/wp-json\/wp\/v2\/categories?post=12124"},{"taxonomy":"post_tag","embeddable":true,"href":"https:\/\/lightweb.dev\/l\/svm-temp\/wp-json\/wp\/v2\/tags?post=12124"}],"curies":[{"name":"wp","href":"https:\/\/api.w.org\/{rel}","templated":true}]}}