{"id":12126,"date":"2021-05-21T15:51:00","date_gmt":"2021-05-21T13:51:00","guid":{"rendered":"https:\/\/lightweb.dev\/l\/svm-temp\/nyheter\/fullvaccinerade-svenskar-slipper-pcr-test-fran-7-juni\/"},"modified":"2021-05-21T15:51:00","modified_gmt":"2021-05-21T13:51:00","slug":"fullvaccinerade-svenskar-slipper-pcr-test-fran-7-juni","status":"publish","type":"post","link":"https:\/\/lightweb.dev\/l\/svm-temp\/nyheter\/fullvaccinerade-svenskar-slipper-pcr-test-fran-7-juni\/","title":{"rendered":"Fullvaccinerade svenskar slipper PCR-test fr\u00e5n 7 juni"},"content":{"rendered":"<p> Spaniens besked p\u00e5 fredagen med att fullvaccinerade personer inte kr\u00e4vs p\u00e5 PCR-test vid inresa till Spanien fr\u00e5n 7 juni g\u00e4ller \u00e4ven svenskar. Vilken typ av intyg som kommer att kr\u00e4vas \u00e4r \u00e4nnu inte klart eftersom \u201dCovidintyg \u2013 digitala gr\u00f6na intyg\u201d som det heter officiellt g\u00e4ller fr\u00e5n den 1 juli.<br \/>\n Vilket intyg som g\u00e4ller fr\u00e5n den 7 juni till den 1 juli \u00e5terst\u00e5r allts\u00e5 att se. Sveriges ambassad i Madrid skriver p\u00e5 sin webbplats att \u201dambassaden inv\u00e4ntar besked om vilken typ av intyg som kommer att kr\u00e4vas f\u00f6r att bevisa att man \u00e4r fullvaccinerad\u201d.<\/p>\n<p>Och hur det blir med kravet p\u00e5 det ifyllda h\u00e4lsoprotokollet fr\u00e5n den 7 juni \u00e5terst\u00e5r ocks\u00e5 att se.<\/p>\n<p>Som Svenska Magasinet tidigare ber\u00e4ttat presenterade den spanska regeringschefen Pedro S\u00e1nchez det nya beslutet i samband med att han bes\u00f6kte turistm\u00e4ssan Fitur i Madrid.<\/p>\n<p>Turister som \u00e4r vaccinerade till 100 procent med doser som godk\u00e4nts av Europeiska l\u00e4kemedelsmyndigheten (EMA) och V\u00e4rldsh\u00e4lsoorganisationen (WHO) kommer inte att bel\u00e4ggas med n\u00e5gra restriktioner fr\u00e5n den 7 juni. Det betyder att kravet p\u00e5 ett h\u00f6gst 72 timmar gammalt negativt PCR-test upph\u00f6r.<\/p>\n<p>\u201dCovidintyg \u2013 digitala gr\u00f6na intyg\u201d<br \/>\nUnder g\u00e5rdagen meddelade EU att man planerar inf\u00f6ra ett digitalt \u201dCovidintyg \u2013 digitala gr\u00f6na intyg\u201d fr\u00e5n 1 juli. Det ska inneh\u00e5lla uppgifter om EU-resen\u00e4rers vaccinationsstatus, om man har haft covid-19 tidigare och om man har antikroppar.<\/p>\n<p>Hur det kommer att fungera i praktiken \u00e4r fortfarande oklart men vi kommer att l\u00e4gga ut informationen s\u00e5 snart vi har den, skriver Sveriges ambassad i Madrid p\u00e5 sin webbplats.<\/p>\n<p>L\u00e4s mer om \u201dCovidintyg \u2013 digitala gr\u00f6na intyg\u201d<\/p>\n","protected":false},"excerpt":{"rendered":"<p>Spaniens besked p\u00e5 fredagen med att fullvaccinerade personer inte kr\u00e4vs p\u00e5 PCR-test vid inresa till Spanien fr\u00e5n 7 juni g\u00e4ller \u00e4ven svenskar. Vilken typ av intyg som kommer att kr\u00e4vas \u00e4r \u00e4nnu inte klart eftersom \u201dCovidintyg \u2013 digitala gr\u00f6na intyg\u201d som det heter officiellt g\u00e4ller fr\u00e5n den 1 juli. Vilket intyg som g\u00e4ller fr\u00e5n den [&hellip;]<\/p>\n","protected":false},"author":8,"featured_media":12127,"comment_status":"open","ping_status":"open","sticky":false,"template":"","format":"standard","meta":{"_et_pb_use_builder":"","_et_pb_old_content":"","_et_gb_content_width":"","footnotes":""},"categories":[395,3],"tags":[],"class_list":["post-12126","post","type-post","status-publish","format-standard","has-post-thumbnail","hentry","category-arkiv-nyheter","category-nyheter"],"yoast_head":"<!-- This site is optimized with the Yoast SEO Premium plugin v26.2 (Yoast SEO v27.5) - https:\/\/yoast.com\/product\/yoast-seo-premium-wordpress\/ -->\n<title>Fullvaccinerade svenskar slipper PCR-test fr\u00e5n 7 juni - Svenska Magasinet<\/title>\n<meta name=\"robots\" content=\"noindex, follow, max-snippet:-1, max-image-preview:large, max-video-preview:-1\" \/>\n<meta property=\"og:locale\" content=\"sv_SE\" \/>\n<meta property=\"og:type\" content=\"article\" \/>\n<meta property=\"og:title\" content=\"Fullvaccinerade svenskar slipper PCR-test fr\u00e5n 7 juni\" \/>\n<meta property=\"og:description\" content=\"Spaniens besked p\u00e5 fredagen med att fullvaccinerade personer inte kr\u00e4vs p\u00e5 PCR-test vid inresa till Spanien fr\u00e5n 7 juni g\u00e4ller \u00e4ven svenskar. Vilken typ av intyg som kommer att kr\u00e4vas \u00e4r \u00e4nnu inte klart eftersom \u201dCovidintyg \u2013 digitala gr\u00f6na intyg\u201d som det heter officiellt g\u00e4ller fr\u00e5n den 1 juli. Vilket intyg som g\u00e4ller fr\u00e5n den [&hellip;]\" \/>\n<meta property=\"og:url\" content=\"https:\/\/lightweb.dev\/l\/svm-temp\/nyheter\/fullvaccinerade-svenskar-slipper-pcr-test-fran-7-juni\/\" \/>\n<meta property=\"og:site_name\" content=\"Svenska Magasinet\" \/>\n<meta property=\"article:publisher\" content=\"https:\/\/www.facebook.com\/svenskamagasinet\" \/>\n<meta property=\"article:published_time\" content=\"2021-05-21T13:51:00+00:00\" \/>\n<meta property=\"og:image\" content=\"https:\/\/lightweb.dev\/l\/svm-temp\/wp-content\/uploads\/2022\/06\/fullvaccinerade-svenskar-slipper-pcrtest-fran-7-juni.png\" \/>\n\t<meta property=\"og:image:width\" content=\"500\" \/>\n\t<meta property=\"og:image:height\" content=\"300\" \/>\n\t<meta property=\"og:image:type\" content=\"image\/png\" \/>\n<meta name=\"author\" content=\"Redaktionen SvM\" \/>\n<meta name=\"twitter:card\" content=\"summary_large_image\" \/>\n<meta name=\"twitter:creator\" content=\"@SvenskaMagasine\" \/>\n<meta name=\"twitter:site\" content=\"@SvenskaMagasine\" \/>\n<script type=\"application\/ld+json\" class=\"yoast-schema-graph\">{\"@context\":\"https:\\\/\\\/schema.org\",\"@graph\":[{\"@type\":\"Article\",\"@id\":\"https:\\\/\\\/lightweb.dev\\\/l\\\/svm-temp\\\/nyheter\\\/fullvaccinerade-svenskar-slipper-pcr-test-fran-7-juni\\\/#article\",\"isPartOf\":{\"@id\":\"https:\\\/\\\/lightweb.dev\\\/l\\\/svm-temp\\\/nyheter\\\/fullvaccinerade-svenskar-slipper-pcr-test-fran-7-juni\\\/\"},\"author\":{\"name\":\"Redaktionen SvM\",\"@id\":\"https:\\\/\\\/lightweb.dev\\\/l\\\/svm-temp\\\/#\\\/schema\\\/person\\\/206a3bda5b607b0c25e1749191e4d837\"},\"headline\":\"Fullvaccinerade svenskar slipper PCR-test fr\u00e5n 7 juni\",\"datePublished\":\"2021-05-21T13:51:00+00:00\",\"mainEntityOfPage\":{\"@id\":\"https:\\\/\\\/lightweb.dev\\\/l\\\/svm-temp\\\/nyheter\\\/fullvaccinerade-svenskar-slipper-pcr-test-fran-7-juni\\\/\"},\"wordCount\":289,\"commentCount\":0,\"publisher\":{\"@id\":\"https:\\\/\\\/lightweb.dev\\\/l\\\/svm-temp\\\/#organization\"},\"image\":{\"@id\":\"https:\\\/\\\/lightweb.dev\\\/l\\\/svm-temp\\\/nyheter\\\/fullvaccinerade-svenskar-slipper-pcr-test-fran-7-juni\\\/#primaryimage\"},\"thumbnailUrl\":\"https:\\\/\\\/lightweb.dev\\\/l\\\/svm-temp\\\/wp-content\\\/uploads\\\/2022\\\/06\\\/fullvaccinerade-svenskar-slipper-pcrtest-fran-7-juni.png\",\"articleSection\":[\"Arkiv\",\"Nyheter\"],\"inLanguage\":\"sv-SE\"},{\"@type\":\"WebPage\",\"@id\":\"https:\\\/\\\/lightweb.dev\\\/l\\\/svm-temp\\\/nyheter\\\/fullvaccinerade-svenskar-slipper-pcr-test-fran-7-juni\\\/\",\"url\":\"https:\\\/\\\/lightweb.dev\\\/l\\\/svm-temp\\\/nyheter\\\/fullvaccinerade-svenskar-slipper-pcr-test-fran-7-juni\\\/\",\"name\":\"Fullvaccinerade svenskar slipper PCR-test fr\u00e5n 7 juni - Svenska Magasinet\",\"isPartOf\":{\"@id\":\"https:\\\/\\\/lightweb.dev\\\/l\\\/svm-temp\\\/#website\"},\"primaryImageOfPage\":{\"@id\":\"https:\\\/\\\/lightweb.dev\\\/l\\\/svm-temp\\\/nyheter\\\/fullvaccinerade-svenskar-slipper-pcr-test-fran-7-juni\\\/#primaryimage\"},\"image\":{\"@id\":\"https:\\\/\\\/lightweb.dev\\\/l\\\/svm-temp\\\/nyheter\\\/fullvaccinerade-svenskar-slipper-pcr-test-fran-7-juni\\\/#primaryimage\"},\"thumbnailUrl\":\"https:\\\/\\\/lightweb.dev\\\/l\\\/svm-temp\\\/wp-content\\\/uploads\\\/2022\\\/06\\\/fullvaccinerade-svenskar-slipper-pcrtest-fran-7-juni.png\",\"datePublished\":\"2021-05-21T13:51:00+00:00\",\"breadcrumb\":{\"@id\":\"https:\\\/\\\/lightweb.dev\\\/l\\\/svm-temp\\\/nyheter\\\/fullvaccinerade-svenskar-slipper-pcr-test-fran-7-juni\\\/#breadcrumb\"},\"inLanguage\":\"sv-SE\",\"potentialAction\":[{\"@type\":\"ReadAction\",\"target\":[\"https:\\\/\\\/lightweb.dev\\\/l\\\/svm-temp\\\/nyheter\\\/fullvaccinerade-svenskar-slipper-pcr-test-fran-7-juni\\\/\"]}]},{\"@type\":\"ImageObject\",\"inLanguage\":\"sv-SE\",\"@id\":\"https:\\\/\\\/lightweb.dev\\\/l\\\/svm-temp\\\/nyheter\\\/fullvaccinerade-svenskar-slipper-pcr-test-fran-7-juni\\\/#primaryimage\",\"url\":\"https:\\\/\\\/lightweb.dev\\\/l\\\/svm-temp\\\/wp-content\\\/uploads\\\/2022\\\/06\\\/fullvaccinerade-svenskar-slipper-pcrtest-fran-7-juni.png\",\"contentUrl\":\"https:\\\/\\\/lightweb.dev\\\/l\\\/svm-temp\\\/wp-content\\\/uploads\\\/2022\\\/06\\\/fullvaccinerade-svenskar-slipper-pcrtest-fran-7-juni.png\",\"width\":500,\"height\":300},{\"@type\":\"BreadcrumbList\",\"@id\":\"https:\\\/\\\/lightweb.dev\\\/l\\\/svm-temp\\\/nyheter\\\/fullvaccinerade-svenskar-slipper-pcr-test-fran-7-juni\\\/#breadcrumb\",\"itemListElement\":[{\"@type\":\"ListItem\",\"position\":1,\"name\":\"Hem\",\"item\":\"https:\\\/\\\/lightweb.dev\\\/l\\\/svm-temp\\\/\"},{\"@type\":\"ListItem\",\"position\":2,\"name\":\"Fullvaccinerade svenskar slipper PCR-test fr\u00e5n 7 juni\"}]},{\"@type\":\"WebSite\",\"@id\":\"https:\\\/\\\/lightweb.dev\\\/l\\\/svm-temp\\\/#website\",\"url\":\"https:\\\/\\\/lightweb.dev\\\/l\\\/svm-temp\\\/\",\"name\":\"Svenska Magasinet\",\"description\":\"Dina Spanska nyheter p&aring; Svenska\",\"publisher\":{\"@id\":\"https:\\\/\\\/lightweb.dev\\\/l\\\/svm-temp\\\/#organization\"},\"potentialAction\":[{\"@type\":\"SearchAction\",\"target\":{\"@type\":\"EntryPoint\",\"urlTemplate\":\"https:\\\/\\\/lightweb.dev\\\/l\\\/svm-temp\\\/?s={search_term_string}\"},\"query-input\":{\"@type\":\"PropertyValueSpecification\",\"valueRequired\":true,\"valueName\":\"search_term_string\"}}],\"inLanguage\":\"sv-SE\"},{\"@type\":\"Organization\",\"@id\":\"https:\\\/\\\/lightweb.dev\\\/l\\\/svm-temp\\\/#organization\",\"name\":\"Melkerson y Nott SL\",\"alternateName\":\"Svenska Magasinet\",\"url\":\"https:\\\/\\\/lightweb.dev\\\/l\\\/svm-temp\\\/\",\"logo\":{\"@type\":\"ImageObject\",\"inLanguage\":\"sv-SE\",\"@id\":\"https:\\\/\\\/lightweb.dev\\\/l\\\/svm-temp\\\/#\\\/schema\\\/logo\\\/image\\\/\",\"url\":\"https:\\\/\\\/lightweb.dev\\\/l\\\/svm-temp\\\/wp-content\\\/uploads\\\/2025\\\/02\\\/SvM-logo-Xtra-Centrerad-SVART.png\",\"contentUrl\":\"https:\\\/\\\/lightweb.dev\\\/l\\\/svm-temp\\\/wp-content\\\/uploads\\\/2025\\\/02\\\/SvM-logo-Xtra-Centrerad-SVART.png\",\"width\":300,\"height\":99,\"caption\":\"Melkerson y Nott SL\"},\"image\":{\"@id\":\"https:\\\/\\\/lightweb.dev\\\/l\\\/svm-temp\\\/#\\\/schema\\\/logo\\\/image\\\/\"},\"sameAs\":[\"https:\\\/\\\/www.facebook.com\\\/svenskamagasinet\",\"https:\\\/\\\/x.com\\\/SvenskaMagasine\"]},{\"@type\":\"Person\",\"@id\":\"https:\\\/\\\/lightweb.dev\\\/l\\\/svm-temp\\\/#\\\/schema\\\/person\\\/206a3bda5b607b0c25e1749191e4d837\",\"name\":\"Redaktionen SvM\",\"description\":\"Redaktionen\",\"sameAs\":[\"https:\\\/\\\/lightweb.dev\\\/l\\\/svm-temp\"],\"url\":\"https:\\\/\\\/lightweb.dev\\\/l\\\/svm-temp\\\/reporter\\\/redaktionen\\\/\"}]}<\/script>\n<!-- \/ Yoast SEO Premium plugin. -->","yoast_head_json":{"title":"Fullvaccinerade svenskar slipper PCR-test fr\u00e5n 7 juni - Svenska Magasinet","robots":{"index":"noindex","follow":"follow","max-snippet":"max-snippet:-1","max-image-preview":"max-image-preview:large","max-video-preview":"max-video-preview:-1"},"og_locale":"sv_SE","og_type":"article","og_title":"Fullvaccinerade svenskar slipper PCR-test fr\u00e5n 7 juni","og_description":"Spaniens besked p\u00e5 fredagen med att fullvaccinerade personer inte kr\u00e4vs p\u00e5 PCR-test vid inresa till Spanien fr\u00e5n 7 juni g\u00e4ller \u00e4ven svenskar. Vilken typ av intyg som kommer att kr\u00e4vas \u00e4r \u00e4nnu inte klart eftersom \u201dCovidintyg \u2013 digitala gr\u00f6na intyg\u201d som det heter officiellt g\u00e4ller fr\u00e5n den 1 juli. Vilket intyg som g\u00e4ller fr\u00e5n den [&hellip;]","og_url":"https:\/\/lightweb.dev\/l\/svm-temp\/nyheter\/fullvaccinerade-svenskar-slipper-pcr-test-fran-7-juni\/","og_site_name":"Svenska Magasinet","article_publisher":"https:\/\/www.facebook.com\/svenskamagasinet","article_published_time":"2021-05-21T13:51:00+00:00","og_image":[{"width":500,"height":300,"url":"https:\/\/lightweb.dev\/l\/svm-temp\/wp-content\/uploads\/2022\/06\/fullvaccinerade-svenskar-slipper-pcrtest-fran-7-juni.png","type":"image\/png"}],"author":"Redaktionen SvM","twitter_card":"summary_large_image","twitter_creator":"@SvenskaMagasine","twitter_site":"@SvenskaMagasine","schema":{"@context":"https:\/\/schema.org","@graph":[{"@type":"Article","@id":"https:\/\/lightweb.dev\/l\/svm-temp\/nyheter\/fullvaccinerade-svenskar-slipper-pcr-test-fran-7-juni\/#article","isPartOf":{"@id":"https:\/\/lightweb.dev\/l\/svm-temp\/nyheter\/fullvaccinerade-svenskar-slipper-pcr-test-fran-7-juni\/"},"author":{"name":"Redaktionen SvM","@id":"https:\/\/lightweb.dev\/l\/svm-temp\/#\/schema\/person\/206a3bda5b607b0c25e1749191e4d837"},"headline":"Fullvaccinerade svenskar slipper PCR-test fr\u00e5n 7 juni","datePublished":"2021-05-21T13:51:00+00:00","mainEntityOfPage":{"@id":"https:\/\/lightweb.dev\/l\/svm-temp\/nyheter\/fullvaccinerade-svenskar-slipper-pcr-test-fran-7-juni\/"},"wordCount":289,"commentCount":0,"publisher":{"@id":"https:\/\/lightweb.dev\/l\/svm-temp\/#organization"},"image":{"@id":"https:\/\/lightweb.dev\/l\/svm-temp\/nyheter\/fullvaccinerade-svenskar-slipper-pcr-test-fran-7-juni\/#primaryimage"},"thumbnailUrl":"https:\/\/lightweb.dev\/l\/svm-temp\/wp-content\/uploads\/2022\/06\/fullvaccinerade-svenskar-slipper-pcrtest-fran-7-juni.png","articleSection":["Arkiv","Nyheter"],"inLanguage":"sv-SE"},{"@type":"WebPage","@id":"https:\/\/lightweb.dev\/l\/svm-temp\/nyheter\/fullvaccinerade-svenskar-slipper-pcr-test-fran-7-juni\/","url":"https:\/\/lightweb.dev\/l\/svm-temp\/nyheter\/fullvaccinerade-svenskar-slipper-pcr-test-fran-7-juni\/","name":"Fullvaccinerade svenskar slipper PCR-test fr\u00e5n 7 juni - Svenska Magasinet","isPartOf":{"@id":"https:\/\/lightweb.dev\/l\/svm-temp\/#website"},"primaryImageOfPage":{"@id":"https:\/\/lightweb.dev\/l\/svm-temp\/nyheter\/fullvaccinerade-svenskar-slipper-pcr-test-fran-7-juni\/#primaryimage"},"image":{"@id":"https:\/\/lightweb.dev\/l\/svm-temp\/nyheter\/fullvaccinerade-svenskar-slipper-pcr-test-fran-7-juni\/#primaryimage"},"thumbnailUrl":"https:\/\/lightweb.dev\/l\/svm-temp\/wp-content\/uploads\/2022\/06\/fullvaccinerade-svenskar-slipper-pcrtest-fran-7-juni.png","datePublished":"2021-05-21T13:51:00+00:00","breadcrumb":{"@id":"https:\/\/lightweb.dev\/l\/svm-temp\/nyheter\/fullvaccinerade-svenskar-slipper-pcr-test-fran-7-juni\/#breadcrumb"},"inLanguage":"sv-SE","potentialAction":[{"@type":"ReadAction","target":["https:\/\/lightweb.dev\/l\/svm-temp\/nyheter\/fullvaccinerade-svenskar-slipper-pcr-test-fran-7-juni\/"]}]},{"@type":"ImageObject","inLanguage":"sv-SE","@id":"https:\/\/lightweb.dev\/l\/svm-temp\/nyheter\/fullvaccinerade-svenskar-slipper-pcr-test-fran-7-juni\/#primaryimage","url":"https:\/\/lightweb.dev\/l\/svm-temp\/wp-content\/uploads\/2022\/06\/fullvaccinerade-svenskar-slipper-pcrtest-fran-7-juni.png","contentUrl":"https:\/\/lightweb.dev\/l\/svm-temp\/wp-content\/uploads\/2022\/06\/fullvaccinerade-svenskar-slipper-pcrtest-fran-7-juni.png","width":500,"height":300},{"@type":"BreadcrumbList","@id":"https:\/\/lightweb.dev\/l\/svm-temp\/nyheter\/fullvaccinerade-svenskar-slipper-pcr-test-fran-7-juni\/#breadcrumb","itemListElement":[{"@type":"ListItem","position":1,"name":"Hem","item":"https:\/\/lightweb.dev\/l\/svm-temp\/"},{"@type":"ListItem","position":2,"name":"Fullvaccinerade svenskar slipper PCR-test fr\u00e5n 7 juni"}]},{"@type":"WebSite","@id":"https:\/\/lightweb.dev\/l\/svm-temp\/#website","url":"https:\/\/lightweb.dev\/l\/svm-temp\/","name":"Svenska Magasinet","description":"Dina Spanska nyheter p&aring; Svenska","publisher":{"@id":"https:\/\/lightweb.dev\/l\/svm-temp\/#organization"},"potentialAction":[{"@type":"SearchAction","target":{"@type":"EntryPoint","urlTemplate":"https:\/\/lightweb.dev\/l\/svm-temp\/?s={search_term_string}"},"query-input":{"@type":"PropertyValueSpecification","valueRequired":true,"valueName":"search_term_string"}}],"inLanguage":"sv-SE"},{"@type":"Organization","@id":"https:\/\/lightweb.dev\/l\/svm-temp\/#organization","name":"Melkerson y Nott SL","alternateName":"Svenska Magasinet","url":"https:\/\/lightweb.dev\/l\/svm-temp\/","logo":{"@type":"ImageObject","inLanguage":"sv-SE","@id":"https:\/\/lightweb.dev\/l\/svm-temp\/#\/schema\/logo\/image\/","url":"https:\/\/lightweb.dev\/l\/svm-temp\/wp-content\/uploads\/2025\/02\/SvM-logo-Xtra-Centrerad-SVART.png","contentUrl":"https:\/\/lightweb.dev\/l\/svm-temp\/wp-content\/uploads\/2025\/02\/SvM-logo-Xtra-Centrerad-SVART.png","width":300,"height":99,"caption":"Melkerson y Nott SL"},"image":{"@id":"https:\/\/lightweb.dev\/l\/svm-temp\/#\/schema\/logo\/image\/"},"sameAs":["https:\/\/www.facebook.com\/svenskamagasinet","https:\/\/x.com\/SvenskaMagasine"]},{"@type":"Person","@id":"https:\/\/lightweb.dev\/l\/svm-temp\/#\/schema\/person\/206a3bda5b607b0c25e1749191e4d837","name":"Redaktionen SvM","description":"Redaktionen","sameAs":["https:\/\/lightweb.dev\/l\/svm-temp"],"url":"https:\/\/lightweb.dev\/l\/svm-temp\/reporter\/redaktionen\/"}]}},"_links":{"self":[{"href":"https:\/\/lightweb.dev\/l\/svm-temp\/wp-json\/wp\/v2\/posts\/12126","targetHints":{"allow":["GET"]}}],"collection":[{"href":"https:\/\/lightweb.dev\/l\/svm-temp\/wp-json\/wp\/v2\/posts"}],"about":[{"href":"https:\/\/lightweb.dev\/l\/svm-temp\/wp-json\/wp\/v2\/types\/post"}],"author":[{"embeddable":true,"href":"https:\/\/lightweb.dev\/l\/svm-temp\/wp-json\/wp\/v2\/users\/8"}],"replies":[{"embeddable":true,"href":"https:\/\/lightweb.dev\/l\/svm-temp\/wp-json\/wp\/v2\/comments?post=12126"}],"version-history":[{"count":0,"href":"https:\/\/lightweb.dev\/l\/svm-temp\/wp-json\/wp\/v2\/posts\/12126\/revisions"}],"wp:featuredmedia":[{"embeddable":true,"href":"https:\/\/lightweb.dev\/l\/svm-temp\/wp-json\/wp\/v2\/media\/12127"}],"wp:attachment":[{"href":"https:\/\/lightweb.dev\/l\/svm-temp\/wp-json\/wp\/v2\/media?parent=12126"}],"wp:term":[{"taxonomy":"category","embeddable":true,"href":"https:\/\/lightweb.dev\/l\/svm-temp\/wp-json\/wp\/v2\/categories?post=12126"},{"taxonomy":"post_tag","embeddable":true,"href":"https:\/\/lightweb.dev\/l\/svm-temp\/wp-json\/wp\/v2\/tags?post=12126"}],"curies":[{"name":"wp","href":"https:\/\/api.w.org\/{rel}","templated":true}]}}