{"id":12130,"date":"2021-05-20T15:04:00","date_gmt":"2021-05-20T13:04:00","guid":{"rendered":"https:\/\/lightweb.dev\/l\/svm-temp\/nyheter\/covidlaget-malagaprovinsen-pa-lagsta-niva\/"},"modified":"2021-05-20T15:04:00","modified_gmt":"2021-05-20T13:04:00","slug":"covidlaget-malagaprovinsen-pa-lagsta-niva","status":"publish","type":"post","link":"https:\/\/lightweb.dev\/l\/svm-temp\/nyheter\/covidlaget-malagaprovinsen-pa-lagsta-niva\/","title":{"rendered":"Covidl\u00e4get: M\u00e1lagaprovinsen p\u00e5 l\u00e4gsta niv\u00e5"},"content":{"rendered":"<p> M\u00e1laga \u00e4r fr\u00e5n idag torsdag den enda provinsen i regionen Andalusien som ligger p\u00e5 niv\u00e5 1 n\u00e4r det g\u00e4ller coronasmittade. Incidenstalet f\u00f6r provinsen M\u00e1laga ligger p\u00e5 123,7 fall per 100.000 inv\u00e5nare de senaste 14 dagarna. Det kan j\u00e4mf\u00f6ras med genomsnittet f\u00f6r Andalusien p\u00e5 164,5. H\u00f6gst incidens rapporterar Granada (246.2) och Huelva (234.2).<\/p>\n<p>Det g\u00e5r allts\u00e5 mot r\u00e4tt h\u00e5ll i provinsen M\u00e1laga. I nul\u00e4get finns det ingen kommun i provinsen som \u00e4r i karant\u00e4n eller d\u00e4r icke n\u00f6dv\u00e4ndiga verksamheter m\u00e5ste h\u00e5lla st\u00e4ngt.<\/p>\n<p>Och smittfrekvensen de senaste sju dagarna forts\u00e4tter ocks\u00e5 att minska i M\u00e1lagaprovinsen till 53,9 vilket \u00e4r under det andalusiska genomsnittet p\u00e5 73 fall per 100.000 inv\u00e5nare.<\/p>\n<p>Observera att incidensen de senaste sju dagarna \u00e4r mindre \u00e4n h\u00e4lften av incidensen de senaste 14 dagarna. Det visar att smittfrekvensen forts\u00e4tter att sjunka.<\/p>\n<p>Bakom beslutet att M\u00e1lagaprovinsen placeras i riskniv\u00e5 1 finns \u00e5tta olika krav att beakta. Det g\u00e4ller incidenstalet b\u00e5de f\u00f6r de senaste sju dagarna som de senaste 14 dagarna. Incidenstalet hos \u00e4ldre \u00f6ver 65 \u00e5r, antalet tester och nya fall, liksom bel\u00e4ggningen vid sjukhus och iva.<\/p>\n<p>M\u00e1laga \u00e4r unika i Andalusien d\u00e4r samtliga sjukv\u00e5rdsdistrikt ligger p\u00e5 l\u00e4gsta niv\u00e5. \u00c4ven C\u00e1diz ligger l\u00e5gt men det finns enskilda sjukv\u00e5rdsdistrikt som Jerez Costa Noroeste och Sierra de C\u00e1diz som ligger i niv\u00e5 2 respektive 3.<\/p>\n<p>De flesta av provinserna ligger i niv\u00e5 2 f\u00f6rutom Granada och Sevilla d\u00e4r majoriteten av sjukv\u00e5rdsdistrikten ligger i h\u00f6g niv\u00e5, 3.<\/p>\n<p>Genom att M\u00e1lagaprovinsen fr\u00e5n nu ligger i niv\u00e5 1 f\u00f6ljer ytterligare l\u00e4ttnader i coronarestriktionerna. Det betyder gr\u00f6nt ljus till 100 procents bel\u00e4ggning vid serveringsst\u00e4llen utomhus och upp till tio g\u00e4ster vid samma bord.<\/p>\n<p>Vid inomhusserveringar till\u00e5ts en bel\u00e4ggning p\u00e5 75 procent med \u00e5tta g\u00e4ster vid samma bord. \u00c4ven servering vid bardisken till\u00e5ts.<\/p>\n<p>Lokala marknader kan fr\u00e5n nu har 100 procents bel\u00e4ggning av knallar.<\/p>\n<p> Fler covidnyheter:<br \/>\nValenciaregionen redovisar incidenstalet 29,34. Bara den autonoma staden Ceuta har l\u00e4gre med 14,25.<\/p>\n<p>Regionen Castilla La Mancha meddelade p\u00e5 torsdagen att fr\u00e5n juli planerar regionen att h\u00e4va det obligatoriska kravet p\u00e5 munskydd utomhus.<\/p>\n<p>Senaste covidnyheter hittar du p\u00e5 @SvenskaMagasinet<\/p>\n","protected":false},"excerpt":{"rendered":"<p>M\u00e1laga \u00e4r fr\u00e5n idag torsdag den enda provinsen i regionen Andalusien som ligger p\u00e5 niv\u00e5 1 n\u00e4r det g\u00e4ller coronasmittade. Incidenstalet f\u00f6r provinsen M\u00e1laga ligger p\u00e5 123,7 fall per 100.000 inv\u00e5nare de senaste 14 dagarna. Det kan j\u00e4mf\u00f6ras med genomsnittet f\u00f6r Andalusien p\u00e5 164,5. H\u00f6gst incidens rapporterar Granada (246.2) och Huelva (234.2). Det g\u00e5r allts\u00e5 [&hellip;]<\/p>\n","protected":false},"author":8,"featured_media":12131,"comment_status":"open","ping_status":"open","sticky":false,"template":"","format":"standard","meta":{"_et_pb_use_builder":"","_et_pb_old_content":"","_et_gb_content_width":"","footnotes":""},"categories":[395,3],"tags":[],"class_list":["post-12130","post","type-post","status-publish","format-standard","has-post-thumbnail","hentry","category-arkiv-nyheter","category-nyheter"],"yoast_head":"<!-- This site is optimized with the Yoast SEO Premium plugin v26.2 (Yoast SEO v27.5) - https:\/\/yoast.com\/product\/yoast-seo-premium-wordpress\/ -->\n<title>Covidl\u00e4get: M\u00e1lagaprovinsen p\u00e5 l\u00e4gsta niv\u00e5 - Svenska Magasinet<\/title>\n<meta name=\"robots\" content=\"noindex, follow, max-snippet:-1, max-image-preview:large, max-video-preview:-1\" \/>\n<meta property=\"og:locale\" content=\"sv_SE\" \/>\n<meta property=\"og:type\" content=\"article\" \/>\n<meta property=\"og:title\" content=\"Covidl\u00e4get: M\u00e1lagaprovinsen p\u00e5 l\u00e4gsta niv\u00e5\" \/>\n<meta property=\"og:description\" content=\"M\u00e1laga \u00e4r fr\u00e5n idag torsdag den enda provinsen i regionen Andalusien som ligger p\u00e5 niv\u00e5 1 n\u00e4r det g\u00e4ller coronasmittade. Incidenstalet f\u00f6r provinsen M\u00e1laga ligger p\u00e5 123,7 fall per 100.000 inv\u00e5nare de senaste 14 dagarna. Det kan j\u00e4mf\u00f6ras med genomsnittet f\u00f6r Andalusien p\u00e5 164,5. H\u00f6gst incidens rapporterar Granada (246.2) och Huelva (234.2). Det g\u00e5r allts\u00e5 [&hellip;]\" \/>\n<meta property=\"og:url\" content=\"https:\/\/lightweb.dev\/l\/svm-temp\/nyheter\/covidlaget-malagaprovinsen-pa-lagsta-niva\/\" \/>\n<meta property=\"og:site_name\" content=\"Svenska Magasinet\" \/>\n<meta property=\"article:publisher\" content=\"https:\/\/www.facebook.com\/svenskamagasinet\" \/>\n<meta property=\"article:published_time\" content=\"2021-05-20T13:04:00+00:00\" \/>\n<meta property=\"og:image\" content=\"https:\/\/lightweb.dev\/l\/svm-temp\/wp-content\/uploads\/2022\/06\/covidlaget-malagaprovinsen-pa-lagsta-niva.png\" \/>\n\t<meta property=\"og:image:width\" content=\"500\" \/>\n\t<meta property=\"og:image:height\" content=\"300\" \/>\n\t<meta property=\"og:image:type\" content=\"image\/png\" \/>\n<meta name=\"author\" content=\"Redaktionen SvM\" \/>\n<meta name=\"twitter:card\" content=\"summary_large_image\" \/>\n<meta name=\"twitter:creator\" content=\"@SvenskaMagasine\" \/>\n<meta name=\"twitter:site\" content=\"@SvenskaMagasine\" \/>\n<script type=\"application\/ld+json\" class=\"yoast-schema-graph\">{\"@context\":\"https:\\\/\\\/schema.org\",\"@graph\":[{\"@type\":\"Article\",\"@id\":\"https:\\\/\\\/lightweb.dev\\\/l\\\/svm-temp\\\/nyheter\\\/covidlaget-malagaprovinsen-pa-lagsta-niva\\\/#article\",\"isPartOf\":{\"@id\":\"https:\\\/\\\/lightweb.dev\\\/l\\\/svm-temp\\\/nyheter\\\/covidlaget-malagaprovinsen-pa-lagsta-niva\\\/\"},\"author\":{\"name\":\"Redaktionen SvM\",\"@id\":\"https:\\\/\\\/lightweb.dev\\\/l\\\/svm-temp\\\/#\\\/schema\\\/person\\\/206a3bda5b607b0c25e1749191e4d837\"},\"headline\":\"Covidl\u00e4get: M\u00e1lagaprovinsen p\u00e5 l\u00e4gsta niv\u00e5\",\"datePublished\":\"2021-05-20T13:04:00+00:00\",\"mainEntityOfPage\":{\"@id\":\"https:\\\/\\\/lightweb.dev\\\/l\\\/svm-temp\\\/nyheter\\\/covidlaget-malagaprovinsen-pa-lagsta-niva\\\/\"},\"wordCount\":383,\"commentCount\":0,\"publisher\":{\"@id\":\"https:\\\/\\\/lightweb.dev\\\/l\\\/svm-temp\\\/#organization\"},\"image\":{\"@id\":\"https:\\\/\\\/lightweb.dev\\\/l\\\/svm-temp\\\/nyheter\\\/covidlaget-malagaprovinsen-pa-lagsta-niva\\\/#primaryimage\"},\"thumbnailUrl\":\"https:\\\/\\\/lightweb.dev\\\/l\\\/svm-temp\\\/wp-content\\\/uploads\\\/2022\\\/06\\\/covidlaget-malagaprovinsen-pa-lagsta-niva.png\",\"articleSection\":[\"Arkiv\",\"Nyheter\"],\"inLanguage\":\"sv-SE\"},{\"@type\":\"WebPage\",\"@id\":\"https:\\\/\\\/lightweb.dev\\\/l\\\/svm-temp\\\/nyheter\\\/covidlaget-malagaprovinsen-pa-lagsta-niva\\\/\",\"url\":\"https:\\\/\\\/lightweb.dev\\\/l\\\/svm-temp\\\/nyheter\\\/covidlaget-malagaprovinsen-pa-lagsta-niva\\\/\",\"name\":\"Covidl\u00e4get: M\u00e1lagaprovinsen p\u00e5 l\u00e4gsta niv\u00e5 - Svenska Magasinet\",\"isPartOf\":{\"@id\":\"https:\\\/\\\/lightweb.dev\\\/l\\\/svm-temp\\\/#website\"},\"primaryImageOfPage\":{\"@id\":\"https:\\\/\\\/lightweb.dev\\\/l\\\/svm-temp\\\/nyheter\\\/covidlaget-malagaprovinsen-pa-lagsta-niva\\\/#primaryimage\"},\"image\":{\"@id\":\"https:\\\/\\\/lightweb.dev\\\/l\\\/svm-temp\\\/nyheter\\\/covidlaget-malagaprovinsen-pa-lagsta-niva\\\/#primaryimage\"},\"thumbnailUrl\":\"https:\\\/\\\/lightweb.dev\\\/l\\\/svm-temp\\\/wp-content\\\/uploads\\\/2022\\\/06\\\/covidlaget-malagaprovinsen-pa-lagsta-niva.png\",\"datePublished\":\"2021-05-20T13:04:00+00:00\",\"breadcrumb\":{\"@id\":\"https:\\\/\\\/lightweb.dev\\\/l\\\/svm-temp\\\/nyheter\\\/covidlaget-malagaprovinsen-pa-lagsta-niva\\\/#breadcrumb\"},\"inLanguage\":\"sv-SE\",\"potentialAction\":[{\"@type\":\"ReadAction\",\"target\":[\"https:\\\/\\\/lightweb.dev\\\/l\\\/svm-temp\\\/nyheter\\\/covidlaget-malagaprovinsen-pa-lagsta-niva\\\/\"]}]},{\"@type\":\"ImageObject\",\"inLanguage\":\"sv-SE\",\"@id\":\"https:\\\/\\\/lightweb.dev\\\/l\\\/svm-temp\\\/nyheter\\\/covidlaget-malagaprovinsen-pa-lagsta-niva\\\/#primaryimage\",\"url\":\"https:\\\/\\\/lightweb.dev\\\/l\\\/svm-temp\\\/wp-content\\\/uploads\\\/2022\\\/06\\\/covidlaget-malagaprovinsen-pa-lagsta-niva.png\",\"contentUrl\":\"https:\\\/\\\/lightweb.dev\\\/l\\\/svm-temp\\\/wp-content\\\/uploads\\\/2022\\\/06\\\/covidlaget-malagaprovinsen-pa-lagsta-niva.png\",\"width\":500,\"height\":300},{\"@type\":\"BreadcrumbList\",\"@id\":\"https:\\\/\\\/lightweb.dev\\\/l\\\/svm-temp\\\/nyheter\\\/covidlaget-malagaprovinsen-pa-lagsta-niva\\\/#breadcrumb\",\"itemListElement\":[{\"@type\":\"ListItem\",\"position\":1,\"name\":\"Hem\",\"item\":\"https:\\\/\\\/lightweb.dev\\\/l\\\/svm-temp\\\/\"},{\"@type\":\"ListItem\",\"position\":2,\"name\":\"Covidl\u00e4get: M\u00e1lagaprovinsen p\u00e5 l\u00e4gsta niv\u00e5\"}]},{\"@type\":\"WebSite\",\"@id\":\"https:\\\/\\\/lightweb.dev\\\/l\\\/svm-temp\\\/#website\",\"url\":\"https:\\\/\\\/lightweb.dev\\\/l\\\/svm-temp\\\/\",\"name\":\"Svenska Magasinet\",\"description\":\"Dina Spanska nyheter p&aring; Svenska\",\"publisher\":{\"@id\":\"https:\\\/\\\/lightweb.dev\\\/l\\\/svm-temp\\\/#organization\"},\"potentialAction\":[{\"@type\":\"SearchAction\",\"target\":{\"@type\":\"EntryPoint\",\"urlTemplate\":\"https:\\\/\\\/lightweb.dev\\\/l\\\/svm-temp\\\/?s={search_term_string}\"},\"query-input\":{\"@type\":\"PropertyValueSpecification\",\"valueRequired\":true,\"valueName\":\"search_term_string\"}}],\"inLanguage\":\"sv-SE\"},{\"@type\":\"Organization\",\"@id\":\"https:\\\/\\\/lightweb.dev\\\/l\\\/svm-temp\\\/#organization\",\"name\":\"Melkerson y Nott SL\",\"alternateName\":\"Svenska Magasinet\",\"url\":\"https:\\\/\\\/lightweb.dev\\\/l\\\/svm-temp\\\/\",\"logo\":{\"@type\":\"ImageObject\",\"inLanguage\":\"sv-SE\",\"@id\":\"https:\\\/\\\/lightweb.dev\\\/l\\\/svm-temp\\\/#\\\/schema\\\/logo\\\/image\\\/\",\"url\":\"https:\\\/\\\/lightweb.dev\\\/l\\\/svm-temp\\\/wp-content\\\/uploads\\\/2025\\\/02\\\/SvM-logo-Xtra-Centrerad-SVART.png\",\"contentUrl\":\"https:\\\/\\\/lightweb.dev\\\/l\\\/svm-temp\\\/wp-content\\\/uploads\\\/2025\\\/02\\\/SvM-logo-Xtra-Centrerad-SVART.png\",\"width\":300,\"height\":99,\"caption\":\"Melkerson y Nott SL\"},\"image\":{\"@id\":\"https:\\\/\\\/lightweb.dev\\\/l\\\/svm-temp\\\/#\\\/schema\\\/logo\\\/image\\\/\"},\"sameAs\":[\"https:\\\/\\\/www.facebook.com\\\/svenskamagasinet\",\"https:\\\/\\\/x.com\\\/SvenskaMagasine\"]},{\"@type\":\"Person\",\"@id\":\"https:\\\/\\\/lightweb.dev\\\/l\\\/svm-temp\\\/#\\\/schema\\\/person\\\/206a3bda5b607b0c25e1749191e4d837\",\"name\":\"Redaktionen SvM\",\"description\":\"Redaktionen\",\"sameAs\":[\"https:\\\/\\\/lightweb.dev\\\/l\\\/svm-temp\"],\"url\":\"https:\\\/\\\/lightweb.dev\\\/l\\\/svm-temp\\\/reporter\\\/redaktionen\\\/\"}]}<\/script>\n<!-- \/ Yoast SEO Premium plugin. -->","yoast_head_json":{"title":"Covidl\u00e4get: M\u00e1lagaprovinsen p\u00e5 l\u00e4gsta niv\u00e5 - Svenska Magasinet","robots":{"index":"noindex","follow":"follow","max-snippet":"max-snippet:-1","max-image-preview":"max-image-preview:large","max-video-preview":"max-video-preview:-1"},"og_locale":"sv_SE","og_type":"article","og_title":"Covidl\u00e4get: M\u00e1lagaprovinsen p\u00e5 l\u00e4gsta niv\u00e5","og_description":"M\u00e1laga \u00e4r fr\u00e5n idag torsdag den enda provinsen i regionen Andalusien som ligger p\u00e5 niv\u00e5 1 n\u00e4r det g\u00e4ller coronasmittade. Incidenstalet f\u00f6r provinsen M\u00e1laga ligger p\u00e5 123,7 fall per 100.000 inv\u00e5nare de senaste 14 dagarna. Det kan j\u00e4mf\u00f6ras med genomsnittet f\u00f6r Andalusien p\u00e5 164,5. H\u00f6gst incidens rapporterar Granada (246.2) och Huelva (234.2). Det g\u00e5r allts\u00e5 [&hellip;]","og_url":"https:\/\/lightweb.dev\/l\/svm-temp\/nyheter\/covidlaget-malagaprovinsen-pa-lagsta-niva\/","og_site_name":"Svenska Magasinet","article_publisher":"https:\/\/www.facebook.com\/svenskamagasinet","article_published_time":"2021-05-20T13:04:00+00:00","og_image":[{"width":500,"height":300,"url":"https:\/\/lightweb.dev\/l\/svm-temp\/wp-content\/uploads\/2022\/06\/covidlaget-malagaprovinsen-pa-lagsta-niva.png","type":"image\/png"}],"author":"Redaktionen SvM","twitter_card":"summary_large_image","twitter_creator":"@SvenskaMagasine","twitter_site":"@SvenskaMagasine","schema":{"@context":"https:\/\/schema.org","@graph":[{"@type":"Article","@id":"https:\/\/lightweb.dev\/l\/svm-temp\/nyheter\/covidlaget-malagaprovinsen-pa-lagsta-niva\/#article","isPartOf":{"@id":"https:\/\/lightweb.dev\/l\/svm-temp\/nyheter\/covidlaget-malagaprovinsen-pa-lagsta-niva\/"},"author":{"name":"Redaktionen SvM","@id":"https:\/\/lightweb.dev\/l\/svm-temp\/#\/schema\/person\/206a3bda5b607b0c25e1749191e4d837"},"headline":"Covidl\u00e4get: M\u00e1lagaprovinsen p\u00e5 l\u00e4gsta niv\u00e5","datePublished":"2021-05-20T13:04:00+00:00","mainEntityOfPage":{"@id":"https:\/\/lightweb.dev\/l\/svm-temp\/nyheter\/covidlaget-malagaprovinsen-pa-lagsta-niva\/"},"wordCount":383,"commentCount":0,"publisher":{"@id":"https:\/\/lightweb.dev\/l\/svm-temp\/#organization"},"image":{"@id":"https:\/\/lightweb.dev\/l\/svm-temp\/nyheter\/covidlaget-malagaprovinsen-pa-lagsta-niva\/#primaryimage"},"thumbnailUrl":"https:\/\/lightweb.dev\/l\/svm-temp\/wp-content\/uploads\/2022\/06\/covidlaget-malagaprovinsen-pa-lagsta-niva.png","articleSection":["Arkiv","Nyheter"],"inLanguage":"sv-SE"},{"@type":"WebPage","@id":"https:\/\/lightweb.dev\/l\/svm-temp\/nyheter\/covidlaget-malagaprovinsen-pa-lagsta-niva\/","url":"https:\/\/lightweb.dev\/l\/svm-temp\/nyheter\/covidlaget-malagaprovinsen-pa-lagsta-niva\/","name":"Covidl\u00e4get: M\u00e1lagaprovinsen p\u00e5 l\u00e4gsta niv\u00e5 - Svenska Magasinet","isPartOf":{"@id":"https:\/\/lightweb.dev\/l\/svm-temp\/#website"},"primaryImageOfPage":{"@id":"https:\/\/lightweb.dev\/l\/svm-temp\/nyheter\/covidlaget-malagaprovinsen-pa-lagsta-niva\/#primaryimage"},"image":{"@id":"https:\/\/lightweb.dev\/l\/svm-temp\/nyheter\/covidlaget-malagaprovinsen-pa-lagsta-niva\/#primaryimage"},"thumbnailUrl":"https:\/\/lightweb.dev\/l\/svm-temp\/wp-content\/uploads\/2022\/06\/covidlaget-malagaprovinsen-pa-lagsta-niva.png","datePublished":"2021-05-20T13:04:00+00:00","breadcrumb":{"@id":"https:\/\/lightweb.dev\/l\/svm-temp\/nyheter\/covidlaget-malagaprovinsen-pa-lagsta-niva\/#breadcrumb"},"inLanguage":"sv-SE","potentialAction":[{"@type":"ReadAction","target":["https:\/\/lightweb.dev\/l\/svm-temp\/nyheter\/covidlaget-malagaprovinsen-pa-lagsta-niva\/"]}]},{"@type":"ImageObject","inLanguage":"sv-SE","@id":"https:\/\/lightweb.dev\/l\/svm-temp\/nyheter\/covidlaget-malagaprovinsen-pa-lagsta-niva\/#primaryimage","url":"https:\/\/lightweb.dev\/l\/svm-temp\/wp-content\/uploads\/2022\/06\/covidlaget-malagaprovinsen-pa-lagsta-niva.png","contentUrl":"https:\/\/lightweb.dev\/l\/svm-temp\/wp-content\/uploads\/2022\/06\/covidlaget-malagaprovinsen-pa-lagsta-niva.png","width":500,"height":300},{"@type":"BreadcrumbList","@id":"https:\/\/lightweb.dev\/l\/svm-temp\/nyheter\/covidlaget-malagaprovinsen-pa-lagsta-niva\/#breadcrumb","itemListElement":[{"@type":"ListItem","position":1,"name":"Hem","item":"https:\/\/lightweb.dev\/l\/svm-temp\/"},{"@type":"ListItem","position":2,"name":"Covidl\u00e4get: M\u00e1lagaprovinsen p\u00e5 l\u00e4gsta niv\u00e5"}]},{"@type":"WebSite","@id":"https:\/\/lightweb.dev\/l\/svm-temp\/#website","url":"https:\/\/lightweb.dev\/l\/svm-temp\/","name":"Svenska Magasinet","description":"Dina Spanska nyheter p&aring; Svenska","publisher":{"@id":"https:\/\/lightweb.dev\/l\/svm-temp\/#organization"},"potentialAction":[{"@type":"SearchAction","target":{"@type":"EntryPoint","urlTemplate":"https:\/\/lightweb.dev\/l\/svm-temp\/?s={search_term_string}"},"query-input":{"@type":"PropertyValueSpecification","valueRequired":true,"valueName":"search_term_string"}}],"inLanguage":"sv-SE"},{"@type":"Organization","@id":"https:\/\/lightweb.dev\/l\/svm-temp\/#organization","name":"Melkerson y Nott SL","alternateName":"Svenska Magasinet","url":"https:\/\/lightweb.dev\/l\/svm-temp\/","logo":{"@type":"ImageObject","inLanguage":"sv-SE","@id":"https:\/\/lightweb.dev\/l\/svm-temp\/#\/schema\/logo\/image\/","url":"https:\/\/lightweb.dev\/l\/svm-temp\/wp-content\/uploads\/2025\/02\/SvM-logo-Xtra-Centrerad-SVART.png","contentUrl":"https:\/\/lightweb.dev\/l\/svm-temp\/wp-content\/uploads\/2025\/02\/SvM-logo-Xtra-Centrerad-SVART.png","width":300,"height":99,"caption":"Melkerson y Nott SL"},"image":{"@id":"https:\/\/lightweb.dev\/l\/svm-temp\/#\/schema\/logo\/image\/"},"sameAs":["https:\/\/www.facebook.com\/svenskamagasinet","https:\/\/x.com\/SvenskaMagasine"]},{"@type":"Person","@id":"https:\/\/lightweb.dev\/l\/svm-temp\/#\/schema\/person\/206a3bda5b607b0c25e1749191e4d837","name":"Redaktionen SvM","description":"Redaktionen","sameAs":["https:\/\/lightweb.dev\/l\/svm-temp"],"url":"https:\/\/lightweb.dev\/l\/svm-temp\/reporter\/redaktionen\/"}]}},"_links":{"self":[{"href":"https:\/\/lightweb.dev\/l\/svm-temp\/wp-json\/wp\/v2\/posts\/12130","targetHints":{"allow":["GET"]}}],"collection":[{"href":"https:\/\/lightweb.dev\/l\/svm-temp\/wp-json\/wp\/v2\/posts"}],"about":[{"href":"https:\/\/lightweb.dev\/l\/svm-temp\/wp-json\/wp\/v2\/types\/post"}],"author":[{"embeddable":true,"href":"https:\/\/lightweb.dev\/l\/svm-temp\/wp-json\/wp\/v2\/users\/8"}],"replies":[{"embeddable":true,"href":"https:\/\/lightweb.dev\/l\/svm-temp\/wp-json\/wp\/v2\/comments?post=12130"}],"version-history":[{"count":0,"href":"https:\/\/lightweb.dev\/l\/svm-temp\/wp-json\/wp\/v2\/posts\/12130\/revisions"}],"wp:featuredmedia":[{"embeddable":true,"href":"https:\/\/lightweb.dev\/l\/svm-temp\/wp-json\/wp\/v2\/media\/12131"}],"wp:attachment":[{"href":"https:\/\/lightweb.dev\/l\/svm-temp\/wp-json\/wp\/v2\/media?parent=12130"}],"wp:term":[{"taxonomy":"category","embeddable":true,"href":"https:\/\/lightweb.dev\/l\/svm-temp\/wp-json\/wp\/v2\/categories?post=12130"},{"taxonomy":"post_tag","embeddable":true,"href":"https:\/\/lightweb.dev\/l\/svm-temp\/wp-json\/wp\/v2\/tags?post=12130"}],"curies":[{"name":"wp","href":"https:\/\/api.w.org\/{rel}","templated":true}]}}