{"id":12132,"date":"2021-05-20T15:45:00","date_gmt":"2021-05-20T13:45:00","guid":{"rendered":"https:\/\/lightweb.dev\/l\/svm-temp\/nyheter\/valenciaregionen-redovisar-noll-dodsfall-med-covid-19\/"},"modified":"2021-05-20T15:45:00","modified_gmt":"2021-05-20T13:45:00","slug":"valenciaregionen-redovisar-noll-dodsfall-med-covid-19","status":"publish","type":"post","link":"https:\/\/lightweb.dev\/l\/svm-temp\/nyheter\/valenciaregionen-redovisar-noll-dodsfall-med-covid-19\/","title":{"rendered":"Valenciaregionen redovisar noll d\u00f6dsfall med covid-19"},"content":{"rendered":"<p> F\u00f6r f\u00f6rsta g\u00e5ngen p\u00e5 \u00e5tta m\u00e5nader redovisar Valenciaregionen inte n\u00e5got d\u00f6dsfall p\u00e5 grund av sjukdomen covid-19 senaste dygnet. Senast det intr\u00e4ffade var den 12 september ifjol.<\/p>\n<p>Incidenstalet i Valenciaregionen \u00e4r fortsatt n\u00e4st l\u00e4gst i Spanien med 29 fall per 100.000 inv\u00e5nare. Bara den autonoma staden Ceuta har l\u00e4gre med 14,25.<\/p>\n<p>Bel\u00e4ggningen av covidpatienter forts\u00e4tter att minska p\u00e5 sjukhusen i Valenciaregionen. F\u00f6r n\u00e4rvarande \u00e4r 148 personer inlagda med sjukdomen covid-19 som orsakas av coronaviruset SARS-CoV-2. 34 av dessa f\u00e5r iva-v\u00e5rd.<\/p>\n<p>Trots den l\u00e5ga smittfrekvensen i Valenciaregionen forts\u00e4tter restriktionerna. Regionen har redan nu meddelat att uteg\u00e5ngsf\u00f6rbudet nattetid f\u00f6rl\u00e4ngs till och med den 6 juni fr\u00e5n den 24 maj. Enda f\u00f6r\u00e4ndringen blir att det g\u00e4ller en timme senare, fr\u00e5n klockan 01 till 06.<\/p>\n<p>Hur det blir med en f\u00f6rl\u00e4ngning av p\u00e5budet om att h\u00f6gst tio personer f\u00e5r samlas \u00e5terst\u00e5r att se.<\/p>\n<p>Serveringsst\u00e4llen kan h\u00e5lla \u00f6ppet fram till klockan 23.30 med en bel\u00e4ggning p\u00e5 50 procent inomhus och 100 procent utomhus. Servering vid bardisken \u00e4r inte till\u00e5ten.<\/p>\n<p>Antalet vaccinerade i regionen forts\u00e4tter att \u00f6ka stabilt. Totalt har 2.326.332 doser administrerats. 764.431 personer har f\u00e5tt tv\u00e5 doser (bilden).<\/p>\n<p>Regionpresidenten Ximo Puig s\u00e4ger att man planerar att vaccinera de mellan 30 och 40 \u00e5r fr\u00e5n juli m\u00e5nad.<\/p>\n<p>Vaccineringen av de \u00f6ver 50 \u00e5r kommer att avslutas den 15 juni. Tv\u00e5 dagar senare den 17 juni inleds vaccineringen av de mellan 40 och 49 \u00e5r.<br \/>\n Senaste covidnyheter hittar du p\u00e5 @SvenskaMagasinet<\/p>\n","protected":false},"excerpt":{"rendered":"<p>F\u00f6r f\u00f6rsta g\u00e5ngen p\u00e5 \u00e5tta m\u00e5nader redovisar Valenciaregionen inte n\u00e5got d\u00f6dsfall p\u00e5 grund av sjukdomen covid-19 senaste dygnet. Senast det intr\u00e4ffade var den 12 september ifjol. Incidenstalet i Valenciaregionen \u00e4r fortsatt n\u00e4st l\u00e4gst i Spanien med 29 fall per 100.000 inv\u00e5nare. Bara den autonoma staden Ceuta har l\u00e4gre med 14,25. Bel\u00e4ggningen av covidpatienter forts\u00e4tter att [&hellip;]<\/p>\n","protected":false},"author":8,"featured_media":12133,"comment_status":"open","ping_status":"open","sticky":false,"template":"","format":"standard","meta":{"_et_pb_use_builder":"","_et_pb_old_content":"","_et_gb_content_width":"","footnotes":""},"categories":[395,3],"tags":[],"class_list":["post-12132","post","type-post","status-publish","format-standard","has-post-thumbnail","hentry","category-arkiv-nyheter","category-nyheter"],"yoast_head":"<!-- This site is optimized with the Yoast SEO Premium plugin v26.2 (Yoast SEO v27.5) - https:\/\/yoast.com\/product\/yoast-seo-premium-wordpress\/ -->\n<title>Valenciaregionen redovisar noll d\u00f6dsfall med covid-19 - Svenska Magasinet<\/title>\n<meta name=\"robots\" content=\"noindex, follow, max-snippet:-1, max-image-preview:large, max-video-preview:-1\" \/>\n<meta property=\"og:locale\" content=\"sv_SE\" \/>\n<meta property=\"og:type\" content=\"article\" \/>\n<meta property=\"og:title\" content=\"Valenciaregionen redovisar noll d\u00f6dsfall med covid-19\" \/>\n<meta property=\"og:description\" content=\"F\u00f6r f\u00f6rsta g\u00e5ngen p\u00e5 \u00e5tta m\u00e5nader redovisar Valenciaregionen inte n\u00e5got d\u00f6dsfall p\u00e5 grund av sjukdomen covid-19 senaste dygnet. Senast det intr\u00e4ffade var den 12 september ifjol. Incidenstalet i Valenciaregionen \u00e4r fortsatt n\u00e4st l\u00e4gst i Spanien med 29 fall per 100.000 inv\u00e5nare. Bara den autonoma staden Ceuta har l\u00e4gre med 14,25. Bel\u00e4ggningen av covidpatienter forts\u00e4tter att [&hellip;]\" \/>\n<meta property=\"og:url\" content=\"https:\/\/lightweb.dev\/l\/svm-temp\/nyheter\/valenciaregionen-redovisar-noll-dodsfall-med-covid-19\/\" \/>\n<meta property=\"og:site_name\" content=\"Svenska Magasinet\" \/>\n<meta property=\"article:publisher\" content=\"https:\/\/www.facebook.com\/svenskamagasinet\" \/>\n<meta property=\"article:published_time\" content=\"2021-05-20T13:45:00+00:00\" \/>\n<meta property=\"og:image\" content=\"https:\/\/lightweb.dev\/l\/svm-temp\/wp-content\/uploads\/2022\/06\/valenciaregionen-redovisar-noll-dodsfall-med-covid19.png\" \/>\n\t<meta property=\"og:image:width\" content=\"500\" \/>\n\t<meta property=\"og:image:height\" content=\"300\" \/>\n\t<meta property=\"og:image:type\" content=\"image\/png\" \/>\n<meta name=\"author\" content=\"Redaktionen SvM\" \/>\n<meta name=\"twitter:card\" content=\"summary_large_image\" \/>\n<meta name=\"twitter:creator\" content=\"@SvenskaMagasine\" \/>\n<meta name=\"twitter:site\" content=\"@SvenskaMagasine\" \/>\n<script type=\"application\/ld+json\" class=\"yoast-schema-graph\">{\"@context\":\"https:\\\/\\\/schema.org\",\"@graph\":[{\"@type\":\"Article\",\"@id\":\"https:\\\/\\\/lightweb.dev\\\/l\\\/svm-temp\\\/nyheter\\\/valenciaregionen-redovisar-noll-dodsfall-med-covid-19\\\/#article\",\"isPartOf\":{\"@id\":\"https:\\\/\\\/lightweb.dev\\\/l\\\/svm-temp\\\/nyheter\\\/valenciaregionen-redovisar-noll-dodsfall-med-covid-19\\\/\"},\"author\":{\"name\":\"Redaktionen SvM\",\"@id\":\"https:\\\/\\\/lightweb.dev\\\/l\\\/svm-temp\\\/#\\\/schema\\\/person\\\/206a3bda5b607b0c25e1749191e4d837\"},\"headline\":\"Valenciaregionen redovisar noll d\u00f6dsfall med covid-19\",\"datePublished\":\"2021-05-20T13:45:00+00:00\",\"mainEntityOfPage\":{\"@id\":\"https:\\\/\\\/lightweb.dev\\\/l\\\/svm-temp\\\/nyheter\\\/valenciaregionen-redovisar-noll-dodsfall-med-covid-19\\\/\"},\"wordCount\":262,\"commentCount\":0,\"publisher\":{\"@id\":\"https:\\\/\\\/lightweb.dev\\\/l\\\/svm-temp\\\/#organization\"},\"image\":{\"@id\":\"https:\\\/\\\/lightweb.dev\\\/l\\\/svm-temp\\\/nyheter\\\/valenciaregionen-redovisar-noll-dodsfall-med-covid-19\\\/#primaryimage\"},\"thumbnailUrl\":\"https:\\\/\\\/lightweb.dev\\\/l\\\/svm-temp\\\/wp-content\\\/uploads\\\/2022\\\/06\\\/valenciaregionen-redovisar-noll-dodsfall-med-covid19.png\",\"articleSection\":[\"Arkiv\",\"Nyheter\"],\"inLanguage\":\"sv-SE\"},{\"@type\":\"WebPage\",\"@id\":\"https:\\\/\\\/lightweb.dev\\\/l\\\/svm-temp\\\/nyheter\\\/valenciaregionen-redovisar-noll-dodsfall-med-covid-19\\\/\",\"url\":\"https:\\\/\\\/lightweb.dev\\\/l\\\/svm-temp\\\/nyheter\\\/valenciaregionen-redovisar-noll-dodsfall-med-covid-19\\\/\",\"name\":\"Valenciaregionen redovisar noll d\u00f6dsfall med covid-19 - Svenska Magasinet\",\"isPartOf\":{\"@id\":\"https:\\\/\\\/lightweb.dev\\\/l\\\/svm-temp\\\/#website\"},\"primaryImageOfPage\":{\"@id\":\"https:\\\/\\\/lightweb.dev\\\/l\\\/svm-temp\\\/nyheter\\\/valenciaregionen-redovisar-noll-dodsfall-med-covid-19\\\/#primaryimage\"},\"image\":{\"@id\":\"https:\\\/\\\/lightweb.dev\\\/l\\\/svm-temp\\\/nyheter\\\/valenciaregionen-redovisar-noll-dodsfall-med-covid-19\\\/#primaryimage\"},\"thumbnailUrl\":\"https:\\\/\\\/lightweb.dev\\\/l\\\/svm-temp\\\/wp-content\\\/uploads\\\/2022\\\/06\\\/valenciaregionen-redovisar-noll-dodsfall-med-covid19.png\",\"datePublished\":\"2021-05-20T13:45:00+00:00\",\"breadcrumb\":{\"@id\":\"https:\\\/\\\/lightweb.dev\\\/l\\\/svm-temp\\\/nyheter\\\/valenciaregionen-redovisar-noll-dodsfall-med-covid-19\\\/#breadcrumb\"},\"inLanguage\":\"sv-SE\",\"potentialAction\":[{\"@type\":\"ReadAction\",\"target\":[\"https:\\\/\\\/lightweb.dev\\\/l\\\/svm-temp\\\/nyheter\\\/valenciaregionen-redovisar-noll-dodsfall-med-covid-19\\\/\"]}]},{\"@type\":\"ImageObject\",\"inLanguage\":\"sv-SE\",\"@id\":\"https:\\\/\\\/lightweb.dev\\\/l\\\/svm-temp\\\/nyheter\\\/valenciaregionen-redovisar-noll-dodsfall-med-covid-19\\\/#primaryimage\",\"url\":\"https:\\\/\\\/lightweb.dev\\\/l\\\/svm-temp\\\/wp-content\\\/uploads\\\/2022\\\/06\\\/valenciaregionen-redovisar-noll-dodsfall-med-covid19.png\",\"contentUrl\":\"https:\\\/\\\/lightweb.dev\\\/l\\\/svm-temp\\\/wp-content\\\/uploads\\\/2022\\\/06\\\/valenciaregionen-redovisar-noll-dodsfall-med-covid19.png\",\"width\":500,\"height\":300},{\"@type\":\"BreadcrumbList\",\"@id\":\"https:\\\/\\\/lightweb.dev\\\/l\\\/svm-temp\\\/nyheter\\\/valenciaregionen-redovisar-noll-dodsfall-med-covid-19\\\/#breadcrumb\",\"itemListElement\":[{\"@type\":\"ListItem\",\"position\":1,\"name\":\"Hem\",\"item\":\"https:\\\/\\\/lightweb.dev\\\/l\\\/svm-temp\\\/\"},{\"@type\":\"ListItem\",\"position\":2,\"name\":\"Valenciaregionen redovisar noll d\u00f6dsfall med covid-19\"}]},{\"@type\":\"WebSite\",\"@id\":\"https:\\\/\\\/lightweb.dev\\\/l\\\/svm-temp\\\/#website\",\"url\":\"https:\\\/\\\/lightweb.dev\\\/l\\\/svm-temp\\\/\",\"name\":\"Svenska Magasinet\",\"description\":\"Dina Spanska nyheter p&aring; Svenska\",\"publisher\":{\"@id\":\"https:\\\/\\\/lightweb.dev\\\/l\\\/svm-temp\\\/#organization\"},\"potentialAction\":[{\"@type\":\"SearchAction\",\"target\":{\"@type\":\"EntryPoint\",\"urlTemplate\":\"https:\\\/\\\/lightweb.dev\\\/l\\\/svm-temp\\\/?s={search_term_string}\"},\"query-input\":{\"@type\":\"PropertyValueSpecification\",\"valueRequired\":true,\"valueName\":\"search_term_string\"}}],\"inLanguage\":\"sv-SE\"},{\"@type\":\"Organization\",\"@id\":\"https:\\\/\\\/lightweb.dev\\\/l\\\/svm-temp\\\/#organization\",\"name\":\"Melkerson y Nott SL\",\"alternateName\":\"Svenska Magasinet\",\"url\":\"https:\\\/\\\/lightweb.dev\\\/l\\\/svm-temp\\\/\",\"logo\":{\"@type\":\"ImageObject\",\"inLanguage\":\"sv-SE\",\"@id\":\"https:\\\/\\\/lightweb.dev\\\/l\\\/svm-temp\\\/#\\\/schema\\\/logo\\\/image\\\/\",\"url\":\"https:\\\/\\\/lightweb.dev\\\/l\\\/svm-temp\\\/wp-content\\\/uploads\\\/2025\\\/02\\\/SvM-logo-Xtra-Centrerad-SVART.png\",\"contentUrl\":\"https:\\\/\\\/lightweb.dev\\\/l\\\/svm-temp\\\/wp-content\\\/uploads\\\/2025\\\/02\\\/SvM-logo-Xtra-Centrerad-SVART.png\",\"width\":300,\"height\":99,\"caption\":\"Melkerson y Nott SL\"},\"image\":{\"@id\":\"https:\\\/\\\/lightweb.dev\\\/l\\\/svm-temp\\\/#\\\/schema\\\/logo\\\/image\\\/\"},\"sameAs\":[\"https:\\\/\\\/www.facebook.com\\\/svenskamagasinet\",\"https:\\\/\\\/x.com\\\/SvenskaMagasine\"]},{\"@type\":\"Person\",\"@id\":\"https:\\\/\\\/lightweb.dev\\\/l\\\/svm-temp\\\/#\\\/schema\\\/person\\\/206a3bda5b607b0c25e1749191e4d837\",\"name\":\"Redaktionen SvM\",\"description\":\"Redaktionen\",\"sameAs\":[\"https:\\\/\\\/lightweb.dev\\\/l\\\/svm-temp\"],\"url\":\"https:\\\/\\\/lightweb.dev\\\/l\\\/svm-temp\\\/reporter\\\/redaktionen\\\/\"}]}<\/script>\n<!-- \/ Yoast SEO Premium plugin. -->","yoast_head_json":{"title":"Valenciaregionen redovisar noll d\u00f6dsfall med covid-19 - Svenska Magasinet","robots":{"index":"noindex","follow":"follow","max-snippet":"max-snippet:-1","max-image-preview":"max-image-preview:large","max-video-preview":"max-video-preview:-1"},"og_locale":"sv_SE","og_type":"article","og_title":"Valenciaregionen redovisar noll d\u00f6dsfall med covid-19","og_description":"F\u00f6r f\u00f6rsta g\u00e5ngen p\u00e5 \u00e5tta m\u00e5nader redovisar Valenciaregionen inte n\u00e5got d\u00f6dsfall p\u00e5 grund av sjukdomen covid-19 senaste dygnet. Senast det intr\u00e4ffade var den 12 september ifjol. Incidenstalet i Valenciaregionen \u00e4r fortsatt n\u00e4st l\u00e4gst i Spanien med 29 fall per 100.000 inv\u00e5nare. Bara den autonoma staden Ceuta har l\u00e4gre med 14,25. Bel\u00e4ggningen av covidpatienter forts\u00e4tter att [&hellip;]","og_url":"https:\/\/lightweb.dev\/l\/svm-temp\/nyheter\/valenciaregionen-redovisar-noll-dodsfall-med-covid-19\/","og_site_name":"Svenska Magasinet","article_publisher":"https:\/\/www.facebook.com\/svenskamagasinet","article_published_time":"2021-05-20T13:45:00+00:00","og_image":[{"width":500,"height":300,"url":"https:\/\/lightweb.dev\/l\/svm-temp\/wp-content\/uploads\/2022\/06\/valenciaregionen-redovisar-noll-dodsfall-med-covid19.png","type":"image\/png"}],"author":"Redaktionen SvM","twitter_card":"summary_large_image","twitter_creator":"@SvenskaMagasine","twitter_site":"@SvenskaMagasine","schema":{"@context":"https:\/\/schema.org","@graph":[{"@type":"Article","@id":"https:\/\/lightweb.dev\/l\/svm-temp\/nyheter\/valenciaregionen-redovisar-noll-dodsfall-med-covid-19\/#article","isPartOf":{"@id":"https:\/\/lightweb.dev\/l\/svm-temp\/nyheter\/valenciaregionen-redovisar-noll-dodsfall-med-covid-19\/"},"author":{"name":"Redaktionen SvM","@id":"https:\/\/lightweb.dev\/l\/svm-temp\/#\/schema\/person\/206a3bda5b607b0c25e1749191e4d837"},"headline":"Valenciaregionen redovisar noll d\u00f6dsfall med covid-19","datePublished":"2021-05-20T13:45:00+00:00","mainEntityOfPage":{"@id":"https:\/\/lightweb.dev\/l\/svm-temp\/nyheter\/valenciaregionen-redovisar-noll-dodsfall-med-covid-19\/"},"wordCount":262,"commentCount":0,"publisher":{"@id":"https:\/\/lightweb.dev\/l\/svm-temp\/#organization"},"image":{"@id":"https:\/\/lightweb.dev\/l\/svm-temp\/nyheter\/valenciaregionen-redovisar-noll-dodsfall-med-covid-19\/#primaryimage"},"thumbnailUrl":"https:\/\/lightweb.dev\/l\/svm-temp\/wp-content\/uploads\/2022\/06\/valenciaregionen-redovisar-noll-dodsfall-med-covid19.png","articleSection":["Arkiv","Nyheter"],"inLanguage":"sv-SE"},{"@type":"WebPage","@id":"https:\/\/lightweb.dev\/l\/svm-temp\/nyheter\/valenciaregionen-redovisar-noll-dodsfall-med-covid-19\/","url":"https:\/\/lightweb.dev\/l\/svm-temp\/nyheter\/valenciaregionen-redovisar-noll-dodsfall-med-covid-19\/","name":"Valenciaregionen redovisar noll d\u00f6dsfall med covid-19 - Svenska Magasinet","isPartOf":{"@id":"https:\/\/lightweb.dev\/l\/svm-temp\/#website"},"primaryImageOfPage":{"@id":"https:\/\/lightweb.dev\/l\/svm-temp\/nyheter\/valenciaregionen-redovisar-noll-dodsfall-med-covid-19\/#primaryimage"},"image":{"@id":"https:\/\/lightweb.dev\/l\/svm-temp\/nyheter\/valenciaregionen-redovisar-noll-dodsfall-med-covid-19\/#primaryimage"},"thumbnailUrl":"https:\/\/lightweb.dev\/l\/svm-temp\/wp-content\/uploads\/2022\/06\/valenciaregionen-redovisar-noll-dodsfall-med-covid19.png","datePublished":"2021-05-20T13:45:00+00:00","breadcrumb":{"@id":"https:\/\/lightweb.dev\/l\/svm-temp\/nyheter\/valenciaregionen-redovisar-noll-dodsfall-med-covid-19\/#breadcrumb"},"inLanguage":"sv-SE","potentialAction":[{"@type":"ReadAction","target":["https:\/\/lightweb.dev\/l\/svm-temp\/nyheter\/valenciaregionen-redovisar-noll-dodsfall-med-covid-19\/"]}]},{"@type":"ImageObject","inLanguage":"sv-SE","@id":"https:\/\/lightweb.dev\/l\/svm-temp\/nyheter\/valenciaregionen-redovisar-noll-dodsfall-med-covid-19\/#primaryimage","url":"https:\/\/lightweb.dev\/l\/svm-temp\/wp-content\/uploads\/2022\/06\/valenciaregionen-redovisar-noll-dodsfall-med-covid19.png","contentUrl":"https:\/\/lightweb.dev\/l\/svm-temp\/wp-content\/uploads\/2022\/06\/valenciaregionen-redovisar-noll-dodsfall-med-covid19.png","width":500,"height":300},{"@type":"BreadcrumbList","@id":"https:\/\/lightweb.dev\/l\/svm-temp\/nyheter\/valenciaregionen-redovisar-noll-dodsfall-med-covid-19\/#breadcrumb","itemListElement":[{"@type":"ListItem","position":1,"name":"Hem","item":"https:\/\/lightweb.dev\/l\/svm-temp\/"},{"@type":"ListItem","position":2,"name":"Valenciaregionen redovisar noll d\u00f6dsfall med covid-19"}]},{"@type":"WebSite","@id":"https:\/\/lightweb.dev\/l\/svm-temp\/#website","url":"https:\/\/lightweb.dev\/l\/svm-temp\/","name":"Svenska Magasinet","description":"Dina Spanska nyheter p&aring; Svenska","publisher":{"@id":"https:\/\/lightweb.dev\/l\/svm-temp\/#organization"},"potentialAction":[{"@type":"SearchAction","target":{"@type":"EntryPoint","urlTemplate":"https:\/\/lightweb.dev\/l\/svm-temp\/?s={search_term_string}"},"query-input":{"@type":"PropertyValueSpecification","valueRequired":true,"valueName":"search_term_string"}}],"inLanguage":"sv-SE"},{"@type":"Organization","@id":"https:\/\/lightweb.dev\/l\/svm-temp\/#organization","name":"Melkerson y Nott SL","alternateName":"Svenska Magasinet","url":"https:\/\/lightweb.dev\/l\/svm-temp\/","logo":{"@type":"ImageObject","inLanguage":"sv-SE","@id":"https:\/\/lightweb.dev\/l\/svm-temp\/#\/schema\/logo\/image\/","url":"https:\/\/lightweb.dev\/l\/svm-temp\/wp-content\/uploads\/2025\/02\/SvM-logo-Xtra-Centrerad-SVART.png","contentUrl":"https:\/\/lightweb.dev\/l\/svm-temp\/wp-content\/uploads\/2025\/02\/SvM-logo-Xtra-Centrerad-SVART.png","width":300,"height":99,"caption":"Melkerson y Nott SL"},"image":{"@id":"https:\/\/lightweb.dev\/l\/svm-temp\/#\/schema\/logo\/image\/"},"sameAs":["https:\/\/www.facebook.com\/svenskamagasinet","https:\/\/x.com\/SvenskaMagasine"]},{"@type":"Person","@id":"https:\/\/lightweb.dev\/l\/svm-temp\/#\/schema\/person\/206a3bda5b607b0c25e1749191e4d837","name":"Redaktionen SvM","description":"Redaktionen","sameAs":["https:\/\/lightweb.dev\/l\/svm-temp"],"url":"https:\/\/lightweb.dev\/l\/svm-temp\/reporter\/redaktionen\/"}]}},"_links":{"self":[{"href":"https:\/\/lightweb.dev\/l\/svm-temp\/wp-json\/wp\/v2\/posts\/12132","targetHints":{"allow":["GET"]}}],"collection":[{"href":"https:\/\/lightweb.dev\/l\/svm-temp\/wp-json\/wp\/v2\/posts"}],"about":[{"href":"https:\/\/lightweb.dev\/l\/svm-temp\/wp-json\/wp\/v2\/types\/post"}],"author":[{"embeddable":true,"href":"https:\/\/lightweb.dev\/l\/svm-temp\/wp-json\/wp\/v2\/users\/8"}],"replies":[{"embeddable":true,"href":"https:\/\/lightweb.dev\/l\/svm-temp\/wp-json\/wp\/v2\/comments?post=12132"}],"version-history":[{"count":0,"href":"https:\/\/lightweb.dev\/l\/svm-temp\/wp-json\/wp\/v2\/posts\/12132\/revisions"}],"wp:featuredmedia":[{"embeddable":true,"href":"https:\/\/lightweb.dev\/l\/svm-temp\/wp-json\/wp\/v2\/media\/12133"}],"wp:attachment":[{"href":"https:\/\/lightweb.dev\/l\/svm-temp\/wp-json\/wp\/v2\/media?parent=12132"}],"wp:term":[{"taxonomy":"category","embeddable":true,"href":"https:\/\/lightweb.dev\/l\/svm-temp\/wp-json\/wp\/v2\/categories?post=12132"},{"taxonomy":"post_tag","embeddable":true,"href":"https:\/\/lightweb.dev\/l\/svm-temp\/wp-json\/wp\/v2\/tags?post=12132"}],"curies":[{"name":"wp","href":"https:\/\/api.w.org\/{rel}","templated":true}]}}