{"id":12134,"date":"2021-05-19T10:03:00","date_gmt":"2021-05-19T08:03:00","guid":{"rendered":"https:\/\/lightweb.dev\/l\/svm-temp\/nyheter\/promenadvag-mellan-engelska-kyrkogarden-och-gibralfaro\/"},"modified":"2021-05-19T10:03:00","modified_gmt":"2021-05-19T08:03:00","slug":"promenadvag-mellan-engelska-kyrkogarden-och-gibralfaro","status":"publish","type":"post","link":"https:\/\/lightweb.dev\/l\/svm-temp\/nyheter\/promenadvag-mellan-engelska-kyrkogarden-och-gibralfaro\/","title":{"rendered":"Promenadv\u00e4g mellan engelska kyrkog\u00e5rden och Gibralfaro"},"content":{"rendered":"<p> Spaniens \u00e4ldsta protestantiska kyrkog\u00e5rd, Cementerio Ingl\u00e9s i M\u00e1laga, binds samman med f\u00e4stningen Gibralfaro via en 330 meter l\u00e5ng promenadv\u00e4g. Arbetet har redan inletts och inom n\u00e5gra veckor ska den st\u00e5 klar.<\/p>\n<p>Engelska kyrkog\u00e5rden i M\u00e1laga och Gibralfarokullen ovanf\u00f6r hamnen i M\u00e1laga f\u00f6renas med en 330 meter l\u00e5ng promenad som f\u00e5r namnet Sendero Ca\u00f1ada de los Ingleses.<\/p>\n<p>Utmed stigarna runt Gibralfaro blir det m\u00f6jligt att vandra totalt fem kilometer i en vacker och intressant omgivning.<\/p>\n<p>Totalt handlar det om en investering p\u00e5 15.700 euro<\/p>\n<p>-Tillg\u00e4ngligheten blir b\u00e4ttre till skogsomr\u00e5det och bes\u00f6karna kan b\u00e4ttre njuta av naturen mitt i M\u00e1laga, s\u00e4ger kommunalr\u00e5det inom milj\u00f6v\u00e5rd, Gemma del Corral.<\/p>\n<p>Promenadv\u00e4gen b\u00f6rjar vid calle Ca\u00f1ada de los Ingleses bakom den engelska kyrkog\u00e5rden Cementerio Ingl\u00e9s och forts\u00e4tter 330 meter tills den ansluter till Sendero de la Malagueta och n\u00e4tverket av stigarna vid Gibralfaro.<\/p>\n<p>\u00c4ven en sex meter l\u00e5ng tr\u00e4bro \u00f6ver ett kuperat stycke anl\u00e4ggs. Det blir \u00e4ven tv\u00e5 utkikspunkter med b\u00e4nkar varifr\u00e5n bes\u00f6karna f\u00e5r en fin \u00f6verblick \u00f6ver M\u00e1lagabukten och hamnen.<\/p>\n<p>Engelska kyrkog\u00e5rden som har ing\u00e5ng fr\u00e5n Avenida de Pr\u00edes kom till 1831. Sedan dess har kyrkog\u00e5rden blivit en plats som k\u00e4nnetecknar samexistens mellan alla religioner. H\u00e4r ligger personligheter som Robert Boyd, Jorge Guill\u00e9n, Marjorice Grice-Hutchinson och Gerald Brenan begravda.<\/p>\n<p>F\u00f6r att underh\u00e5lla kyrkog\u00e5rden kr\u00e4vs 2.500 euro i m\u00e5naden. Runt 30.000 euro kommer in igenom frivilliga bidrag p\u00e5 ett \u00e5r.<\/p>\n<p>Stiftelsen som ansvarar f\u00f6r kyrkog\u00e5rden meddelar att privatpersoner som vill ge sitt st\u00f6d kan via webbplatsen cementerioinglesmalaga.org registrera sig som stiftelsens v\u00e4nner och betala en medlemsavgift p\u00e5 20 euro per \u00e5r.<\/p>\n<p>Efter att ha varit st\u00e4ngd sedan februari b\u00f6rjar evenemangen \u00e5terkomma vid engelska kyrkog\u00e5rden.<\/p>\n<p>P\u00e5 l\u00f6rdag den 22 maj klockan 21 framf\u00f6rs operetten \u201dMademoiselle Traviata\u201d av gruppen El Trovador. Stiftelsen som driver Cementerio Ingl\u00e9s informerar att det g\u00e5r att k\u00f6pa biljetter p\u00e5 eventbrite.es<\/p>\n","protected":false},"excerpt":{"rendered":"<p>Spaniens \u00e4ldsta protestantiska kyrkog\u00e5rd, Cementerio Ingl\u00e9s i M\u00e1laga, binds samman med f\u00e4stningen Gibralfaro via en 330 meter l\u00e5ng promenadv\u00e4g. Arbetet har redan inletts och inom n\u00e5gra veckor ska den st\u00e5 klar. Engelska kyrkog\u00e5rden i M\u00e1laga och Gibralfarokullen ovanf\u00f6r hamnen i M\u00e1laga f\u00f6renas med en 330 meter l\u00e5ng promenad som f\u00e5r namnet Sendero Ca\u00f1ada de los [&hellip;]<\/p>\n","protected":false},"author":8,"featured_media":12135,"comment_status":"open","ping_status":"open","sticky":false,"template":"","format":"standard","meta":{"_et_pb_use_builder":"","_et_pb_old_content":"","_et_gb_content_width":"","footnotes":""},"categories":[395,3],"tags":[],"class_list":["post-12134","post","type-post","status-publish","format-standard","has-post-thumbnail","hentry","category-arkiv-nyheter","category-nyheter"],"yoast_head":"<!-- This site is optimized with the Yoast SEO Premium plugin v26.2 (Yoast SEO v27.4) - https:\/\/yoast.com\/product\/yoast-seo-premium-wordpress\/ -->\n<title>Promenadv\u00e4g mellan engelska kyrkog\u00e5rden och Gibralfaro - Svenska Magasinet<\/title>\n<meta name=\"robots\" content=\"noindex, follow, max-snippet:-1, max-image-preview:large, max-video-preview:-1\" \/>\n<meta property=\"og:locale\" content=\"sv_SE\" \/>\n<meta property=\"og:type\" content=\"article\" \/>\n<meta property=\"og:title\" content=\"Promenadv\u00e4g mellan engelska kyrkog\u00e5rden och Gibralfaro\" \/>\n<meta property=\"og:description\" content=\"Spaniens \u00e4ldsta protestantiska kyrkog\u00e5rd, Cementerio Ingl\u00e9s i M\u00e1laga, binds samman med f\u00e4stningen Gibralfaro via en 330 meter l\u00e5ng promenadv\u00e4g. Arbetet har redan inletts och inom n\u00e5gra veckor ska den st\u00e5 klar. Engelska kyrkog\u00e5rden i M\u00e1laga och Gibralfarokullen ovanf\u00f6r hamnen i M\u00e1laga f\u00f6renas med en 330 meter l\u00e5ng promenad som f\u00e5r namnet Sendero Ca\u00f1ada de los [&hellip;]\" \/>\n<meta property=\"og:url\" content=\"https:\/\/lightweb.dev\/l\/svm-temp\/nyheter\/promenadvag-mellan-engelska-kyrkogarden-och-gibralfaro\/\" \/>\n<meta property=\"og:site_name\" content=\"Svenska Magasinet\" \/>\n<meta property=\"article:publisher\" content=\"https:\/\/www.facebook.com\/svenskamagasinet\" \/>\n<meta property=\"article:published_time\" content=\"2021-05-19T08:03:00+00:00\" \/>\n<meta property=\"og:image\" content=\"https:\/\/lightweb.dev\/l\/svm-temp\/wp-content\/uploads\/2022\/06\/promenadvag-mellan-engelska-kyrkogarden-och-gibralfaro.png\" \/>\n\t<meta property=\"og:image:width\" content=\"500\" \/>\n\t<meta property=\"og:image:height\" content=\"300\" \/>\n\t<meta property=\"og:image:type\" content=\"image\/png\" \/>\n<meta name=\"author\" content=\"Redaktionen SvM\" \/>\n<meta name=\"twitter:card\" content=\"summary_large_image\" \/>\n<meta name=\"twitter:creator\" content=\"@SvenskaMagasine\" \/>\n<meta name=\"twitter:site\" content=\"@SvenskaMagasine\" \/>\n<script type=\"application\/ld+json\" class=\"yoast-schema-graph\">{\"@context\":\"https:\\\/\\\/schema.org\",\"@graph\":[{\"@type\":\"Article\",\"@id\":\"https:\\\/\\\/lightweb.dev\\\/l\\\/svm-temp\\\/nyheter\\\/promenadvag-mellan-engelska-kyrkogarden-och-gibralfaro\\\/#article\",\"isPartOf\":{\"@id\":\"https:\\\/\\\/lightweb.dev\\\/l\\\/svm-temp\\\/nyheter\\\/promenadvag-mellan-engelska-kyrkogarden-och-gibralfaro\\\/\"},\"author\":{\"name\":\"Redaktionen SvM\",\"@id\":\"https:\\\/\\\/lightweb.dev\\\/l\\\/svm-temp\\\/#\\\/schema\\\/person\\\/206a3bda5b607b0c25e1749191e4d837\"},\"headline\":\"Promenadv\u00e4g mellan engelska kyrkog\u00e5rden och Gibralfaro\",\"datePublished\":\"2021-05-19T08:03:00+00:00\",\"mainEntityOfPage\":{\"@id\":\"https:\\\/\\\/lightweb.dev\\\/l\\\/svm-temp\\\/nyheter\\\/promenadvag-mellan-engelska-kyrkogarden-och-gibralfaro\\\/\"},\"wordCount\":363,\"commentCount\":0,\"publisher\":{\"@id\":\"https:\\\/\\\/lightweb.dev\\\/l\\\/svm-temp\\\/#organization\"},\"image\":{\"@id\":\"https:\\\/\\\/lightweb.dev\\\/l\\\/svm-temp\\\/nyheter\\\/promenadvag-mellan-engelska-kyrkogarden-och-gibralfaro\\\/#primaryimage\"},\"thumbnailUrl\":\"https:\\\/\\\/lightweb.dev\\\/l\\\/svm-temp\\\/wp-content\\\/uploads\\\/2022\\\/06\\\/promenadvag-mellan-engelska-kyrkogarden-och-gibralfaro.png\",\"articleSection\":[\"Arkiv\",\"Nyheter\"],\"inLanguage\":\"sv-SE\"},{\"@type\":\"WebPage\",\"@id\":\"https:\\\/\\\/lightweb.dev\\\/l\\\/svm-temp\\\/nyheter\\\/promenadvag-mellan-engelska-kyrkogarden-och-gibralfaro\\\/\",\"url\":\"https:\\\/\\\/lightweb.dev\\\/l\\\/svm-temp\\\/nyheter\\\/promenadvag-mellan-engelska-kyrkogarden-och-gibralfaro\\\/\",\"name\":\"Promenadv\u00e4g mellan engelska kyrkog\u00e5rden och Gibralfaro - Svenska Magasinet\",\"isPartOf\":{\"@id\":\"https:\\\/\\\/lightweb.dev\\\/l\\\/svm-temp\\\/#website\"},\"primaryImageOfPage\":{\"@id\":\"https:\\\/\\\/lightweb.dev\\\/l\\\/svm-temp\\\/nyheter\\\/promenadvag-mellan-engelska-kyrkogarden-och-gibralfaro\\\/#primaryimage\"},\"image\":{\"@id\":\"https:\\\/\\\/lightweb.dev\\\/l\\\/svm-temp\\\/nyheter\\\/promenadvag-mellan-engelska-kyrkogarden-och-gibralfaro\\\/#primaryimage\"},\"thumbnailUrl\":\"https:\\\/\\\/lightweb.dev\\\/l\\\/svm-temp\\\/wp-content\\\/uploads\\\/2022\\\/06\\\/promenadvag-mellan-engelska-kyrkogarden-och-gibralfaro.png\",\"datePublished\":\"2021-05-19T08:03:00+00:00\",\"breadcrumb\":{\"@id\":\"https:\\\/\\\/lightweb.dev\\\/l\\\/svm-temp\\\/nyheter\\\/promenadvag-mellan-engelska-kyrkogarden-och-gibralfaro\\\/#breadcrumb\"},\"inLanguage\":\"sv-SE\",\"potentialAction\":[{\"@type\":\"ReadAction\",\"target\":[\"https:\\\/\\\/lightweb.dev\\\/l\\\/svm-temp\\\/nyheter\\\/promenadvag-mellan-engelska-kyrkogarden-och-gibralfaro\\\/\"]}]},{\"@type\":\"ImageObject\",\"inLanguage\":\"sv-SE\",\"@id\":\"https:\\\/\\\/lightweb.dev\\\/l\\\/svm-temp\\\/nyheter\\\/promenadvag-mellan-engelska-kyrkogarden-och-gibralfaro\\\/#primaryimage\",\"url\":\"https:\\\/\\\/lightweb.dev\\\/l\\\/svm-temp\\\/wp-content\\\/uploads\\\/2022\\\/06\\\/promenadvag-mellan-engelska-kyrkogarden-och-gibralfaro.png\",\"contentUrl\":\"https:\\\/\\\/lightweb.dev\\\/l\\\/svm-temp\\\/wp-content\\\/uploads\\\/2022\\\/06\\\/promenadvag-mellan-engelska-kyrkogarden-och-gibralfaro.png\",\"width\":500,\"height\":300},{\"@type\":\"BreadcrumbList\",\"@id\":\"https:\\\/\\\/lightweb.dev\\\/l\\\/svm-temp\\\/nyheter\\\/promenadvag-mellan-engelska-kyrkogarden-och-gibralfaro\\\/#breadcrumb\",\"itemListElement\":[{\"@type\":\"ListItem\",\"position\":1,\"name\":\"Hem\",\"item\":\"https:\\\/\\\/lightweb.dev\\\/l\\\/svm-temp\\\/\"},{\"@type\":\"ListItem\",\"position\":2,\"name\":\"Promenadv\u00e4g mellan engelska kyrkog\u00e5rden och Gibralfaro\"}]},{\"@type\":\"WebSite\",\"@id\":\"https:\\\/\\\/lightweb.dev\\\/l\\\/svm-temp\\\/#website\",\"url\":\"https:\\\/\\\/lightweb.dev\\\/l\\\/svm-temp\\\/\",\"name\":\"Svenska Magasinet\",\"description\":\"Dina Spanska nyheter p&aring; Svenska\",\"publisher\":{\"@id\":\"https:\\\/\\\/lightweb.dev\\\/l\\\/svm-temp\\\/#organization\"},\"potentialAction\":[{\"@type\":\"SearchAction\",\"target\":{\"@type\":\"EntryPoint\",\"urlTemplate\":\"https:\\\/\\\/lightweb.dev\\\/l\\\/svm-temp\\\/?s={search_term_string}\"},\"query-input\":{\"@type\":\"PropertyValueSpecification\",\"valueRequired\":true,\"valueName\":\"search_term_string\"}}],\"inLanguage\":\"sv-SE\"},{\"@type\":\"Organization\",\"@id\":\"https:\\\/\\\/lightweb.dev\\\/l\\\/svm-temp\\\/#organization\",\"name\":\"Melkerson y Nott SL\",\"alternateName\":\"Svenska Magasinet\",\"url\":\"https:\\\/\\\/lightweb.dev\\\/l\\\/svm-temp\\\/\",\"logo\":{\"@type\":\"ImageObject\",\"inLanguage\":\"sv-SE\",\"@id\":\"https:\\\/\\\/lightweb.dev\\\/l\\\/svm-temp\\\/#\\\/schema\\\/logo\\\/image\\\/\",\"url\":\"https:\\\/\\\/lightweb.dev\\\/l\\\/svm-temp\\\/wp-content\\\/uploads\\\/2025\\\/02\\\/SvM-logo-Xtra-Centrerad-SVART.png\",\"contentUrl\":\"https:\\\/\\\/lightweb.dev\\\/l\\\/svm-temp\\\/wp-content\\\/uploads\\\/2025\\\/02\\\/SvM-logo-Xtra-Centrerad-SVART.png\",\"width\":300,\"height\":99,\"caption\":\"Melkerson y Nott SL\"},\"image\":{\"@id\":\"https:\\\/\\\/lightweb.dev\\\/l\\\/svm-temp\\\/#\\\/schema\\\/logo\\\/image\\\/\"},\"sameAs\":[\"https:\\\/\\\/www.facebook.com\\\/svenskamagasinet\",\"https:\\\/\\\/x.com\\\/SvenskaMagasine\"]},{\"@type\":\"Person\",\"@id\":\"https:\\\/\\\/lightweb.dev\\\/l\\\/svm-temp\\\/#\\\/schema\\\/person\\\/206a3bda5b607b0c25e1749191e4d837\",\"name\":\"Redaktionen SvM\",\"description\":\"Redaktionen\",\"sameAs\":[\"https:\\\/\\\/lightweb.dev\\\/l\\\/svm-temp\"],\"url\":\"https:\\\/\\\/lightweb.dev\\\/l\\\/svm-temp\\\/reporter\\\/redaktionen\\\/\"}]}<\/script>\n<!-- \/ Yoast SEO Premium plugin. -->","yoast_head_json":{"title":"Promenadv\u00e4g mellan engelska kyrkog\u00e5rden och Gibralfaro - Svenska Magasinet","robots":{"index":"noindex","follow":"follow","max-snippet":"max-snippet:-1","max-image-preview":"max-image-preview:large","max-video-preview":"max-video-preview:-1"},"og_locale":"sv_SE","og_type":"article","og_title":"Promenadv\u00e4g mellan engelska kyrkog\u00e5rden och Gibralfaro","og_description":"Spaniens \u00e4ldsta protestantiska kyrkog\u00e5rd, Cementerio Ingl\u00e9s i M\u00e1laga, binds samman med f\u00e4stningen Gibralfaro via en 330 meter l\u00e5ng promenadv\u00e4g. Arbetet har redan inletts och inom n\u00e5gra veckor ska den st\u00e5 klar. Engelska kyrkog\u00e5rden i M\u00e1laga och Gibralfarokullen ovanf\u00f6r hamnen i M\u00e1laga f\u00f6renas med en 330 meter l\u00e5ng promenad som f\u00e5r namnet Sendero Ca\u00f1ada de los [&hellip;]","og_url":"https:\/\/lightweb.dev\/l\/svm-temp\/nyheter\/promenadvag-mellan-engelska-kyrkogarden-och-gibralfaro\/","og_site_name":"Svenska Magasinet","article_publisher":"https:\/\/www.facebook.com\/svenskamagasinet","article_published_time":"2021-05-19T08:03:00+00:00","og_image":[{"width":500,"height":300,"url":"https:\/\/lightweb.dev\/l\/svm-temp\/wp-content\/uploads\/2022\/06\/promenadvag-mellan-engelska-kyrkogarden-och-gibralfaro.png","type":"image\/png"}],"author":"Redaktionen SvM","twitter_card":"summary_large_image","twitter_creator":"@SvenskaMagasine","twitter_site":"@SvenskaMagasine","schema":{"@context":"https:\/\/schema.org","@graph":[{"@type":"Article","@id":"https:\/\/lightweb.dev\/l\/svm-temp\/nyheter\/promenadvag-mellan-engelska-kyrkogarden-och-gibralfaro\/#article","isPartOf":{"@id":"https:\/\/lightweb.dev\/l\/svm-temp\/nyheter\/promenadvag-mellan-engelska-kyrkogarden-och-gibralfaro\/"},"author":{"name":"Redaktionen SvM","@id":"https:\/\/lightweb.dev\/l\/svm-temp\/#\/schema\/person\/206a3bda5b607b0c25e1749191e4d837"},"headline":"Promenadv\u00e4g mellan engelska kyrkog\u00e5rden och Gibralfaro","datePublished":"2021-05-19T08:03:00+00:00","mainEntityOfPage":{"@id":"https:\/\/lightweb.dev\/l\/svm-temp\/nyheter\/promenadvag-mellan-engelska-kyrkogarden-och-gibralfaro\/"},"wordCount":363,"commentCount":0,"publisher":{"@id":"https:\/\/lightweb.dev\/l\/svm-temp\/#organization"},"image":{"@id":"https:\/\/lightweb.dev\/l\/svm-temp\/nyheter\/promenadvag-mellan-engelska-kyrkogarden-och-gibralfaro\/#primaryimage"},"thumbnailUrl":"https:\/\/lightweb.dev\/l\/svm-temp\/wp-content\/uploads\/2022\/06\/promenadvag-mellan-engelska-kyrkogarden-och-gibralfaro.png","articleSection":["Arkiv","Nyheter"],"inLanguage":"sv-SE"},{"@type":"WebPage","@id":"https:\/\/lightweb.dev\/l\/svm-temp\/nyheter\/promenadvag-mellan-engelska-kyrkogarden-och-gibralfaro\/","url":"https:\/\/lightweb.dev\/l\/svm-temp\/nyheter\/promenadvag-mellan-engelska-kyrkogarden-och-gibralfaro\/","name":"Promenadv\u00e4g mellan engelska kyrkog\u00e5rden och Gibralfaro - Svenska Magasinet","isPartOf":{"@id":"https:\/\/lightweb.dev\/l\/svm-temp\/#website"},"primaryImageOfPage":{"@id":"https:\/\/lightweb.dev\/l\/svm-temp\/nyheter\/promenadvag-mellan-engelska-kyrkogarden-och-gibralfaro\/#primaryimage"},"image":{"@id":"https:\/\/lightweb.dev\/l\/svm-temp\/nyheter\/promenadvag-mellan-engelska-kyrkogarden-och-gibralfaro\/#primaryimage"},"thumbnailUrl":"https:\/\/lightweb.dev\/l\/svm-temp\/wp-content\/uploads\/2022\/06\/promenadvag-mellan-engelska-kyrkogarden-och-gibralfaro.png","datePublished":"2021-05-19T08:03:00+00:00","breadcrumb":{"@id":"https:\/\/lightweb.dev\/l\/svm-temp\/nyheter\/promenadvag-mellan-engelska-kyrkogarden-och-gibralfaro\/#breadcrumb"},"inLanguage":"sv-SE","potentialAction":[{"@type":"ReadAction","target":["https:\/\/lightweb.dev\/l\/svm-temp\/nyheter\/promenadvag-mellan-engelska-kyrkogarden-och-gibralfaro\/"]}]},{"@type":"ImageObject","inLanguage":"sv-SE","@id":"https:\/\/lightweb.dev\/l\/svm-temp\/nyheter\/promenadvag-mellan-engelska-kyrkogarden-och-gibralfaro\/#primaryimage","url":"https:\/\/lightweb.dev\/l\/svm-temp\/wp-content\/uploads\/2022\/06\/promenadvag-mellan-engelska-kyrkogarden-och-gibralfaro.png","contentUrl":"https:\/\/lightweb.dev\/l\/svm-temp\/wp-content\/uploads\/2022\/06\/promenadvag-mellan-engelska-kyrkogarden-och-gibralfaro.png","width":500,"height":300},{"@type":"BreadcrumbList","@id":"https:\/\/lightweb.dev\/l\/svm-temp\/nyheter\/promenadvag-mellan-engelska-kyrkogarden-och-gibralfaro\/#breadcrumb","itemListElement":[{"@type":"ListItem","position":1,"name":"Hem","item":"https:\/\/lightweb.dev\/l\/svm-temp\/"},{"@type":"ListItem","position":2,"name":"Promenadv\u00e4g mellan engelska kyrkog\u00e5rden och Gibralfaro"}]},{"@type":"WebSite","@id":"https:\/\/lightweb.dev\/l\/svm-temp\/#website","url":"https:\/\/lightweb.dev\/l\/svm-temp\/","name":"Svenska Magasinet","description":"Dina Spanska nyheter p&aring; Svenska","publisher":{"@id":"https:\/\/lightweb.dev\/l\/svm-temp\/#organization"},"potentialAction":[{"@type":"SearchAction","target":{"@type":"EntryPoint","urlTemplate":"https:\/\/lightweb.dev\/l\/svm-temp\/?s={search_term_string}"},"query-input":{"@type":"PropertyValueSpecification","valueRequired":true,"valueName":"search_term_string"}}],"inLanguage":"sv-SE"},{"@type":"Organization","@id":"https:\/\/lightweb.dev\/l\/svm-temp\/#organization","name":"Melkerson y Nott SL","alternateName":"Svenska Magasinet","url":"https:\/\/lightweb.dev\/l\/svm-temp\/","logo":{"@type":"ImageObject","inLanguage":"sv-SE","@id":"https:\/\/lightweb.dev\/l\/svm-temp\/#\/schema\/logo\/image\/","url":"https:\/\/lightweb.dev\/l\/svm-temp\/wp-content\/uploads\/2025\/02\/SvM-logo-Xtra-Centrerad-SVART.png","contentUrl":"https:\/\/lightweb.dev\/l\/svm-temp\/wp-content\/uploads\/2025\/02\/SvM-logo-Xtra-Centrerad-SVART.png","width":300,"height":99,"caption":"Melkerson y Nott SL"},"image":{"@id":"https:\/\/lightweb.dev\/l\/svm-temp\/#\/schema\/logo\/image\/"},"sameAs":["https:\/\/www.facebook.com\/svenskamagasinet","https:\/\/x.com\/SvenskaMagasine"]},{"@type":"Person","@id":"https:\/\/lightweb.dev\/l\/svm-temp\/#\/schema\/person\/206a3bda5b607b0c25e1749191e4d837","name":"Redaktionen SvM","description":"Redaktionen","sameAs":["https:\/\/lightweb.dev\/l\/svm-temp"],"url":"https:\/\/lightweb.dev\/l\/svm-temp\/reporter\/redaktionen\/"}]}},"_links":{"self":[{"href":"https:\/\/lightweb.dev\/l\/svm-temp\/wp-json\/wp\/v2\/posts\/12134","targetHints":{"allow":["GET"]}}],"collection":[{"href":"https:\/\/lightweb.dev\/l\/svm-temp\/wp-json\/wp\/v2\/posts"}],"about":[{"href":"https:\/\/lightweb.dev\/l\/svm-temp\/wp-json\/wp\/v2\/types\/post"}],"author":[{"embeddable":true,"href":"https:\/\/lightweb.dev\/l\/svm-temp\/wp-json\/wp\/v2\/users\/8"}],"replies":[{"embeddable":true,"href":"https:\/\/lightweb.dev\/l\/svm-temp\/wp-json\/wp\/v2\/comments?post=12134"}],"version-history":[{"count":0,"href":"https:\/\/lightweb.dev\/l\/svm-temp\/wp-json\/wp\/v2\/posts\/12134\/revisions"}],"wp:featuredmedia":[{"embeddable":true,"href":"https:\/\/lightweb.dev\/l\/svm-temp\/wp-json\/wp\/v2\/media\/12135"}],"wp:attachment":[{"href":"https:\/\/lightweb.dev\/l\/svm-temp\/wp-json\/wp\/v2\/media?parent=12134"}],"wp:term":[{"taxonomy":"category","embeddable":true,"href":"https:\/\/lightweb.dev\/l\/svm-temp\/wp-json\/wp\/v2\/categories?post=12134"},{"taxonomy":"post_tag","embeddable":true,"href":"https:\/\/lightweb.dev\/l\/svm-temp\/wp-json\/wp\/v2\/tags?post=12134"}],"curies":[{"name":"wp","href":"https:\/\/api.w.org\/{rel}","templated":true}]}}