{"id":12140,"date":"2021-05-19T15:48:00","date_gmt":"2021-05-19T13:48:00","guid":{"rendered":"https:\/\/lightweb.dev\/l\/svm-temp\/nyheter\/den-storsta-diplomatiska-krisen-pa-lange\/"},"modified":"2021-05-19T15:48:00","modified_gmt":"2021-05-19T13:48:00","slug":"den-storsta-diplomatiska-krisen-pa-lange","status":"publish","type":"post","link":"https:\/\/lightweb.dev\/l\/svm-temp\/nyheter\/den-storsta-diplomatiska-krisen-pa-lange\/","title":{"rendered":"Den st\u00f6rsta diplomatiska krisen p\u00e5 l\u00e4nge"},"content":{"rendered":"<p> Marocko beslutade p\u00e5 onsdagen att tillf\u00e4lligt st\u00e4nga gr\u00e4nspassager till Ceuta. Fortsatt rapporteras det om att personer fr\u00e5n Nordafrika och l\u00e4nder s\u00f6der om Sahara f\u00f6rs\u00f6ker ta sig \u00f6ver till den spanska enklaven Ceuta genom att vada, simma eller via hemmagjorda flottar.<br \/>\n Situationen har stabiliserat sig vid gr\u00e4nspassagen Tarajal i Ceuta rapporterar lokala medier. \u00c4ven om vissa f\u00f6rs\u00f6ker ta sig \u00f6ver till den spanska sidan \u00e4r det inte som under tisdagen d\u00e5 minst 8.000 personer fr\u00e5n Nordafrika och l\u00e4nderna s\u00f6der om Sahara passerade gr\u00e4nsen till Ceuta.<\/p>\n<p>Den autonoma staden Ceutas president Juan Jes\u00fas Vivas beskriver h\u00e4ndelsen som en invasion. <\/p>\n<p>5.600 av de \u00f6ver 8.000 har \u00e5terv\u00e4nt till Marocko.<\/p>\n<p>Saknar motstycke<br \/>\nG\u00e5rdagens h\u00e4ndelse saknar motstycke i Spaniens moderna historia och har utl\u00f6st en stor diplomatisk kris mellan de b\u00e5da l\u00e4nderna. F\u00f6rutom att milit\u00e4r inkallades till att f\u00f6rsvara gr\u00e4nsen diskuteras h\u00e4ndelsen p\u00e5 h\u00f6gsta ort av de b\u00e5da l\u00e4ndernas kungahus och EU. <\/p>\n<p>Det mest anm\u00e4rkningsv\u00e4rda \u00e4r hur Marocko anv\u00e4nder unga m\u00e4n som slagtr\u00e4 i en debatt om V\u00e4stsahara. I marockanska st\u00e4der runt Ceuta och Melilla bor det tusentals ungdomar som vill ta sig till Spanien och EU.<\/p>\n<p>Mohamed VI-regimen tycks inte ha n\u00e5gra problem med att anv\u00e4nda ungdomar och minder\u00e5riga som slagtr\u00e4 i en blandning av vendetta och utpressning. Vuxna m\u00e4n och i vissa fall kvinnor med barn har de senaste dagarna uppmuntrats genom avsiktliga rykten att n\u00e4rma sig den spanska enklaven Ceuta som ocks\u00e5 \u00e4r EU:s s\u00f6dra gr\u00e4ns till Afrika.<\/p>\n<p>Konsekvenser<br \/>\nN\u00e4r Spanien v\u00e4lvilligt tog emot ledaren f\u00f6r V\u00e4stafrikas befrielser\u00f6relse Polisario, Brahim Ghali, n\u00e4r denne beh\u00f6vde sjukhusv\u00e5rd p\u00e5 grund av covid-19 s\u00e5 stack det i Marockos \u00f6gon.<\/p>\n<p>\u201dDet finns handlingar som f\u00e5r konsekvenser\u201d f\u00f6rklarade den marockanska ambassad\u00f6ren i Madrid.<\/p>\n<p>Marocko f\u00e5r \u00e4ven EU-pengar f\u00f6r att bevaka sina gr\u00e4nser mot EU. Det \u00e4r k\u00e4nt sedan tidigare att gr\u00e4nser \u00f6ppnas n\u00e4r landet vill ha mer EU-st\u00f6d. Enbart Spanien har sedan 2019 avst\u00e5tt mer \u00e4n 60 miljoner euro till Marockos gr\u00e4nspolis f\u00f6r deras insats i kampen mot illegal migration.<\/p>\n<p>S\u00e4kerhet<br \/>\nDen spanska regeringschefen Pedro S\u00e1nchez som under g\u00e5rdagen bes\u00f6kte Ceuta och Melilla betonade inv\u00e5narnas s\u00e4kerhet och sa att de som p\u00e5 illegal v\u00e4g tar sig in i Spanien utan godk\u00e4nda sk\u00e4l ska utl\u00e4mnas till Marocko omedelbart.<\/p>\n<p>Pedro S\u00e1nchez \u00e4r i dagsl\u00e4get under en stark press. Tidigare i veckan presenterades en ny opinionsunders\u00f6kning som visar att oppositionspartiet Partido Popular n\u00e4rmar sig i regeringspartiet PSOE i m\u00e4tningar.<\/p>\n<p>Falsk identitet<br \/>\nP\u00e5 onsdagen meddelade nationaldomstolen att de \u00e5terupptar ett fall med misstankar om folkmord och tortyr mot Brahim Gali. Domaren Santiago Pedraz har kallat Gali till f\u00f6rh\u00f6r den 1 juni.<\/p>\n<p>Det har \u00e4ven framkommit att Brahim Gali anv\u00e4nde falsk identitet n\u00e4r han lades in p\u00e5 sjukhuset San Pedro i Logro\u00f1o f\u00f6r covid-19. Han ska d\u00e5 ha blivit inskriven som Mohamed Bembatouche fr\u00e5n Algeriet.<\/p>\n<p>Ansvariga l\u00e4kare vid sjukhuset San Pedro har identifierat Benbatouche som Brahim Gali.<\/p>\n<p>L\u00e4s mer: Det b\u00f6rjade i december:<br \/>\nSpanskmarockansk diplomatisk kris tilltar<\/p>\n","protected":false},"excerpt":{"rendered":"<p>Marocko beslutade p\u00e5 onsdagen att tillf\u00e4lligt st\u00e4nga gr\u00e4nspassager till Ceuta. Fortsatt rapporteras det om att personer fr\u00e5n Nordafrika och l\u00e4nder s\u00f6der om Sahara f\u00f6rs\u00f6ker ta sig \u00f6ver till den spanska enklaven Ceuta genom att vada, simma eller via hemmagjorda flottar. Situationen har stabiliserat sig vid gr\u00e4nspassagen Tarajal i Ceuta rapporterar lokala medier. \u00c4ven om vissa [&hellip;]<\/p>\n","protected":false},"author":8,"featured_media":12141,"comment_status":"open","ping_status":"open","sticky":false,"template":"","format":"standard","meta":{"_et_pb_use_builder":"","_et_pb_old_content":"","_et_gb_content_width":"","footnotes":""},"categories":[395,3],"tags":[],"class_list":["post-12140","post","type-post","status-publish","format-standard","has-post-thumbnail","hentry","category-arkiv-nyheter","category-nyheter"],"yoast_head":"<!-- This site is optimized with the Yoast SEO Premium plugin v26.2 (Yoast SEO v27.4) - https:\/\/yoast.com\/product\/yoast-seo-premium-wordpress\/ -->\n<title>Den st\u00f6rsta diplomatiska krisen p\u00e5 l\u00e4nge - Svenska Magasinet<\/title>\n<meta name=\"robots\" content=\"noindex, follow, max-snippet:-1, max-image-preview:large, max-video-preview:-1\" \/>\n<meta property=\"og:locale\" content=\"sv_SE\" \/>\n<meta property=\"og:type\" content=\"article\" \/>\n<meta property=\"og:title\" content=\"Den st\u00f6rsta diplomatiska krisen p\u00e5 l\u00e4nge\" \/>\n<meta property=\"og:description\" content=\"Marocko beslutade p\u00e5 onsdagen att tillf\u00e4lligt st\u00e4nga gr\u00e4nspassager till Ceuta. Fortsatt rapporteras det om att personer fr\u00e5n Nordafrika och l\u00e4nder s\u00f6der om Sahara f\u00f6rs\u00f6ker ta sig \u00f6ver till den spanska enklaven Ceuta genom att vada, simma eller via hemmagjorda flottar. Situationen har stabiliserat sig vid gr\u00e4nspassagen Tarajal i Ceuta rapporterar lokala medier. \u00c4ven om vissa [&hellip;]\" \/>\n<meta property=\"og:url\" content=\"https:\/\/lightweb.dev\/l\/svm-temp\/nyheter\/den-storsta-diplomatiska-krisen-pa-lange\/\" \/>\n<meta property=\"og:site_name\" content=\"Svenska Magasinet\" \/>\n<meta property=\"article:publisher\" content=\"https:\/\/www.facebook.com\/svenskamagasinet\" \/>\n<meta property=\"article:published_time\" content=\"2021-05-19T13:48:00+00:00\" \/>\n<meta property=\"og:image\" content=\"https:\/\/lightweb.dev\/l\/svm-temp\/wp-content\/uploads\/2022\/06\/den-storsta-diplomatiska-krisen-pa-lange.png\" \/>\n\t<meta property=\"og:image:width\" content=\"500\" \/>\n\t<meta property=\"og:image:height\" content=\"300\" \/>\n\t<meta property=\"og:image:type\" content=\"image\/png\" \/>\n<meta name=\"author\" content=\"Redaktionen SvM\" \/>\n<meta name=\"twitter:card\" content=\"summary_large_image\" \/>\n<meta name=\"twitter:creator\" content=\"@SvenskaMagasine\" \/>\n<meta name=\"twitter:site\" content=\"@SvenskaMagasine\" \/>\n<script type=\"application\/ld+json\" class=\"yoast-schema-graph\">{\"@context\":\"https:\\\/\\\/schema.org\",\"@graph\":[{\"@type\":\"Article\",\"@id\":\"https:\\\/\\\/lightweb.dev\\\/l\\\/svm-temp\\\/nyheter\\\/den-storsta-diplomatiska-krisen-pa-lange\\\/#article\",\"isPartOf\":{\"@id\":\"https:\\\/\\\/lightweb.dev\\\/l\\\/svm-temp\\\/nyheter\\\/den-storsta-diplomatiska-krisen-pa-lange\\\/\"},\"author\":{\"name\":\"Redaktionen SvM\",\"@id\":\"https:\\\/\\\/lightweb.dev\\\/l\\\/svm-temp\\\/#\\\/schema\\\/person\\\/206a3bda5b607b0c25e1749191e4d837\"},\"headline\":\"Den st\u00f6rsta diplomatiska krisen p\u00e5 l\u00e4nge\",\"datePublished\":\"2021-05-19T13:48:00+00:00\",\"mainEntityOfPage\":{\"@id\":\"https:\\\/\\\/lightweb.dev\\\/l\\\/svm-temp\\\/nyheter\\\/den-storsta-diplomatiska-krisen-pa-lange\\\/\"},\"wordCount\":567,\"commentCount\":0,\"publisher\":{\"@id\":\"https:\\\/\\\/lightweb.dev\\\/l\\\/svm-temp\\\/#organization\"},\"image\":{\"@id\":\"https:\\\/\\\/lightweb.dev\\\/l\\\/svm-temp\\\/nyheter\\\/den-storsta-diplomatiska-krisen-pa-lange\\\/#primaryimage\"},\"thumbnailUrl\":\"https:\\\/\\\/lightweb.dev\\\/l\\\/svm-temp\\\/wp-content\\\/uploads\\\/2022\\\/06\\\/den-storsta-diplomatiska-krisen-pa-lange.png\",\"articleSection\":[\"Arkiv\",\"Nyheter\"],\"inLanguage\":\"sv-SE\"},{\"@type\":\"WebPage\",\"@id\":\"https:\\\/\\\/lightweb.dev\\\/l\\\/svm-temp\\\/nyheter\\\/den-storsta-diplomatiska-krisen-pa-lange\\\/\",\"url\":\"https:\\\/\\\/lightweb.dev\\\/l\\\/svm-temp\\\/nyheter\\\/den-storsta-diplomatiska-krisen-pa-lange\\\/\",\"name\":\"Den st\u00f6rsta diplomatiska krisen p\u00e5 l\u00e4nge - Svenska Magasinet\",\"isPartOf\":{\"@id\":\"https:\\\/\\\/lightweb.dev\\\/l\\\/svm-temp\\\/#website\"},\"primaryImageOfPage\":{\"@id\":\"https:\\\/\\\/lightweb.dev\\\/l\\\/svm-temp\\\/nyheter\\\/den-storsta-diplomatiska-krisen-pa-lange\\\/#primaryimage\"},\"image\":{\"@id\":\"https:\\\/\\\/lightweb.dev\\\/l\\\/svm-temp\\\/nyheter\\\/den-storsta-diplomatiska-krisen-pa-lange\\\/#primaryimage\"},\"thumbnailUrl\":\"https:\\\/\\\/lightweb.dev\\\/l\\\/svm-temp\\\/wp-content\\\/uploads\\\/2022\\\/06\\\/den-storsta-diplomatiska-krisen-pa-lange.png\",\"datePublished\":\"2021-05-19T13:48:00+00:00\",\"breadcrumb\":{\"@id\":\"https:\\\/\\\/lightweb.dev\\\/l\\\/svm-temp\\\/nyheter\\\/den-storsta-diplomatiska-krisen-pa-lange\\\/#breadcrumb\"},\"inLanguage\":\"sv-SE\",\"potentialAction\":[{\"@type\":\"ReadAction\",\"target\":[\"https:\\\/\\\/lightweb.dev\\\/l\\\/svm-temp\\\/nyheter\\\/den-storsta-diplomatiska-krisen-pa-lange\\\/\"]}]},{\"@type\":\"ImageObject\",\"inLanguage\":\"sv-SE\",\"@id\":\"https:\\\/\\\/lightweb.dev\\\/l\\\/svm-temp\\\/nyheter\\\/den-storsta-diplomatiska-krisen-pa-lange\\\/#primaryimage\",\"url\":\"https:\\\/\\\/lightweb.dev\\\/l\\\/svm-temp\\\/wp-content\\\/uploads\\\/2022\\\/06\\\/den-storsta-diplomatiska-krisen-pa-lange.png\",\"contentUrl\":\"https:\\\/\\\/lightweb.dev\\\/l\\\/svm-temp\\\/wp-content\\\/uploads\\\/2022\\\/06\\\/den-storsta-diplomatiska-krisen-pa-lange.png\",\"width\":500,\"height\":300},{\"@type\":\"BreadcrumbList\",\"@id\":\"https:\\\/\\\/lightweb.dev\\\/l\\\/svm-temp\\\/nyheter\\\/den-storsta-diplomatiska-krisen-pa-lange\\\/#breadcrumb\",\"itemListElement\":[{\"@type\":\"ListItem\",\"position\":1,\"name\":\"Hem\",\"item\":\"https:\\\/\\\/lightweb.dev\\\/l\\\/svm-temp\\\/\"},{\"@type\":\"ListItem\",\"position\":2,\"name\":\"Den st\u00f6rsta diplomatiska krisen p\u00e5 l\u00e4nge\"}]},{\"@type\":\"WebSite\",\"@id\":\"https:\\\/\\\/lightweb.dev\\\/l\\\/svm-temp\\\/#website\",\"url\":\"https:\\\/\\\/lightweb.dev\\\/l\\\/svm-temp\\\/\",\"name\":\"Svenska Magasinet\",\"description\":\"Dina Spanska nyheter p&aring; Svenska\",\"publisher\":{\"@id\":\"https:\\\/\\\/lightweb.dev\\\/l\\\/svm-temp\\\/#organization\"},\"potentialAction\":[{\"@type\":\"SearchAction\",\"target\":{\"@type\":\"EntryPoint\",\"urlTemplate\":\"https:\\\/\\\/lightweb.dev\\\/l\\\/svm-temp\\\/?s={search_term_string}\"},\"query-input\":{\"@type\":\"PropertyValueSpecification\",\"valueRequired\":true,\"valueName\":\"search_term_string\"}}],\"inLanguage\":\"sv-SE\"},{\"@type\":\"Organization\",\"@id\":\"https:\\\/\\\/lightweb.dev\\\/l\\\/svm-temp\\\/#organization\",\"name\":\"Melkerson y Nott SL\",\"alternateName\":\"Svenska Magasinet\",\"url\":\"https:\\\/\\\/lightweb.dev\\\/l\\\/svm-temp\\\/\",\"logo\":{\"@type\":\"ImageObject\",\"inLanguage\":\"sv-SE\",\"@id\":\"https:\\\/\\\/lightweb.dev\\\/l\\\/svm-temp\\\/#\\\/schema\\\/logo\\\/image\\\/\",\"url\":\"https:\\\/\\\/lightweb.dev\\\/l\\\/svm-temp\\\/wp-content\\\/uploads\\\/2025\\\/02\\\/SvM-logo-Xtra-Centrerad-SVART.png\",\"contentUrl\":\"https:\\\/\\\/lightweb.dev\\\/l\\\/svm-temp\\\/wp-content\\\/uploads\\\/2025\\\/02\\\/SvM-logo-Xtra-Centrerad-SVART.png\",\"width\":300,\"height\":99,\"caption\":\"Melkerson y Nott SL\"},\"image\":{\"@id\":\"https:\\\/\\\/lightweb.dev\\\/l\\\/svm-temp\\\/#\\\/schema\\\/logo\\\/image\\\/\"},\"sameAs\":[\"https:\\\/\\\/www.facebook.com\\\/svenskamagasinet\",\"https:\\\/\\\/x.com\\\/SvenskaMagasine\"]},{\"@type\":\"Person\",\"@id\":\"https:\\\/\\\/lightweb.dev\\\/l\\\/svm-temp\\\/#\\\/schema\\\/person\\\/206a3bda5b607b0c25e1749191e4d837\",\"name\":\"Redaktionen SvM\",\"description\":\"Redaktionen\",\"sameAs\":[\"https:\\\/\\\/lightweb.dev\\\/l\\\/svm-temp\"],\"url\":\"https:\\\/\\\/lightweb.dev\\\/l\\\/svm-temp\\\/reporter\\\/redaktionen\\\/\"}]}<\/script>\n<!-- \/ Yoast SEO Premium plugin. -->","yoast_head_json":{"title":"Den st\u00f6rsta diplomatiska krisen p\u00e5 l\u00e4nge - Svenska Magasinet","robots":{"index":"noindex","follow":"follow","max-snippet":"max-snippet:-1","max-image-preview":"max-image-preview:large","max-video-preview":"max-video-preview:-1"},"og_locale":"sv_SE","og_type":"article","og_title":"Den st\u00f6rsta diplomatiska krisen p\u00e5 l\u00e4nge","og_description":"Marocko beslutade p\u00e5 onsdagen att tillf\u00e4lligt st\u00e4nga gr\u00e4nspassager till Ceuta. Fortsatt rapporteras det om att personer fr\u00e5n Nordafrika och l\u00e4nder s\u00f6der om Sahara f\u00f6rs\u00f6ker ta sig \u00f6ver till den spanska enklaven Ceuta genom att vada, simma eller via hemmagjorda flottar. Situationen har stabiliserat sig vid gr\u00e4nspassagen Tarajal i Ceuta rapporterar lokala medier. \u00c4ven om vissa [&hellip;]","og_url":"https:\/\/lightweb.dev\/l\/svm-temp\/nyheter\/den-storsta-diplomatiska-krisen-pa-lange\/","og_site_name":"Svenska Magasinet","article_publisher":"https:\/\/www.facebook.com\/svenskamagasinet","article_published_time":"2021-05-19T13:48:00+00:00","og_image":[{"width":500,"height":300,"url":"https:\/\/lightweb.dev\/l\/svm-temp\/wp-content\/uploads\/2022\/06\/den-storsta-diplomatiska-krisen-pa-lange.png","type":"image\/png"}],"author":"Redaktionen SvM","twitter_card":"summary_large_image","twitter_creator":"@SvenskaMagasine","twitter_site":"@SvenskaMagasine","schema":{"@context":"https:\/\/schema.org","@graph":[{"@type":"Article","@id":"https:\/\/lightweb.dev\/l\/svm-temp\/nyheter\/den-storsta-diplomatiska-krisen-pa-lange\/#article","isPartOf":{"@id":"https:\/\/lightweb.dev\/l\/svm-temp\/nyheter\/den-storsta-diplomatiska-krisen-pa-lange\/"},"author":{"name":"Redaktionen SvM","@id":"https:\/\/lightweb.dev\/l\/svm-temp\/#\/schema\/person\/206a3bda5b607b0c25e1749191e4d837"},"headline":"Den st\u00f6rsta diplomatiska krisen p\u00e5 l\u00e4nge","datePublished":"2021-05-19T13:48:00+00:00","mainEntityOfPage":{"@id":"https:\/\/lightweb.dev\/l\/svm-temp\/nyheter\/den-storsta-diplomatiska-krisen-pa-lange\/"},"wordCount":567,"commentCount":0,"publisher":{"@id":"https:\/\/lightweb.dev\/l\/svm-temp\/#organization"},"image":{"@id":"https:\/\/lightweb.dev\/l\/svm-temp\/nyheter\/den-storsta-diplomatiska-krisen-pa-lange\/#primaryimage"},"thumbnailUrl":"https:\/\/lightweb.dev\/l\/svm-temp\/wp-content\/uploads\/2022\/06\/den-storsta-diplomatiska-krisen-pa-lange.png","articleSection":["Arkiv","Nyheter"],"inLanguage":"sv-SE"},{"@type":"WebPage","@id":"https:\/\/lightweb.dev\/l\/svm-temp\/nyheter\/den-storsta-diplomatiska-krisen-pa-lange\/","url":"https:\/\/lightweb.dev\/l\/svm-temp\/nyheter\/den-storsta-diplomatiska-krisen-pa-lange\/","name":"Den st\u00f6rsta diplomatiska krisen p\u00e5 l\u00e4nge - Svenska Magasinet","isPartOf":{"@id":"https:\/\/lightweb.dev\/l\/svm-temp\/#website"},"primaryImageOfPage":{"@id":"https:\/\/lightweb.dev\/l\/svm-temp\/nyheter\/den-storsta-diplomatiska-krisen-pa-lange\/#primaryimage"},"image":{"@id":"https:\/\/lightweb.dev\/l\/svm-temp\/nyheter\/den-storsta-diplomatiska-krisen-pa-lange\/#primaryimage"},"thumbnailUrl":"https:\/\/lightweb.dev\/l\/svm-temp\/wp-content\/uploads\/2022\/06\/den-storsta-diplomatiska-krisen-pa-lange.png","datePublished":"2021-05-19T13:48:00+00:00","breadcrumb":{"@id":"https:\/\/lightweb.dev\/l\/svm-temp\/nyheter\/den-storsta-diplomatiska-krisen-pa-lange\/#breadcrumb"},"inLanguage":"sv-SE","potentialAction":[{"@type":"ReadAction","target":["https:\/\/lightweb.dev\/l\/svm-temp\/nyheter\/den-storsta-diplomatiska-krisen-pa-lange\/"]}]},{"@type":"ImageObject","inLanguage":"sv-SE","@id":"https:\/\/lightweb.dev\/l\/svm-temp\/nyheter\/den-storsta-diplomatiska-krisen-pa-lange\/#primaryimage","url":"https:\/\/lightweb.dev\/l\/svm-temp\/wp-content\/uploads\/2022\/06\/den-storsta-diplomatiska-krisen-pa-lange.png","contentUrl":"https:\/\/lightweb.dev\/l\/svm-temp\/wp-content\/uploads\/2022\/06\/den-storsta-diplomatiska-krisen-pa-lange.png","width":500,"height":300},{"@type":"BreadcrumbList","@id":"https:\/\/lightweb.dev\/l\/svm-temp\/nyheter\/den-storsta-diplomatiska-krisen-pa-lange\/#breadcrumb","itemListElement":[{"@type":"ListItem","position":1,"name":"Hem","item":"https:\/\/lightweb.dev\/l\/svm-temp\/"},{"@type":"ListItem","position":2,"name":"Den st\u00f6rsta diplomatiska krisen p\u00e5 l\u00e4nge"}]},{"@type":"WebSite","@id":"https:\/\/lightweb.dev\/l\/svm-temp\/#website","url":"https:\/\/lightweb.dev\/l\/svm-temp\/","name":"Svenska Magasinet","description":"Dina Spanska nyheter p&aring; Svenska","publisher":{"@id":"https:\/\/lightweb.dev\/l\/svm-temp\/#organization"},"potentialAction":[{"@type":"SearchAction","target":{"@type":"EntryPoint","urlTemplate":"https:\/\/lightweb.dev\/l\/svm-temp\/?s={search_term_string}"},"query-input":{"@type":"PropertyValueSpecification","valueRequired":true,"valueName":"search_term_string"}}],"inLanguage":"sv-SE"},{"@type":"Organization","@id":"https:\/\/lightweb.dev\/l\/svm-temp\/#organization","name":"Melkerson y Nott SL","alternateName":"Svenska Magasinet","url":"https:\/\/lightweb.dev\/l\/svm-temp\/","logo":{"@type":"ImageObject","inLanguage":"sv-SE","@id":"https:\/\/lightweb.dev\/l\/svm-temp\/#\/schema\/logo\/image\/","url":"https:\/\/lightweb.dev\/l\/svm-temp\/wp-content\/uploads\/2025\/02\/SvM-logo-Xtra-Centrerad-SVART.png","contentUrl":"https:\/\/lightweb.dev\/l\/svm-temp\/wp-content\/uploads\/2025\/02\/SvM-logo-Xtra-Centrerad-SVART.png","width":300,"height":99,"caption":"Melkerson y Nott SL"},"image":{"@id":"https:\/\/lightweb.dev\/l\/svm-temp\/#\/schema\/logo\/image\/"},"sameAs":["https:\/\/www.facebook.com\/svenskamagasinet","https:\/\/x.com\/SvenskaMagasine"]},{"@type":"Person","@id":"https:\/\/lightweb.dev\/l\/svm-temp\/#\/schema\/person\/206a3bda5b607b0c25e1749191e4d837","name":"Redaktionen SvM","description":"Redaktionen","sameAs":["https:\/\/lightweb.dev\/l\/svm-temp"],"url":"https:\/\/lightweb.dev\/l\/svm-temp\/reporter\/redaktionen\/"}]}},"_links":{"self":[{"href":"https:\/\/lightweb.dev\/l\/svm-temp\/wp-json\/wp\/v2\/posts\/12140","targetHints":{"allow":["GET"]}}],"collection":[{"href":"https:\/\/lightweb.dev\/l\/svm-temp\/wp-json\/wp\/v2\/posts"}],"about":[{"href":"https:\/\/lightweb.dev\/l\/svm-temp\/wp-json\/wp\/v2\/types\/post"}],"author":[{"embeddable":true,"href":"https:\/\/lightweb.dev\/l\/svm-temp\/wp-json\/wp\/v2\/users\/8"}],"replies":[{"embeddable":true,"href":"https:\/\/lightweb.dev\/l\/svm-temp\/wp-json\/wp\/v2\/comments?post=12140"}],"version-history":[{"count":0,"href":"https:\/\/lightweb.dev\/l\/svm-temp\/wp-json\/wp\/v2\/posts\/12140\/revisions"}],"wp:featuredmedia":[{"embeddable":true,"href":"https:\/\/lightweb.dev\/l\/svm-temp\/wp-json\/wp\/v2\/media\/12141"}],"wp:attachment":[{"href":"https:\/\/lightweb.dev\/l\/svm-temp\/wp-json\/wp\/v2\/media?parent=12140"}],"wp:term":[{"taxonomy":"category","embeddable":true,"href":"https:\/\/lightweb.dev\/l\/svm-temp\/wp-json\/wp\/v2\/categories?post=12140"},{"taxonomy":"post_tag","embeddable":true,"href":"https:\/\/lightweb.dev\/l\/svm-temp\/wp-json\/wp\/v2\/tags?post=12140"}],"curies":[{"name":"wp","href":"https:\/\/api.w.org\/{rel}","templated":true}]}}