{"id":12142,"date":"2021-05-18T09:55:00","date_gmt":"2021-05-18T07:55:00","guid":{"rendered":"https:\/\/lightweb.dev\/l\/svm-temp\/nyheter\/kaos-i-ceuta-med-over-5-000-migranter\/"},"modified":"2021-05-18T09:55:00","modified_gmt":"2021-05-18T07:55:00","slug":"kaos-i-ceuta-med-over-5-000-migranter","status":"publish","type":"post","link":"https:\/\/lightweb.dev\/l\/svm-temp\/nyheter\/kaos-i-ceuta-med-over-5-000-migranter\/","title":{"rendered":"Kaos i Ceuta med \u00f6ver 5.000 migranter"},"content":{"rendered":"<p> En passiv marockansk gr\u00e4nspolis har bidragit till att upp emot 5.000 varav 1.500 minder\u00e5riga illegala migranter utan munskydd har tagit sig in i den spanska enklaven Ceuta i Nordafrika. Det \u00e4r rekordsiffror f\u00f6r att vara ett dygn. P\u00e5 grund av ebb har de kunnat vada eller simma vid gr\u00e4nspassagerna Tarajal och Benz\u00fa uppger lokala medier.<\/p>\n<p>Den spanska nyhetsbyr\u00e5n EFE uppger att Spanien under natten har f\u00f6rst\u00e4rkt bevakningen av gr\u00e4nsen med milit\u00e4rer och den spanska legionen som finns stationerad i Ceuta.<\/p>\n<p>P\u00e5 tisdagen har siffran \u00f6ver antalet migranter som tagit sig in i Ceuta h\u00f6jts till 8.000. Omkring 4.000 av dessa har skickats tillbaka.<\/p>\n<p>Utrikesministern Arancha Gonz\u00e1lez Laya har kallat till sig Marockos ambassad\u00f6r.<\/p>\n<p>Under tisdagen har den spanska regeringschefen Pedro S\u00e1nchez tr\u00e4ffat kung Felipe VI f\u00f6r att samtala om krisen. S\u00e1nchez meddelar att han st\u00e4ller in \u00f6vriga planerade m\u00f6ten f\u00f6r att i st\u00e4llet resa till Ceuta och Melilla.<\/p>\n<p>Pedro S\u00e1nchez har hittills inte kommenterat vad som orsakat den uppkomna krisen. Regeringschefen skriver p\u00e5 Twitter:<\/p>\n<p>&#8221;Jag reser idag till Ceuta och Melilla. Spaniens regering vill agera med beslutsamhet. Vi t\u00e4nker \u00e5terst\u00e4ller ordningen s\u00e5 snabbt som m\u00f6jligt f\u00f6r att garantera inv\u00e5narnas s\u00e4kerhet&#8221;.<\/p>\n<p>&#8221;Jag har pratat med b\u00e5de spanska och europeiska politiker hur vi kan ta uti med situationen. Prioriteringen ligger p\u00e5 att kontrollera gr\u00e4nsen till Marocko och ge Ceuta och Melilla de redskap som beh\u00f6vs f\u00f6r att l\u00f6sa krisen&#8221;.<\/p>\n<p>Svenskan Ylva Johansson som \u00e4r EU-kommission\u00e4r med ansvar f\u00f6r inrikesfr\u00e5gor skriver p\u00e5 Twitter:<\/p>\n<p>&#8221;Spaniens gr\u00e4ns \u00e4r ocks\u00e5 Europas gr\u00e4ns. Europeiska unionen vill bygga ett f\u00f6rh\u00e5llande med Marocko som \u00e4r baserat p\u00e5 f\u00f6rtroende och delade \u00e5taganden. Migration \u00e4r ett nyckelelement i detta avseende. Av den orsaken f\u00f6ljer jag h\u00e4ndelseutvecklingen mycket noggrant&#8221;.<\/p>\n<p>H\u00e4ndelsen i Ceuta senaste dygnet beskrivs som kaosartad n\u00e4r tusentals illegala migranter fr\u00e5n Marocko och l\u00e4nderna s\u00f6der om Sahara tog sig in i den spanska enklaven som ocks\u00e5 \u00e4r EU:s s\u00f6dra gr\u00e4ns till Afrika. Majoriteten av migranterna \u00e4r unga m\u00e4n.<\/p>\n<p>Spanska polisk\u00e4llor uppger hur den marockanska gr\u00e4nspolisen var helt passiv, vilket \u00e4r ett resultat av den diplomatiska krisen mellan Spanien och Marocko. Spanien tog den 18 april emot Polisarios ledare Brahim Ghali som i Logro\u00f1o behandlades f\u00f6r covid-19. Front Polisario \u00e4r V\u00e4stafrikas befrielser\u00f6relse. <\/p>\n<p>N\u00e5got som sticker Marocko i \u00f6gonen. Rabat varnade Spanien f\u00f6r att det skulle \u201df\u00e5 konsekvenser\u201d.<\/p>\n<p>Invandringspolitiken har med g\u00e5rdagens h\u00e4ndelse seglat upp som en het potatis i debatten i radio, tv och tidningar.<\/p>\n<p>Dagstidningen ABC uppger att inrikesministern Fernando Grande-Marlaska var mycket kritisk till beslutet att sl\u00e4ppa in Polisarios ledare i Spanien och att det kunde f\u00e5 konsekvenser. Men b\u00e5de utrikesministern Arancha Gonz\u00e1lez Laya och regeringschefen Pedro S\u00e1nchez har st\u00f6tt beslutet.<\/p>\n<p>Sedan 1992 har Spanien ett avtal med Marocko att skicka tillbaka marockanska migranter som tar sig in illegalt i landet.<\/p>\n<p>Vid g\u00e5rdagens invasion i Ceuta uppges en migrant ha omkommit n\u00e4r denne f\u00f6rs\u00f6kte simma f\u00f6rbi st\u00e4ngslet ett stycke ut i havet och in i Ceuta.<br \/>\n Spanskmarockansk diplomatisk kris tilltar<\/p>\n","protected":false},"excerpt":{"rendered":"<p>En passiv marockansk gr\u00e4nspolis har bidragit till att upp emot 5.000 varav 1.500 minder\u00e5riga illegala migranter utan munskydd har tagit sig in i den spanska enklaven Ceuta i Nordafrika. Det \u00e4r rekordsiffror f\u00f6r att vara ett dygn. P\u00e5 grund av ebb har de kunnat vada eller simma vid gr\u00e4nspassagerna Tarajal och Benz\u00fa uppger lokala medier. [&hellip;]<\/p>\n","protected":false},"author":8,"featured_media":12143,"comment_status":"open","ping_status":"open","sticky":false,"template":"","format":"standard","meta":{"_et_pb_use_builder":"","_et_pb_old_content":"","_et_gb_content_width":"","footnotes":""},"categories":[395,3],"tags":[],"class_list":["post-12142","post","type-post","status-publish","format-standard","has-post-thumbnail","hentry","category-arkiv-nyheter","category-nyheter"],"yoast_head":"<!-- This site is optimized with the Yoast SEO Premium plugin v26.2 (Yoast SEO v27.4) - https:\/\/yoast.com\/product\/yoast-seo-premium-wordpress\/ -->\n<title>Kaos i Ceuta med \u00f6ver 5.000 migranter - Svenska Magasinet<\/title>\n<meta name=\"robots\" content=\"noindex, follow, max-snippet:-1, max-image-preview:large, max-video-preview:-1\" \/>\n<meta property=\"og:locale\" content=\"sv_SE\" \/>\n<meta property=\"og:type\" content=\"article\" \/>\n<meta property=\"og:title\" content=\"Kaos i Ceuta med \u00f6ver 5.000 migranter\" \/>\n<meta property=\"og:description\" content=\"En passiv marockansk gr\u00e4nspolis har bidragit till att upp emot 5.000 varav 1.500 minder\u00e5riga illegala migranter utan munskydd har tagit sig in i den spanska enklaven Ceuta i Nordafrika. Det \u00e4r rekordsiffror f\u00f6r att vara ett dygn. P\u00e5 grund av ebb har de kunnat vada eller simma vid gr\u00e4nspassagerna Tarajal och Benz\u00fa uppger lokala medier. [&hellip;]\" \/>\n<meta property=\"og:url\" content=\"https:\/\/lightweb.dev\/l\/svm-temp\/nyheter\/kaos-i-ceuta-med-over-5-000-migranter\/\" \/>\n<meta property=\"og:site_name\" content=\"Svenska Magasinet\" \/>\n<meta property=\"article:publisher\" content=\"https:\/\/www.facebook.com\/svenskamagasinet\" \/>\n<meta property=\"article:published_time\" content=\"2021-05-18T07:55:00+00:00\" \/>\n<meta property=\"og:image\" content=\"https:\/\/lightweb.dev\/l\/svm-temp\/wp-content\/uploads\/2022\/06\/kaos-i-ceuta-med-over-5000-migranter.png\" \/>\n\t<meta property=\"og:image:width\" content=\"500\" \/>\n\t<meta property=\"og:image:height\" content=\"300\" \/>\n\t<meta property=\"og:image:type\" content=\"image\/png\" \/>\n<meta name=\"author\" content=\"Redaktionen SvM\" \/>\n<meta name=\"twitter:card\" content=\"summary_large_image\" \/>\n<meta name=\"twitter:creator\" content=\"@SvenskaMagasine\" \/>\n<meta name=\"twitter:site\" content=\"@SvenskaMagasine\" \/>\n<script type=\"application\/ld+json\" class=\"yoast-schema-graph\">{\"@context\":\"https:\\\/\\\/schema.org\",\"@graph\":[{\"@type\":\"Article\",\"@id\":\"https:\\\/\\\/lightweb.dev\\\/l\\\/svm-temp\\\/nyheter\\\/kaos-i-ceuta-med-over-5-000-migranter\\\/#article\",\"isPartOf\":{\"@id\":\"https:\\\/\\\/lightweb.dev\\\/l\\\/svm-temp\\\/nyheter\\\/kaos-i-ceuta-med-over-5-000-migranter\\\/\"},\"author\":{\"name\":\"Redaktionen SvM\",\"@id\":\"https:\\\/\\\/lightweb.dev\\\/l\\\/svm-temp\\\/#\\\/schema\\\/person\\\/206a3bda5b607b0c25e1749191e4d837\"},\"headline\":\"Kaos i Ceuta med \u00f6ver 5.000 migranter\",\"datePublished\":\"2021-05-18T07:55:00+00:00\",\"mainEntityOfPage\":{\"@id\":\"https:\\\/\\\/lightweb.dev\\\/l\\\/svm-temp\\\/nyheter\\\/kaos-i-ceuta-med-over-5-000-migranter\\\/\"},\"wordCount\":552,\"commentCount\":0,\"publisher\":{\"@id\":\"https:\\\/\\\/lightweb.dev\\\/l\\\/svm-temp\\\/#organization\"},\"image\":{\"@id\":\"https:\\\/\\\/lightweb.dev\\\/l\\\/svm-temp\\\/nyheter\\\/kaos-i-ceuta-med-over-5-000-migranter\\\/#primaryimage\"},\"thumbnailUrl\":\"https:\\\/\\\/lightweb.dev\\\/l\\\/svm-temp\\\/wp-content\\\/uploads\\\/2022\\\/06\\\/kaos-i-ceuta-med-over-5000-migranter.png\",\"articleSection\":[\"Arkiv\",\"Nyheter\"],\"inLanguage\":\"sv-SE\"},{\"@type\":\"WebPage\",\"@id\":\"https:\\\/\\\/lightweb.dev\\\/l\\\/svm-temp\\\/nyheter\\\/kaos-i-ceuta-med-over-5-000-migranter\\\/\",\"url\":\"https:\\\/\\\/lightweb.dev\\\/l\\\/svm-temp\\\/nyheter\\\/kaos-i-ceuta-med-over-5-000-migranter\\\/\",\"name\":\"Kaos i Ceuta med \u00f6ver 5.000 migranter - Svenska Magasinet\",\"isPartOf\":{\"@id\":\"https:\\\/\\\/lightweb.dev\\\/l\\\/svm-temp\\\/#website\"},\"primaryImageOfPage\":{\"@id\":\"https:\\\/\\\/lightweb.dev\\\/l\\\/svm-temp\\\/nyheter\\\/kaos-i-ceuta-med-over-5-000-migranter\\\/#primaryimage\"},\"image\":{\"@id\":\"https:\\\/\\\/lightweb.dev\\\/l\\\/svm-temp\\\/nyheter\\\/kaos-i-ceuta-med-over-5-000-migranter\\\/#primaryimage\"},\"thumbnailUrl\":\"https:\\\/\\\/lightweb.dev\\\/l\\\/svm-temp\\\/wp-content\\\/uploads\\\/2022\\\/06\\\/kaos-i-ceuta-med-over-5000-migranter.png\",\"datePublished\":\"2021-05-18T07:55:00+00:00\",\"breadcrumb\":{\"@id\":\"https:\\\/\\\/lightweb.dev\\\/l\\\/svm-temp\\\/nyheter\\\/kaos-i-ceuta-med-over-5-000-migranter\\\/#breadcrumb\"},\"inLanguage\":\"sv-SE\",\"potentialAction\":[{\"@type\":\"ReadAction\",\"target\":[\"https:\\\/\\\/lightweb.dev\\\/l\\\/svm-temp\\\/nyheter\\\/kaos-i-ceuta-med-over-5-000-migranter\\\/\"]}]},{\"@type\":\"ImageObject\",\"inLanguage\":\"sv-SE\",\"@id\":\"https:\\\/\\\/lightweb.dev\\\/l\\\/svm-temp\\\/nyheter\\\/kaos-i-ceuta-med-over-5-000-migranter\\\/#primaryimage\",\"url\":\"https:\\\/\\\/lightweb.dev\\\/l\\\/svm-temp\\\/wp-content\\\/uploads\\\/2022\\\/06\\\/kaos-i-ceuta-med-over-5000-migranter.png\",\"contentUrl\":\"https:\\\/\\\/lightweb.dev\\\/l\\\/svm-temp\\\/wp-content\\\/uploads\\\/2022\\\/06\\\/kaos-i-ceuta-med-over-5000-migranter.png\",\"width\":500,\"height\":300},{\"@type\":\"BreadcrumbList\",\"@id\":\"https:\\\/\\\/lightweb.dev\\\/l\\\/svm-temp\\\/nyheter\\\/kaos-i-ceuta-med-over-5-000-migranter\\\/#breadcrumb\",\"itemListElement\":[{\"@type\":\"ListItem\",\"position\":1,\"name\":\"Hem\",\"item\":\"https:\\\/\\\/lightweb.dev\\\/l\\\/svm-temp\\\/\"},{\"@type\":\"ListItem\",\"position\":2,\"name\":\"Kaos i Ceuta med \u00f6ver 5.000 migranter\"}]},{\"@type\":\"WebSite\",\"@id\":\"https:\\\/\\\/lightweb.dev\\\/l\\\/svm-temp\\\/#website\",\"url\":\"https:\\\/\\\/lightweb.dev\\\/l\\\/svm-temp\\\/\",\"name\":\"Svenska Magasinet\",\"description\":\"Dina Spanska nyheter p&aring; Svenska\",\"publisher\":{\"@id\":\"https:\\\/\\\/lightweb.dev\\\/l\\\/svm-temp\\\/#organization\"},\"potentialAction\":[{\"@type\":\"SearchAction\",\"target\":{\"@type\":\"EntryPoint\",\"urlTemplate\":\"https:\\\/\\\/lightweb.dev\\\/l\\\/svm-temp\\\/?s={search_term_string}\"},\"query-input\":{\"@type\":\"PropertyValueSpecification\",\"valueRequired\":true,\"valueName\":\"search_term_string\"}}],\"inLanguage\":\"sv-SE\"},{\"@type\":\"Organization\",\"@id\":\"https:\\\/\\\/lightweb.dev\\\/l\\\/svm-temp\\\/#organization\",\"name\":\"Melkerson y Nott SL\",\"alternateName\":\"Svenska Magasinet\",\"url\":\"https:\\\/\\\/lightweb.dev\\\/l\\\/svm-temp\\\/\",\"logo\":{\"@type\":\"ImageObject\",\"inLanguage\":\"sv-SE\",\"@id\":\"https:\\\/\\\/lightweb.dev\\\/l\\\/svm-temp\\\/#\\\/schema\\\/logo\\\/image\\\/\",\"url\":\"https:\\\/\\\/lightweb.dev\\\/l\\\/svm-temp\\\/wp-content\\\/uploads\\\/2025\\\/02\\\/SvM-logo-Xtra-Centrerad-SVART.png\",\"contentUrl\":\"https:\\\/\\\/lightweb.dev\\\/l\\\/svm-temp\\\/wp-content\\\/uploads\\\/2025\\\/02\\\/SvM-logo-Xtra-Centrerad-SVART.png\",\"width\":300,\"height\":99,\"caption\":\"Melkerson y Nott SL\"},\"image\":{\"@id\":\"https:\\\/\\\/lightweb.dev\\\/l\\\/svm-temp\\\/#\\\/schema\\\/logo\\\/image\\\/\"},\"sameAs\":[\"https:\\\/\\\/www.facebook.com\\\/svenskamagasinet\",\"https:\\\/\\\/x.com\\\/SvenskaMagasine\"]},{\"@type\":\"Person\",\"@id\":\"https:\\\/\\\/lightweb.dev\\\/l\\\/svm-temp\\\/#\\\/schema\\\/person\\\/206a3bda5b607b0c25e1749191e4d837\",\"name\":\"Redaktionen SvM\",\"description\":\"Redaktionen\",\"sameAs\":[\"https:\\\/\\\/lightweb.dev\\\/l\\\/svm-temp\"],\"url\":\"https:\\\/\\\/lightweb.dev\\\/l\\\/svm-temp\\\/reporter\\\/redaktionen\\\/\"}]}<\/script>\n<!-- \/ Yoast SEO Premium plugin. -->","yoast_head_json":{"title":"Kaos i Ceuta med \u00f6ver 5.000 migranter - Svenska Magasinet","robots":{"index":"noindex","follow":"follow","max-snippet":"max-snippet:-1","max-image-preview":"max-image-preview:large","max-video-preview":"max-video-preview:-1"},"og_locale":"sv_SE","og_type":"article","og_title":"Kaos i Ceuta med \u00f6ver 5.000 migranter","og_description":"En passiv marockansk gr\u00e4nspolis har bidragit till att upp emot 5.000 varav 1.500 minder\u00e5riga illegala migranter utan munskydd har tagit sig in i den spanska enklaven Ceuta i Nordafrika. Det \u00e4r rekordsiffror f\u00f6r att vara ett dygn. P\u00e5 grund av ebb har de kunnat vada eller simma vid gr\u00e4nspassagerna Tarajal och Benz\u00fa uppger lokala medier. [&hellip;]","og_url":"https:\/\/lightweb.dev\/l\/svm-temp\/nyheter\/kaos-i-ceuta-med-over-5-000-migranter\/","og_site_name":"Svenska Magasinet","article_publisher":"https:\/\/www.facebook.com\/svenskamagasinet","article_published_time":"2021-05-18T07:55:00+00:00","og_image":[{"width":500,"height":300,"url":"https:\/\/lightweb.dev\/l\/svm-temp\/wp-content\/uploads\/2022\/06\/kaos-i-ceuta-med-over-5000-migranter.png","type":"image\/png"}],"author":"Redaktionen SvM","twitter_card":"summary_large_image","twitter_creator":"@SvenskaMagasine","twitter_site":"@SvenskaMagasine","schema":{"@context":"https:\/\/schema.org","@graph":[{"@type":"Article","@id":"https:\/\/lightweb.dev\/l\/svm-temp\/nyheter\/kaos-i-ceuta-med-over-5-000-migranter\/#article","isPartOf":{"@id":"https:\/\/lightweb.dev\/l\/svm-temp\/nyheter\/kaos-i-ceuta-med-over-5-000-migranter\/"},"author":{"name":"Redaktionen SvM","@id":"https:\/\/lightweb.dev\/l\/svm-temp\/#\/schema\/person\/206a3bda5b607b0c25e1749191e4d837"},"headline":"Kaos i Ceuta med \u00f6ver 5.000 migranter","datePublished":"2021-05-18T07:55:00+00:00","mainEntityOfPage":{"@id":"https:\/\/lightweb.dev\/l\/svm-temp\/nyheter\/kaos-i-ceuta-med-over-5-000-migranter\/"},"wordCount":552,"commentCount":0,"publisher":{"@id":"https:\/\/lightweb.dev\/l\/svm-temp\/#organization"},"image":{"@id":"https:\/\/lightweb.dev\/l\/svm-temp\/nyheter\/kaos-i-ceuta-med-over-5-000-migranter\/#primaryimage"},"thumbnailUrl":"https:\/\/lightweb.dev\/l\/svm-temp\/wp-content\/uploads\/2022\/06\/kaos-i-ceuta-med-over-5000-migranter.png","articleSection":["Arkiv","Nyheter"],"inLanguage":"sv-SE"},{"@type":"WebPage","@id":"https:\/\/lightweb.dev\/l\/svm-temp\/nyheter\/kaos-i-ceuta-med-over-5-000-migranter\/","url":"https:\/\/lightweb.dev\/l\/svm-temp\/nyheter\/kaos-i-ceuta-med-over-5-000-migranter\/","name":"Kaos i Ceuta med \u00f6ver 5.000 migranter - Svenska Magasinet","isPartOf":{"@id":"https:\/\/lightweb.dev\/l\/svm-temp\/#website"},"primaryImageOfPage":{"@id":"https:\/\/lightweb.dev\/l\/svm-temp\/nyheter\/kaos-i-ceuta-med-over-5-000-migranter\/#primaryimage"},"image":{"@id":"https:\/\/lightweb.dev\/l\/svm-temp\/nyheter\/kaos-i-ceuta-med-over-5-000-migranter\/#primaryimage"},"thumbnailUrl":"https:\/\/lightweb.dev\/l\/svm-temp\/wp-content\/uploads\/2022\/06\/kaos-i-ceuta-med-over-5000-migranter.png","datePublished":"2021-05-18T07:55:00+00:00","breadcrumb":{"@id":"https:\/\/lightweb.dev\/l\/svm-temp\/nyheter\/kaos-i-ceuta-med-over-5-000-migranter\/#breadcrumb"},"inLanguage":"sv-SE","potentialAction":[{"@type":"ReadAction","target":["https:\/\/lightweb.dev\/l\/svm-temp\/nyheter\/kaos-i-ceuta-med-over-5-000-migranter\/"]}]},{"@type":"ImageObject","inLanguage":"sv-SE","@id":"https:\/\/lightweb.dev\/l\/svm-temp\/nyheter\/kaos-i-ceuta-med-over-5-000-migranter\/#primaryimage","url":"https:\/\/lightweb.dev\/l\/svm-temp\/wp-content\/uploads\/2022\/06\/kaos-i-ceuta-med-over-5000-migranter.png","contentUrl":"https:\/\/lightweb.dev\/l\/svm-temp\/wp-content\/uploads\/2022\/06\/kaos-i-ceuta-med-over-5000-migranter.png","width":500,"height":300},{"@type":"BreadcrumbList","@id":"https:\/\/lightweb.dev\/l\/svm-temp\/nyheter\/kaos-i-ceuta-med-over-5-000-migranter\/#breadcrumb","itemListElement":[{"@type":"ListItem","position":1,"name":"Hem","item":"https:\/\/lightweb.dev\/l\/svm-temp\/"},{"@type":"ListItem","position":2,"name":"Kaos i Ceuta med \u00f6ver 5.000 migranter"}]},{"@type":"WebSite","@id":"https:\/\/lightweb.dev\/l\/svm-temp\/#website","url":"https:\/\/lightweb.dev\/l\/svm-temp\/","name":"Svenska Magasinet","description":"Dina Spanska nyheter p&aring; Svenska","publisher":{"@id":"https:\/\/lightweb.dev\/l\/svm-temp\/#organization"},"potentialAction":[{"@type":"SearchAction","target":{"@type":"EntryPoint","urlTemplate":"https:\/\/lightweb.dev\/l\/svm-temp\/?s={search_term_string}"},"query-input":{"@type":"PropertyValueSpecification","valueRequired":true,"valueName":"search_term_string"}}],"inLanguage":"sv-SE"},{"@type":"Organization","@id":"https:\/\/lightweb.dev\/l\/svm-temp\/#organization","name":"Melkerson y Nott SL","alternateName":"Svenska Magasinet","url":"https:\/\/lightweb.dev\/l\/svm-temp\/","logo":{"@type":"ImageObject","inLanguage":"sv-SE","@id":"https:\/\/lightweb.dev\/l\/svm-temp\/#\/schema\/logo\/image\/","url":"https:\/\/lightweb.dev\/l\/svm-temp\/wp-content\/uploads\/2025\/02\/SvM-logo-Xtra-Centrerad-SVART.png","contentUrl":"https:\/\/lightweb.dev\/l\/svm-temp\/wp-content\/uploads\/2025\/02\/SvM-logo-Xtra-Centrerad-SVART.png","width":300,"height":99,"caption":"Melkerson y Nott SL"},"image":{"@id":"https:\/\/lightweb.dev\/l\/svm-temp\/#\/schema\/logo\/image\/"},"sameAs":["https:\/\/www.facebook.com\/svenskamagasinet","https:\/\/x.com\/SvenskaMagasine"]},{"@type":"Person","@id":"https:\/\/lightweb.dev\/l\/svm-temp\/#\/schema\/person\/206a3bda5b607b0c25e1749191e4d837","name":"Redaktionen SvM","description":"Redaktionen","sameAs":["https:\/\/lightweb.dev\/l\/svm-temp"],"url":"https:\/\/lightweb.dev\/l\/svm-temp\/reporter\/redaktionen\/"}]}},"_links":{"self":[{"href":"https:\/\/lightweb.dev\/l\/svm-temp\/wp-json\/wp\/v2\/posts\/12142","targetHints":{"allow":["GET"]}}],"collection":[{"href":"https:\/\/lightweb.dev\/l\/svm-temp\/wp-json\/wp\/v2\/posts"}],"about":[{"href":"https:\/\/lightweb.dev\/l\/svm-temp\/wp-json\/wp\/v2\/types\/post"}],"author":[{"embeddable":true,"href":"https:\/\/lightweb.dev\/l\/svm-temp\/wp-json\/wp\/v2\/users\/8"}],"replies":[{"embeddable":true,"href":"https:\/\/lightweb.dev\/l\/svm-temp\/wp-json\/wp\/v2\/comments?post=12142"}],"version-history":[{"count":0,"href":"https:\/\/lightweb.dev\/l\/svm-temp\/wp-json\/wp\/v2\/posts\/12142\/revisions"}],"wp:featuredmedia":[{"embeddable":true,"href":"https:\/\/lightweb.dev\/l\/svm-temp\/wp-json\/wp\/v2\/media\/12143"}],"wp:attachment":[{"href":"https:\/\/lightweb.dev\/l\/svm-temp\/wp-json\/wp\/v2\/media?parent=12142"}],"wp:term":[{"taxonomy":"category","embeddable":true,"href":"https:\/\/lightweb.dev\/l\/svm-temp\/wp-json\/wp\/v2\/categories?post=12142"},{"taxonomy":"post_tag","embeddable":true,"href":"https:\/\/lightweb.dev\/l\/svm-temp\/wp-json\/wp\/v2\/tags?post=12142"}],"curies":[{"name":"wp","href":"https:\/\/api.w.org\/{rel}","templated":true}]}}