{"id":12144,"date":"2021-05-18T10:36:00","date_gmt":"2021-05-18T08:36:00","guid":{"rendered":"https:\/\/lightweb.dev\/l\/svm-temp\/nyheter\/fernando-simon-snart-kan-munskyddskravet-utomhus-havas\/"},"modified":"2021-05-18T10:36:00","modified_gmt":"2021-05-18T08:36:00","slug":"fernando-simon-snart-kan-munskyddskravet-utomhus-havas","status":"publish","type":"post","link":"https:\/\/lightweb.dev\/l\/svm-temp\/nyheter\/fernando-simon-snart-kan-munskyddskravet-utomhus-havas\/","title":{"rendered":"Fernando Sim\u00f3n: Snart kan munskyddskravet utomhus h\u00e4vas"},"content":{"rendered":"<p> Ett beslut om att det obligatoriska munskyddskravet utomhus h\u00e4vs kommer allt n\u00e4rmare. Det \u00e4r inte m\u00e5nga dagar dit, s\u00e4ger spanska smittskyddscentrets chef Fernando Sim\u00f3n. Det b\u00f6rjade med Galicien i f\u00f6rra veckan. I s\u00f6ndags kom Katalonien med beskedet att de vill h\u00e4va munskyddskravet utomhus fram\u00f6ver.<\/p>\n<p>Kataloniens h\u00e4lsor\u00e5d Marc Ramentol s\u00e4ger att inom n\u00e5gra veckor ska ett beslut tas om att h\u00e4va munskyddskravet. <\/p>\n<p>F\u00f6r f\u00f6rsta g\u00e5ngen p\u00e5 ett \u00e5r diskuteras det nu att h\u00e4va munskyddskravet utomhus i offentliga milj\u00f6er. Vid en presstr\u00e4ff p\u00e5 m\u00e5ndagen sa Fernando Sim\u00f3n att han anser det \u201dmycket troligt\u201d att kravet kan upph\u00f6ra i utomhusmilj\u00f6er och under vissa specifika omst\u00e4ndigheter inom inte alltf\u00f6r m\u00e5nga dagar.<\/p>\n<p>Sim\u00f3n var ocks\u00e5 snabb att till\u00e4gga att han inte vill ge s\u00e5 m\u00e5nga detaljer i dagsl\u00e4get med tanke p\u00e5 tidigare erfarenheter och beslut under pandemin. De har inte alltid varit korrekta n\u00e4r det v\u00e4l har g\u00e4llt.<\/p>\n<p>Han sa att munskyddskravet utomhus kan h\u00e4vas i takt med att den immuniserade befolkningen \u00f6kar och incidenstalet faller under 150 fall.<\/p>\n<p>&#8211; Och med tanke p\u00e5 den ned\u00e5tg\u00e5ende trenden \u00e4r vi snart d\u00e4r, konstaterar Sim\u00f3n.<\/p>\n<p>Sedan \u00e4r fr\u00e5gan om landets genomsnitt m\u00e5ste ligga under 150 fall eller om ett beslut skulle kunna g\u00f6ras i de respektive regionerna.<\/p>\n<p>Det \u00e4r totalt elva regioner eller automona st\u00e4der som ligger under 150 fall: Ceuta (17), Valenciaregionen (29), Balearerna (46), Murcia (63), Asturien (71), Extremadura (80), Galicien (88), Kantabrien (121), Castilla-La Mancha (136) och Castilla y Le\u00f3n (141).<\/p>\n<p>Allt fler experter f\u00f6respr\u00e5kar att det \u00e4r dags att lyfta munskyddskravet utomhus s\u00e5 l\u00e4nge s\u00e4kerhetsavst\u00e5ndet p\u00e5 1,5 meter kan respekteras. Det finns ingen mening med att ha munskydd p\u00e5 under en promenad p\u00e5 landet men det kan vara vettigt att ha det p\u00e5 en livlig gata i stadsmilj\u00f6.<br \/>\n N\u00e4r upph\u00f6r det obligatoriska munskyddskravet utomhus?<\/p>\n","protected":false},"excerpt":{"rendered":"<p>Ett beslut om att det obligatoriska munskyddskravet utomhus h\u00e4vs kommer allt n\u00e4rmare. Det \u00e4r inte m\u00e5nga dagar dit, s\u00e4ger spanska smittskyddscentrets chef Fernando Sim\u00f3n. Det b\u00f6rjade med Galicien i f\u00f6rra veckan. I s\u00f6ndags kom Katalonien med beskedet att de vill h\u00e4va munskyddskravet utomhus fram\u00f6ver. Kataloniens h\u00e4lsor\u00e5d Marc Ramentol s\u00e4ger att inom n\u00e5gra veckor ska ett [&hellip;]<\/p>\n","protected":false},"author":8,"featured_media":0,"comment_status":"open","ping_status":"open","sticky":false,"template":"","format":"standard","meta":{"_et_pb_use_builder":"","_et_pb_old_content":"","_et_gb_content_width":"","footnotes":""},"categories":[395,3],"tags":[],"class_list":["post-12144","post","type-post","status-publish","format-standard","hentry","category-arkiv-nyheter","category-nyheter"],"yoast_head":"<!-- This site is optimized with the Yoast SEO Premium plugin v26.2 (Yoast SEO v27.4) - https:\/\/yoast.com\/product\/yoast-seo-premium-wordpress\/ -->\n<title>Fernando Sim\u00f3n: Snart kan munskyddskravet utomhus h\u00e4vas - Svenska Magasinet<\/title>\n<meta name=\"robots\" content=\"noindex, follow, max-snippet:-1, max-image-preview:large, max-video-preview:-1\" \/>\n<meta property=\"og:locale\" content=\"sv_SE\" \/>\n<meta property=\"og:type\" content=\"article\" \/>\n<meta property=\"og:title\" content=\"Fernando Sim\u00f3n: Snart kan munskyddskravet utomhus h\u00e4vas\" \/>\n<meta property=\"og:description\" content=\"Ett beslut om att det obligatoriska munskyddskravet utomhus h\u00e4vs kommer allt n\u00e4rmare. Det \u00e4r inte m\u00e5nga dagar dit, s\u00e4ger spanska smittskyddscentrets chef Fernando Sim\u00f3n. Det b\u00f6rjade med Galicien i f\u00f6rra veckan. I s\u00f6ndags kom Katalonien med beskedet att de vill h\u00e4va munskyddskravet utomhus fram\u00f6ver. Kataloniens h\u00e4lsor\u00e5d Marc Ramentol s\u00e4ger att inom n\u00e5gra veckor ska ett [&hellip;]\" \/>\n<meta property=\"og:url\" content=\"https:\/\/lightweb.dev\/l\/svm-temp\/nyheter\/fernando-simon-snart-kan-munskyddskravet-utomhus-havas\/\" \/>\n<meta property=\"og:site_name\" content=\"Svenska Magasinet\" \/>\n<meta property=\"article:publisher\" content=\"https:\/\/www.facebook.com\/svenskamagasinet\" \/>\n<meta property=\"article:published_time\" content=\"2021-05-18T08:36:00+00:00\" \/>\n<meta name=\"author\" content=\"Redaktionen SvM\" \/>\n<meta name=\"twitter:card\" content=\"summary_large_image\" \/>\n<meta name=\"twitter:creator\" content=\"@SvenskaMagasine\" \/>\n<meta name=\"twitter:site\" content=\"@SvenskaMagasine\" \/>\n<script type=\"application\/ld+json\" class=\"yoast-schema-graph\">{\"@context\":\"https:\\\/\\\/schema.org\",\"@graph\":[{\"@type\":\"Article\",\"@id\":\"https:\\\/\\\/lightweb.dev\\\/l\\\/svm-temp\\\/nyheter\\\/fernando-simon-snart-kan-munskyddskravet-utomhus-havas\\\/#article\",\"isPartOf\":{\"@id\":\"https:\\\/\\\/lightweb.dev\\\/l\\\/svm-temp\\\/nyheter\\\/fernando-simon-snart-kan-munskyddskravet-utomhus-havas\\\/\"},\"author\":{\"name\":\"Redaktionen SvM\",\"@id\":\"https:\\\/\\\/lightweb.dev\\\/l\\\/svm-temp\\\/#\\\/schema\\\/person\\\/206a3bda5b607b0c25e1749191e4d837\"},\"headline\":\"Fernando Sim\u00f3n: Snart kan munskyddskravet utomhus h\u00e4vas\",\"datePublished\":\"2021-05-18T08:36:00+00:00\",\"mainEntityOfPage\":{\"@id\":\"https:\\\/\\\/lightweb.dev\\\/l\\\/svm-temp\\\/nyheter\\\/fernando-simon-snart-kan-munskyddskravet-utomhus-havas\\\/\"},\"wordCount\":338,\"commentCount\":0,\"publisher\":{\"@id\":\"https:\\\/\\\/lightweb.dev\\\/l\\\/svm-temp\\\/#organization\"},\"articleSection\":[\"Arkiv\",\"Nyheter\"],\"inLanguage\":\"sv-SE\"},{\"@type\":\"WebPage\",\"@id\":\"https:\\\/\\\/lightweb.dev\\\/l\\\/svm-temp\\\/nyheter\\\/fernando-simon-snart-kan-munskyddskravet-utomhus-havas\\\/\",\"url\":\"https:\\\/\\\/lightweb.dev\\\/l\\\/svm-temp\\\/nyheter\\\/fernando-simon-snart-kan-munskyddskravet-utomhus-havas\\\/\",\"name\":\"Fernando Sim\u00f3n: Snart kan munskyddskravet utomhus h\u00e4vas - Svenska Magasinet\",\"isPartOf\":{\"@id\":\"https:\\\/\\\/lightweb.dev\\\/l\\\/svm-temp\\\/#website\"},\"datePublished\":\"2021-05-18T08:36:00+00:00\",\"breadcrumb\":{\"@id\":\"https:\\\/\\\/lightweb.dev\\\/l\\\/svm-temp\\\/nyheter\\\/fernando-simon-snart-kan-munskyddskravet-utomhus-havas\\\/#breadcrumb\"},\"inLanguage\":\"sv-SE\",\"potentialAction\":[{\"@type\":\"ReadAction\",\"target\":[\"https:\\\/\\\/lightweb.dev\\\/l\\\/svm-temp\\\/nyheter\\\/fernando-simon-snart-kan-munskyddskravet-utomhus-havas\\\/\"]}]},{\"@type\":\"BreadcrumbList\",\"@id\":\"https:\\\/\\\/lightweb.dev\\\/l\\\/svm-temp\\\/nyheter\\\/fernando-simon-snart-kan-munskyddskravet-utomhus-havas\\\/#breadcrumb\",\"itemListElement\":[{\"@type\":\"ListItem\",\"position\":1,\"name\":\"Hem\",\"item\":\"https:\\\/\\\/lightweb.dev\\\/l\\\/svm-temp\\\/\"},{\"@type\":\"ListItem\",\"position\":2,\"name\":\"Fernando Sim\u00f3n: Snart kan munskyddskravet utomhus h\u00e4vas\"}]},{\"@type\":\"WebSite\",\"@id\":\"https:\\\/\\\/lightweb.dev\\\/l\\\/svm-temp\\\/#website\",\"url\":\"https:\\\/\\\/lightweb.dev\\\/l\\\/svm-temp\\\/\",\"name\":\"Svenska Magasinet\",\"description\":\"Dina Spanska nyheter p&aring; Svenska\",\"publisher\":{\"@id\":\"https:\\\/\\\/lightweb.dev\\\/l\\\/svm-temp\\\/#organization\"},\"potentialAction\":[{\"@type\":\"SearchAction\",\"target\":{\"@type\":\"EntryPoint\",\"urlTemplate\":\"https:\\\/\\\/lightweb.dev\\\/l\\\/svm-temp\\\/?s={search_term_string}\"},\"query-input\":{\"@type\":\"PropertyValueSpecification\",\"valueRequired\":true,\"valueName\":\"search_term_string\"}}],\"inLanguage\":\"sv-SE\"},{\"@type\":\"Organization\",\"@id\":\"https:\\\/\\\/lightweb.dev\\\/l\\\/svm-temp\\\/#organization\",\"name\":\"Melkerson y Nott SL\",\"alternateName\":\"Svenska Magasinet\",\"url\":\"https:\\\/\\\/lightweb.dev\\\/l\\\/svm-temp\\\/\",\"logo\":{\"@type\":\"ImageObject\",\"inLanguage\":\"sv-SE\",\"@id\":\"https:\\\/\\\/lightweb.dev\\\/l\\\/svm-temp\\\/#\\\/schema\\\/logo\\\/image\\\/\",\"url\":\"https:\\\/\\\/lightweb.dev\\\/l\\\/svm-temp\\\/wp-content\\\/uploads\\\/2025\\\/02\\\/SvM-logo-Xtra-Centrerad-SVART.png\",\"contentUrl\":\"https:\\\/\\\/lightweb.dev\\\/l\\\/svm-temp\\\/wp-content\\\/uploads\\\/2025\\\/02\\\/SvM-logo-Xtra-Centrerad-SVART.png\",\"width\":300,\"height\":99,\"caption\":\"Melkerson y Nott SL\"},\"image\":{\"@id\":\"https:\\\/\\\/lightweb.dev\\\/l\\\/svm-temp\\\/#\\\/schema\\\/logo\\\/image\\\/\"},\"sameAs\":[\"https:\\\/\\\/www.facebook.com\\\/svenskamagasinet\",\"https:\\\/\\\/x.com\\\/SvenskaMagasine\"]},{\"@type\":\"Person\",\"@id\":\"https:\\\/\\\/lightweb.dev\\\/l\\\/svm-temp\\\/#\\\/schema\\\/person\\\/206a3bda5b607b0c25e1749191e4d837\",\"name\":\"Redaktionen SvM\",\"description\":\"Redaktionen\",\"sameAs\":[\"https:\\\/\\\/lightweb.dev\\\/l\\\/svm-temp\"],\"url\":\"https:\\\/\\\/lightweb.dev\\\/l\\\/svm-temp\\\/reporter\\\/redaktionen\\\/\"}]}<\/script>\n<!-- \/ Yoast SEO Premium plugin. -->","yoast_head_json":{"title":"Fernando Sim\u00f3n: Snart kan munskyddskravet utomhus h\u00e4vas - Svenska Magasinet","robots":{"index":"noindex","follow":"follow","max-snippet":"max-snippet:-1","max-image-preview":"max-image-preview:large","max-video-preview":"max-video-preview:-1"},"og_locale":"sv_SE","og_type":"article","og_title":"Fernando Sim\u00f3n: Snart kan munskyddskravet utomhus h\u00e4vas","og_description":"Ett beslut om att det obligatoriska munskyddskravet utomhus h\u00e4vs kommer allt n\u00e4rmare. Det \u00e4r inte m\u00e5nga dagar dit, s\u00e4ger spanska smittskyddscentrets chef Fernando Sim\u00f3n. Det b\u00f6rjade med Galicien i f\u00f6rra veckan. I s\u00f6ndags kom Katalonien med beskedet att de vill h\u00e4va munskyddskravet utomhus fram\u00f6ver. Kataloniens h\u00e4lsor\u00e5d Marc Ramentol s\u00e4ger att inom n\u00e5gra veckor ska ett [&hellip;]","og_url":"https:\/\/lightweb.dev\/l\/svm-temp\/nyheter\/fernando-simon-snart-kan-munskyddskravet-utomhus-havas\/","og_site_name":"Svenska Magasinet","article_publisher":"https:\/\/www.facebook.com\/svenskamagasinet","article_published_time":"2021-05-18T08:36:00+00:00","author":"Redaktionen SvM","twitter_card":"summary_large_image","twitter_creator":"@SvenskaMagasine","twitter_site":"@SvenskaMagasine","schema":{"@context":"https:\/\/schema.org","@graph":[{"@type":"Article","@id":"https:\/\/lightweb.dev\/l\/svm-temp\/nyheter\/fernando-simon-snart-kan-munskyddskravet-utomhus-havas\/#article","isPartOf":{"@id":"https:\/\/lightweb.dev\/l\/svm-temp\/nyheter\/fernando-simon-snart-kan-munskyddskravet-utomhus-havas\/"},"author":{"name":"Redaktionen SvM","@id":"https:\/\/lightweb.dev\/l\/svm-temp\/#\/schema\/person\/206a3bda5b607b0c25e1749191e4d837"},"headline":"Fernando Sim\u00f3n: Snart kan munskyddskravet utomhus h\u00e4vas","datePublished":"2021-05-18T08:36:00+00:00","mainEntityOfPage":{"@id":"https:\/\/lightweb.dev\/l\/svm-temp\/nyheter\/fernando-simon-snart-kan-munskyddskravet-utomhus-havas\/"},"wordCount":338,"commentCount":0,"publisher":{"@id":"https:\/\/lightweb.dev\/l\/svm-temp\/#organization"},"articleSection":["Arkiv","Nyheter"],"inLanguage":"sv-SE"},{"@type":"WebPage","@id":"https:\/\/lightweb.dev\/l\/svm-temp\/nyheter\/fernando-simon-snart-kan-munskyddskravet-utomhus-havas\/","url":"https:\/\/lightweb.dev\/l\/svm-temp\/nyheter\/fernando-simon-snart-kan-munskyddskravet-utomhus-havas\/","name":"Fernando Sim\u00f3n: Snart kan munskyddskravet utomhus h\u00e4vas - Svenska Magasinet","isPartOf":{"@id":"https:\/\/lightweb.dev\/l\/svm-temp\/#website"},"datePublished":"2021-05-18T08:36:00+00:00","breadcrumb":{"@id":"https:\/\/lightweb.dev\/l\/svm-temp\/nyheter\/fernando-simon-snart-kan-munskyddskravet-utomhus-havas\/#breadcrumb"},"inLanguage":"sv-SE","potentialAction":[{"@type":"ReadAction","target":["https:\/\/lightweb.dev\/l\/svm-temp\/nyheter\/fernando-simon-snart-kan-munskyddskravet-utomhus-havas\/"]}]},{"@type":"BreadcrumbList","@id":"https:\/\/lightweb.dev\/l\/svm-temp\/nyheter\/fernando-simon-snart-kan-munskyddskravet-utomhus-havas\/#breadcrumb","itemListElement":[{"@type":"ListItem","position":1,"name":"Hem","item":"https:\/\/lightweb.dev\/l\/svm-temp\/"},{"@type":"ListItem","position":2,"name":"Fernando Sim\u00f3n: Snart kan munskyddskravet utomhus h\u00e4vas"}]},{"@type":"WebSite","@id":"https:\/\/lightweb.dev\/l\/svm-temp\/#website","url":"https:\/\/lightweb.dev\/l\/svm-temp\/","name":"Svenska Magasinet","description":"Dina Spanska nyheter p&aring; Svenska","publisher":{"@id":"https:\/\/lightweb.dev\/l\/svm-temp\/#organization"},"potentialAction":[{"@type":"SearchAction","target":{"@type":"EntryPoint","urlTemplate":"https:\/\/lightweb.dev\/l\/svm-temp\/?s={search_term_string}"},"query-input":{"@type":"PropertyValueSpecification","valueRequired":true,"valueName":"search_term_string"}}],"inLanguage":"sv-SE"},{"@type":"Organization","@id":"https:\/\/lightweb.dev\/l\/svm-temp\/#organization","name":"Melkerson y Nott SL","alternateName":"Svenska Magasinet","url":"https:\/\/lightweb.dev\/l\/svm-temp\/","logo":{"@type":"ImageObject","inLanguage":"sv-SE","@id":"https:\/\/lightweb.dev\/l\/svm-temp\/#\/schema\/logo\/image\/","url":"https:\/\/lightweb.dev\/l\/svm-temp\/wp-content\/uploads\/2025\/02\/SvM-logo-Xtra-Centrerad-SVART.png","contentUrl":"https:\/\/lightweb.dev\/l\/svm-temp\/wp-content\/uploads\/2025\/02\/SvM-logo-Xtra-Centrerad-SVART.png","width":300,"height":99,"caption":"Melkerson y Nott SL"},"image":{"@id":"https:\/\/lightweb.dev\/l\/svm-temp\/#\/schema\/logo\/image\/"},"sameAs":["https:\/\/www.facebook.com\/svenskamagasinet","https:\/\/x.com\/SvenskaMagasine"]},{"@type":"Person","@id":"https:\/\/lightweb.dev\/l\/svm-temp\/#\/schema\/person\/206a3bda5b607b0c25e1749191e4d837","name":"Redaktionen SvM","description":"Redaktionen","sameAs":["https:\/\/lightweb.dev\/l\/svm-temp"],"url":"https:\/\/lightweb.dev\/l\/svm-temp\/reporter\/redaktionen\/"}]}},"_links":{"self":[{"href":"https:\/\/lightweb.dev\/l\/svm-temp\/wp-json\/wp\/v2\/posts\/12144","targetHints":{"allow":["GET"]}}],"collection":[{"href":"https:\/\/lightweb.dev\/l\/svm-temp\/wp-json\/wp\/v2\/posts"}],"about":[{"href":"https:\/\/lightweb.dev\/l\/svm-temp\/wp-json\/wp\/v2\/types\/post"}],"author":[{"embeddable":true,"href":"https:\/\/lightweb.dev\/l\/svm-temp\/wp-json\/wp\/v2\/users\/8"}],"replies":[{"embeddable":true,"href":"https:\/\/lightweb.dev\/l\/svm-temp\/wp-json\/wp\/v2\/comments?post=12144"}],"version-history":[{"count":0,"href":"https:\/\/lightweb.dev\/l\/svm-temp\/wp-json\/wp\/v2\/posts\/12144\/revisions"}],"wp:attachment":[{"href":"https:\/\/lightweb.dev\/l\/svm-temp\/wp-json\/wp\/v2\/media?parent=12144"}],"wp:term":[{"taxonomy":"category","embeddable":true,"href":"https:\/\/lightweb.dev\/l\/svm-temp\/wp-json\/wp\/v2\/categories?post=12144"},{"taxonomy":"post_tag","embeddable":true,"href":"https:\/\/lightweb.dev\/l\/svm-temp\/wp-json\/wp\/v2\/tags?post=12144"}],"curies":[{"name":"wp","href":"https:\/\/api.w.org\/{rel}","templated":true}]}}