{"id":12150,"date":"2021-05-18T12:12:00","date_gmt":"2021-05-18T10:12:00","guid":{"rendered":"https:\/\/lightweb.dev\/l\/svm-temp\/nyheter\/tolkar-mandagsstrejkar-for-battre-arbetsforhallanden\/"},"modified":"2021-05-18T12:12:00","modified_gmt":"2021-05-18T10:12:00","slug":"tolkar-mandagsstrejkar-for-battre-arbetsforhallanden","status":"publish","type":"post","link":"https:\/\/lightweb.dev\/l\/svm-temp\/nyheter\/tolkar-mandagsstrejkar-for-battre-arbetsforhallanden\/","title":{"rendered":"Tolkar m\u00e5ndagsstrejkar f\u00f6r b\u00e4ttre arbetsf\u00f6rh\u00e5llanden"},"content":{"rendered":"<p> Tio euro i timmen. Tolkar vid domstolar, polishus och flyktingf\u00f6rl\u00e4ggningar strejkar f\u00f6r att protestera mot d\u00e5liga arbetsf\u00f6rh\u00e5llanden. Tidigare kunde tolkar f\u00e5 upp till 25 euro i timmen innan verksamheten privatiserades. Fr\u00e5n nu strejkar tolkar p\u00e5 m\u00e5ndagar vid domstolar.<br \/>\n &#8211; De f\u00e5r betalt tio euro i timmen f\u00f6r att tolka vid en r\u00e4tteg\u00e5ng. Men innan r\u00e4tteg\u00e5ngen startar kan det ta tid. Det blir f\u00f6rseningar, v\u00e4ntetid, n\u00e5got vi inte f\u00e5r betalt f\u00f6r. Och resetill\u00e4gg existerar knappt. Vi f\u00e5r betalt f\u00f6r bussbiljetten men knappast mer. Vissa har blivit utan l\u00f6n i flera m\u00e5nader, s\u00e4ger den svensktalande tolken Jussi Myllymaa till Svenska Magasinet.<\/p>\n<p>R\u00e4tteg\u00e5ngens sekreterare verifierar den tid tolken utf\u00f6rt sin tj\u00e4nst. Ofta blir det tv\u00e5 timmars v\u00e4ntetid vid Ciudad De La Justicia i M\u00e1laga. <\/p>\n<p>&#8211; Ibland blir r\u00e4tteg\u00e5ngen inst\u00e4lld. Vittnen har inte infunnit sig. En advokat saknas och r\u00e4tteg\u00e5ngen flyttas fram. Tolken har \u00e5kt dit f\u00f6r ingenting. <\/p>\n<p>Arbetsschema<br \/>\nAtt jobba som tolk kr\u00e4ver ett flexibelt arbetsschema. En tolk kan bli inkallad till domstol eller polisf\u00f6rh\u00f6r i samband med gripanden under dygnets alla timmar. Men l\u00f6nerna \u00e4r mycket l\u00e5ga. Och utbetalningarna sl\u00e4par efter mellan 90 till 150 dagar.<\/p>\n<p>I m\u00e5ndags inledde tolkar vid domstolar, polishus och flyktingmottagningar i Andalusien en strejk med krav om v\u00e4rdigare arbetsf\u00f6rh\u00e5llanden. Nu ska strejken upprepas varje m\u00e5ndag och n\u00e4sta g\u00e5ng blir det en st\u00f6rre manifestation vid Ciudad De La Justicia i M\u00e1laga.<\/p>\n<p>&#8211; Tolkarna har tr\u00f6ttnat, s\u00e4ger Jussi Myllymaa som slutade redan i december.<\/p>\n<p>&#8211; D\u00e5 hade jag varit tolk i fem \u00e5r. Men jag slutade eftersom jag inte fick betalt p\u00e5 tre m\u00e5nader.<\/p>\n<p>Jussi Myllymaa fick ta hj\u00e4lp av en advokat f\u00f6r att f\u00e5 sina r\u00e4ttigheter och f\u00e5 ut sin slutl\u00f6n.<\/p>\n<p>Privatiserats<br \/>\nTolkverksamheten vid domstolar har sedan l\u00e5ng tid privatiserats. Och utbetalningarna sker genom f\u00f6retaget Ofilingua S.L. som har f\u00e5tt uppdraget av inrikes- och justitiedepartementet.<\/p>\n<p>Domstolar godk\u00e4nner inte privata tolkar. De f\u00e5r sina uppdrag via Ofilingua som kontrollerar upp till 60 procent av tolktj\u00e4nsterna vid polisen och spanska domstolar. \u00c4ven Seprotec har en del av verksamheten, det \u00e4r ett internationellt tolkf\u00f6retag.<\/p>\n<p>R\u00e4ttighet<br \/>\nServicen med tolk vid domstolar, polishus och flyktingmottagningar \u00e4r en r\u00e4ttighet inom EU.<\/p>\n<p>Under flera \u00e5rs tid har egenf\u00f6retagare som arbetar som tolkar g\u00e5tt ut och beskrivit f\u00f6rh\u00e5llandena med uteblivna l\u00f6ner varp\u00e5 de har mist sina arbeten.<\/p>\n","protected":false},"excerpt":{"rendered":"<p>Tio euro i timmen. Tolkar vid domstolar, polishus och flyktingf\u00f6rl\u00e4ggningar strejkar f\u00f6r att protestera mot d\u00e5liga arbetsf\u00f6rh\u00e5llanden. Tidigare kunde tolkar f\u00e5 upp till 25 euro i timmen innan verksamheten privatiserades. Fr\u00e5n nu strejkar tolkar p\u00e5 m\u00e5ndagar vid domstolar. &#8211; De f\u00e5r betalt tio euro i timmen f\u00f6r att tolka vid en r\u00e4tteg\u00e5ng. Men innan r\u00e4tteg\u00e5ngen [&hellip;]<\/p>\n","protected":false},"author":8,"featured_media":12151,"comment_status":"open","ping_status":"open","sticky":false,"template":"","format":"standard","meta":{"_et_pb_use_builder":"","_et_pb_old_content":"","_et_gb_content_width":"","footnotes":""},"categories":[395,3],"tags":[],"class_list":["post-12150","post","type-post","status-publish","format-standard","has-post-thumbnail","hentry","category-arkiv-nyheter","category-nyheter"],"yoast_head":"<!-- This site is optimized with the Yoast SEO Premium plugin v26.2 (Yoast SEO v27.4) - https:\/\/yoast.com\/product\/yoast-seo-premium-wordpress\/ -->\n<title>Tolkar m\u00e5ndagsstrejkar f\u00f6r b\u00e4ttre arbetsf\u00f6rh\u00e5llanden - Svenska Magasinet<\/title>\n<meta name=\"robots\" content=\"noindex, follow, max-snippet:-1, max-image-preview:large, max-video-preview:-1\" \/>\n<meta property=\"og:locale\" content=\"sv_SE\" \/>\n<meta property=\"og:type\" content=\"article\" \/>\n<meta property=\"og:title\" content=\"Tolkar m\u00e5ndagsstrejkar f\u00f6r b\u00e4ttre arbetsf\u00f6rh\u00e5llanden\" \/>\n<meta property=\"og:description\" content=\"Tio euro i timmen. Tolkar vid domstolar, polishus och flyktingf\u00f6rl\u00e4ggningar strejkar f\u00f6r att protestera mot d\u00e5liga arbetsf\u00f6rh\u00e5llanden. Tidigare kunde tolkar f\u00e5 upp till 25 euro i timmen innan verksamheten privatiserades. Fr\u00e5n nu strejkar tolkar p\u00e5 m\u00e5ndagar vid domstolar. &#8211; De f\u00e5r betalt tio euro i timmen f\u00f6r att tolka vid en r\u00e4tteg\u00e5ng. Men innan r\u00e4tteg\u00e5ngen [&hellip;]\" \/>\n<meta property=\"og:url\" content=\"https:\/\/lightweb.dev\/l\/svm-temp\/nyheter\/tolkar-mandagsstrejkar-for-battre-arbetsforhallanden\/\" \/>\n<meta property=\"og:site_name\" content=\"Svenska Magasinet\" \/>\n<meta property=\"article:publisher\" content=\"https:\/\/www.facebook.com\/svenskamagasinet\" \/>\n<meta property=\"article:published_time\" content=\"2021-05-18T10:12:00+00:00\" \/>\n<meta property=\"og:image\" content=\"https:\/\/lightweb.dev\/l\/svm-temp\/wp-content\/uploads\/2022\/06\/tolkar-mandagsstrejkar-for-battre-arbetsforhallanden.png\" \/>\n\t<meta property=\"og:image:width\" content=\"500\" \/>\n\t<meta property=\"og:image:height\" content=\"300\" \/>\n\t<meta property=\"og:image:type\" content=\"image\/png\" \/>\n<meta name=\"author\" content=\"Redaktionen SvM\" \/>\n<meta name=\"twitter:card\" content=\"summary_large_image\" \/>\n<meta name=\"twitter:creator\" content=\"@SvenskaMagasine\" \/>\n<meta name=\"twitter:site\" content=\"@SvenskaMagasine\" \/>\n<script type=\"application\/ld+json\" class=\"yoast-schema-graph\">{\"@context\":\"https:\\\/\\\/schema.org\",\"@graph\":[{\"@type\":\"Article\",\"@id\":\"https:\\\/\\\/lightweb.dev\\\/l\\\/svm-temp\\\/nyheter\\\/tolkar-mandagsstrejkar-for-battre-arbetsforhallanden\\\/#article\",\"isPartOf\":{\"@id\":\"https:\\\/\\\/lightweb.dev\\\/l\\\/svm-temp\\\/nyheter\\\/tolkar-mandagsstrejkar-for-battre-arbetsforhallanden\\\/\"},\"author\":{\"name\":\"Redaktionen SvM\",\"@id\":\"https:\\\/\\\/lightweb.dev\\\/l\\\/svm-temp\\\/#\\\/schema\\\/person\\\/206a3bda5b607b0c25e1749191e4d837\"},\"headline\":\"Tolkar m\u00e5ndagsstrejkar f\u00f6r b\u00e4ttre arbetsf\u00f6rh\u00e5llanden\",\"datePublished\":\"2021-05-18T10:12:00+00:00\",\"mainEntityOfPage\":{\"@id\":\"https:\\\/\\\/lightweb.dev\\\/l\\\/svm-temp\\\/nyheter\\\/tolkar-mandagsstrejkar-for-battre-arbetsforhallanden\\\/\"},\"wordCount\":451,\"commentCount\":0,\"publisher\":{\"@id\":\"https:\\\/\\\/lightweb.dev\\\/l\\\/svm-temp\\\/#organization\"},\"image\":{\"@id\":\"https:\\\/\\\/lightweb.dev\\\/l\\\/svm-temp\\\/nyheter\\\/tolkar-mandagsstrejkar-for-battre-arbetsforhallanden\\\/#primaryimage\"},\"thumbnailUrl\":\"https:\\\/\\\/lightweb.dev\\\/l\\\/svm-temp\\\/wp-content\\\/uploads\\\/2022\\\/06\\\/tolkar-mandagsstrejkar-for-battre-arbetsforhallanden.png\",\"articleSection\":[\"Arkiv\",\"Nyheter\"],\"inLanguage\":\"sv-SE\"},{\"@type\":\"WebPage\",\"@id\":\"https:\\\/\\\/lightweb.dev\\\/l\\\/svm-temp\\\/nyheter\\\/tolkar-mandagsstrejkar-for-battre-arbetsforhallanden\\\/\",\"url\":\"https:\\\/\\\/lightweb.dev\\\/l\\\/svm-temp\\\/nyheter\\\/tolkar-mandagsstrejkar-for-battre-arbetsforhallanden\\\/\",\"name\":\"Tolkar m\u00e5ndagsstrejkar f\u00f6r b\u00e4ttre arbetsf\u00f6rh\u00e5llanden - Svenska Magasinet\",\"isPartOf\":{\"@id\":\"https:\\\/\\\/lightweb.dev\\\/l\\\/svm-temp\\\/#website\"},\"primaryImageOfPage\":{\"@id\":\"https:\\\/\\\/lightweb.dev\\\/l\\\/svm-temp\\\/nyheter\\\/tolkar-mandagsstrejkar-for-battre-arbetsforhallanden\\\/#primaryimage\"},\"image\":{\"@id\":\"https:\\\/\\\/lightweb.dev\\\/l\\\/svm-temp\\\/nyheter\\\/tolkar-mandagsstrejkar-for-battre-arbetsforhallanden\\\/#primaryimage\"},\"thumbnailUrl\":\"https:\\\/\\\/lightweb.dev\\\/l\\\/svm-temp\\\/wp-content\\\/uploads\\\/2022\\\/06\\\/tolkar-mandagsstrejkar-for-battre-arbetsforhallanden.png\",\"datePublished\":\"2021-05-18T10:12:00+00:00\",\"breadcrumb\":{\"@id\":\"https:\\\/\\\/lightweb.dev\\\/l\\\/svm-temp\\\/nyheter\\\/tolkar-mandagsstrejkar-for-battre-arbetsforhallanden\\\/#breadcrumb\"},\"inLanguage\":\"sv-SE\",\"potentialAction\":[{\"@type\":\"ReadAction\",\"target\":[\"https:\\\/\\\/lightweb.dev\\\/l\\\/svm-temp\\\/nyheter\\\/tolkar-mandagsstrejkar-for-battre-arbetsforhallanden\\\/\"]}]},{\"@type\":\"ImageObject\",\"inLanguage\":\"sv-SE\",\"@id\":\"https:\\\/\\\/lightweb.dev\\\/l\\\/svm-temp\\\/nyheter\\\/tolkar-mandagsstrejkar-for-battre-arbetsforhallanden\\\/#primaryimage\",\"url\":\"https:\\\/\\\/lightweb.dev\\\/l\\\/svm-temp\\\/wp-content\\\/uploads\\\/2022\\\/06\\\/tolkar-mandagsstrejkar-for-battre-arbetsforhallanden.png\",\"contentUrl\":\"https:\\\/\\\/lightweb.dev\\\/l\\\/svm-temp\\\/wp-content\\\/uploads\\\/2022\\\/06\\\/tolkar-mandagsstrejkar-for-battre-arbetsforhallanden.png\",\"width\":500,\"height\":300},{\"@type\":\"BreadcrumbList\",\"@id\":\"https:\\\/\\\/lightweb.dev\\\/l\\\/svm-temp\\\/nyheter\\\/tolkar-mandagsstrejkar-for-battre-arbetsforhallanden\\\/#breadcrumb\",\"itemListElement\":[{\"@type\":\"ListItem\",\"position\":1,\"name\":\"Hem\",\"item\":\"https:\\\/\\\/lightweb.dev\\\/l\\\/svm-temp\\\/\"},{\"@type\":\"ListItem\",\"position\":2,\"name\":\"Tolkar m\u00e5ndagsstrejkar f\u00f6r b\u00e4ttre arbetsf\u00f6rh\u00e5llanden\"}]},{\"@type\":\"WebSite\",\"@id\":\"https:\\\/\\\/lightweb.dev\\\/l\\\/svm-temp\\\/#website\",\"url\":\"https:\\\/\\\/lightweb.dev\\\/l\\\/svm-temp\\\/\",\"name\":\"Svenska Magasinet\",\"description\":\"Dina Spanska nyheter p&aring; Svenska\",\"publisher\":{\"@id\":\"https:\\\/\\\/lightweb.dev\\\/l\\\/svm-temp\\\/#organization\"},\"potentialAction\":[{\"@type\":\"SearchAction\",\"target\":{\"@type\":\"EntryPoint\",\"urlTemplate\":\"https:\\\/\\\/lightweb.dev\\\/l\\\/svm-temp\\\/?s={search_term_string}\"},\"query-input\":{\"@type\":\"PropertyValueSpecification\",\"valueRequired\":true,\"valueName\":\"search_term_string\"}}],\"inLanguage\":\"sv-SE\"},{\"@type\":\"Organization\",\"@id\":\"https:\\\/\\\/lightweb.dev\\\/l\\\/svm-temp\\\/#organization\",\"name\":\"Melkerson y Nott SL\",\"alternateName\":\"Svenska Magasinet\",\"url\":\"https:\\\/\\\/lightweb.dev\\\/l\\\/svm-temp\\\/\",\"logo\":{\"@type\":\"ImageObject\",\"inLanguage\":\"sv-SE\",\"@id\":\"https:\\\/\\\/lightweb.dev\\\/l\\\/svm-temp\\\/#\\\/schema\\\/logo\\\/image\\\/\",\"url\":\"https:\\\/\\\/lightweb.dev\\\/l\\\/svm-temp\\\/wp-content\\\/uploads\\\/2025\\\/02\\\/SvM-logo-Xtra-Centrerad-SVART.png\",\"contentUrl\":\"https:\\\/\\\/lightweb.dev\\\/l\\\/svm-temp\\\/wp-content\\\/uploads\\\/2025\\\/02\\\/SvM-logo-Xtra-Centrerad-SVART.png\",\"width\":300,\"height\":99,\"caption\":\"Melkerson y Nott SL\"},\"image\":{\"@id\":\"https:\\\/\\\/lightweb.dev\\\/l\\\/svm-temp\\\/#\\\/schema\\\/logo\\\/image\\\/\"},\"sameAs\":[\"https:\\\/\\\/www.facebook.com\\\/svenskamagasinet\",\"https:\\\/\\\/x.com\\\/SvenskaMagasine\"]},{\"@type\":\"Person\",\"@id\":\"https:\\\/\\\/lightweb.dev\\\/l\\\/svm-temp\\\/#\\\/schema\\\/person\\\/206a3bda5b607b0c25e1749191e4d837\",\"name\":\"Redaktionen SvM\",\"description\":\"Redaktionen\",\"sameAs\":[\"https:\\\/\\\/lightweb.dev\\\/l\\\/svm-temp\"],\"url\":\"https:\\\/\\\/lightweb.dev\\\/l\\\/svm-temp\\\/reporter\\\/redaktionen\\\/\"}]}<\/script>\n<!-- \/ Yoast SEO Premium plugin. -->","yoast_head_json":{"title":"Tolkar m\u00e5ndagsstrejkar f\u00f6r b\u00e4ttre arbetsf\u00f6rh\u00e5llanden - Svenska Magasinet","robots":{"index":"noindex","follow":"follow","max-snippet":"max-snippet:-1","max-image-preview":"max-image-preview:large","max-video-preview":"max-video-preview:-1"},"og_locale":"sv_SE","og_type":"article","og_title":"Tolkar m\u00e5ndagsstrejkar f\u00f6r b\u00e4ttre arbetsf\u00f6rh\u00e5llanden","og_description":"Tio euro i timmen. Tolkar vid domstolar, polishus och flyktingf\u00f6rl\u00e4ggningar strejkar f\u00f6r att protestera mot d\u00e5liga arbetsf\u00f6rh\u00e5llanden. Tidigare kunde tolkar f\u00e5 upp till 25 euro i timmen innan verksamheten privatiserades. Fr\u00e5n nu strejkar tolkar p\u00e5 m\u00e5ndagar vid domstolar. &#8211; De f\u00e5r betalt tio euro i timmen f\u00f6r att tolka vid en r\u00e4tteg\u00e5ng. Men innan r\u00e4tteg\u00e5ngen [&hellip;]","og_url":"https:\/\/lightweb.dev\/l\/svm-temp\/nyheter\/tolkar-mandagsstrejkar-for-battre-arbetsforhallanden\/","og_site_name":"Svenska Magasinet","article_publisher":"https:\/\/www.facebook.com\/svenskamagasinet","article_published_time":"2021-05-18T10:12:00+00:00","og_image":[{"width":500,"height":300,"url":"https:\/\/lightweb.dev\/l\/svm-temp\/wp-content\/uploads\/2022\/06\/tolkar-mandagsstrejkar-for-battre-arbetsforhallanden.png","type":"image\/png"}],"author":"Redaktionen SvM","twitter_card":"summary_large_image","twitter_creator":"@SvenskaMagasine","twitter_site":"@SvenskaMagasine","schema":{"@context":"https:\/\/schema.org","@graph":[{"@type":"Article","@id":"https:\/\/lightweb.dev\/l\/svm-temp\/nyheter\/tolkar-mandagsstrejkar-for-battre-arbetsforhallanden\/#article","isPartOf":{"@id":"https:\/\/lightweb.dev\/l\/svm-temp\/nyheter\/tolkar-mandagsstrejkar-for-battre-arbetsforhallanden\/"},"author":{"name":"Redaktionen SvM","@id":"https:\/\/lightweb.dev\/l\/svm-temp\/#\/schema\/person\/206a3bda5b607b0c25e1749191e4d837"},"headline":"Tolkar m\u00e5ndagsstrejkar f\u00f6r b\u00e4ttre arbetsf\u00f6rh\u00e5llanden","datePublished":"2021-05-18T10:12:00+00:00","mainEntityOfPage":{"@id":"https:\/\/lightweb.dev\/l\/svm-temp\/nyheter\/tolkar-mandagsstrejkar-for-battre-arbetsforhallanden\/"},"wordCount":451,"commentCount":0,"publisher":{"@id":"https:\/\/lightweb.dev\/l\/svm-temp\/#organization"},"image":{"@id":"https:\/\/lightweb.dev\/l\/svm-temp\/nyheter\/tolkar-mandagsstrejkar-for-battre-arbetsforhallanden\/#primaryimage"},"thumbnailUrl":"https:\/\/lightweb.dev\/l\/svm-temp\/wp-content\/uploads\/2022\/06\/tolkar-mandagsstrejkar-for-battre-arbetsforhallanden.png","articleSection":["Arkiv","Nyheter"],"inLanguage":"sv-SE"},{"@type":"WebPage","@id":"https:\/\/lightweb.dev\/l\/svm-temp\/nyheter\/tolkar-mandagsstrejkar-for-battre-arbetsforhallanden\/","url":"https:\/\/lightweb.dev\/l\/svm-temp\/nyheter\/tolkar-mandagsstrejkar-for-battre-arbetsforhallanden\/","name":"Tolkar m\u00e5ndagsstrejkar f\u00f6r b\u00e4ttre arbetsf\u00f6rh\u00e5llanden - Svenska Magasinet","isPartOf":{"@id":"https:\/\/lightweb.dev\/l\/svm-temp\/#website"},"primaryImageOfPage":{"@id":"https:\/\/lightweb.dev\/l\/svm-temp\/nyheter\/tolkar-mandagsstrejkar-for-battre-arbetsforhallanden\/#primaryimage"},"image":{"@id":"https:\/\/lightweb.dev\/l\/svm-temp\/nyheter\/tolkar-mandagsstrejkar-for-battre-arbetsforhallanden\/#primaryimage"},"thumbnailUrl":"https:\/\/lightweb.dev\/l\/svm-temp\/wp-content\/uploads\/2022\/06\/tolkar-mandagsstrejkar-for-battre-arbetsforhallanden.png","datePublished":"2021-05-18T10:12:00+00:00","breadcrumb":{"@id":"https:\/\/lightweb.dev\/l\/svm-temp\/nyheter\/tolkar-mandagsstrejkar-for-battre-arbetsforhallanden\/#breadcrumb"},"inLanguage":"sv-SE","potentialAction":[{"@type":"ReadAction","target":["https:\/\/lightweb.dev\/l\/svm-temp\/nyheter\/tolkar-mandagsstrejkar-for-battre-arbetsforhallanden\/"]}]},{"@type":"ImageObject","inLanguage":"sv-SE","@id":"https:\/\/lightweb.dev\/l\/svm-temp\/nyheter\/tolkar-mandagsstrejkar-for-battre-arbetsforhallanden\/#primaryimage","url":"https:\/\/lightweb.dev\/l\/svm-temp\/wp-content\/uploads\/2022\/06\/tolkar-mandagsstrejkar-for-battre-arbetsforhallanden.png","contentUrl":"https:\/\/lightweb.dev\/l\/svm-temp\/wp-content\/uploads\/2022\/06\/tolkar-mandagsstrejkar-for-battre-arbetsforhallanden.png","width":500,"height":300},{"@type":"BreadcrumbList","@id":"https:\/\/lightweb.dev\/l\/svm-temp\/nyheter\/tolkar-mandagsstrejkar-for-battre-arbetsforhallanden\/#breadcrumb","itemListElement":[{"@type":"ListItem","position":1,"name":"Hem","item":"https:\/\/lightweb.dev\/l\/svm-temp\/"},{"@type":"ListItem","position":2,"name":"Tolkar m\u00e5ndagsstrejkar f\u00f6r b\u00e4ttre arbetsf\u00f6rh\u00e5llanden"}]},{"@type":"WebSite","@id":"https:\/\/lightweb.dev\/l\/svm-temp\/#website","url":"https:\/\/lightweb.dev\/l\/svm-temp\/","name":"Svenska Magasinet","description":"Dina Spanska nyheter p&aring; Svenska","publisher":{"@id":"https:\/\/lightweb.dev\/l\/svm-temp\/#organization"},"potentialAction":[{"@type":"SearchAction","target":{"@type":"EntryPoint","urlTemplate":"https:\/\/lightweb.dev\/l\/svm-temp\/?s={search_term_string}"},"query-input":{"@type":"PropertyValueSpecification","valueRequired":true,"valueName":"search_term_string"}}],"inLanguage":"sv-SE"},{"@type":"Organization","@id":"https:\/\/lightweb.dev\/l\/svm-temp\/#organization","name":"Melkerson y Nott SL","alternateName":"Svenska Magasinet","url":"https:\/\/lightweb.dev\/l\/svm-temp\/","logo":{"@type":"ImageObject","inLanguage":"sv-SE","@id":"https:\/\/lightweb.dev\/l\/svm-temp\/#\/schema\/logo\/image\/","url":"https:\/\/lightweb.dev\/l\/svm-temp\/wp-content\/uploads\/2025\/02\/SvM-logo-Xtra-Centrerad-SVART.png","contentUrl":"https:\/\/lightweb.dev\/l\/svm-temp\/wp-content\/uploads\/2025\/02\/SvM-logo-Xtra-Centrerad-SVART.png","width":300,"height":99,"caption":"Melkerson y Nott SL"},"image":{"@id":"https:\/\/lightweb.dev\/l\/svm-temp\/#\/schema\/logo\/image\/"},"sameAs":["https:\/\/www.facebook.com\/svenskamagasinet","https:\/\/x.com\/SvenskaMagasine"]},{"@type":"Person","@id":"https:\/\/lightweb.dev\/l\/svm-temp\/#\/schema\/person\/206a3bda5b607b0c25e1749191e4d837","name":"Redaktionen SvM","description":"Redaktionen","sameAs":["https:\/\/lightweb.dev\/l\/svm-temp"],"url":"https:\/\/lightweb.dev\/l\/svm-temp\/reporter\/redaktionen\/"}]}},"_links":{"self":[{"href":"https:\/\/lightweb.dev\/l\/svm-temp\/wp-json\/wp\/v2\/posts\/12150","targetHints":{"allow":["GET"]}}],"collection":[{"href":"https:\/\/lightweb.dev\/l\/svm-temp\/wp-json\/wp\/v2\/posts"}],"about":[{"href":"https:\/\/lightweb.dev\/l\/svm-temp\/wp-json\/wp\/v2\/types\/post"}],"author":[{"embeddable":true,"href":"https:\/\/lightweb.dev\/l\/svm-temp\/wp-json\/wp\/v2\/users\/8"}],"replies":[{"embeddable":true,"href":"https:\/\/lightweb.dev\/l\/svm-temp\/wp-json\/wp\/v2\/comments?post=12150"}],"version-history":[{"count":0,"href":"https:\/\/lightweb.dev\/l\/svm-temp\/wp-json\/wp\/v2\/posts\/12150\/revisions"}],"wp:featuredmedia":[{"embeddable":true,"href":"https:\/\/lightweb.dev\/l\/svm-temp\/wp-json\/wp\/v2\/media\/12151"}],"wp:attachment":[{"href":"https:\/\/lightweb.dev\/l\/svm-temp\/wp-json\/wp\/v2\/media?parent=12150"}],"wp:term":[{"taxonomy":"category","embeddable":true,"href":"https:\/\/lightweb.dev\/l\/svm-temp\/wp-json\/wp\/v2\/categories?post=12150"},{"taxonomy":"post_tag","embeddable":true,"href":"https:\/\/lightweb.dev\/l\/svm-temp\/wp-json\/wp\/v2\/tags?post=12150"}],"curies":[{"name":"wp","href":"https:\/\/api.w.org\/{rel}","templated":true}]}}