{"id":12152,"date":"2021-05-18T15:50:00","date_gmt":"2021-05-18T13:50:00","guid":{"rendered":"https:\/\/lightweb.dev\/l\/svm-temp\/nyheter\/vaccinlaget-massvaccinering-av-de-under-50-ar-fran-juni\/"},"modified":"2021-05-18T15:50:00","modified_gmt":"2021-05-18T13:50:00","slug":"vaccinlaget-massvaccinering-av-de-under-50-ar-fran-juni","status":"publish","type":"post","link":"https:\/\/lightweb.dev\/l\/svm-temp\/nyheter\/vaccinlaget-massvaccinering-av-de-under-50-ar-fran-juni\/","title":{"rendered":"Vaccinl\u00e4get: Massvaccinering av de under 50 \u00e5r fr\u00e5n juni"},"content":{"rendered":"<p> Spanien kommer att n\u00e5 flockimmunitet den 17 augusti vilket \u00e4r tv\u00e5 veckor tidigare \u00e4n ber\u00e4knat. 70 procent ska vara vaccinerade f\u00f6re den 31 augusti. Det s\u00e4ger regeringschefen Pedro S\u00e1nchez och pekar ut f\u00e4rdriktningen.<\/p>\n<p>Andalusien regionpresident Juanma Moreno r\u00e4knar \u00e5 sin sida med att inom tv\u00e5 m\u00e5nader ska Andalusien n\u00e5 flockimmunitet. <\/p>\n<p>I provinsen M\u00e1laga har tre av tio personer f\u00e5tt minst en dos vaccin hittills. Fram till m\u00e5ndagen hade 475.763 personer f\u00e5tt en dos och 227.273 hade f\u00e5tt tv\u00e5 doser. <\/p>\n<p>Den h\u00e4r veckan inleds arbetet med att vaccinera personer mellan 50 och 55 \u00e5r, sa Andalusiens h\u00e4lsor\u00e5d Jes\u00fas Aguirre p\u00e5 tisdagen (bilden).<\/p>\n<p>Regionen Andalusien planerar att administrera mellan 600.000 till 1.000.000 vacciner i veckan. Totalt \u00e4r 900 vaccinlag med 3.000 personer i full verksamhet. <\/p>\n<p>Tio regioner i Spanien har meddelat att de b\u00f6rjar vaccinera gruppen 40 till 49 \u00e5r i juni. Det \u00e4r Andalusien, Asturien, Balearerna, Murcia, Kastilla y Le\u00f3n, Extremadura, Valenciaregionen, Navarra, Kastilla-La Mancha, Madrid, Murcia och Katalonien.<\/p>\n<p>Kastilla-La Mancha och Extremadura \u00e4r de f\u00f6rsta regionerna som redan fastst\u00e4llt datum f\u00f6r personer mellan 30 och 39 \u00e5r. De r\u00e4knar med att vaccineringen av dessa inleds i slutet p\u00e5 juni.<\/p>\n<p>Madrid och Katalonien planerar det fr\u00e5n juli och sl\u00e5 ihop alla fr\u00e5n 16 till 39 \u00e5r i en grupp.<\/p>\n<p>P\u00e5 tisdagen fick H\u00e4lsov\u00e5rdsdepartementet gr\u00f6nt ljus till att ge Pfizer som andra dos till de som tidigare har f\u00e5tt AstraZeneca. Beslutet kom efter den studie som forskare vid Carlos III har l\u00e5tit g\u00f6ra kring \u201dCombivacs\u201d.<\/p>\n<p>Att blanda en f\u00f6rsta dos AstraZeneca med en andra dos Pfizer ger inga allvarliga biverkningar och \u00e4r upp till sju g\u00e5nger effektivare i att f\u00f6rebygga covid-19 \u00e4n tv\u00e5 doser av AstraZeneca.<\/p>\n<p>Det betyder att runt tv\u00e5 miljoner personer som arbetar inom viktiga yrken kommer att f\u00e5 en andra dos av m\u00e4rket Pfizer.<\/p>\n","protected":false},"excerpt":{"rendered":"<p>Spanien kommer att n\u00e5 flockimmunitet den 17 augusti vilket \u00e4r tv\u00e5 veckor tidigare \u00e4n ber\u00e4knat. 70 procent ska vara vaccinerade f\u00f6re den 31 augusti. Det s\u00e4ger regeringschefen Pedro S\u00e1nchez och pekar ut f\u00e4rdriktningen. Andalusien regionpresident Juanma Moreno r\u00e4knar \u00e5 sin sida med att inom tv\u00e5 m\u00e5nader ska Andalusien n\u00e5 flockimmunitet. I provinsen M\u00e1laga har tre [&hellip;]<\/p>\n","protected":false},"author":8,"featured_media":12153,"comment_status":"open","ping_status":"open","sticky":false,"template":"","format":"standard","meta":{"_et_pb_use_builder":"","_et_pb_old_content":"","_et_gb_content_width":"","footnotes":""},"categories":[395,3],"tags":[],"class_list":["post-12152","post","type-post","status-publish","format-standard","has-post-thumbnail","hentry","category-arkiv-nyheter","category-nyheter"],"yoast_head":"<!-- This site is optimized with the Yoast SEO Premium plugin v26.2 (Yoast SEO v27.4) - https:\/\/yoast.com\/product\/yoast-seo-premium-wordpress\/ -->\n<title>Vaccinl\u00e4get: Massvaccinering av de under 50 \u00e5r fr\u00e5n juni - Svenska Magasinet<\/title>\n<meta name=\"robots\" content=\"noindex, follow, max-snippet:-1, max-image-preview:large, max-video-preview:-1\" \/>\n<meta property=\"og:locale\" content=\"sv_SE\" \/>\n<meta property=\"og:type\" content=\"article\" \/>\n<meta property=\"og:title\" content=\"Vaccinl\u00e4get: Massvaccinering av de under 50 \u00e5r fr\u00e5n juni\" \/>\n<meta property=\"og:description\" content=\"Spanien kommer att n\u00e5 flockimmunitet den 17 augusti vilket \u00e4r tv\u00e5 veckor tidigare \u00e4n ber\u00e4knat. 70 procent ska vara vaccinerade f\u00f6re den 31 augusti. Det s\u00e4ger regeringschefen Pedro S\u00e1nchez och pekar ut f\u00e4rdriktningen. Andalusien regionpresident Juanma Moreno r\u00e4knar \u00e5 sin sida med att inom tv\u00e5 m\u00e5nader ska Andalusien n\u00e5 flockimmunitet. I provinsen M\u00e1laga har tre [&hellip;]\" \/>\n<meta property=\"og:url\" content=\"https:\/\/lightweb.dev\/l\/svm-temp\/nyheter\/vaccinlaget-massvaccinering-av-de-under-50-ar-fran-juni\/\" \/>\n<meta property=\"og:site_name\" content=\"Svenska Magasinet\" \/>\n<meta property=\"article:publisher\" content=\"https:\/\/www.facebook.com\/svenskamagasinet\" \/>\n<meta property=\"article:published_time\" content=\"2021-05-18T13:50:00+00:00\" \/>\n<meta property=\"og:image\" content=\"https:\/\/lightweb.dev\/l\/svm-temp\/wp-content\/uploads\/2022\/06\/vaccinlaget-massvaccinering-av-de-under-50-ar-fran-juni.png\" \/>\n\t<meta property=\"og:image:width\" content=\"500\" \/>\n\t<meta property=\"og:image:height\" content=\"300\" \/>\n\t<meta property=\"og:image:type\" content=\"image\/png\" \/>\n<meta name=\"author\" content=\"Redaktionen SvM\" \/>\n<meta name=\"twitter:card\" content=\"summary_large_image\" \/>\n<meta name=\"twitter:creator\" content=\"@SvenskaMagasine\" \/>\n<meta name=\"twitter:site\" content=\"@SvenskaMagasine\" \/>\n<script type=\"application\/ld+json\" class=\"yoast-schema-graph\">{\"@context\":\"https:\\\/\\\/schema.org\",\"@graph\":[{\"@type\":\"Article\",\"@id\":\"https:\\\/\\\/lightweb.dev\\\/l\\\/svm-temp\\\/nyheter\\\/vaccinlaget-massvaccinering-av-de-under-50-ar-fran-juni\\\/#article\",\"isPartOf\":{\"@id\":\"https:\\\/\\\/lightweb.dev\\\/l\\\/svm-temp\\\/nyheter\\\/vaccinlaget-massvaccinering-av-de-under-50-ar-fran-juni\\\/\"},\"author\":{\"name\":\"Redaktionen SvM\",\"@id\":\"https:\\\/\\\/lightweb.dev\\\/l\\\/svm-temp\\\/#\\\/schema\\\/person\\\/206a3bda5b607b0c25e1749191e4d837\"},\"headline\":\"Vaccinl\u00e4get: Massvaccinering av de under 50 \u00e5r fr\u00e5n juni\",\"datePublished\":\"2021-05-18T13:50:00+00:00\",\"mainEntityOfPage\":{\"@id\":\"https:\\\/\\\/lightweb.dev\\\/l\\\/svm-temp\\\/nyheter\\\/vaccinlaget-massvaccinering-av-de-under-50-ar-fran-juni\\\/\"},\"wordCount\":321,\"commentCount\":0,\"publisher\":{\"@id\":\"https:\\\/\\\/lightweb.dev\\\/l\\\/svm-temp\\\/#organization\"},\"image\":{\"@id\":\"https:\\\/\\\/lightweb.dev\\\/l\\\/svm-temp\\\/nyheter\\\/vaccinlaget-massvaccinering-av-de-under-50-ar-fran-juni\\\/#primaryimage\"},\"thumbnailUrl\":\"https:\\\/\\\/lightweb.dev\\\/l\\\/svm-temp\\\/wp-content\\\/uploads\\\/2022\\\/06\\\/vaccinlaget-massvaccinering-av-de-under-50-ar-fran-juni.png\",\"articleSection\":[\"Arkiv\",\"Nyheter\"],\"inLanguage\":\"sv-SE\"},{\"@type\":\"WebPage\",\"@id\":\"https:\\\/\\\/lightweb.dev\\\/l\\\/svm-temp\\\/nyheter\\\/vaccinlaget-massvaccinering-av-de-under-50-ar-fran-juni\\\/\",\"url\":\"https:\\\/\\\/lightweb.dev\\\/l\\\/svm-temp\\\/nyheter\\\/vaccinlaget-massvaccinering-av-de-under-50-ar-fran-juni\\\/\",\"name\":\"Vaccinl\u00e4get: Massvaccinering av de under 50 \u00e5r fr\u00e5n juni - Svenska Magasinet\",\"isPartOf\":{\"@id\":\"https:\\\/\\\/lightweb.dev\\\/l\\\/svm-temp\\\/#website\"},\"primaryImageOfPage\":{\"@id\":\"https:\\\/\\\/lightweb.dev\\\/l\\\/svm-temp\\\/nyheter\\\/vaccinlaget-massvaccinering-av-de-under-50-ar-fran-juni\\\/#primaryimage\"},\"image\":{\"@id\":\"https:\\\/\\\/lightweb.dev\\\/l\\\/svm-temp\\\/nyheter\\\/vaccinlaget-massvaccinering-av-de-under-50-ar-fran-juni\\\/#primaryimage\"},\"thumbnailUrl\":\"https:\\\/\\\/lightweb.dev\\\/l\\\/svm-temp\\\/wp-content\\\/uploads\\\/2022\\\/06\\\/vaccinlaget-massvaccinering-av-de-under-50-ar-fran-juni.png\",\"datePublished\":\"2021-05-18T13:50:00+00:00\",\"breadcrumb\":{\"@id\":\"https:\\\/\\\/lightweb.dev\\\/l\\\/svm-temp\\\/nyheter\\\/vaccinlaget-massvaccinering-av-de-under-50-ar-fran-juni\\\/#breadcrumb\"},\"inLanguage\":\"sv-SE\",\"potentialAction\":[{\"@type\":\"ReadAction\",\"target\":[\"https:\\\/\\\/lightweb.dev\\\/l\\\/svm-temp\\\/nyheter\\\/vaccinlaget-massvaccinering-av-de-under-50-ar-fran-juni\\\/\"]}]},{\"@type\":\"ImageObject\",\"inLanguage\":\"sv-SE\",\"@id\":\"https:\\\/\\\/lightweb.dev\\\/l\\\/svm-temp\\\/nyheter\\\/vaccinlaget-massvaccinering-av-de-under-50-ar-fran-juni\\\/#primaryimage\",\"url\":\"https:\\\/\\\/lightweb.dev\\\/l\\\/svm-temp\\\/wp-content\\\/uploads\\\/2022\\\/06\\\/vaccinlaget-massvaccinering-av-de-under-50-ar-fran-juni.png\",\"contentUrl\":\"https:\\\/\\\/lightweb.dev\\\/l\\\/svm-temp\\\/wp-content\\\/uploads\\\/2022\\\/06\\\/vaccinlaget-massvaccinering-av-de-under-50-ar-fran-juni.png\",\"width\":500,\"height\":300},{\"@type\":\"BreadcrumbList\",\"@id\":\"https:\\\/\\\/lightweb.dev\\\/l\\\/svm-temp\\\/nyheter\\\/vaccinlaget-massvaccinering-av-de-under-50-ar-fran-juni\\\/#breadcrumb\",\"itemListElement\":[{\"@type\":\"ListItem\",\"position\":1,\"name\":\"Hem\",\"item\":\"https:\\\/\\\/lightweb.dev\\\/l\\\/svm-temp\\\/\"},{\"@type\":\"ListItem\",\"position\":2,\"name\":\"Vaccinl\u00e4get: Massvaccinering av de under 50 \u00e5r fr\u00e5n juni\"}]},{\"@type\":\"WebSite\",\"@id\":\"https:\\\/\\\/lightweb.dev\\\/l\\\/svm-temp\\\/#website\",\"url\":\"https:\\\/\\\/lightweb.dev\\\/l\\\/svm-temp\\\/\",\"name\":\"Svenska Magasinet\",\"description\":\"Dina Spanska nyheter p&aring; Svenska\",\"publisher\":{\"@id\":\"https:\\\/\\\/lightweb.dev\\\/l\\\/svm-temp\\\/#organization\"},\"potentialAction\":[{\"@type\":\"SearchAction\",\"target\":{\"@type\":\"EntryPoint\",\"urlTemplate\":\"https:\\\/\\\/lightweb.dev\\\/l\\\/svm-temp\\\/?s={search_term_string}\"},\"query-input\":{\"@type\":\"PropertyValueSpecification\",\"valueRequired\":true,\"valueName\":\"search_term_string\"}}],\"inLanguage\":\"sv-SE\"},{\"@type\":\"Organization\",\"@id\":\"https:\\\/\\\/lightweb.dev\\\/l\\\/svm-temp\\\/#organization\",\"name\":\"Melkerson y Nott SL\",\"alternateName\":\"Svenska Magasinet\",\"url\":\"https:\\\/\\\/lightweb.dev\\\/l\\\/svm-temp\\\/\",\"logo\":{\"@type\":\"ImageObject\",\"inLanguage\":\"sv-SE\",\"@id\":\"https:\\\/\\\/lightweb.dev\\\/l\\\/svm-temp\\\/#\\\/schema\\\/logo\\\/image\\\/\",\"url\":\"https:\\\/\\\/lightweb.dev\\\/l\\\/svm-temp\\\/wp-content\\\/uploads\\\/2025\\\/02\\\/SvM-logo-Xtra-Centrerad-SVART.png\",\"contentUrl\":\"https:\\\/\\\/lightweb.dev\\\/l\\\/svm-temp\\\/wp-content\\\/uploads\\\/2025\\\/02\\\/SvM-logo-Xtra-Centrerad-SVART.png\",\"width\":300,\"height\":99,\"caption\":\"Melkerson y Nott SL\"},\"image\":{\"@id\":\"https:\\\/\\\/lightweb.dev\\\/l\\\/svm-temp\\\/#\\\/schema\\\/logo\\\/image\\\/\"},\"sameAs\":[\"https:\\\/\\\/www.facebook.com\\\/svenskamagasinet\",\"https:\\\/\\\/x.com\\\/SvenskaMagasine\"]},{\"@type\":\"Person\",\"@id\":\"https:\\\/\\\/lightweb.dev\\\/l\\\/svm-temp\\\/#\\\/schema\\\/person\\\/206a3bda5b607b0c25e1749191e4d837\",\"name\":\"Redaktionen SvM\",\"description\":\"Redaktionen\",\"sameAs\":[\"https:\\\/\\\/lightweb.dev\\\/l\\\/svm-temp\"],\"url\":\"https:\\\/\\\/lightweb.dev\\\/l\\\/svm-temp\\\/reporter\\\/redaktionen\\\/\"}]}<\/script>\n<!-- \/ Yoast SEO Premium plugin. -->","yoast_head_json":{"title":"Vaccinl\u00e4get: Massvaccinering av de under 50 \u00e5r fr\u00e5n juni - Svenska Magasinet","robots":{"index":"noindex","follow":"follow","max-snippet":"max-snippet:-1","max-image-preview":"max-image-preview:large","max-video-preview":"max-video-preview:-1"},"og_locale":"sv_SE","og_type":"article","og_title":"Vaccinl\u00e4get: Massvaccinering av de under 50 \u00e5r fr\u00e5n juni","og_description":"Spanien kommer att n\u00e5 flockimmunitet den 17 augusti vilket \u00e4r tv\u00e5 veckor tidigare \u00e4n ber\u00e4knat. 70 procent ska vara vaccinerade f\u00f6re den 31 augusti. Det s\u00e4ger regeringschefen Pedro S\u00e1nchez och pekar ut f\u00e4rdriktningen. Andalusien regionpresident Juanma Moreno r\u00e4knar \u00e5 sin sida med att inom tv\u00e5 m\u00e5nader ska Andalusien n\u00e5 flockimmunitet. I provinsen M\u00e1laga har tre [&hellip;]","og_url":"https:\/\/lightweb.dev\/l\/svm-temp\/nyheter\/vaccinlaget-massvaccinering-av-de-under-50-ar-fran-juni\/","og_site_name":"Svenska Magasinet","article_publisher":"https:\/\/www.facebook.com\/svenskamagasinet","article_published_time":"2021-05-18T13:50:00+00:00","og_image":[{"width":500,"height":300,"url":"https:\/\/lightweb.dev\/l\/svm-temp\/wp-content\/uploads\/2022\/06\/vaccinlaget-massvaccinering-av-de-under-50-ar-fran-juni.png","type":"image\/png"}],"author":"Redaktionen SvM","twitter_card":"summary_large_image","twitter_creator":"@SvenskaMagasine","twitter_site":"@SvenskaMagasine","schema":{"@context":"https:\/\/schema.org","@graph":[{"@type":"Article","@id":"https:\/\/lightweb.dev\/l\/svm-temp\/nyheter\/vaccinlaget-massvaccinering-av-de-under-50-ar-fran-juni\/#article","isPartOf":{"@id":"https:\/\/lightweb.dev\/l\/svm-temp\/nyheter\/vaccinlaget-massvaccinering-av-de-under-50-ar-fran-juni\/"},"author":{"name":"Redaktionen SvM","@id":"https:\/\/lightweb.dev\/l\/svm-temp\/#\/schema\/person\/206a3bda5b607b0c25e1749191e4d837"},"headline":"Vaccinl\u00e4get: Massvaccinering av de under 50 \u00e5r fr\u00e5n juni","datePublished":"2021-05-18T13:50:00+00:00","mainEntityOfPage":{"@id":"https:\/\/lightweb.dev\/l\/svm-temp\/nyheter\/vaccinlaget-massvaccinering-av-de-under-50-ar-fran-juni\/"},"wordCount":321,"commentCount":0,"publisher":{"@id":"https:\/\/lightweb.dev\/l\/svm-temp\/#organization"},"image":{"@id":"https:\/\/lightweb.dev\/l\/svm-temp\/nyheter\/vaccinlaget-massvaccinering-av-de-under-50-ar-fran-juni\/#primaryimage"},"thumbnailUrl":"https:\/\/lightweb.dev\/l\/svm-temp\/wp-content\/uploads\/2022\/06\/vaccinlaget-massvaccinering-av-de-under-50-ar-fran-juni.png","articleSection":["Arkiv","Nyheter"],"inLanguage":"sv-SE"},{"@type":"WebPage","@id":"https:\/\/lightweb.dev\/l\/svm-temp\/nyheter\/vaccinlaget-massvaccinering-av-de-under-50-ar-fran-juni\/","url":"https:\/\/lightweb.dev\/l\/svm-temp\/nyheter\/vaccinlaget-massvaccinering-av-de-under-50-ar-fran-juni\/","name":"Vaccinl\u00e4get: Massvaccinering av de under 50 \u00e5r fr\u00e5n juni - Svenska Magasinet","isPartOf":{"@id":"https:\/\/lightweb.dev\/l\/svm-temp\/#website"},"primaryImageOfPage":{"@id":"https:\/\/lightweb.dev\/l\/svm-temp\/nyheter\/vaccinlaget-massvaccinering-av-de-under-50-ar-fran-juni\/#primaryimage"},"image":{"@id":"https:\/\/lightweb.dev\/l\/svm-temp\/nyheter\/vaccinlaget-massvaccinering-av-de-under-50-ar-fran-juni\/#primaryimage"},"thumbnailUrl":"https:\/\/lightweb.dev\/l\/svm-temp\/wp-content\/uploads\/2022\/06\/vaccinlaget-massvaccinering-av-de-under-50-ar-fran-juni.png","datePublished":"2021-05-18T13:50:00+00:00","breadcrumb":{"@id":"https:\/\/lightweb.dev\/l\/svm-temp\/nyheter\/vaccinlaget-massvaccinering-av-de-under-50-ar-fran-juni\/#breadcrumb"},"inLanguage":"sv-SE","potentialAction":[{"@type":"ReadAction","target":["https:\/\/lightweb.dev\/l\/svm-temp\/nyheter\/vaccinlaget-massvaccinering-av-de-under-50-ar-fran-juni\/"]}]},{"@type":"ImageObject","inLanguage":"sv-SE","@id":"https:\/\/lightweb.dev\/l\/svm-temp\/nyheter\/vaccinlaget-massvaccinering-av-de-under-50-ar-fran-juni\/#primaryimage","url":"https:\/\/lightweb.dev\/l\/svm-temp\/wp-content\/uploads\/2022\/06\/vaccinlaget-massvaccinering-av-de-under-50-ar-fran-juni.png","contentUrl":"https:\/\/lightweb.dev\/l\/svm-temp\/wp-content\/uploads\/2022\/06\/vaccinlaget-massvaccinering-av-de-under-50-ar-fran-juni.png","width":500,"height":300},{"@type":"BreadcrumbList","@id":"https:\/\/lightweb.dev\/l\/svm-temp\/nyheter\/vaccinlaget-massvaccinering-av-de-under-50-ar-fran-juni\/#breadcrumb","itemListElement":[{"@type":"ListItem","position":1,"name":"Hem","item":"https:\/\/lightweb.dev\/l\/svm-temp\/"},{"@type":"ListItem","position":2,"name":"Vaccinl\u00e4get: Massvaccinering av de under 50 \u00e5r fr\u00e5n juni"}]},{"@type":"WebSite","@id":"https:\/\/lightweb.dev\/l\/svm-temp\/#website","url":"https:\/\/lightweb.dev\/l\/svm-temp\/","name":"Svenska Magasinet","description":"Dina Spanska nyheter p&aring; Svenska","publisher":{"@id":"https:\/\/lightweb.dev\/l\/svm-temp\/#organization"},"potentialAction":[{"@type":"SearchAction","target":{"@type":"EntryPoint","urlTemplate":"https:\/\/lightweb.dev\/l\/svm-temp\/?s={search_term_string}"},"query-input":{"@type":"PropertyValueSpecification","valueRequired":true,"valueName":"search_term_string"}}],"inLanguage":"sv-SE"},{"@type":"Organization","@id":"https:\/\/lightweb.dev\/l\/svm-temp\/#organization","name":"Melkerson y Nott SL","alternateName":"Svenska Magasinet","url":"https:\/\/lightweb.dev\/l\/svm-temp\/","logo":{"@type":"ImageObject","inLanguage":"sv-SE","@id":"https:\/\/lightweb.dev\/l\/svm-temp\/#\/schema\/logo\/image\/","url":"https:\/\/lightweb.dev\/l\/svm-temp\/wp-content\/uploads\/2025\/02\/SvM-logo-Xtra-Centrerad-SVART.png","contentUrl":"https:\/\/lightweb.dev\/l\/svm-temp\/wp-content\/uploads\/2025\/02\/SvM-logo-Xtra-Centrerad-SVART.png","width":300,"height":99,"caption":"Melkerson y Nott SL"},"image":{"@id":"https:\/\/lightweb.dev\/l\/svm-temp\/#\/schema\/logo\/image\/"},"sameAs":["https:\/\/www.facebook.com\/svenskamagasinet","https:\/\/x.com\/SvenskaMagasine"]},{"@type":"Person","@id":"https:\/\/lightweb.dev\/l\/svm-temp\/#\/schema\/person\/206a3bda5b607b0c25e1749191e4d837","name":"Redaktionen SvM","description":"Redaktionen","sameAs":["https:\/\/lightweb.dev\/l\/svm-temp"],"url":"https:\/\/lightweb.dev\/l\/svm-temp\/reporter\/redaktionen\/"}]}},"_links":{"self":[{"href":"https:\/\/lightweb.dev\/l\/svm-temp\/wp-json\/wp\/v2\/posts\/12152","targetHints":{"allow":["GET"]}}],"collection":[{"href":"https:\/\/lightweb.dev\/l\/svm-temp\/wp-json\/wp\/v2\/posts"}],"about":[{"href":"https:\/\/lightweb.dev\/l\/svm-temp\/wp-json\/wp\/v2\/types\/post"}],"author":[{"embeddable":true,"href":"https:\/\/lightweb.dev\/l\/svm-temp\/wp-json\/wp\/v2\/users\/8"}],"replies":[{"embeddable":true,"href":"https:\/\/lightweb.dev\/l\/svm-temp\/wp-json\/wp\/v2\/comments?post=12152"}],"version-history":[{"count":0,"href":"https:\/\/lightweb.dev\/l\/svm-temp\/wp-json\/wp\/v2\/posts\/12152\/revisions"}],"wp:featuredmedia":[{"embeddable":true,"href":"https:\/\/lightweb.dev\/l\/svm-temp\/wp-json\/wp\/v2\/media\/12153"}],"wp:attachment":[{"href":"https:\/\/lightweb.dev\/l\/svm-temp\/wp-json\/wp\/v2\/media?parent=12152"}],"wp:term":[{"taxonomy":"category","embeddable":true,"href":"https:\/\/lightweb.dev\/l\/svm-temp\/wp-json\/wp\/v2\/categories?post=12152"},{"taxonomy":"post_tag","embeddable":true,"href":"https:\/\/lightweb.dev\/l\/svm-temp\/wp-json\/wp\/v2\/tags?post=12152"}],"curies":[{"name":"wp","href":"https:\/\/api.w.org\/{rel}","templated":true}]}}