{"id":12158,"date":"2021-05-17T14:55:00","date_gmt":"2021-05-17T12:55:00","guid":{"rendered":"https:\/\/lightweb.dev\/l\/svm-temp\/nyheter\/priset-pa-bensin-och-diesel-pa-samma-niva-som-fore-pandemin\/"},"modified":"2021-05-17T14:55:00","modified_gmt":"2021-05-17T12:55:00","slug":"priset-pa-bensin-och-diesel-pa-samma-niva-som-fore-pandemin","status":"publish","type":"post","link":"https:\/\/lightweb.dev\/l\/svm-temp\/nyheter\/priset-pa-bensin-och-diesel-pa-samma-niva-som-fore-pandemin\/","title":{"rendered":"Priset p\u00e5 bensin och diesel p\u00e5 samma niv\u00e5 som f\u00f6re pandemin"},"content":{"rendered":"<p> Priset p\u00e5 bensin och diesel har stigit med 13 respektive 12 procent under 2021. Priset p\u00e5 en liter 95 oktan bensin (1,344 euro\/genomsnitt) \u00e4r i nul\u00e4get p\u00e5 samma niv\u00e5 som i juni 2019. Dieselpriset per liter\/genomsnitt har stigit till 1,199 euro vilket \u00e4r n\u00e4ra den niv\u00e5 som registrerades i februari 2020.<\/p>\n<p>Den som har fyllt tanken de senaste dagarna l\u00e4gger snabbt m\u00e4rke till pris\u00f6kningen p\u00e5 n\u00e4ra en procent p\u00e5 en vecka. Enligt den officiella bulletinen har priset p\u00e5 bensin \u00f6kat med 0,98 procent till i genomsnitt 1,344 euro medan priset p\u00e5 diesel har \u00f6kat med 0,93 procent till 1,199 euro.<\/p>\n<p>P\u00e5 ett \u00e5r har bensinpriset \u00f6kat med 25,14 procent medan dieselpriset \u00f6kat 22,35 procent.<\/p>\n<p>Trots pris\u00f6kningen senaste \u00e5ret \u00e4r det betydligt l\u00e4gre j\u00e4mf\u00f6rt med toppnoteringarna fr\u00e5n september 2012. Bensinpriset per liter \u00e4r 11,7 procent l\u00e4gre och dieselpriset 17,02 procent l\u00e4gre j\u00e4mf\u00f6rt med 2012.<\/p>\n<p>Den 3 september 2012 var det rekord med 1,522 respektive 1,445 euro.<\/p>\n<p>Den som tankar 55 liter 95 oktan bensin f\u00e5r betala i genomsnitt 73,92 euro. 55 liter diesel kostar 65,94 euro.<\/p>\n","protected":false},"excerpt":{"rendered":"<p>Priset p\u00e5 bensin och diesel har stigit med 13 respektive 12 procent under 2021. Priset p\u00e5 en liter 95 oktan bensin (1,344 euro\/genomsnitt) \u00e4r i nul\u00e4get p\u00e5 samma niv\u00e5 som i juni 2019. Dieselpriset per liter\/genomsnitt har stigit till 1,199 euro vilket \u00e4r n\u00e4ra den niv\u00e5 som registrerades i februari 2020. Den som har fyllt [&hellip;]<\/p>\n","protected":false},"author":8,"featured_media":12159,"comment_status":"open","ping_status":"open","sticky":false,"template":"","format":"standard","meta":{"_et_pb_use_builder":"","_et_pb_old_content":"","_et_gb_content_width":"","footnotes":""},"categories":[395,3],"tags":[],"class_list":["post-12158","post","type-post","status-publish","format-standard","has-post-thumbnail","hentry","category-arkiv-nyheter","category-nyheter"],"yoast_head":"<!-- This site is optimized with the Yoast SEO Premium plugin v26.2 (Yoast SEO v27.4) - https:\/\/yoast.com\/product\/yoast-seo-premium-wordpress\/ -->\n<title>Priset p\u00e5 bensin och diesel p\u00e5 samma niv\u00e5 som f\u00f6re pandemin - Svenska Magasinet<\/title>\n<meta name=\"robots\" content=\"noindex, follow, max-snippet:-1, max-image-preview:large, max-video-preview:-1\" \/>\n<meta property=\"og:locale\" content=\"sv_SE\" \/>\n<meta property=\"og:type\" content=\"article\" \/>\n<meta property=\"og:title\" content=\"Priset p\u00e5 bensin och diesel p\u00e5 samma niv\u00e5 som f\u00f6re pandemin\" \/>\n<meta property=\"og:description\" content=\"Priset p\u00e5 bensin och diesel har stigit med 13 respektive 12 procent under 2021. Priset p\u00e5 en liter 95 oktan bensin (1,344 euro\/genomsnitt) \u00e4r i nul\u00e4get p\u00e5 samma niv\u00e5 som i juni 2019. Dieselpriset per liter\/genomsnitt har stigit till 1,199 euro vilket \u00e4r n\u00e4ra den niv\u00e5 som registrerades i februari 2020. Den som har fyllt [&hellip;]\" \/>\n<meta property=\"og:url\" content=\"https:\/\/lightweb.dev\/l\/svm-temp\/nyheter\/priset-pa-bensin-och-diesel-pa-samma-niva-som-fore-pandemin\/\" \/>\n<meta property=\"og:site_name\" content=\"Svenska Magasinet\" \/>\n<meta property=\"article:publisher\" content=\"https:\/\/www.facebook.com\/svenskamagasinet\" \/>\n<meta property=\"article:published_time\" content=\"2021-05-17T12:55:00+00:00\" \/>\n<meta property=\"og:image\" content=\"https:\/\/lightweb.dev\/l\/svm-temp\/wp-content\/uploads\/2022\/06\/priset-pa-bensin-och-diesel-pa-samma-niva-som-fore-pandemin.png\" \/>\n\t<meta property=\"og:image:width\" content=\"500\" \/>\n\t<meta property=\"og:image:height\" content=\"301\" \/>\n\t<meta property=\"og:image:type\" content=\"image\/png\" \/>\n<meta name=\"author\" content=\"Redaktionen SvM\" \/>\n<meta name=\"twitter:card\" content=\"summary_large_image\" \/>\n<meta name=\"twitter:creator\" content=\"@SvenskaMagasine\" \/>\n<meta name=\"twitter:site\" content=\"@SvenskaMagasine\" \/>\n<script type=\"application\/ld+json\" class=\"yoast-schema-graph\">{\"@context\":\"https:\\\/\\\/schema.org\",\"@graph\":[{\"@type\":\"Article\",\"@id\":\"https:\\\/\\\/lightweb.dev\\\/l\\\/svm-temp\\\/nyheter\\\/priset-pa-bensin-och-diesel-pa-samma-niva-som-fore-pandemin\\\/#article\",\"isPartOf\":{\"@id\":\"https:\\\/\\\/lightweb.dev\\\/l\\\/svm-temp\\\/nyheter\\\/priset-pa-bensin-och-diesel-pa-samma-niva-som-fore-pandemin\\\/\"},\"author\":{\"name\":\"Redaktionen SvM\",\"@id\":\"https:\\\/\\\/lightweb.dev\\\/l\\\/svm-temp\\\/#\\\/schema\\\/person\\\/206a3bda5b607b0c25e1749191e4d837\"},\"headline\":\"Priset p\u00e5 bensin och diesel p\u00e5 samma niv\u00e5 som f\u00f6re pandemin\",\"datePublished\":\"2021-05-17T12:55:00+00:00\",\"mainEntityOfPage\":{\"@id\":\"https:\\\/\\\/lightweb.dev\\\/l\\\/svm-temp\\\/nyheter\\\/priset-pa-bensin-och-diesel-pa-samma-niva-som-fore-pandemin\\\/\"},\"wordCount\":178,\"commentCount\":0,\"publisher\":{\"@id\":\"https:\\\/\\\/lightweb.dev\\\/l\\\/svm-temp\\\/#organization\"},\"image\":{\"@id\":\"https:\\\/\\\/lightweb.dev\\\/l\\\/svm-temp\\\/nyheter\\\/priset-pa-bensin-och-diesel-pa-samma-niva-som-fore-pandemin\\\/#primaryimage\"},\"thumbnailUrl\":\"https:\\\/\\\/lightweb.dev\\\/l\\\/svm-temp\\\/wp-content\\\/uploads\\\/2022\\\/06\\\/priset-pa-bensin-och-diesel-pa-samma-niva-som-fore-pandemin.png\",\"articleSection\":[\"Arkiv\",\"Nyheter\"],\"inLanguage\":\"sv-SE\"},{\"@type\":\"WebPage\",\"@id\":\"https:\\\/\\\/lightweb.dev\\\/l\\\/svm-temp\\\/nyheter\\\/priset-pa-bensin-och-diesel-pa-samma-niva-som-fore-pandemin\\\/\",\"url\":\"https:\\\/\\\/lightweb.dev\\\/l\\\/svm-temp\\\/nyheter\\\/priset-pa-bensin-och-diesel-pa-samma-niva-som-fore-pandemin\\\/\",\"name\":\"Priset p\u00e5 bensin och diesel p\u00e5 samma niv\u00e5 som f\u00f6re pandemin - Svenska Magasinet\",\"isPartOf\":{\"@id\":\"https:\\\/\\\/lightweb.dev\\\/l\\\/svm-temp\\\/#website\"},\"primaryImageOfPage\":{\"@id\":\"https:\\\/\\\/lightweb.dev\\\/l\\\/svm-temp\\\/nyheter\\\/priset-pa-bensin-och-diesel-pa-samma-niva-som-fore-pandemin\\\/#primaryimage\"},\"image\":{\"@id\":\"https:\\\/\\\/lightweb.dev\\\/l\\\/svm-temp\\\/nyheter\\\/priset-pa-bensin-och-diesel-pa-samma-niva-som-fore-pandemin\\\/#primaryimage\"},\"thumbnailUrl\":\"https:\\\/\\\/lightweb.dev\\\/l\\\/svm-temp\\\/wp-content\\\/uploads\\\/2022\\\/06\\\/priset-pa-bensin-och-diesel-pa-samma-niva-som-fore-pandemin.png\",\"datePublished\":\"2021-05-17T12:55:00+00:00\",\"breadcrumb\":{\"@id\":\"https:\\\/\\\/lightweb.dev\\\/l\\\/svm-temp\\\/nyheter\\\/priset-pa-bensin-och-diesel-pa-samma-niva-som-fore-pandemin\\\/#breadcrumb\"},\"inLanguage\":\"sv-SE\",\"potentialAction\":[{\"@type\":\"ReadAction\",\"target\":[\"https:\\\/\\\/lightweb.dev\\\/l\\\/svm-temp\\\/nyheter\\\/priset-pa-bensin-och-diesel-pa-samma-niva-som-fore-pandemin\\\/\"]}]},{\"@type\":\"ImageObject\",\"inLanguage\":\"sv-SE\",\"@id\":\"https:\\\/\\\/lightweb.dev\\\/l\\\/svm-temp\\\/nyheter\\\/priset-pa-bensin-och-diesel-pa-samma-niva-som-fore-pandemin\\\/#primaryimage\",\"url\":\"https:\\\/\\\/lightweb.dev\\\/l\\\/svm-temp\\\/wp-content\\\/uploads\\\/2022\\\/06\\\/priset-pa-bensin-och-diesel-pa-samma-niva-som-fore-pandemin.png\",\"contentUrl\":\"https:\\\/\\\/lightweb.dev\\\/l\\\/svm-temp\\\/wp-content\\\/uploads\\\/2022\\\/06\\\/priset-pa-bensin-och-diesel-pa-samma-niva-som-fore-pandemin.png\",\"width\":500,\"height\":301},{\"@type\":\"BreadcrumbList\",\"@id\":\"https:\\\/\\\/lightweb.dev\\\/l\\\/svm-temp\\\/nyheter\\\/priset-pa-bensin-och-diesel-pa-samma-niva-som-fore-pandemin\\\/#breadcrumb\",\"itemListElement\":[{\"@type\":\"ListItem\",\"position\":1,\"name\":\"Hem\",\"item\":\"https:\\\/\\\/lightweb.dev\\\/l\\\/svm-temp\\\/\"},{\"@type\":\"ListItem\",\"position\":2,\"name\":\"Priset p\u00e5 bensin och diesel p\u00e5 samma niv\u00e5 som f\u00f6re pandemin\"}]},{\"@type\":\"WebSite\",\"@id\":\"https:\\\/\\\/lightweb.dev\\\/l\\\/svm-temp\\\/#website\",\"url\":\"https:\\\/\\\/lightweb.dev\\\/l\\\/svm-temp\\\/\",\"name\":\"Svenska Magasinet\",\"description\":\"Dina Spanska nyheter p&aring; Svenska\",\"publisher\":{\"@id\":\"https:\\\/\\\/lightweb.dev\\\/l\\\/svm-temp\\\/#organization\"},\"potentialAction\":[{\"@type\":\"SearchAction\",\"target\":{\"@type\":\"EntryPoint\",\"urlTemplate\":\"https:\\\/\\\/lightweb.dev\\\/l\\\/svm-temp\\\/?s={search_term_string}\"},\"query-input\":{\"@type\":\"PropertyValueSpecification\",\"valueRequired\":true,\"valueName\":\"search_term_string\"}}],\"inLanguage\":\"sv-SE\"},{\"@type\":\"Organization\",\"@id\":\"https:\\\/\\\/lightweb.dev\\\/l\\\/svm-temp\\\/#organization\",\"name\":\"Melkerson y Nott SL\",\"alternateName\":\"Svenska Magasinet\",\"url\":\"https:\\\/\\\/lightweb.dev\\\/l\\\/svm-temp\\\/\",\"logo\":{\"@type\":\"ImageObject\",\"inLanguage\":\"sv-SE\",\"@id\":\"https:\\\/\\\/lightweb.dev\\\/l\\\/svm-temp\\\/#\\\/schema\\\/logo\\\/image\\\/\",\"url\":\"https:\\\/\\\/lightweb.dev\\\/l\\\/svm-temp\\\/wp-content\\\/uploads\\\/2025\\\/02\\\/SvM-logo-Xtra-Centrerad-SVART.png\",\"contentUrl\":\"https:\\\/\\\/lightweb.dev\\\/l\\\/svm-temp\\\/wp-content\\\/uploads\\\/2025\\\/02\\\/SvM-logo-Xtra-Centrerad-SVART.png\",\"width\":300,\"height\":99,\"caption\":\"Melkerson y Nott SL\"},\"image\":{\"@id\":\"https:\\\/\\\/lightweb.dev\\\/l\\\/svm-temp\\\/#\\\/schema\\\/logo\\\/image\\\/\"},\"sameAs\":[\"https:\\\/\\\/www.facebook.com\\\/svenskamagasinet\",\"https:\\\/\\\/x.com\\\/SvenskaMagasine\"]},{\"@type\":\"Person\",\"@id\":\"https:\\\/\\\/lightweb.dev\\\/l\\\/svm-temp\\\/#\\\/schema\\\/person\\\/206a3bda5b607b0c25e1749191e4d837\",\"name\":\"Redaktionen SvM\",\"description\":\"Redaktionen\",\"sameAs\":[\"https:\\\/\\\/lightweb.dev\\\/l\\\/svm-temp\"],\"url\":\"https:\\\/\\\/lightweb.dev\\\/l\\\/svm-temp\\\/reporter\\\/redaktionen\\\/\"}]}<\/script>\n<!-- \/ Yoast SEO Premium plugin. -->","yoast_head_json":{"title":"Priset p\u00e5 bensin och diesel p\u00e5 samma niv\u00e5 som f\u00f6re pandemin - Svenska Magasinet","robots":{"index":"noindex","follow":"follow","max-snippet":"max-snippet:-1","max-image-preview":"max-image-preview:large","max-video-preview":"max-video-preview:-1"},"og_locale":"sv_SE","og_type":"article","og_title":"Priset p\u00e5 bensin och diesel p\u00e5 samma niv\u00e5 som f\u00f6re pandemin","og_description":"Priset p\u00e5 bensin och diesel har stigit med 13 respektive 12 procent under 2021. Priset p\u00e5 en liter 95 oktan bensin (1,344 euro\/genomsnitt) \u00e4r i nul\u00e4get p\u00e5 samma niv\u00e5 som i juni 2019. Dieselpriset per liter\/genomsnitt har stigit till 1,199 euro vilket \u00e4r n\u00e4ra den niv\u00e5 som registrerades i februari 2020. Den som har fyllt [&hellip;]","og_url":"https:\/\/lightweb.dev\/l\/svm-temp\/nyheter\/priset-pa-bensin-och-diesel-pa-samma-niva-som-fore-pandemin\/","og_site_name":"Svenska Magasinet","article_publisher":"https:\/\/www.facebook.com\/svenskamagasinet","article_published_time":"2021-05-17T12:55:00+00:00","og_image":[{"width":500,"height":301,"url":"https:\/\/lightweb.dev\/l\/svm-temp\/wp-content\/uploads\/2022\/06\/priset-pa-bensin-och-diesel-pa-samma-niva-som-fore-pandemin.png","type":"image\/png"}],"author":"Redaktionen SvM","twitter_card":"summary_large_image","twitter_creator":"@SvenskaMagasine","twitter_site":"@SvenskaMagasine","schema":{"@context":"https:\/\/schema.org","@graph":[{"@type":"Article","@id":"https:\/\/lightweb.dev\/l\/svm-temp\/nyheter\/priset-pa-bensin-och-diesel-pa-samma-niva-som-fore-pandemin\/#article","isPartOf":{"@id":"https:\/\/lightweb.dev\/l\/svm-temp\/nyheter\/priset-pa-bensin-och-diesel-pa-samma-niva-som-fore-pandemin\/"},"author":{"name":"Redaktionen SvM","@id":"https:\/\/lightweb.dev\/l\/svm-temp\/#\/schema\/person\/206a3bda5b607b0c25e1749191e4d837"},"headline":"Priset p\u00e5 bensin och diesel p\u00e5 samma niv\u00e5 som f\u00f6re pandemin","datePublished":"2021-05-17T12:55:00+00:00","mainEntityOfPage":{"@id":"https:\/\/lightweb.dev\/l\/svm-temp\/nyheter\/priset-pa-bensin-och-diesel-pa-samma-niva-som-fore-pandemin\/"},"wordCount":178,"commentCount":0,"publisher":{"@id":"https:\/\/lightweb.dev\/l\/svm-temp\/#organization"},"image":{"@id":"https:\/\/lightweb.dev\/l\/svm-temp\/nyheter\/priset-pa-bensin-och-diesel-pa-samma-niva-som-fore-pandemin\/#primaryimage"},"thumbnailUrl":"https:\/\/lightweb.dev\/l\/svm-temp\/wp-content\/uploads\/2022\/06\/priset-pa-bensin-och-diesel-pa-samma-niva-som-fore-pandemin.png","articleSection":["Arkiv","Nyheter"],"inLanguage":"sv-SE"},{"@type":"WebPage","@id":"https:\/\/lightweb.dev\/l\/svm-temp\/nyheter\/priset-pa-bensin-och-diesel-pa-samma-niva-som-fore-pandemin\/","url":"https:\/\/lightweb.dev\/l\/svm-temp\/nyheter\/priset-pa-bensin-och-diesel-pa-samma-niva-som-fore-pandemin\/","name":"Priset p\u00e5 bensin och diesel p\u00e5 samma niv\u00e5 som f\u00f6re pandemin - Svenska Magasinet","isPartOf":{"@id":"https:\/\/lightweb.dev\/l\/svm-temp\/#website"},"primaryImageOfPage":{"@id":"https:\/\/lightweb.dev\/l\/svm-temp\/nyheter\/priset-pa-bensin-och-diesel-pa-samma-niva-som-fore-pandemin\/#primaryimage"},"image":{"@id":"https:\/\/lightweb.dev\/l\/svm-temp\/nyheter\/priset-pa-bensin-och-diesel-pa-samma-niva-som-fore-pandemin\/#primaryimage"},"thumbnailUrl":"https:\/\/lightweb.dev\/l\/svm-temp\/wp-content\/uploads\/2022\/06\/priset-pa-bensin-och-diesel-pa-samma-niva-som-fore-pandemin.png","datePublished":"2021-05-17T12:55:00+00:00","breadcrumb":{"@id":"https:\/\/lightweb.dev\/l\/svm-temp\/nyheter\/priset-pa-bensin-och-diesel-pa-samma-niva-som-fore-pandemin\/#breadcrumb"},"inLanguage":"sv-SE","potentialAction":[{"@type":"ReadAction","target":["https:\/\/lightweb.dev\/l\/svm-temp\/nyheter\/priset-pa-bensin-och-diesel-pa-samma-niva-som-fore-pandemin\/"]}]},{"@type":"ImageObject","inLanguage":"sv-SE","@id":"https:\/\/lightweb.dev\/l\/svm-temp\/nyheter\/priset-pa-bensin-och-diesel-pa-samma-niva-som-fore-pandemin\/#primaryimage","url":"https:\/\/lightweb.dev\/l\/svm-temp\/wp-content\/uploads\/2022\/06\/priset-pa-bensin-och-diesel-pa-samma-niva-som-fore-pandemin.png","contentUrl":"https:\/\/lightweb.dev\/l\/svm-temp\/wp-content\/uploads\/2022\/06\/priset-pa-bensin-och-diesel-pa-samma-niva-som-fore-pandemin.png","width":500,"height":301},{"@type":"BreadcrumbList","@id":"https:\/\/lightweb.dev\/l\/svm-temp\/nyheter\/priset-pa-bensin-och-diesel-pa-samma-niva-som-fore-pandemin\/#breadcrumb","itemListElement":[{"@type":"ListItem","position":1,"name":"Hem","item":"https:\/\/lightweb.dev\/l\/svm-temp\/"},{"@type":"ListItem","position":2,"name":"Priset p\u00e5 bensin och diesel p\u00e5 samma niv\u00e5 som f\u00f6re pandemin"}]},{"@type":"WebSite","@id":"https:\/\/lightweb.dev\/l\/svm-temp\/#website","url":"https:\/\/lightweb.dev\/l\/svm-temp\/","name":"Svenska Magasinet","description":"Dina Spanska nyheter p&aring; Svenska","publisher":{"@id":"https:\/\/lightweb.dev\/l\/svm-temp\/#organization"},"potentialAction":[{"@type":"SearchAction","target":{"@type":"EntryPoint","urlTemplate":"https:\/\/lightweb.dev\/l\/svm-temp\/?s={search_term_string}"},"query-input":{"@type":"PropertyValueSpecification","valueRequired":true,"valueName":"search_term_string"}}],"inLanguage":"sv-SE"},{"@type":"Organization","@id":"https:\/\/lightweb.dev\/l\/svm-temp\/#organization","name":"Melkerson y Nott SL","alternateName":"Svenska Magasinet","url":"https:\/\/lightweb.dev\/l\/svm-temp\/","logo":{"@type":"ImageObject","inLanguage":"sv-SE","@id":"https:\/\/lightweb.dev\/l\/svm-temp\/#\/schema\/logo\/image\/","url":"https:\/\/lightweb.dev\/l\/svm-temp\/wp-content\/uploads\/2025\/02\/SvM-logo-Xtra-Centrerad-SVART.png","contentUrl":"https:\/\/lightweb.dev\/l\/svm-temp\/wp-content\/uploads\/2025\/02\/SvM-logo-Xtra-Centrerad-SVART.png","width":300,"height":99,"caption":"Melkerson y Nott SL"},"image":{"@id":"https:\/\/lightweb.dev\/l\/svm-temp\/#\/schema\/logo\/image\/"},"sameAs":["https:\/\/www.facebook.com\/svenskamagasinet","https:\/\/x.com\/SvenskaMagasine"]},{"@type":"Person","@id":"https:\/\/lightweb.dev\/l\/svm-temp\/#\/schema\/person\/206a3bda5b607b0c25e1749191e4d837","name":"Redaktionen SvM","description":"Redaktionen","sameAs":["https:\/\/lightweb.dev\/l\/svm-temp"],"url":"https:\/\/lightweb.dev\/l\/svm-temp\/reporter\/redaktionen\/"}]}},"_links":{"self":[{"href":"https:\/\/lightweb.dev\/l\/svm-temp\/wp-json\/wp\/v2\/posts\/12158","targetHints":{"allow":["GET"]}}],"collection":[{"href":"https:\/\/lightweb.dev\/l\/svm-temp\/wp-json\/wp\/v2\/posts"}],"about":[{"href":"https:\/\/lightweb.dev\/l\/svm-temp\/wp-json\/wp\/v2\/types\/post"}],"author":[{"embeddable":true,"href":"https:\/\/lightweb.dev\/l\/svm-temp\/wp-json\/wp\/v2\/users\/8"}],"replies":[{"embeddable":true,"href":"https:\/\/lightweb.dev\/l\/svm-temp\/wp-json\/wp\/v2\/comments?post=12158"}],"version-history":[{"count":0,"href":"https:\/\/lightweb.dev\/l\/svm-temp\/wp-json\/wp\/v2\/posts\/12158\/revisions"}],"wp:featuredmedia":[{"embeddable":true,"href":"https:\/\/lightweb.dev\/l\/svm-temp\/wp-json\/wp\/v2\/media\/12159"}],"wp:attachment":[{"href":"https:\/\/lightweb.dev\/l\/svm-temp\/wp-json\/wp\/v2\/media?parent=12158"}],"wp:term":[{"taxonomy":"category","embeddable":true,"href":"https:\/\/lightweb.dev\/l\/svm-temp\/wp-json\/wp\/v2\/categories?post=12158"},{"taxonomy":"post_tag","embeddable":true,"href":"https:\/\/lightweb.dev\/l\/svm-temp\/wp-json\/wp\/v2\/tags?post=12158"}],"curies":[{"name":"wp","href":"https:\/\/api.w.org\/{rel}","templated":true}]}}